{"id":2810,"date":"2017-01-03T14:07:37","date_gmt":"2017-01-03T13:07:37","guid":{"rendered":"https:\/\/cuadra-agrado.es\/?p=2810"},"modified":"2024-02-27T09:27:39","modified_gmt":"2024-02-27T09:27:39","slug":"novena-temporada-colores","status":"publish","type":"post","link":"https:\/\/cuadra-agrado.es\/?p=2810","title":{"rendered":"Octava temporada para nuestros colores!!!"},"content":{"rendered":"<p style=\"text-align: justify;\"><a href=\"http:\/\/cuadra-agrado.es\/wp-content\/uploads\/2016\/05\/serial.jpg\" target=\"_blank\" rel=\"noopener noreferrer\"><img loading=\"lazy\" decoding=\"async\" class=\"alignleft wp-image-2323 \" src=\"http:\/\/cuadra-agrado.es\/wp-content\/uploads\/2016\/05\/serial-300x200.jpg\" alt=\"serial\" width=\"344\" height=\"229\" \/><\/a>Un nuevo\u00a0a\u00f1o turf\u00edstico 2017 comienza, y como todos los anteriores, nuestras ilusiones vuelven a arrancar con el optimismo que generan todos los efectivos que defender\u00e1n nuestros colores. Ser\u00e1 nuestra octava temporada desde que en febrero de 2009 nuestra cuadra debutase en el Gran Hip\u00f3dromo de Dos Hermanas con el grandull\u00f3n \u00abOrlov\u00bb. \u00a0Despu\u00e9s de un agridulce 2016 de transici\u00f3n para nosotros, comenzamos este nuevo a\u00f1o con cuatro efectivos en los que tenemos plena confianza, apoyados por un gran equipo liderado por nuestro preparador \u201cJuan Luis Maroto\u201d que a buen seguro, volver\u00e1 a relanzarse en la estad\u00edstica de preparadores tras un enrevesado a\u00f1o.<\/p>\n<p style=\"text-align: justify;\">Desgraciadamente, en esta campa\u00f1a ya no contaremos con nuestro mejor baluarte hasta la fecha, nuestro inolvidable \u201cValiant Blue\u201d. Su despedida de competici\u00f3n, a finales del pasado a\u00f1o nos ha dejado un gran vac\u00edo que esperamos comenzar a llenar con las nuevas adquisiciones desde este mismo a\u00f1o, aunque no ser\u00e1 f\u00e1cil\u2026.<\/p>\n<p style=\"text-align: justify;\">Os presentamos a la plantilla que inicialmente comenzar\u00e1 2017\u2026<\/p>\n<p style=\"text-align: justify;\"><a href=\"http:\/\/cuadra-agrado.es\/wp-content\/uploads\/2016\/05\/ranyan-2016.jpg\" target=\"_blank\" rel=\"noopener noreferrer\"><img loading=\"lazy\" decoding=\"async\" class=\"alignright wp-image-2210 \" src=\"http:\/\/cuadra-agrado.es\/wp-content\/uploads\/2016\/05\/ranyan-2016-300x225.jpg\" alt=\"ranyan 2016\" width=\"237\" height=\"178\" \/><\/a>RANY\u00c1N.- Viejo conocido de la afici\u00f3n que entra ya en sus ocho a\u00f1itos, pero que parece volver a vivir una segunda juventud. Coger\u00e1 el liderazgo de la cuadra que deja su amigo \u201cValiant Blue\u201d y esperamos mucho de \u00e9l en lo que podr\u00eda ser tambi\u00e9n su \u00faltimo a\u00f1o en competici\u00f3n. Plet\u00f3rico en sus trabajos de la ma\u00f1ana como hac\u00eda mucho tiempo, parece que sus problemas de salud han quedado atr\u00e1s y le vemos con muchas granas de volver por la senda de las victorias en este nuevo a\u00f1o. Tuvo una muy buena actuaci\u00f3n en la pasada campa\u00f1a en el poco tiempo que estuvo inmerso en competici\u00f3n con una brillante victoria y dos segundos de cuatro salidas a pista. Cometimos el error de enviarle a descansar nuevamente por precauci\u00f3n en verano, perdi\u00e9ndose una temporada de oto\u00f1o donde seguro podr\u00eda haber competido a buen nivel. Lleva trabajando desde octubre y est\u00e1 listo para reaparecer en breve en la temporada invernal de Dos Hermanas. Confiamos en que su salud le siga acompa\u00f1ando durante todo el a\u00f1o para poder seguir disfrutando de \u00e9l durante toda la temporada de primavera y en funci\u00f3n de sus resultados, continuar con la de oto\u00f1o.<\/p>\n<p style=\"text-align: justify;\"><a href=\"http:\/\/cuadra-agrado.es\/wp-content\/uploads\/2016\/11\/parisien.jpg\" target=\"_blank\" rel=\"noopener noreferrer\"><img loading=\"lazy\" decoding=\"async\" class=\"alignright wp-image-2778 \" src=\"http:\/\/cuadra-agrado.es\/wp-content\/uploads\/2016\/11\/parisien-300x169.jpg\" alt=\"parisien\" width=\"241\" height=\"136\" \/><\/a>PARISIEN BLUE.- Nuestra apuesta en la subasta ACPSIE\u20192015 debe despegar en su edad cl\u00e1sica. Este hijo de Diktat y Gatz, tard\u00f3 tiempo en ponerse en marcha a sus dos a\u00f1os, y tras un prometedor debut con un tercero en la \u00faltima cita de Madrid, a\u00fan lejos de su mejor condici\u00f3n, nos ofreci\u00f3 ya ese despunte de calidad en pista tan necesario para poder confiar en su futuro. Un potro que ha cogido una excelente fisionom\u00eda en cuanto a f\u00edsico se refiere, necesitamos que nos vaya mostrando poco a poco la calidad y el coraz\u00f3n que se necesita para poder mirar a las grandes citas. Su gen\u00e9tica nos encamina a trabajar con \u00e9l en la distancia de la milla por lo que desde ya ponemos la mirada en la \u201cPoule 2017\u201d comenzando su andadura en la temporada sevillana para tratar de llegar en las mejores condiciones a una ilusionante temporada primaveral de Madrid.<\/p>\n<p style=\"text-align: justify;\"><a href=\"http:\/\/cuadra-agrado.es\/wp-content\/uploads\/2017\/01\/barbarigo.jpg\" target=\"_blank\" rel=\"noopener noreferrer\"><img loading=\"lazy\" decoding=\"async\" class=\"alignright wp-image-2817 \" src=\"http:\/\/cuadra-agrado.es\/wp-content\/uploads\/2017\/01\/barbarigo-300x225.jpg\" alt=\"barbarigo\" width=\"236\" height=\"177\" \/><\/a>BARBARIGO.- Nuestra \u00faltima adquisici\u00f3n en reclamar franc\u00e9s el pasado diciembre nos debe ofrecer para nuestros colores tambi\u00e9n un gran soporte en este a\u00f1o. Potro muy corrido y contrastado a dos a\u00f1os con tres victorias y tres colocaciones en sus ocho salidas con m\u00e1s de 30.000 euros en ganancias, nos permite confiar en plenitud con vistas a su edad cl\u00e1sica. Potro aparentemente muy sano tras un primer reconocimiento veterinario y con magn\u00edfico f\u00edsico, sus primeros trabajos en la arena de Madrid han gustado mucho a nuestro preparador por lo que a buen seguro ser\u00e1 pieza clave tambi\u00e9n en nuestro programa. Quiz\u00e1s la l\u00ednea materna (Lally Mut-no corredora) y sus productos, no muestren a priori grandes papeles, pero por lo demostrado el pasado a\u00f1o en sus salidas, y las condiciones del semental \u201cCanford Clliffs\u201d tenemos un programa muy abierto para \u00e9l entre distancias de 1.100 a 1.800 metros. Tras un movido a\u00f1o 2016 con esas ocho salidas continuadas, hemos decidido darle un merecido descanso este invierno para poder comenzar con \u00e9l en la primavera madrile\u00f1a.<\/p>\n<p style=\"text-align: justify;\"><a href=\"http:\/\/cuadra-agrado.es\/wp-content\/uploads\/2017\/01\/caribean-blue.jpg\" target=\"_blank\" rel=\"noopener noreferrer\"><img loading=\"lazy\" decoding=\"async\" class=\"alignright wp-image-2818 \" src=\"http:\/\/cuadra-agrado.es\/wp-content\/uploads\/2017\/01\/caribean-blue-300x200.jpg\" alt=\"caribean-blue\" width=\"236\" height=\"157\" \/><\/a>CARIBEAN BLUE.- Nuestra adquisici\u00f3n en la \u00faltima subasta ACPSIE\u20192016 a\u00fan sigue creciendo en los prados de \u201cCanto Gordo\u201d. Esta peque\u00f1a reina de \u201cPour Moi\u201d de liviano f\u00edsico y atrasada en nacimiento tardar\u00e1 tiempo en comenzar su andadura en competici\u00f3n. Fue vendida como foal en 28.000 euros, y adquirida como yearling para nuestra cuadra por tan solo 9.000 euros. Con buena l\u00ednea materna y algunos hermanos ya ganadores y colocados de \u201cListed\u201d, si el ganador del Derby de Epsom 2011 aporta a su gen\u00e9tica su correspondiente parte de calidad, podr\u00edamos tener una ilusionante yegua de distancia a tres a\u00f1os. A d\u00eda de hoy, tenemos previsto que pase alg\u00fan tiempo m\u00e1s creciendo y form\u00e1ndose en el campo, y comenzar su proceso inicial de doma en el Hip\u00f3dromo de la Zarzuela en el mes de marzo, por lo que todo parece indicar que, en caso de debutar a dos a\u00f1os, sea muy a finales de a\u00f1o y siempre en funci\u00f3n de su progresi\u00f3n.<\/p>\n<p style=\"text-align: justify;\">Hechas las presentaciones, comenzamos una nueva andadura que esperemos supere en logros al pasado a\u00f1o y siempre con el mismo anhelo\u00a0de conseguir uno de esos \u00abGP\u00b4s\u00bb que llevamos esperando desde hace casi una d\u00e9cada. Un \u201cviejo\u201d con muchas ganas de dar guerra y que sigue siendo nuestro ojito derecho, dos potros en su edad cl\u00e1sica con un prometedor futuro, y una peque\u00f1a reina de dos a\u00f1os es nuestra aportaci\u00f3n inicial que creemos muy compensada, y que en funci\u00f3n de rendimiento, iremos aumentando con nuevos efectivos durante el a\u00f1o. Adicional a ellos, este a\u00f1o tambi\u00e9n nos ilusiona especialmente el nacimiento de nuestro primer producto con \u201cHigh Brooklyn\u201d que comenzaremos a labrar para a\u00f1os venideros\u2026.<br \/>\nUn a\u00f1o m\u00e1s seguiremos aportando nuestro particular y modesto grano de arena a esta apasionante industria nacional al que deseamos desde este mismo momento unidad, consenso, prosperidad y muchos m\u00e1s aficionados y propietarios para este 2017.<br \/>\nMucha suerte para todas las cuadras y profesionales, \u00a0y a disfrutar de este maravilloso espect\u00e1culo!!!!<\/p>\n<!-- AddThis Advanced Settings generic via filter on the_content --><!-- AddThis Share Buttons generic via filter on the_content -->","protected":false},"excerpt":{"rendered":"<p>Un nuevo\u00a0a\u00f1o turf\u00edstico 2017 comienza, y como todos los anteriores, nuestras ilusiones vuelven a arrancar con el optimismo que generan todos los efectivos que defender\u00e1n nuestros colores. Ser\u00e1 nuestra octava temporada desde que en febrero de 2009 nuestra cuadra debutase en el Gran Hip\u00f3dromo de Dos Hermanas con el grandull\u00f3n \u00abOrlov\u00bb. \u00a0Despu\u00e9s de un agridulce [&hellip;]<!-- AddThis Advanced Settings generic via filter on get_the_excerpt --><!-- AddThis Share Buttons generic via filter on get_the_excerpt --><\/p>\n","protected":false},"author":5,"featured_media":0,"comment_status":"closed","ping_status":"closed","sticky":false,"template":"","format":"gallery","meta":{"_acf_changed":false,"_et_pb_use_builder":"","_et_pb_old_content":"","_et_gb_content_width":"","footnotes":""},"categories":[3],"tags":[],"class_list":["post-2810","post","type-post","status-publish","format-gallery","hentry","category-noticias-cuadra-agrado","post_format-post-format-gallery"],"acf":[],"yoast_head":"<!-- This site is optimized with the Yoast SEO plugin v27.4 - https:\/\/yoast.com\/product\/yoast-seo-wordpress\/ -->\n<title>Octava temporada para nuestros colores!!! - Cuadra Agrado<\/title>\n<meta name=\"robots\" content=\"index, follow, max-snippet:-1, max-image-preview:large, max-video-preview:-1\" \/>\n<link rel=\"canonical\" href=\"https:\/\/cuadra-agrado.es\/?p=2810\" \/>\n<meta property=\"og:locale\" content=\"es_ES\" \/>\n<meta property=\"og:type\" content=\"article\" \/>\n<meta property=\"og:title\" content=\"Octava temporada para nuestros colores!!! - Cuadra Agrado\" \/>\n<meta property=\"og:description\" content=\"Un nuevo\u00a0a\u00f1o turf\u00edstico 2017 comienza, y como todos los anteriores, nuestras ilusiones vuelven a arrancar con el optimismo que generan todos los efectivos que defender\u00e1n nuestros colores. Ser\u00e1 nuestra octava temporada desde que en febrero de 2009 nuestra cuadra debutase en el Gran Hip\u00f3dromo de Dos Hermanas con el grandull\u00f3n \u00abOrlov\u00bb. \u00a0Despu\u00e9s de un agridulce [&hellip;]\" \/>\n<meta property=\"og:url\" content=\"https:\/\/cuadra-agrado.es\/?p=2810\" \/>\n<meta property=\"og:site_name\" content=\"Cuadra Agrado\" \/>\n<meta property=\"article:published_time\" content=\"2017-01-03T13:07:37+00:00\" \/>\n<meta property=\"article:modified_time\" content=\"2024-02-27T09:27:39+00:00\" \/>\n<meta property=\"og:image\" content=\"http:\/\/cuadra-agrado.es\/wp-content\/uploads\/2016\/05\/serial-300x200.jpg\" \/>\n<meta name=\"author\" content=\"Miguel Redondo\" \/>\n<meta name=\"twitter:card\" content=\"summary_large_image\" \/>\n<meta name=\"twitter:creator\" content=\"@AGRADOracing\" \/>\n<meta name=\"twitter:site\" content=\"@AGRADOracing\" \/>\n<meta name=\"twitter:label1\" content=\"Escrito por\" \/>\n\t<meta name=\"twitter:data1\" content=\"Miguel Redondo\" \/>\n\t<meta name=\"twitter:label2\" content=\"Tiempo de lectura\" \/>\n\t<meta name=\"twitter:data2\" content=\"5 minutos\" \/>\n<script type=\"application\/ld+json\" class=\"yoast-schema-graph\">{\"@context\":\"https:\\\/\\\/schema.org\",\"@graph\":[{\"@type\":\"Article\",\"@id\":\"https:\\\/\\\/cuadra-agrado.es\\\/?p=2810#article\",\"isPartOf\":{\"@id\":\"https:\\\/\\\/cuadra-agrado.es\\\/?p=2810\"},\"author\":{\"name\":\"Miguel Redondo\",\"@id\":\"https:\\\/\\\/cuadra-agrado.es\\\/#\\\/schema\\\/person\\\/3aa4f8d2373cf756d93a5526bc72f31b\"},\"headline\":\"Octava temporada para nuestros colores!!!\",\"datePublished\":\"2017-01-03T13:07:37+00:00\",\"dateModified\":\"2024-02-27T09:27:39+00:00\",\"mainEntityOfPage\":{\"@id\":\"https:\\\/\\\/cuadra-agrado.es\\\/?p=2810\"},\"wordCount\":1099,\"image\":{\"@id\":\"https:\\\/\\\/cuadra-agrado.es\\\/?p=2810#primaryimage\"},\"thumbnailUrl\":\"http:\\\/\\\/cuadra-agrado.es\\\/wp-content\\\/uploads\\\/2016\\\/05\\\/serial-300x200.jpg\",\"articleSection\":[\"Actualidad\"],\"inLanguage\":\"es\"},{\"@type\":\"WebPage\",\"@id\":\"https:\\\/\\\/cuadra-agrado.es\\\/?p=2810\",\"url\":\"https:\\\/\\\/cuadra-agrado.es\\\/?p=2810\",\"name\":\"Octava temporada para nuestros colores!!! - Cuadra Agrado\",\"isPartOf\":{\"@id\":\"https:\\\/\\\/cuadra-agrado.es\\\/#website\"},\"primaryImageOfPage\":{\"@id\":\"https:\\\/\\\/cuadra-agrado.es\\\/?p=2810#primaryimage\"},\"image\":{\"@id\":\"https:\\\/\\\/cuadra-agrado.es\\\/?p=2810#primaryimage\"},\"thumbnailUrl\":\"http:\\\/\\\/cuadra-agrado.es\\\/wp-content\\\/uploads\\\/2016\\\/05\\\/serial-300x200.jpg\",\"datePublished\":\"2017-01-03T13:07:37+00:00\",\"dateModified\":\"2024-02-27T09:27:39+00:00\",\"author\":{\"@id\":\"https:\\\/\\\/cuadra-agrado.es\\\/#\\\/schema\\\/person\\\/3aa4f8d2373cf756d93a5526bc72f31b\"},\"breadcrumb\":{\"@id\":\"https:\\\/\\\/cuadra-agrado.es\\\/?p=2810#breadcrumb\"},\"inLanguage\":\"es\",\"potentialAction\":[{\"@type\":\"ReadAction\",\"target\":[\"https:\\\/\\\/cuadra-agrado.es\\\/?p=2810\"]}]},{\"@type\":\"ImageObject\",\"inLanguage\":\"es\",\"@id\":\"https:\\\/\\\/cuadra-agrado.es\\\/?p=2810#primaryimage\",\"url\":\"http:\\\/\\\/cuadra-agrado.es\\\/wp-content\\\/uploads\\\/2016\\\/05\\\/serial-300x200.jpg\",\"contentUrl\":\"http:\\\/\\\/cuadra-agrado.es\\\/wp-content\\\/uploads\\\/2016\\\/05\\\/serial-300x200.jpg\"},{\"@type\":\"BreadcrumbList\",\"@id\":\"https:\\\/\\\/cuadra-agrado.es\\\/?p=2810#breadcrumb\",\"itemListElement\":[{\"@type\":\"ListItem\",\"position\":1,\"name\":\"Portada\",\"item\":\"https:\\\/\\\/cuadra-agrado.es\\\/\"},{\"@type\":\"ListItem\",\"position\":2,\"name\":\"Octava temporada para nuestros colores!!!\"}]},{\"@type\":\"WebSite\",\"@id\":\"https:\\\/\\\/cuadra-agrado.es\\\/#website\",\"url\":\"https:\\\/\\\/cuadra-agrado.es\\\/\",\"name\":\"Cuadra Agrado\",\"description\":\"En el mundo del Turf desde 2008\",\"potentialAction\":[{\"@type\":\"SearchAction\",\"target\":{\"@type\":\"EntryPoint\",\"urlTemplate\":\"https:\\\/\\\/cuadra-agrado.es\\\/?s={search_term_string}\"},\"query-input\":{\"@type\":\"PropertyValueSpecification\",\"valueRequired\":true,\"valueName\":\"search_term_string\"}}],\"inLanguage\":\"es\"},{\"@type\":\"Person\",\"@id\":\"https:\\\/\\\/cuadra-agrado.es\\\/#\\\/schema\\\/person\\\/3aa4f8d2373cf756d93a5526bc72f31b\",\"name\":\"Miguel Redondo\",\"image\":{\"@type\":\"ImageObject\",\"inLanguage\":\"es\",\"@id\":\"https:\\\/\\\/secure.gravatar.com\\\/avatar\\\/85704fceb4fa34017e3c1344d182da00dbf772fb8856ba2b7726a2df926415b4?s=96&d=mm&r=g\",\"url\":\"https:\\\/\\\/secure.gravatar.com\\\/avatar\\\/85704fceb4fa34017e3c1344d182da00dbf772fb8856ba2b7726a2df926415b4?s=96&d=mm&r=g\",\"contentUrl\":\"https:\\\/\\\/secure.gravatar.com\\\/avatar\\\/85704fceb4fa34017e3c1344d182da00dbf772fb8856ba2b7726a2df926415b4?s=96&d=mm&r=g\",\"caption\":\"Miguel Redondo\"},\"sameAs\":[\"https:\\\/\\\/cuadra-agrado.es\"],\"url\":\"https:\\\/\\\/cuadra-agrado.es\\\/?author=5\"}]}<\/script>\n<!-- \/ Yoast SEO plugin. -->","yoast_head_json":{"title":"Octava temporada para nuestros colores!!! - Cuadra Agrado","robots":{"index":"index","follow":"follow","max-snippet":"max-snippet:-1","max-image-preview":"max-image-preview:large","max-video-preview":"max-video-preview:-1"},"canonical":"https:\/\/cuadra-agrado.es\/?p=2810","og_locale":"es_ES","og_type":"article","og_title":"Octava temporada para nuestros colores!!! - Cuadra Agrado","og_description":"Un nuevo\u00a0a\u00f1o turf\u00edstico 2017 comienza, y como todos los anteriores, nuestras ilusiones vuelven a arrancar con el optimismo que generan todos los efectivos que defender\u00e1n nuestros colores. Ser\u00e1 nuestra octava temporada desde que en febrero de 2009 nuestra cuadra debutase en el Gran Hip\u00f3dromo de Dos Hermanas con el grandull\u00f3n \u00abOrlov\u00bb. \u00a0Despu\u00e9s de un agridulce [&hellip;]","og_url":"https:\/\/cuadra-agrado.es\/?p=2810","og_site_name":"Cuadra Agrado","article_published_time":"2017-01-03T13:07:37+00:00","article_modified_time":"2024-02-27T09:27:39+00:00","og_image":[{"url":"http:\/\/cuadra-agrado.es\/wp-content\/uploads\/2016\/05\/serial-300x200.jpg","type":"","width":"","height":""}],"author":"Miguel Redondo","twitter_card":"summary_large_image","twitter_creator":"@AGRADOracing","twitter_site":"@AGRADOracing","twitter_misc":{"Escrito por":"Miguel Redondo","Tiempo de lectura":"5 minutos"},"schema":{"@context":"https:\/\/schema.org","@graph":[{"@type":"Article","@id":"https:\/\/cuadra-agrado.es\/?p=2810#article","isPartOf":{"@id":"https:\/\/cuadra-agrado.es\/?p=2810"},"author":{"name":"Miguel Redondo","@id":"https:\/\/cuadra-agrado.es\/#\/schema\/person\/3aa4f8d2373cf756d93a5526bc72f31b"},"headline":"Octava temporada para nuestros colores!!!","datePublished":"2017-01-03T13:07:37+00:00","dateModified":"2024-02-27T09:27:39+00:00","mainEntityOfPage":{"@id":"https:\/\/cuadra-agrado.es\/?p=2810"},"wordCount":1099,"image":{"@id":"https:\/\/cuadra-agrado.es\/?p=2810#primaryimage"},"thumbnailUrl":"http:\/\/cuadra-agrado.es\/wp-content\/uploads\/2016\/05\/serial-300x200.jpg","articleSection":["Actualidad"],"inLanguage":"es"},{"@type":"WebPage","@id":"https:\/\/cuadra-agrado.es\/?p=2810","url":"https:\/\/cuadra-agrado.es\/?p=2810","name":"Octava temporada para nuestros colores!!! - Cuadra Agrado","isPartOf":{"@id":"https:\/\/cuadra-agrado.es\/#website"},"primaryImageOfPage":{"@id":"https:\/\/cuadra-agrado.es\/?p=2810#primaryimage"},"image":{"@id":"https:\/\/cuadra-agrado.es\/?p=2810#primaryimage"},"thumbnailUrl":"http:\/\/cuadra-agrado.es\/wp-content\/uploads\/2016\/05\/serial-300x200.jpg","datePublished":"2017-01-03T13:07:37+00:00","dateModified":"2024-02-27T09:27:39+00:00","author":{"@id":"https:\/\/cuadra-agrado.es\/#\/schema\/person\/3aa4f8d2373cf756d93a5526bc72f31b"},"breadcrumb":{"@id":"https:\/\/cuadra-agrado.es\/?p=2810#breadcrumb"},"inLanguage":"es","potentialAction":[{"@type":"ReadAction","target":["https:\/\/cuadra-agrado.es\/?p=2810"]}]},{"@type":"ImageObject","inLanguage":"es","@id":"https:\/\/cuadra-agrado.es\/?p=2810#primaryimage","url":"http:\/\/cuadra-agrado.es\/wp-content\/uploads\/2016\/05\/serial-300x200.jpg","contentUrl":"http:\/\/cuadra-agrado.es\/wp-content\/uploads\/2016\/05\/serial-300x200.jpg"},{"@type":"BreadcrumbList","@id":"https:\/\/cuadra-agrado.es\/?p=2810#breadcrumb","itemListElement":[{"@type":"ListItem","position":1,"name":"Portada","item":"https:\/\/cuadra-agrado.es\/"},{"@type":"ListItem","position":2,"name":"Octava temporada para nuestros colores!!!"}]},{"@type":"WebSite","@id":"https:\/\/cuadra-agrado.es\/#website","url":"https:\/\/cuadra-agrado.es\/","name":"Cuadra Agrado","description":"En el mundo del Turf desde 2008","potentialAction":[{"@type":"SearchAction","target":{"@type":"EntryPoint","urlTemplate":"https:\/\/cuadra-agrado.es\/?s={search_term_string}"},"query-input":{"@type":"PropertyValueSpecification","valueRequired":true,"valueName":"search_term_string"}}],"inLanguage":"es"},{"@type":"Person","@id":"https:\/\/cuadra-agrado.es\/#\/schema\/person\/3aa4f8d2373cf756d93a5526bc72f31b","name":"Miguel Redondo","image":{"@type":"ImageObject","inLanguage":"es","@id":"https:\/\/secure.gravatar.com\/avatar\/85704fceb4fa34017e3c1344d182da00dbf772fb8856ba2b7726a2df926415b4?s=96&d=mm&r=g","url":"https:\/\/secure.gravatar.com\/avatar\/85704fceb4fa34017e3c1344d182da00dbf772fb8856ba2b7726a2df926415b4?s=96&d=mm&r=g","contentUrl":"https:\/\/secure.gravatar.com\/avatar\/85704fceb4fa34017e3c1344d182da00dbf772fb8856ba2b7726a2df926415b4?s=96&d=mm&r=g","caption":"Miguel Redondo"},"sameAs":["https:\/\/cuadra-agrado.es"],"url":"https:\/\/cuadra-agrado.es\/?author=5"}]}},"_links":{"self":[{"href":"https:\/\/cuadra-agrado.es\/index.php?rest_route=\/wp\/v2\/posts\/2810","targetHints":{"allow":["GET"]}}],"collection":[{"href":"https:\/\/cuadra-agrado.es\/index.php?rest_route=\/wp\/v2\/posts"}],"about":[{"href":"https:\/\/cuadra-agrado.es\/index.php?rest_route=\/wp\/v2\/types\/post"}],"author":[{"embeddable":true,"href":"https:\/\/cuadra-agrado.es\/index.php?rest_route=\/wp\/v2\/users\/5"}],"replies":[{"embeddable":true,"href":"https:\/\/cuadra-agrado.es\/index.php?rest_route=%2Fwp%2Fv2%2Fcomments&post=2810"}],"version-history":[{"count":0,"href":"https:\/\/cuadra-agrado.es\/index.php?rest_route=\/wp\/v2\/posts\/2810\/revisions"}],"wp:attachment":[{"href":"https:\/\/cuadra-agrado.es\/index.php?rest_route=%2Fwp%2Fv2%2Fmedia&parent=2810"}],"wp:term":[{"taxonomy":"category","embeddable":true,"href":"https:\/\/cuadra-agrado.es\/index.php?rest_route=%2Fwp%2Fv2%2Fcategories&post=2810"},{"taxonomy":"post_tag","embeddable":true,"href":"https:\/\/cuadra-agrado.es\/index.php?rest_route=%2Fwp%2Fv2%2Ftags&post=2810"}],"curies":[{"name":"wp","href":"https:\/\/api.w.org\/{rel}","templated":true}]}}