{"id":2798,"date":"2016-12-19T09:43:24","date_gmt":"2016-12-19T08:43:24","guid":{"rendered":"https:\/\/cuadra-agrado.es\/?p=2798"},"modified":"2024-02-27T09:27:39","modified_gmt":"2024-02-27T09:27:39","slug":"homenaje-al-campeon-la-estadistica-jockeys-2016","status":"publish","type":"post","link":"https:\/\/cuadra-agrado.es\/?p=2798","title":{"rendered":"Nuestro homenaje al campe\u00f3n de la estad\u00edstica de Jockeys 2016"},"content":{"rendered":"<p style=\"text-align: justify;\"><a href=\"http:\/\/cuadra-agrado.es\/wp-content\/uploads\/2016\/12\/borja.jpg\" target=\"_blank\" rel=\"noopener noreferrer\"><img loading=\"lazy\" decoding=\"async\" class=\"alignleft wp-image-2799\" src=\"http:\/\/cuadra-agrado.es\/wp-content\/uploads\/2016\/12\/borja-300x243.jpg\" alt=\"borja\" width=\"344\" height=\"279\" \/><\/a><\/p>\n<p style=\"text-align: justify;\">El justo y digno vencedor de la estad\u00edstica de Jockeys 2016 en Espa\u00f1a ya tiene nombre y no es otro que el gran \u201cBorja Fayos\u201d. Queremos darle nuestra m\u00e1s sincera enhorabuena por esta brillante consecuci\u00f3n del t\u00edtulo, que sin duda merece, primero por su esfuerzo y constancia, y en segundo lugar porque a la vez que gran profesional, tambi\u00e9n es una excelente persona como as\u00ed nos ha demostrado en los a\u00f1os que llevamos compartiendo turf a su lado. Nunca le hemos o\u00eddo hablar mal de nadie, honesto y honrado como para pedirte disculpas por haber fallado en una monta, sin odio ni rencor a nadie aunque haya tenido motivos. Gente sensata, sana y formal de esas que prefiere el calor del hogar a las salidas nocturnas. Peque\u00f1o de estatura, pero un gran Se\u00f1or de esos que se siguen vistiendo por los pies cada ma\u00f1ana.<\/p>\n<p style=\"text-align: justify;\">Queremos aprovechar estas l\u00edneas para rendir nuestro tributo y peque\u00f1o homenaje, basado en nuestras vivencias a su lado desde que se cruz\u00f3 en nuestras vidas. Nuestra relaci\u00f3n profesional con el reciente ganador de la estad\u00edstica comenz\u00f3 un 27 de mayo de 2012 con la primera monta que hizo a \u201cValiant Blue\u201d en el Premio Folie. No fue precisamente esa su mejor monta, ya que estuvo peg\u00e1ndose con el caballo casi desde cajones y despu\u00e9s de un feo recorrido termin\u00f3 con un decepcionante s\u00e9ptimo puesto despu\u00e9s de que el caballo viniera de ganar en sus dos primeras en competici\u00f3n. No fue por tanto el mejor debut con nosotros, pero el destino quiso que as\u00ed comenzara nuestra historia con este valenciano. El bueno de Borja en aquel 2012 no pasaba por sus mejores momentos con muy pocas montas de entidad y poca confianza en s\u00ed mismo, hecho que le hizo finalmente abandonar el circuito nacional a final de temporada de primavera con tan solo ocho victorias en su haber. Decidi\u00f3 cambiar su rumbo y enrutarlo con destino a la tierra prometida de Am\u00e9rica, y aunque nos consta lo pas\u00f3 francamente mal en una primera etapa, pudo hacerse un hueco en aquel complicado y exigente circuito al lado siempre de su mujer. Las cosas no le iban demasiado mal, pero costaba adaptarse al idioma, numerosos cambios de casa, y muchos kil\u00f3metros en coche de un lado a otro sin fijar residencia, lo que provocaba una peligrosa inestabilidad en aquella joven pareja. Con el tiempo se dieron cuenta que echaban mucho de menos su casa, y su querida esposa le ayud\u00f3 a dar el empuj\u00f3n que le faltaba para regresar a Espa\u00f1a. Coincidencias de la vida, en octubre de 2013 llegamos a un acuerdo con \u201cEduardo Buz\u00f3n\u201d para llevar nuestra cuadra, y este a su vez llam\u00f3 de inmediato a Borja para saber si quer\u00eda trabajar en este nuevo proyecto. Eduardo ven\u00eda de una larga temporada en Chantilly y quer\u00eda volver de nuevo a entrenar en Espa\u00f1a, nos coment\u00f3 su proyecto y accedimos a apoyarle en esa primera etapa confiando a dos de nuestros caballos de entonces, Rany\u00e1n y Valiant Blue. En un primer momento fuimos reacios a contar con las montas exclusivas de Borja, todav\u00eda ten\u00edamos en mente aquella mala monta que nos hab\u00eda hecho el anterior a\u00f1o en su peor momento, pero finalmente confiamos en la apuesta. Tan solo un mes despu\u00e9s, Borja estaba ya en Madrid como Jockey y mano derecha en el patio de \u201cEduardo Buz\u00f3n\u201d. En una primera cena que tuvimos los tres en aquel mes de noviembre volv\u00ed a ver a aquel Borja Fayos ganador de la estad\u00edstica 2008, mucho m\u00e1s fuerte f\u00edsica y mentalmente. Eran tantas las ganas y confianza que ten\u00eda de volver a triunfar en lo que hab\u00eda sido su casa y su hip\u00f3dromo preferido de la Zarzuela, que accedimos a darle esa segunda oportunidad y confianza, aceptando el reto. A partir de ese momento, la relaci\u00f3n profesional se fue convirtiendo poco a poco en una relaci\u00f3n de amistad que nos une hasta el d\u00eda de hoy.<\/p>\n<p style=\"text-align: justify;\">Aunque trabajaba ya en entrenamiento reci\u00e9n llegado a Madrid, no pudo disputar la temporada de oto\u00f1o de Sevilla por motivos de licencia, as\u00ed que tuvimos que esperar a su reaparici\u00f3n. Su primera carrera en esta segunda etapa fue en la temporada de invierno de Dos Hermanas el 19 de enero de 2014 con un reconvertido \u201cValiant Blue\u201d, brind\u00e1ndonos su primera victoria del a\u00f1o y resarcirse as\u00ed de la anterior con nosotros. Recuerdo sus primeras palabras en el recinto de ganadores, una vez se baj\u00f3 del caballo, me dijo sonriente; \u201choy no lo hemos hecho mal, verdad jefe?\u201d. En esa misma cita, pude conocer por primera a un humilde joven de apenas 15 a\u00f1os llamado \u201cIgnacio Melgarejo\u201d, que vivi\u00f3 junto a nosotros esa ilusionante victoria de \u201cValiant Blue\u201d. Tres a\u00f1os despu\u00e9s, resulta que aquel adolescente se ha convertido en el reciente Campe\u00f3n del mundo de Jockeys amateur, qui\u00e9n lo iba a decir entonces\u2026.. Despu\u00e9s de esta primera victoria, vino un tercero en el GP de Dos Hermanas y cinco victorias consecutivas en aquella espl\u00e9ndida primavera de Madrid intercalando otra victoria m\u00e1s con \u201cRany\u00e1n\u201d en su reaparici\u00f3n de 2014. Valiant y Borja se hab\u00edan convertido en la dupla perfecta con una simbiosis muy especial entre ellos, sin duda hab\u00eda comenzado el idilio entre ambos. Borja Fayos en ese primer a\u00f1o, volvi\u00f3 a estar entre los tres primeros de la estad\u00edstica 2014 con 44 victorias, 125 colocaciones y m\u00e1s de 550.000 euros en premios.<br \/>\nA estas alturas, nuestra relaci\u00f3n personal se hac\u00eda mucho m\u00e1s estrecha y muchas eran las tertulias entre amigos en almuerzos celebrando victorias de \u201cValiant Blue\u201d y \u201cRany\u00e1n\u201d una tras de otra. Se desviv\u00eda por nuestros colores y por su trabajo, y nosotros nos desvivimos por \u00e9l. A buen seguro que su \u201cnegro\u201d como \u00e9l cari\u00f1osamente llamaba a nuestro \u201cValiant Blue\u201d, le quedar\u00e1 marcado de por vida por todo lo que supuso en esa vuelta a competici\u00f3n en el turf nacional. Seguro que podr\u00e1 buscarse un peque\u00f1o hueco en su memoria, como as\u00ed lo hicieron anteriormente \u201cYepes\u201d o \u201cGolding Star\u201d que nos consta fueron sus caballos preferidos.<\/p>\n<p style=\"text-align: justify;\">El a\u00f1o 2014 termin\u00f3 con una premonici\u00f3n nefasta para nuestro turf, y sin carreras en Espa\u00f1a, comenz\u00f3 el nerviosismo y el \u00e9xodo a tierras galas. El equipo en cuadro (Eduardo, Borja y Rom\u00e1n Mart\u00edn), despu\u00e9s de aguantar m\u00e1s de dos meses en dique seco en Madrid, se estabularon en Chantilly con los caballos que apenas les quedaban en el patio, a la espera de la soluci\u00f3n en nuestro particular conflicto, pero el tiempo pasaba muy lentamente y las ganas se consum\u00edan. En mayo de 2015 el hast\u00edo, el cansancio, la desesperaci\u00f3n, la desilusi\u00f3n y nuestra intenci\u00f3n de abandonar el turf propiciaron una ruptura de un equipo que hasta la fecha hab\u00eda sido inmune. Nosotros desmantelamos nuestra cuadra con el traspaso de todos nuestros efectivos, Eduardo Buz\u00f3n emigr\u00f3 a Marruecos a buscar su pan, y Rom\u00e1n y Borja volvieron a Madrid a buscarse de nuevo la vida llegando incluso a plantearse muy seriamente colgar las botas definitivamente y explorar otros medios de subsistencia. Recuerdo cenas con Borja ya en Madrid donde las l\u00e1grimas rondaban su rostro, desesperado, con un hijo de apenas tres a\u00f1os al que alimentar y con toda la vida profesional por delante, pero sin poder disfrutarla por culpa de un conflicto interno desmesurado. Todo mi af\u00e1n entonces era darle \u00e1nimos para que aguantara, pero d\u00eda tras d\u00eda las noticias de la nueva y esperada etapa de nuestro turf se desvanec\u00edan sin poder calmar su l\u00f3gica y tenebrosa ansiedad.<\/p>\n<p style=\"text-align: justify;\">El sol volvi\u00f3 a brillar con m\u00e1s fuerza que nunca para \u00e9l y para muchos profesionales en el verano de 2015 con la temporada de Lasarte, y continuando despu\u00e9s con la oto\u00f1al en Madrid. El conflicto hab\u00eda llegado a su fin y aquel peque\u00f1o pero gran hombre, volvi\u00f3 a sentirse \u00abjockey\u00bb y volvi\u00f3 a sacar brillo a sus botas para nuevamente enfundarlas. Ya entonces, se preparaba para atacar una estad\u00edstica al siguiente a\u00f1o que por todo lo sufrido, ten\u00eda que ser suya. Se encontr\u00f3 de nuevo con su viejo amigo \u201cValiant\u201d que abandon\u00f3 contra su voluntad en Francia, y en su primera carrera oto\u00f1al en Madrid le volvi\u00f3 a sacar un corajudo segundo en su reaparici\u00f3n. A principio de temporada 2016 volvi\u00f3 por la senda de la victoria con \u00e9l despu\u00e9s de casi dos a\u00f1os y poco a poco sin darnos cuenta tambi\u00e9n se fue despidiendo de \u00e9l. Ahora me doy cuenta que mucho antes que nosotros, \u00e9l era el \u00fanico que sab\u00eda que su \u201cnegro\u201d se despedir\u00eda este mismo a\u00f1o, como as\u00ed sucedi\u00f3 con \u00e9l subido a su silla en la \u00faltima carrera del \u00faltimo d\u00eda de la temporada de oto\u00f1o bajo el llorar de la lluvia &#8230;.<\/p>\n<p style=\"text-align: justify;\"><a href=\"http:\/\/cuadra-agrado.es\/wp-content\/uploads\/2016\/12\/borja1.jpg\" target=\"_blank\" rel=\"noopener noreferrer\"><img loading=\"lazy\" decoding=\"async\" class=\"alignright wp-image-2800\" src=\"http:\/\/cuadra-agrado.es\/wp-content\/uploads\/2016\/12\/borja1-300x197.jpg\" alt=\"borja1\" width=\"410\" height=\"269\" \/><\/a>Borja Fayos ha sido el mejor este a\u00f1o y por eso merece erigirse como el campe\u00f3n de la estad\u00edstica nacional de jockeys 2016, de vez en cuando la vida te concede las recompensas al esfuerzo y este podr\u00eda ser un buen ejemplo de ello. Fuerza, coraje, valent\u00eda, poder de decisi\u00f3n, \u00edmpetu, sentido del paso, esa pizca de picard\u00eda y sobre todo, muchos, muchos \u201chuevos\u201d\u2026 son adjetivos y atributos m\u00e1s que de sobra para homenajearle y darle las gracias por algunas de las montas de libro que habr\u00eda que mostrar a j\u00f3venes aprendices y que quedar\u00e1n muchas de ellas en la retina de preparadores, propietarios y aficionados. Con el m\u00e1s que dif\u00edcil h\u00e1ndicap de no poseer contrato alguno con ninguna cuadra, solo junto a su fiel representante <strong>Carlos Moyano<\/strong>, que fue capaz de redirigirle en su regreso a la c\u00faspide de nuestro turf, ha sabido buscarse victorias impredecibles con caballos que solamente pod\u00edan ganar con sus manos y empuje. Mucho, mucho m\u00e9rito el demostrado por este valenciano que nos tiene ganados desde hace tiempo.<\/p>\n<p style=\"text-align: justify;\">Gran Premio Valderas (Poule de Potras) y Benitez de Lugo con Avenue Dargent, Premio Ram\u00f3n Medoza con \u201cAnne\u201d, Premio Francisco Cadenas con \u201cMalos Pelos\u201d y Premio Infanta Beatriz con \u201cTio Luis\u201d son los m\u00e1s destacados logros de sus 61 victorias conseguidas en este curso a falta de una jornada por disputar, a\u00f1adidas a las 150 colocaciones, para hacer un total de m\u00e1s de 590.000 euros en ganancias para todos los propietarios y preparadores que han confiado en \u00e9l.<\/p>\n<p style=\"text-align: justify;\">Enhorabuena crack por ese segundo t\u00edtulo!!!. Ya te lo merec\u00edas el a\u00f1o pasado, pero lo bueno siempre se hace esperar y seguro que te sabe mejor. Disfr\u00fatalo con tu familia, con tu mujer Almudena que tanto ha sufrido por ti y contigo. No seas parco en la celebraci\u00f3n personal, que te conozco, y g\u00e1state parte de ese suculento bot\u00edn bien merecido en compa\u00f1\u00eda de los tuyos. Hazte las maletas y ll\u00e9vate a tu mujer y tu hijo a ese lugar que tanto te gusta como son las maravillosas playas de Punta Cana. Los que te apreciamos, estamos muy orgullosos de ti, aunque seguro que no tanto de c\u00f3mo lo estar\u00edan t\u00fa querido padre y abuelo.<\/p>\n<p style=\"text-align: justify;\">Un fuerte abrazo, te deseo unas felices fiestas y otro exitoso a\u00f1o 2017.<br \/>\n\u00a1\u00a1\u00a1Grande Borja!!!<\/p>\n<!-- AddThis Advanced Settings generic via filter on the_content --><!-- AddThis Share Buttons generic via filter on the_content -->","protected":false},"excerpt":{"rendered":"<p>El justo y digno vencedor de la estad\u00edstica de Jockeys 2016 en Espa\u00f1a ya tiene nombre y no es otro que el gran \u201cBorja Fayos\u201d. Queremos darle nuestra m\u00e1s sincera enhorabuena por esta brillante consecuci\u00f3n del t\u00edtulo, que sin duda merece, primero por su esfuerzo y constancia, y en segundo lugar porque a la vez [&hellip;]<!-- AddThis Advanced Settings generic via filter on get_the_excerpt --><!-- AddThis Share Buttons generic via filter on get_the_excerpt --><\/p>\n","protected":false},"author":5,"featured_media":0,"comment_status":"closed","ping_status":"closed","sticky":false,"template":"","format":"gallery","meta":{"_acf_changed":false,"_et_pb_use_builder":"","_et_pb_old_content":"","_et_gb_content_width":"","footnotes":""},"categories":[3],"tags":[],"class_list":["post-2798","post","type-post","status-publish","format-gallery","hentry","category-noticias-cuadra-agrado","post_format-post-format-gallery"],"acf":[],"yoast_head":"<!-- This site is optimized with the Yoast SEO plugin v27.4 - https:\/\/yoast.com\/product\/yoast-seo-wordpress\/ -->\n<title>Nuestro homenaje al campe\u00f3n de la estad\u00edstica de Jockeys 2016 - Cuadra Agrado<\/title>\n<meta name=\"robots\" content=\"index, follow, max-snippet:-1, max-image-preview:large, max-video-preview:-1\" \/>\n<link rel=\"canonical\" href=\"https:\/\/cuadra-agrado.es\/?p=2798\" \/>\n<meta property=\"og:locale\" content=\"es_ES\" \/>\n<meta property=\"og:type\" content=\"article\" \/>\n<meta property=\"og:title\" content=\"Nuestro homenaje al campe\u00f3n de la estad\u00edstica de Jockeys 2016 - Cuadra Agrado\" \/>\n<meta property=\"og:description\" content=\"El justo y digno vencedor de la estad\u00edstica de Jockeys 2016 en Espa\u00f1a ya tiene nombre y no es otro que el gran \u201cBorja Fayos\u201d. Queremos darle nuestra m\u00e1s sincera enhorabuena por esta brillante consecuci\u00f3n del t\u00edtulo, que sin duda merece, primero por su esfuerzo y constancia, y en segundo lugar porque a la vez [&hellip;]\" \/>\n<meta property=\"og:url\" content=\"https:\/\/cuadra-agrado.es\/?p=2798\" \/>\n<meta property=\"og:site_name\" content=\"Cuadra Agrado\" \/>\n<meta property=\"article:published_time\" content=\"2016-12-19T08:43:24+00:00\" \/>\n<meta property=\"article:modified_time\" content=\"2024-02-27T09:27:39+00:00\" \/>\n<meta property=\"og:image\" content=\"http:\/\/cuadra-agrado.es\/wp-content\/uploads\/2016\/12\/borja-300x243.jpg\" \/>\n<meta name=\"author\" content=\"Miguel Redondo\" \/>\n<meta name=\"twitter:card\" content=\"summary_large_image\" \/>\n<meta name=\"twitter:creator\" content=\"@AGRADOracing\" \/>\n<meta name=\"twitter:site\" content=\"@AGRADOracing\" \/>\n<meta name=\"twitter:label1\" content=\"Escrito por\" \/>\n\t<meta name=\"twitter:data1\" content=\"Miguel Redondo\" \/>\n\t<meta name=\"twitter:label2\" content=\"Tiempo de lectura\" \/>\n\t<meta name=\"twitter:data2\" content=\"10 minutos\" \/>\n<script type=\"application\/ld+json\" class=\"yoast-schema-graph\">{\"@context\":\"https:\\\/\\\/schema.org\",\"@graph\":[{\"@type\":\"Article\",\"@id\":\"https:\\\/\\\/cuadra-agrado.es\\\/?p=2798#article\",\"isPartOf\":{\"@id\":\"https:\\\/\\\/cuadra-agrado.es\\\/?p=2798\"},\"author\":{\"name\":\"Miguel Redondo\",\"@id\":\"https:\\\/\\\/cuadra-agrado.es\\\/#\\\/schema\\\/person\\\/3aa4f8d2373cf756d93a5526bc72f31b\"},\"headline\":\"Nuestro homenaje al campe\u00f3n de la estad\u00edstica de Jockeys 2016\",\"datePublished\":\"2016-12-19T08:43:24+00:00\",\"dateModified\":\"2024-02-27T09:27:39+00:00\",\"mainEntityOfPage\":{\"@id\":\"https:\\\/\\\/cuadra-agrado.es\\\/?p=2798\"},\"wordCount\":1957,\"image\":{\"@id\":\"https:\\\/\\\/cuadra-agrado.es\\\/?p=2798#primaryimage\"},\"thumbnailUrl\":\"http:\\\/\\\/cuadra-agrado.es\\\/wp-content\\\/uploads\\\/2016\\\/12\\\/borja-300x243.jpg\",\"articleSection\":[\"Actualidad\"],\"inLanguage\":\"es\"},{\"@type\":\"WebPage\",\"@id\":\"https:\\\/\\\/cuadra-agrado.es\\\/?p=2798\",\"url\":\"https:\\\/\\\/cuadra-agrado.es\\\/?p=2798\",\"name\":\"Nuestro homenaje al campe\u00f3n de la estad\u00edstica de Jockeys 2016 - Cuadra Agrado\",\"isPartOf\":{\"@id\":\"https:\\\/\\\/cuadra-agrado.es\\\/#website\"},\"primaryImageOfPage\":{\"@id\":\"https:\\\/\\\/cuadra-agrado.es\\\/?p=2798#primaryimage\"},\"image\":{\"@id\":\"https:\\\/\\\/cuadra-agrado.es\\\/?p=2798#primaryimage\"},\"thumbnailUrl\":\"http:\\\/\\\/cuadra-agrado.es\\\/wp-content\\\/uploads\\\/2016\\\/12\\\/borja-300x243.jpg\",\"datePublished\":\"2016-12-19T08:43:24+00:00\",\"dateModified\":\"2024-02-27T09:27:39+00:00\",\"author\":{\"@id\":\"https:\\\/\\\/cuadra-agrado.es\\\/#\\\/schema\\\/person\\\/3aa4f8d2373cf756d93a5526bc72f31b\"},\"breadcrumb\":{\"@id\":\"https:\\\/\\\/cuadra-agrado.es\\\/?p=2798#breadcrumb\"},\"inLanguage\":\"es\",\"potentialAction\":[{\"@type\":\"ReadAction\",\"target\":[\"https:\\\/\\\/cuadra-agrado.es\\\/?p=2798\"]}]},{\"@type\":\"ImageObject\",\"inLanguage\":\"es\",\"@id\":\"https:\\\/\\\/cuadra-agrado.es\\\/?p=2798#primaryimage\",\"url\":\"http:\\\/\\\/cuadra-agrado.es\\\/wp-content\\\/uploads\\\/2016\\\/12\\\/borja-300x243.jpg\",\"contentUrl\":\"http:\\\/\\\/cuadra-agrado.es\\\/wp-content\\\/uploads\\\/2016\\\/12\\\/borja-300x243.jpg\"},{\"@type\":\"BreadcrumbList\",\"@id\":\"https:\\\/\\\/cuadra-agrado.es\\\/?p=2798#breadcrumb\",\"itemListElement\":[{\"@type\":\"ListItem\",\"position\":1,\"name\":\"Portada\",\"item\":\"https:\\\/\\\/cuadra-agrado.es\\\/\"},{\"@type\":\"ListItem\",\"position\":2,\"name\":\"Nuestro homenaje al campe\u00f3n de la estad\u00edstica de Jockeys 2016\"}]},{\"@type\":\"WebSite\",\"@id\":\"https:\\\/\\\/cuadra-agrado.es\\\/#website\",\"url\":\"https:\\\/\\\/cuadra-agrado.es\\\/\",\"name\":\"Cuadra Agrado\",\"description\":\"En el mundo del Turf desde 2008\",\"potentialAction\":[{\"@type\":\"SearchAction\",\"target\":{\"@type\":\"EntryPoint\",\"urlTemplate\":\"https:\\\/\\\/cuadra-agrado.es\\\/?s={search_term_string}\"},\"query-input\":{\"@type\":\"PropertyValueSpecification\",\"valueRequired\":true,\"valueName\":\"search_term_string\"}}],\"inLanguage\":\"es\"},{\"@type\":\"Person\",\"@id\":\"https:\\\/\\\/cuadra-agrado.es\\\/#\\\/schema\\\/person\\\/3aa4f8d2373cf756d93a5526bc72f31b\",\"name\":\"Miguel Redondo\",\"image\":{\"@type\":\"ImageObject\",\"inLanguage\":\"es\",\"@id\":\"https:\\\/\\\/secure.gravatar.com\\\/avatar\\\/85704fceb4fa34017e3c1344d182da00dbf772fb8856ba2b7726a2df926415b4?s=96&d=mm&r=g\",\"url\":\"https:\\\/\\\/secure.gravatar.com\\\/avatar\\\/85704fceb4fa34017e3c1344d182da00dbf772fb8856ba2b7726a2df926415b4?s=96&d=mm&r=g\",\"contentUrl\":\"https:\\\/\\\/secure.gravatar.com\\\/avatar\\\/85704fceb4fa34017e3c1344d182da00dbf772fb8856ba2b7726a2df926415b4?s=96&d=mm&r=g\",\"caption\":\"Miguel Redondo\"},\"sameAs\":[\"https:\\\/\\\/cuadra-agrado.es\"],\"url\":\"https:\\\/\\\/cuadra-agrado.es\\\/?author=5\"}]}<\/script>\n<!-- \/ Yoast SEO plugin. -->","yoast_head_json":{"title":"Nuestro homenaje al campe\u00f3n de la estad\u00edstica de Jockeys 2016 - Cuadra Agrado","robots":{"index":"index","follow":"follow","max-snippet":"max-snippet:-1","max-image-preview":"max-image-preview:large","max-video-preview":"max-video-preview:-1"},"canonical":"https:\/\/cuadra-agrado.es\/?p=2798","og_locale":"es_ES","og_type":"article","og_title":"Nuestro homenaje al campe\u00f3n de la estad\u00edstica de Jockeys 2016 - Cuadra Agrado","og_description":"El justo y digno vencedor de la estad\u00edstica de Jockeys 2016 en Espa\u00f1a ya tiene nombre y no es otro que el gran \u201cBorja Fayos\u201d. Queremos darle nuestra m\u00e1s sincera enhorabuena por esta brillante consecuci\u00f3n del t\u00edtulo, que sin duda merece, primero por su esfuerzo y constancia, y en segundo lugar porque a la vez [&hellip;]","og_url":"https:\/\/cuadra-agrado.es\/?p=2798","og_site_name":"Cuadra Agrado","article_published_time":"2016-12-19T08:43:24+00:00","article_modified_time":"2024-02-27T09:27:39+00:00","og_image":[{"url":"http:\/\/cuadra-agrado.es\/wp-content\/uploads\/2016\/12\/borja-300x243.jpg","type":"","width":"","height":""}],"author":"Miguel Redondo","twitter_card":"summary_large_image","twitter_creator":"@AGRADOracing","twitter_site":"@AGRADOracing","twitter_misc":{"Escrito por":"Miguel Redondo","Tiempo de lectura":"10 minutos"},"schema":{"@context":"https:\/\/schema.org","@graph":[{"@type":"Article","@id":"https:\/\/cuadra-agrado.es\/?p=2798#article","isPartOf":{"@id":"https:\/\/cuadra-agrado.es\/?p=2798"},"author":{"name":"Miguel Redondo","@id":"https:\/\/cuadra-agrado.es\/#\/schema\/person\/3aa4f8d2373cf756d93a5526bc72f31b"},"headline":"Nuestro homenaje al campe\u00f3n de la estad\u00edstica de Jockeys 2016","datePublished":"2016-12-19T08:43:24+00:00","dateModified":"2024-02-27T09:27:39+00:00","mainEntityOfPage":{"@id":"https:\/\/cuadra-agrado.es\/?p=2798"},"wordCount":1957,"image":{"@id":"https:\/\/cuadra-agrado.es\/?p=2798#primaryimage"},"thumbnailUrl":"http:\/\/cuadra-agrado.es\/wp-content\/uploads\/2016\/12\/borja-300x243.jpg","articleSection":["Actualidad"],"inLanguage":"es"},{"@type":"WebPage","@id":"https:\/\/cuadra-agrado.es\/?p=2798","url":"https:\/\/cuadra-agrado.es\/?p=2798","name":"Nuestro homenaje al campe\u00f3n de la estad\u00edstica de Jockeys 2016 - Cuadra Agrado","isPartOf":{"@id":"https:\/\/cuadra-agrado.es\/#website"},"primaryImageOfPage":{"@id":"https:\/\/cuadra-agrado.es\/?p=2798#primaryimage"},"image":{"@id":"https:\/\/cuadra-agrado.es\/?p=2798#primaryimage"},"thumbnailUrl":"http:\/\/cuadra-agrado.es\/wp-content\/uploads\/2016\/12\/borja-300x243.jpg","datePublished":"2016-12-19T08:43:24+00:00","dateModified":"2024-02-27T09:27:39+00:00","author":{"@id":"https:\/\/cuadra-agrado.es\/#\/schema\/person\/3aa4f8d2373cf756d93a5526bc72f31b"},"breadcrumb":{"@id":"https:\/\/cuadra-agrado.es\/?p=2798#breadcrumb"},"inLanguage":"es","potentialAction":[{"@type":"ReadAction","target":["https:\/\/cuadra-agrado.es\/?p=2798"]}]},{"@type":"ImageObject","inLanguage":"es","@id":"https:\/\/cuadra-agrado.es\/?p=2798#primaryimage","url":"http:\/\/cuadra-agrado.es\/wp-content\/uploads\/2016\/12\/borja-300x243.jpg","contentUrl":"http:\/\/cuadra-agrado.es\/wp-content\/uploads\/2016\/12\/borja-300x243.jpg"},{"@type":"BreadcrumbList","@id":"https:\/\/cuadra-agrado.es\/?p=2798#breadcrumb","itemListElement":[{"@type":"ListItem","position":1,"name":"Portada","item":"https:\/\/cuadra-agrado.es\/"},{"@type":"ListItem","position":2,"name":"Nuestro homenaje al campe\u00f3n de la estad\u00edstica de Jockeys 2016"}]},{"@type":"WebSite","@id":"https:\/\/cuadra-agrado.es\/#website","url":"https:\/\/cuadra-agrado.es\/","name":"Cuadra Agrado","description":"En el mundo del Turf desde 2008","potentialAction":[{"@type":"SearchAction","target":{"@type":"EntryPoint","urlTemplate":"https:\/\/cuadra-agrado.es\/?s={search_term_string}"},"query-input":{"@type":"PropertyValueSpecification","valueRequired":true,"valueName":"search_term_string"}}],"inLanguage":"es"},{"@type":"Person","@id":"https:\/\/cuadra-agrado.es\/#\/schema\/person\/3aa4f8d2373cf756d93a5526bc72f31b","name":"Miguel Redondo","image":{"@type":"ImageObject","inLanguage":"es","@id":"https:\/\/secure.gravatar.com\/avatar\/85704fceb4fa34017e3c1344d182da00dbf772fb8856ba2b7726a2df926415b4?s=96&d=mm&r=g","url":"https:\/\/secure.gravatar.com\/avatar\/85704fceb4fa34017e3c1344d182da00dbf772fb8856ba2b7726a2df926415b4?s=96&d=mm&r=g","contentUrl":"https:\/\/secure.gravatar.com\/avatar\/85704fceb4fa34017e3c1344d182da00dbf772fb8856ba2b7726a2df926415b4?s=96&d=mm&r=g","caption":"Miguel Redondo"},"sameAs":["https:\/\/cuadra-agrado.es"],"url":"https:\/\/cuadra-agrado.es\/?author=5"}]}},"_links":{"self":[{"href":"https:\/\/cuadra-agrado.es\/index.php?rest_route=\/wp\/v2\/posts\/2798","targetHints":{"allow":["GET"]}}],"collection":[{"href":"https:\/\/cuadra-agrado.es\/index.php?rest_route=\/wp\/v2\/posts"}],"about":[{"href":"https:\/\/cuadra-agrado.es\/index.php?rest_route=\/wp\/v2\/types\/post"}],"author":[{"embeddable":true,"href":"https:\/\/cuadra-agrado.es\/index.php?rest_route=\/wp\/v2\/users\/5"}],"replies":[{"embeddable":true,"href":"https:\/\/cuadra-agrado.es\/index.php?rest_route=%2Fwp%2Fv2%2Fcomments&post=2798"}],"version-history":[{"count":0,"href":"https:\/\/cuadra-agrado.es\/index.php?rest_route=\/wp\/v2\/posts\/2798\/revisions"}],"wp:attachment":[{"href":"https:\/\/cuadra-agrado.es\/index.php?rest_route=%2Fwp%2Fv2%2Fmedia&parent=2798"}],"wp:term":[{"taxonomy":"category","embeddable":true,"href":"https:\/\/cuadra-agrado.es\/index.php?rest_route=%2Fwp%2Fv2%2Fcategories&post=2798"},{"taxonomy":"post_tag","embeddable":true,"href":"https:\/\/cuadra-agrado.es\/index.php?rest_route=%2Fwp%2Fv2%2Ftags&post=2798"}],"curies":[{"name":"wp","href":"https:\/\/api.w.org\/{rel}","templated":true}]}}