{"id":2770,"date":"2016-11-24T10:28:13","date_gmt":"2016-11-24T09:28:13","guid":{"rendered":"https:\/\/cuadra-agrado.es\/?p=2770"},"modified":"2024-02-27T09:27:40","modified_gmt":"2024-02-27T09:27:40","slug":"esperado-debut-parisien-blue","status":"publish","type":"post","link":"https:\/\/cuadra-agrado.es\/?p=2770","title":{"rendered":"El esperado debut de Parisien Blue&#8230;."},"content":{"rendered":"<p style=\"text-align: justify;\"><a href=\"http:\/\/cuadra-agrado.es\/wp-content\/uploads\/2015\/11\/parisien-blue1.jpg\" target=\"_blank\" rel=\"noopener noreferrer\"><img loading=\"lazy\" decoding=\"async\" class=\"alignleft wp-image-1962 \" src=\"http:\/\/cuadra-agrado.es\/wp-content\/uploads\/2015\/11\/parisien-blue1-300x239.jpg\" alt=\"parisien blue\" width=\"274\" height=\"218\" \/><\/a>La \u00faltima jornada de oto\u00f1o madrile\u00f1a se presenta para nosotros como un d\u00eda muy especial lleno de emociones. \u201cValiant Blue\u201d se despide de competici\u00f3n con la cabeza muy alta dejando un dif\u00edcil relevo a su compa\u00f1ero con mismo apellido \u201cParisien Blue\u201d cuyo nombre de pila propusimos entonces como homenaje a las v\u00edctimas del cruel atentado de Par\u00eds producido el mismo d\u00eda de su compra. Hijo de \u201cDiktat &amp; Gatz\u201d lo adquirimos de yearling en aquella subasta ACPSIE 2015 procedente de \u201cCuadra la Milla\u201d por 22.000\u20ac con especial ilusi\u00f3n ya que fue uno de los yearlings seleccionados y marcados en el cat\u00e1logo un par de d\u00edas antes. \u00a0Hasta la fecha, hemos sido muy prudentes con \u00e9l durante todo el a\u00f1o y tras cocinarlo a fuego muy lento en los trabajos diarios desde antes de verano, lleg\u00f3 la hora de su esperado debut y seguro le vendr\u00e1 muy bien para seguir amueblando cabeza de cara al pr\u00f3ximo curso. Le hemos visto crecer y formarse poco a poco desde su llegada al patio, y tras una primera etapa a principios de a\u00f1o donde parec\u00eda no esforzarse demasiado en trabajos livianos, fue poco a poco asimilando su cometido bien entrada la primavera. Pas\u00f3 por nuestra cabeza darle un intento de debut en el verano donostiarra una vez vimos que la progresi\u00f3n era palpable en sus trabajos veraniegos, pero segu\u00eda siendo prematuro y finalmente decidimos seguir esperando de cara al oto\u00f1o madrile\u00f1o. A mitad de temporada apareci\u00f3 su primera matr\u00edcula, pero un brote viral la semana anterior a la carrera le volvi\u00f3 a negar su debut por lo que marcamos en rojo esta \u00faltima jornada de oto\u00f1o para bautizarlo.<\/p>\n<p style=\"text-align: justify;\">Con un buen f\u00edsico y un origen nacional prometedor, iniciamos su carrera con las simples garant\u00edas que ofrece una prueba para debutantes. Ser\u00e1 su primer examen despu\u00e9s de mucho estudio y trabajo, y esperamos que el aprendizaje nos muestre un primer apunte de su futuro. Es l\u00f3gico que por ilusi\u00f3n, sea para nosotros el favorito de la prueba, m\u00e1s si cabe cuando apenas tenemos demasiadas referencias de sus aprendices rivales, pero lo m\u00e1s importante es que tenga un debut correcto y tenga esa necesaria pizca de suerte en un recorrido, a priori imprevisible. Su golpe de cajones no es precisamente su fuerte despu\u00e9s de lo visto en ensayos, y esto quiz\u00e1s le pueda ocasionar un perjuicio en la primera parte del recorrido con un novato lote de doce participantes. Desconocemos tambi\u00e9n su adaptaci\u00f3n a una pista previsiblemente pesada despu\u00e9s de las lluvias de la semana (a su madre no le ven\u00eda del todo mal), pero este h\u00e1ndicap ser\u00e1 para todos por igual por lo que tampoco deber\u00edamos tenerlo demasiado en consideraci\u00f3n a esta temprana edad. Contamos para su debut con una monta de garant\u00edas como \u201cRicardo Sousa\u201d que accede a subirse al nuestro con una estad\u00edstica personal en juego y esto es de agradecer y sobretodo nos da pie a incrementar nuestras expectativas, desde este momento le deseamos la mejor de las suertes. Or\u00edgenes de millero (su madre fue tercera de la poule en 2008), esta prueba le viene al pelo en distancia, otro apunte a considerar para aumentar sus opciones.<\/p>\n<p style=\"text-align: justify;\">Todo listo para su presentaci\u00f3n en competici\u00f3n, agradecer como no puede ser de otra forma a nuestro preparador Juan Luis Maroto y todo su equipo por todo el buen trabajo que nos consta se ha hecho con \u00e9l durante m\u00e1s de un largo a\u00f1o, y desear que tenga una recompensa acorde con el esfuerzo. Por nuestra parte, estamos preparados para asumir lo que suceda conscientes de que un buen o mal debut no implica garant\u00edas de \u00e9xito o derrota. Nuestras ilusiones antes y despu\u00e9s de la carrera seguir\u00e1n siendo las mismas, y no son otras que buscar su mejor condici\u00f3n a su edad cl\u00e1sica para el pr\u00f3ximo a\u00f1o.<\/p>\n<p>Allez Parisien!!!<\/p>\n<!-- AddThis Advanced Settings generic via filter on the_content --><!-- AddThis Share Buttons generic via filter on the_content -->","protected":false},"excerpt":{"rendered":"<p>La \u00faltima jornada de oto\u00f1o madrile\u00f1a se presenta para nosotros como un d\u00eda muy especial lleno de emociones. \u201cValiant Blue\u201d se despide de competici\u00f3n con la cabeza muy alta dejando un dif\u00edcil relevo a su compa\u00f1ero con mismo apellido \u201cParisien Blue\u201d cuyo nombre de pila propusimos entonces como homenaje a las v\u00edctimas del cruel atentado [&hellip;]<!-- AddThis Advanced Settings generic via filter on get_the_excerpt --><!-- AddThis Share Buttons generic via filter on get_the_excerpt --><\/p>\n","protected":false},"author":5,"featured_media":0,"comment_status":"closed","ping_status":"closed","sticky":false,"template":"","format":"gallery","meta":{"_acf_changed":false,"_et_pb_use_builder":"","_et_pb_old_content":"","_et_gb_content_width":"","footnotes":""},"categories":[3],"tags":[],"class_list":["post-2770","post","type-post","status-publish","format-gallery","hentry","category-noticias-cuadra-agrado","post_format-post-format-gallery"],"acf":[],"yoast_head":"<!-- This site is optimized with the Yoast SEO plugin v27.4 - https:\/\/yoast.com\/product\/yoast-seo-wordpress\/ -->\n<title>El esperado debut de Parisien Blue.... - Cuadra Agrado<\/title>\n<meta name=\"robots\" content=\"index, follow, max-snippet:-1, max-image-preview:large, max-video-preview:-1\" \/>\n<link rel=\"canonical\" href=\"https:\/\/cuadra-agrado.es\/?p=2770\" \/>\n<meta property=\"og:locale\" content=\"es_ES\" \/>\n<meta property=\"og:type\" content=\"article\" \/>\n<meta property=\"og:title\" content=\"El esperado debut de Parisien Blue.... - Cuadra Agrado\" \/>\n<meta property=\"og:description\" content=\"La \u00faltima jornada de oto\u00f1o madrile\u00f1a se presenta para nosotros como un d\u00eda muy especial lleno de emociones. \u201cValiant Blue\u201d se despide de competici\u00f3n con la cabeza muy alta dejando un dif\u00edcil relevo a su compa\u00f1ero con mismo apellido \u201cParisien Blue\u201d cuyo nombre de pila propusimos entonces como homenaje a las v\u00edctimas del cruel atentado [&hellip;]\" \/>\n<meta property=\"og:url\" content=\"https:\/\/cuadra-agrado.es\/?p=2770\" \/>\n<meta property=\"og:site_name\" content=\"Cuadra Agrado\" \/>\n<meta property=\"article:published_time\" content=\"2016-11-24T09:28:13+00:00\" \/>\n<meta property=\"article:modified_time\" content=\"2024-02-27T09:27:40+00:00\" \/>\n<meta property=\"og:image\" content=\"http:\/\/cuadra-agrado.es\/wp-content\/uploads\/2015\/11\/parisien-blue1-300x239.jpg\" \/>\n<meta name=\"author\" content=\"Miguel Redondo\" \/>\n<meta name=\"twitter:card\" content=\"summary_large_image\" \/>\n<meta name=\"twitter:creator\" content=\"@AGRADOracing\" \/>\n<meta name=\"twitter:site\" content=\"@AGRADOracing\" \/>\n<meta name=\"twitter:label1\" content=\"Escrito por\" \/>\n\t<meta name=\"twitter:data1\" content=\"Miguel Redondo\" \/>\n\t<meta name=\"twitter:label2\" content=\"Tiempo de lectura\" \/>\n\t<meta name=\"twitter:data2\" content=\"3 minutos\" \/>\n<script type=\"application\/ld+json\" class=\"yoast-schema-graph\">{\"@context\":\"https:\\\/\\\/schema.org\",\"@graph\":[{\"@type\":\"Article\",\"@id\":\"https:\\\/\\\/cuadra-agrado.es\\\/?p=2770#article\",\"isPartOf\":{\"@id\":\"https:\\\/\\\/cuadra-agrado.es\\\/?p=2770\"},\"author\":{\"name\":\"Miguel Redondo\",\"@id\":\"https:\\\/\\\/cuadra-agrado.es\\\/#\\\/schema\\\/person\\\/3aa4f8d2373cf756d93a5526bc72f31b\"},\"headline\":\"El esperado debut de Parisien Blue&#8230;.\",\"datePublished\":\"2016-11-24T09:28:13+00:00\",\"dateModified\":\"2024-02-27T09:27:40+00:00\",\"mainEntityOfPage\":{\"@id\":\"https:\\\/\\\/cuadra-agrado.es\\\/?p=2770\"},\"wordCount\":690,\"image\":{\"@id\":\"https:\\\/\\\/cuadra-agrado.es\\\/?p=2770#primaryimage\"},\"thumbnailUrl\":\"http:\\\/\\\/cuadra-agrado.es\\\/wp-content\\\/uploads\\\/2015\\\/11\\\/parisien-blue1-300x239.jpg\",\"articleSection\":[\"Actualidad\"],\"inLanguage\":\"es\"},{\"@type\":\"WebPage\",\"@id\":\"https:\\\/\\\/cuadra-agrado.es\\\/?p=2770\",\"url\":\"https:\\\/\\\/cuadra-agrado.es\\\/?p=2770\",\"name\":\"El esperado debut de Parisien Blue.... - Cuadra Agrado\",\"isPartOf\":{\"@id\":\"https:\\\/\\\/cuadra-agrado.es\\\/#website\"},\"primaryImageOfPage\":{\"@id\":\"https:\\\/\\\/cuadra-agrado.es\\\/?p=2770#primaryimage\"},\"image\":{\"@id\":\"https:\\\/\\\/cuadra-agrado.es\\\/?p=2770#primaryimage\"},\"thumbnailUrl\":\"http:\\\/\\\/cuadra-agrado.es\\\/wp-content\\\/uploads\\\/2015\\\/11\\\/parisien-blue1-300x239.jpg\",\"datePublished\":\"2016-11-24T09:28:13+00:00\",\"dateModified\":\"2024-02-27T09:27:40+00:00\",\"author\":{\"@id\":\"https:\\\/\\\/cuadra-agrado.es\\\/#\\\/schema\\\/person\\\/3aa4f8d2373cf756d93a5526bc72f31b\"},\"breadcrumb\":{\"@id\":\"https:\\\/\\\/cuadra-agrado.es\\\/?p=2770#breadcrumb\"},\"inLanguage\":\"es\",\"potentialAction\":[{\"@type\":\"ReadAction\",\"target\":[\"https:\\\/\\\/cuadra-agrado.es\\\/?p=2770\"]}]},{\"@type\":\"ImageObject\",\"inLanguage\":\"es\",\"@id\":\"https:\\\/\\\/cuadra-agrado.es\\\/?p=2770#primaryimage\",\"url\":\"http:\\\/\\\/cuadra-agrado.es\\\/wp-content\\\/uploads\\\/2015\\\/11\\\/parisien-blue1-300x239.jpg\",\"contentUrl\":\"http:\\\/\\\/cuadra-agrado.es\\\/wp-content\\\/uploads\\\/2015\\\/11\\\/parisien-blue1-300x239.jpg\"},{\"@type\":\"BreadcrumbList\",\"@id\":\"https:\\\/\\\/cuadra-agrado.es\\\/?p=2770#breadcrumb\",\"itemListElement\":[{\"@type\":\"ListItem\",\"position\":1,\"name\":\"Portada\",\"item\":\"https:\\\/\\\/cuadra-agrado.es\\\/\"},{\"@type\":\"ListItem\",\"position\":2,\"name\":\"El esperado debut de Parisien Blue&#8230;.\"}]},{\"@type\":\"WebSite\",\"@id\":\"https:\\\/\\\/cuadra-agrado.es\\\/#website\",\"url\":\"https:\\\/\\\/cuadra-agrado.es\\\/\",\"name\":\"Cuadra Agrado\",\"description\":\"En el mundo del Turf desde 2008\",\"potentialAction\":[{\"@type\":\"SearchAction\",\"target\":{\"@type\":\"EntryPoint\",\"urlTemplate\":\"https:\\\/\\\/cuadra-agrado.es\\\/?s={search_term_string}\"},\"query-input\":{\"@type\":\"PropertyValueSpecification\",\"valueRequired\":true,\"valueName\":\"search_term_string\"}}],\"inLanguage\":\"es\"},{\"@type\":\"Person\",\"@id\":\"https:\\\/\\\/cuadra-agrado.es\\\/#\\\/schema\\\/person\\\/3aa4f8d2373cf756d93a5526bc72f31b\",\"name\":\"Miguel Redondo\",\"image\":{\"@type\":\"ImageObject\",\"inLanguage\":\"es\",\"@id\":\"https:\\\/\\\/secure.gravatar.com\\\/avatar\\\/85704fceb4fa34017e3c1344d182da00dbf772fb8856ba2b7726a2df926415b4?s=96&d=mm&r=g\",\"url\":\"https:\\\/\\\/secure.gravatar.com\\\/avatar\\\/85704fceb4fa34017e3c1344d182da00dbf772fb8856ba2b7726a2df926415b4?s=96&d=mm&r=g\",\"contentUrl\":\"https:\\\/\\\/secure.gravatar.com\\\/avatar\\\/85704fceb4fa34017e3c1344d182da00dbf772fb8856ba2b7726a2df926415b4?s=96&d=mm&r=g\",\"caption\":\"Miguel Redondo\"},\"sameAs\":[\"https:\\\/\\\/cuadra-agrado.es\"],\"url\":\"https:\\\/\\\/cuadra-agrado.es\\\/?author=5\"}]}<\/script>\n<!-- \/ Yoast SEO plugin. -->","yoast_head_json":{"title":"El esperado debut de Parisien Blue.... - Cuadra Agrado","robots":{"index":"index","follow":"follow","max-snippet":"max-snippet:-1","max-image-preview":"max-image-preview:large","max-video-preview":"max-video-preview:-1"},"canonical":"https:\/\/cuadra-agrado.es\/?p=2770","og_locale":"es_ES","og_type":"article","og_title":"El esperado debut de Parisien Blue.... - Cuadra Agrado","og_description":"La \u00faltima jornada de oto\u00f1o madrile\u00f1a se presenta para nosotros como un d\u00eda muy especial lleno de emociones. \u201cValiant Blue\u201d se despide de competici\u00f3n con la cabeza muy alta dejando un dif\u00edcil relevo a su compa\u00f1ero con mismo apellido \u201cParisien Blue\u201d cuyo nombre de pila propusimos entonces como homenaje a las v\u00edctimas del cruel atentado [&hellip;]","og_url":"https:\/\/cuadra-agrado.es\/?p=2770","og_site_name":"Cuadra Agrado","article_published_time":"2016-11-24T09:28:13+00:00","article_modified_time":"2024-02-27T09:27:40+00:00","og_image":[{"url":"http:\/\/cuadra-agrado.es\/wp-content\/uploads\/2015\/11\/parisien-blue1-300x239.jpg","type":"","width":"","height":""}],"author":"Miguel Redondo","twitter_card":"summary_large_image","twitter_creator":"@AGRADOracing","twitter_site":"@AGRADOracing","twitter_misc":{"Escrito por":"Miguel Redondo","Tiempo de lectura":"3 minutos"},"schema":{"@context":"https:\/\/schema.org","@graph":[{"@type":"Article","@id":"https:\/\/cuadra-agrado.es\/?p=2770#article","isPartOf":{"@id":"https:\/\/cuadra-agrado.es\/?p=2770"},"author":{"name":"Miguel Redondo","@id":"https:\/\/cuadra-agrado.es\/#\/schema\/person\/3aa4f8d2373cf756d93a5526bc72f31b"},"headline":"El esperado debut de Parisien Blue&#8230;.","datePublished":"2016-11-24T09:28:13+00:00","dateModified":"2024-02-27T09:27:40+00:00","mainEntityOfPage":{"@id":"https:\/\/cuadra-agrado.es\/?p=2770"},"wordCount":690,"image":{"@id":"https:\/\/cuadra-agrado.es\/?p=2770#primaryimage"},"thumbnailUrl":"http:\/\/cuadra-agrado.es\/wp-content\/uploads\/2015\/11\/parisien-blue1-300x239.jpg","articleSection":["Actualidad"],"inLanguage":"es"},{"@type":"WebPage","@id":"https:\/\/cuadra-agrado.es\/?p=2770","url":"https:\/\/cuadra-agrado.es\/?p=2770","name":"El esperado debut de Parisien Blue.... - Cuadra Agrado","isPartOf":{"@id":"https:\/\/cuadra-agrado.es\/#website"},"primaryImageOfPage":{"@id":"https:\/\/cuadra-agrado.es\/?p=2770#primaryimage"},"image":{"@id":"https:\/\/cuadra-agrado.es\/?p=2770#primaryimage"},"thumbnailUrl":"http:\/\/cuadra-agrado.es\/wp-content\/uploads\/2015\/11\/parisien-blue1-300x239.jpg","datePublished":"2016-11-24T09:28:13+00:00","dateModified":"2024-02-27T09:27:40+00:00","author":{"@id":"https:\/\/cuadra-agrado.es\/#\/schema\/person\/3aa4f8d2373cf756d93a5526bc72f31b"},"breadcrumb":{"@id":"https:\/\/cuadra-agrado.es\/?p=2770#breadcrumb"},"inLanguage":"es","potentialAction":[{"@type":"ReadAction","target":["https:\/\/cuadra-agrado.es\/?p=2770"]}]},{"@type":"ImageObject","inLanguage":"es","@id":"https:\/\/cuadra-agrado.es\/?p=2770#primaryimage","url":"http:\/\/cuadra-agrado.es\/wp-content\/uploads\/2015\/11\/parisien-blue1-300x239.jpg","contentUrl":"http:\/\/cuadra-agrado.es\/wp-content\/uploads\/2015\/11\/parisien-blue1-300x239.jpg"},{"@type":"BreadcrumbList","@id":"https:\/\/cuadra-agrado.es\/?p=2770#breadcrumb","itemListElement":[{"@type":"ListItem","position":1,"name":"Portada","item":"https:\/\/cuadra-agrado.es\/"},{"@type":"ListItem","position":2,"name":"El esperado debut de Parisien Blue&#8230;."}]},{"@type":"WebSite","@id":"https:\/\/cuadra-agrado.es\/#website","url":"https:\/\/cuadra-agrado.es\/","name":"Cuadra Agrado","description":"En el mundo del Turf desde 2008","potentialAction":[{"@type":"SearchAction","target":{"@type":"EntryPoint","urlTemplate":"https:\/\/cuadra-agrado.es\/?s={search_term_string}"},"query-input":{"@type":"PropertyValueSpecification","valueRequired":true,"valueName":"search_term_string"}}],"inLanguage":"es"},{"@type":"Person","@id":"https:\/\/cuadra-agrado.es\/#\/schema\/person\/3aa4f8d2373cf756d93a5526bc72f31b","name":"Miguel Redondo","image":{"@type":"ImageObject","inLanguage":"es","@id":"https:\/\/secure.gravatar.com\/avatar\/85704fceb4fa34017e3c1344d182da00dbf772fb8856ba2b7726a2df926415b4?s=96&d=mm&r=g","url":"https:\/\/secure.gravatar.com\/avatar\/85704fceb4fa34017e3c1344d182da00dbf772fb8856ba2b7726a2df926415b4?s=96&d=mm&r=g","contentUrl":"https:\/\/secure.gravatar.com\/avatar\/85704fceb4fa34017e3c1344d182da00dbf772fb8856ba2b7726a2df926415b4?s=96&d=mm&r=g","caption":"Miguel Redondo"},"sameAs":["https:\/\/cuadra-agrado.es"],"url":"https:\/\/cuadra-agrado.es\/?author=5"}]}},"_links":{"self":[{"href":"https:\/\/cuadra-agrado.es\/index.php?rest_route=\/wp\/v2\/posts\/2770","targetHints":{"allow":["GET"]}}],"collection":[{"href":"https:\/\/cuadra-agrado.es\/index.php?rest_route=\/wp\/v2\/posts"}],"about":[{"href":"https:\/\/cuadra-agrado.es\/index.php?rest_route=\/wp\/v2\/types\/post"}],"author":[{"embeddable":true,"href":"https:\/\/cuadra-agrado.es\/index.php?rest_route=\/wp\/v2\/users\/5"}],"replies":[{"embeddable":true,"href":"https:\/\/cuadra-agrado.es\/index.php?rest_route=%2Fwp%2Fv2%2Fcomments&post=2770"}],"version-history":[{"count":0,"href":"https:\/\/cuadra-agrado.es\/index.php?rest_route=\/wp\/v2\/posts\/2770\/revisions"}],"wp:attachment":[{"href":"https:\/\/cuadra-agrado.es\/index.php?rest_route=%2Fwp%2Fv2%2Fmedia&parent=2770"}],"wp:term":[{"taxonomy":"category","embeddable":true,"href":"https:\/\/cuadra-agrado.es\/index.php?rest_route=%2Fwp%2Fv2%2Fcategories&post=2770"},{"taxonomy":"post_tag","embeddable":true,"href":"https:\/\/cuadra-agrado.es\/index.php?rest_route=%2Fwp%2Fv2%2Ftags&post=2770"}],"curies":[{"name":"wp","href":"https:\/\/api.w.org\/{rel}","templated":true}]}}