{"id":2761,"date":"2016-11-21T09:04:10","date_gmt":"2016-11-21T08:04:10","guid":{"rendered":"https:\/\/cuadra-agrado.es\/?p=2761"},"modified":"2024-02-27T09:27:40","modified_gmt":"2024-02-27T09:27:40","slug":"ultimo-sprint-valiant-blue","status":"publish","type":"post","link":"https:\/\/cuadra-agrado.es\/?p=2761","title":{"rendered":"El \u00faltimo sprint de Valiant Blue"},"content":{"rendered":"<p style=\"text-align: justify;\"><a href=\"http:\/\/cuadra-agrado.es\/wp-content\/uploads\/2016\/11\/valiantUrquijo.jpg\" target=\"_blank\" rel=\"noopener noreferrer\"><img loading=\"lazy\" decoding=\"async\" class=\"alignleft wp-image-2762 size-medium\" src=\"http:\/\/cuadra-agrado.es\/wp-content\/uploads\/2016\/11\/valiantUrquijo-300x234.jpg\" alt=\"valianturquijo\" width=\"300\" height=\"234\" \/><\/a>Nuestro mejor caballo hasta la fecha \u201cValiant Blue\u201d disputar\u00e1 su \u00faltima carrera en competici\u00f3n este pr\u00f3ximo domingo en el premio \u201cBoo\u201d sobre distancia de 1.000 metros en la l\u00ednea recta madrile\u00f1a coincidiendo con el final de la temporada de oto\u00f1o. Han sido cinco preciosos a\u00f1os desde su llegada a nuestra casa cargados de puras y conmovedoras emociones que nos han servido para enamorarnos de por vida de este noble pura sangre que hemos tenido la gran fortuna de tener defendiendo nuestros colores. Adquirido en la subasta irlandesa de \u201cTattersalls\u201d en septiembre de 2011 con lote 1188 por tan solo 6.000\u20ac, hijo de \u201cMoss Vale\u201d &amp; \u201cTiltili\u201d, fue el segundo caballo que ingres\u00f3 en nuestra cuadra, brind\u00e1ndonos hasta la fecha trece apasionantes victorias entre las que rese\u00f1amos la primera en un ilusionante debut, seguida del \u201cNouvel-An 2012\u201d en su segunda salida a pista y las de corta distancia en el \u00a0\u201cPremio Urquijo\u201d, \u201cPremio San Isidro\u201d, \u201cSoudzou\u201d, \u201cHabitancum\u201d y la que ganara en la exigente pista de Fontainebleau el pasado a\u00f1o batiendo a todo un caballo de grupo como \u201cBlue Soave\u201d. Una m\u00e1s que meritoria vida en competici\u00f3n ganando en todos y cada uno de los a\u00f1os que iba cumpliendo en los tres principales hip\u00f3dromos de Espa\u00f1a, aun con el tremendo h\u00e1ndicap de sus problemas de salud que le acompa\u00f1aron desde muy temprana edad.<\/p>\n<p style=\"text-align: justify;\">Despu\u00e9s de un fat\u00eddico a\u00f1o 2016 cargado de lesiones y de verdadera mala fortuna, volvimos a comenzar con \u00e9l en septiembre y en su \u00faltima disputada hace apenas dos semanas estuvo luchando para volver a darnos esa esperanza de continuidad que todos necesit\u00e1bamos logrando un agridulce segundo puesto. Lamentablemente,\u00a0 un reconocimiento veterinario posterior a la carrera como consecuencia de una inflamaci\u00f3n en uno de sus menudillos, nos desvel\u00f3 la peor noticia\u2026. una nueva lesi\u00f3n en los ligamentos de su mano derecha pon\u00eda fin otra vez a su temporada reci\u00e9n iniciada. Un jarro de agua helada que nos hac\u00eda tomar la decisi\u00f3n m\u00e1s delicada y triste de nuestra vida en competici\u00f3n. Solo cab\u00edan tres opciones ante este desolador panorama. La primera opci\u00f3n ser\u00eda pararle nuevamente durante dos meses y volver a reiniciar con \u00e9l en la pr\u00f3xima primavera, pero con su edad y con los problemas ya cr\u00f3nicos de menudillos, ser\u00eda retrasar lo inevitable y en ning\u00fan caso quer\u00edamos que el caballo alargara su agon\u00eda de no poder correr en las mejores condiciones en el curso siguiente con un valor en declive. La segunda opci\u00f3n pasaba por retirarle de inmediato de competici\u00f3n, pero sin la sombr\u00eda posibilidad de que nos pudi\u00e9ramos despedir de \u00e9l en pista como merece un campe\u00f3n. La tercera y \u00faltima opci\u00f3n, part\u00eda por darle una \u00faltima salida con todav\u00eda posibilidades de victoria para poder despedirle como se merece y que la afici\u00f3n, en la que tanta huella ha dejado, pudiera volver a disfrutar de su galope en un \u00faltimo sprint.<\/p>\n<p style=\"text-align: justify;\">Tras un mar de dudas sentimentales, hemos tomado la decisi\u00f3n de emular el mejor final para su particular y emotivo cuento con una \u00faltima salida a pista como despedida para todos. Somos conscientes\u00a0que las condiciones no son las \u00f3ptimas, pero tenemos la aprobaci\u00f3n veterinaria y el motivo sin duda merece la pena por lo que asumimos el reto y la responsabilidad con plena confianza. Buscando el colof\u00f3n a su carrera, salimos a por esa \u00faltima victoria m\u00e1s con el coraz\u00f3n que por su condici\u00f3n f\u00edsica actual, y as\u00ed lo queremos dejar claro para que el aficionado pueda apostar por \u00e9l con total conocimiento de causa. El caballo tiene la forma para competir y la \u00faltima salida de hace apenas dos semanas le sirve como trabajo para engancharse a esta \u00faltima sin necesidad de desgastarlo en esta semana, que optamos por darle descanso. Despu\u00e9s de esta y pase lo que pase, se retirar\u00e1 definitivamente para disfrutar de una nueva vida en verdes prados al lado de su viejo amigo \u201cOrlov\u201d que le espera en la finca que nuestra cuadra posee en la madrile\u00f1a localidad de Cadalso de los Vidrios. Para el recuerdo imborrable quedar\u00e1 su vida de competici\u00f3n y los logros conseguidos. En nuestra memoria quedar\u00e1 ese conmovedor d\u00eda en el parisino y m\u00edtico \u201cLongchamp\u201d donde se parti\u00f3 la cara con enormes ejemplares de divisi\u00f3n de honor en el d\u00eda especial de las poules francesas, o ese \u201cListed\u201d en \u201cMaisons Laffitte\u201d donde plant\u00f3 cara a otros tantos. Cuarenta carreras con trece victorias y 126.500\u20ac en ganancias avalan su brillante trayectoria\u2026.. Sin duda, a\u00f1oraremos volver a escribir cr\u00f3nicas sobre sus haza\u00f1as, y el anhelo de visitarle los s\u00e1bados para ver sus trabajos sobre la arena. Este es el melanc\u00f3lico final para un caballo de carreras con may\u00fasculas que el destino ha querido que se produzca en el mismo d\u00eda que comienza la vida en competici\u00f3n de otro que defender\u00e1 sus mismos colores. \u201cValiant Blue\u201d se despide en la <u>primera carrera<\/u> del domingo y pasa el relevo a su compa\u00f1ero con mismo apellido en honor a su clase; \u201cParisien Blue\u201d, que inicia su trayectoria en la segunda del d\u00eda. Caprichos del destino que te hacen seguir so\u00f1ando en el comienzo de un nuevo cuento con la esperanza de otro digno final, y que aliviar\u00e1 un poco la amargura del momento\u2026..<\/p>\n<p style=\"text-align: justify;\"><a href=\"http:\/\/cuadra-agrado.es\/wp-content\/uploads\/2016\/11\/Img-03.jpg\" target=\"_blank\" rel=\"noopener noreferrer\"><img loading=\"lazy\" decoding=\"async\" class=\"alignright wp-image-2763 size-medium\" src=\"http:\/\/cuadra-agrado.es\/wp-content\/uploads\/2016\/11\/Img-03-300x240.jpg\" alt=\"img-03\" width=\"300\" height=\"240\" \/><\/a>Nuestro m\u00e1s sincero agradecimiento y reconocimiento a los tres preparadores que han tenido el privilegio de tenerle en su patio desde su llegada a Madrid, comenzando por Teodoro Callejo, (principal responsable de su compra) que le hizo ganar en su debut y en otras cuatro ocasiones posteriores, para proyectarle a los grandes premios de la milla en su edad cl\u00e1sica como el \u201cHispanidad\u201d o el \u201cGobierno Vasco\u201d.<br \/>\nSu segunda preparaci\u00f3n, \u201cEduardo Buz\u00f3n\u201d vio en \u00e9l desde el principio condiciones para reconvertirlo a sprinter, cuajando su mejor a\u00f1o en 2014 con seis victorias casi consecutivas en las diferentes pruebas de sprint disputadas en Madrid y erigi\u00e9ndose como el velocista del a\u00f1o. Despu\u00e9s de su periplo franc\u00e9s en 2015 donde lleg\u00f3 incluso a despedirse de nuestros colores, retorn\u00f3 nuevamente a Espa\u00f1a bajo las \u00f3rdenes de nuestro actual preparador Juan Luis Maroto que le volvi\u00f3 a impulsar ganando en su primera carrera del a\u00f1o, pero que quiz\u00e1s le toc\u00f3 vivir la parte m\u00e1s amarga de su carrera con lesiones cr\u00f3nicas ya con siete a\u00f1os. A los tres, infinitas gracias!. Os pagamos por vuestro trabajo, pero nunca podremos pagaros por todas las emociones y sentimientos que hemos vivido con \u00e9l gracias a vosotros. Agradecer tambi\u00e9n a todos los aficionados que siempre le han tenido en val\u00eda y consideraci\u00f3n, aun en los momentos m\u00e1s dif\u00edciles. Me encant\u00f3 una frase de un aficionado que escrib\u00eda\u2026; <em>\u201cValiant Blue, casi nunca favorito, casi siempre ganador<\/em>\u201d. Nos quedamos con esa consigna como referente para el recuerdo.<br \/>\nY por \u00faltimo, agradecer a todos los compa\u00f1eros de contienda que en alg\u00fan momento se han subido a su silla comenzando por su primera monta con Jan\u00e1cek, seguido del gran \u201cPaquito\u201d Jim\u00e9nez, el reciente medalla de bronce al m\u00e9rito deportivo Jose Luis Mart\u00ednez, y el que ha sido su gran amigo de batallas y actual l\u00edder de la estad\u00edstica nacional \u201cBorja Fayos\u201d, que desde que volviera de su peregrinaje americano a finales de 2014 le ha tenido siempre entre palmitas con una especial empat\u00eda, hasta el punto incluso de tenerle que recordar muchas veces en tono jocoso que el caballo no era suyo, sino nuestro\u2026. Recuerdo graciosas an\u00e9cdotas con Eduardo Buz\u00f3n que se cabreaba con \u00e9l porque casi todas las tardes le sacaba a la mano a dar una vuelta por el hip\u00f3dromo sin pedir permiso y sin hora de vuelta. Era el momento especial de esa simbiosis donde imagino se contaban sus cosas \u00edntimas mientras uno fumaba un placentero cigarrillo despu\u00e9s de un largo d\u00eda de trabajo, y el otro com\u00eda los mejores brotes de hierba fresca, todo ello bajo un lenguaje cong\u00e9nito que nosotros dif\u00edcilmente podremos aprender nunca\u2026.. El domingo se despide de \u00e9l y no pod\u00eda faltar a la cita, ser\u00e1 el \u00faltimo sprint de este binomio que tantas y tantas satisfacciones nos han regalado. Mucha suerte con tu \u201cnegro\u201d crack, reg\u00e1lale la \u00faltima victoria!!<\/p>\n<p style=\"text-align: justify;\">Final del trayecto Valiente, lleg\u00f3 la hora de cambiar esos herrajes de aluminio para galopar por los de hierro para descanso!! Has sido nuestro sello distintivo y muy probablemente la pieza clave de nuestra existencia en este apasionante mundo que casi comenzamos a vivir a tu lado. Nos sentimos privilegiados y muy orgullosos de haber contado contigo y de poder seguir vi\u00e9ndote en tu merecido retiro, seguiremos disfrutando de ti en los muchos paseos que nos quedan por dar contigo.<br \/>\nMil gracias Valiant!!! Te esperamos el domingo en recinto de ganadores\u2026.<\/p>\n<!-- AddThis Advanced Settings generic via filter on the_content --><!-- AddThis Share Buttons generic via filter on the_content -->","protected":false},"excerpt":{"rendered":"<p>Nuestro mejor caballo hasta la fecha \u201cValiant Blue\u201d disputar\u00e1 su \u00faltima carrera en competici\u00f3n este pr\u00f3ximo domingo en el premio \u201cBoo\u201d sobre distancia de 1.000 metros en la l\u00ednea recta madrile\u00f1a coincidiendo con el final de la temporada de oto\u00f1o. Han sido cinco preciosos a\u00f1os desde su llegada a nuestra casa cargados de puras y [&hellip;]<!-- AddThis Advanced Settings generic via filter on get_the_excerpt --><!-- AddThis Share Buttons generic via filter on get_the_excerpt --><\/p>\n","protected":false},"author":5,"featured_media":0,"comment_status":"closed","ping_status":"closed","sticky":false,"template":"","format":"gallery","meta":{"_acf_changed":false,"_et_pb_use_builder":"","_et_pb_old_content":"","_et_gb_content_width":"","footnotes":""},"categories":[3],"tags":[],"class_list":["post-2761","post","type-post","status-publish","format-gallery","hentry","category-noticias-cuadra-agrado","post_format-post-format-gallery"],"acf":[],"yoast_head":"<!-- This site is optimized with the Yoast SEO plugin v27.4 - https:\/\/yoast.com\/product\/yoast-seo-wordpress\/ -->\n<title>El \u00faltimo sprint de Valiant Blue - Cuadra Agrado<\/title>\n<meta name=\"robots\" content=\"index, follow, max-snippet:-1, max-image-preview:large, max-video-preview:-1\" \/>\n<link rel=\"canonical\" href=\"https:\/\/cuadra-agrado.es\/?p=2761\" \/>\n<meta property=\"og:locale\" content=\"es_ES\" \/>\n<meta property=\"og:type\" content=\"article\" \/>\n<meta property=\"og:title\" content=\"El \u00faltimo sprint de Valiant Blue - Cuadra Agrado\" \/>\n<meta property=\"og:description\" content=\"Nuestro mejor caballo hasta la fecha \u201cValiant Blue\u201d disputar\u00e1 su \u00faltima carrera en competici\u00f3n este pr\u00f3ximo domingo en el premio \u201cBoo\u201d sobre distancia de 1.000 metros en la l\u00ednea recta madrile\u00f1a coincidiendo con el final de la temporada de oto\u00f1o. Han sido cinco preciosos a\u00f1os desde su llegada a nuestra casa cargados de puras y [&hellip;]\" \/>\n<meta property=\"og:url\" content=\"https:\/\/cuadra-agrado.es\/?p=2761\" \/>\n<meta property=\"og:site_name\" content=\"Cuadra Agrado\" \/>\n<meta property=\"article:published_time\" content=\"2016-11-21T08:04:10+00:00\" \/>\n<meta property=\"article:modified_time\" content=\"2024-02-27T09:27:40+00:00\" \/>\n<meta property=\"og:image\" content=\"http:\/\/cuadra-agrado.es\/wp-content\/uploads\/2016\/11\/valiantUrquijo-300x234.jpg\" \/>\n<meta name=\"author\" content=\"Miguel Redondo\" \/>\n<meta name=\"twitter:card\" content=\"summary_large_image\" \/>\n<meta name=\"twitter:creator\" content=\"@AGRADOracing\" \/>\n<meta name=\"twitter:site\" content=\"@AGRADOracing\" \/>\n<meta name=\"twitter:label1\" content=\"Escrito por\" \/>\n\t<meta name=\"twitter:data1\" content=\"Miguel Redondo\" \/>\n\t<meta name=\"twitter:label2\" content=\"Tiempo de lectura\" \/>\n\t<meta name=\"twitter:data2\" content=\"8 minutos\" \/>\n<script type=\"application\/ld+json\" class=\"yoast-schema-graph\">{\"@context\":\"https:\\\/\\\/schema.org\",\"@graph\":[{\"@type\":\"Article\",\"@id\":\"https:\\\/\\\/cuadra-agrado.es\\\/?p=2761#article\",\"isPartOf\":{\"@id\":\"https:\\\/\\\/cuadra-agrado.es\\\/?p=2761\"},\"author\":{\"name\":\"Miguel Redondo\",\"@id\":\"https:\\\/\\\/cuadra-agrado.es\\\/#\\\/schema\\\/person\\\/3aa4f8d2373cf756d93a5526bc72f31b\"},\"headline\":\"El \u00faltimo sprint de Valiant Blue\",\"datePublished\":\"2016-11-21T08:04:10+00:00\",\"dateModified\":\"2024-02-27T09:27:40+00:00\",\"mainEntityOfPage\":{\"@id\":\"https:\\\/\\\/cuadra-agrado.es\\\/?p=2761\"},\"wordCount\":1537,\"image\":{\"@id\":\"https:\\\/\\\/cuadra-agrado.es\\\/?p=2761#primaryimage\"},\"thumbnailUrl\":\"http:\\\/\\\/cuadra-agrado.es\\\/wp-content\\\/uploads\\\/2016\\\/11\\\/valiantUrquijo-300x234.jpg\",\"articleSection\":[\"Actualidad\"],\"inLanguage\":\"es\"},{\"@type\":\"WebPage\",\"@id\":\"https:\\\/\\\/cuadra-agrado.es\\\/?p=2761\",\"url\":\"https:\\\/\\\/cuadra-agrado.es\\\/?p=2761\",\"name\":\"El \u00faltimo sprint de Valiant Blue - Cuadra Agrado\",\"isPartOf\":{\"@id\":\"https:\\\/\\\/cuadra-agrado.es\\\/#website\"},\"primaryImageOfPage\":{\"@id\":\"https:\\\/\\\/cuadra-agrado.es\\\/?p=2761#primaryimage\"},\"image\":{\"@id\":\"https:\\\/\\\/cuadra-agrado.es\\\/?p=2761#primaryimage\"},\"thumbnailUrl\":\"http:\\\/\\\/cuadra-agrado.es\\\/wp-content\\\/uploads\\\/2016\\\/11\\\/valiantUrquijo-300x234.jpg\",\"datePublished\":\"2016-11-21T08:04:10+00:00\",\"dateModified\":\"2024-02-27T09:27:40+00:00\",\"author\":{\"@id\":\"https:\\\/\\\/cuadra-agrado.es\\\/#\\\/schema\\\/person\\\/3aa4f8d2373cf756d93a5526bc72f31b\"},\"breadcrumb\":{\"@id\":\"https:\\\/\\\/cuadra-agrado.es\\\/?p=2761#breadcrumb\"},\"inLanguage\":\"es\",\"potentialAction\":[{\"@type\":\"ReadAction\",\"target\":[\"https:\\\/\\\/cuadra-agrado.es\\\/?p=2761\"]}]},{\"@type\":\"ImageObject\",\"inLanguage\":\"es\",\"@id\":\"https:\\\/\\\/cuadra-agrado.es\\\/?p=2761#primaryimage\",\"url\":\"http:\\\/\\\/cuadra-agrado.es\\\/wp-content\\\/uploads\\\/2016\\\/11\\\/valiantUrquijo-300x234.jpg\",\"contentUrl\":\"http:\\\/\\\/cuadra-agrado.es\\\/wp-content\\\/uploads\\\/2016\\\/11\\\/valiantUrquijo-300x234.jpg\"},{\"@type\":\"BreadcrumbList\",\"@id\":\"https:\\\/\\\/cuadra-agrado.es\\\/?p=2761#breadcrumb\",\"itemListElement\":[{\"@type\":\"ListItem\",\"position\":1,\"name\":\"Portada\",\"item\":\"https:\\\/\\\/cuadra-agrado.es\\\/\"},{\"@type\":\"ListItem\",\"position\":2,\"name\":\"El \u00faltimo sprint de Valiant Blue\"}]},{\"@type\":\"WebSite\",\"@id\":\"https:\\\/\\\/cuadra-agrado.es\\\/#website\",\"url\":\"https:\\\/\\\/cuadra-agrado.es\\\/\",\"name\":\"Cuadra Agrado\",\"description\":\"En el mundo del Turf desde 2008\",\"potentialAction\":[{\"@type\":\"SearchAction\",\"target\":{\"@type\":\"EntryPoint\",\"urlTemplate\":\"https:\\\/\\\/cuadra-agrado.es\\\/?s={search_term_string}\"},\"query-input\":{\"@type\":\"PropertyValueSpecification\",\"valueRequired\":true,\"valueName\":\"search_term_string\"}}],\"inLanguage\":\"es\"},{\"@type\":\"Person\",\"@id\":\"https:\\\/\\\/cuadra-agrado.es\\\/#\\\/schema\\\/person\\\/3aa4f8d2373cf756d93a5526bc72f31b\",\"name\":\"Miguel Redondo\",\"image\":{\"@type\":\"ImageObject\",\"inLanguage\":\"es\",\"@id\":\"https:\\\/\\\/secure.gravatar.com\\\/avatar\\\/85704fceb4fa34017e3c1344d182da00dbf772fb8856ba2b7726a2df926415b4?s=96&d=mm&r=g\",\"url\":\"https:\\\/\\\/secure.gravatar.com\\\/avatar\\\/85704fceb4fa34017e3c1344d182da00dbf772fb8856ba2b7726a2df926415b4?s=96&d=mm&r=g\",\"contentUrl\":\"https:\\\/\\\/secure.gravatar.com\\\/avatar\\\/85704fceb4fa34017e3c1344d182da00dbf772fb8856ba2b7726a2df926415b4?s=96&d=mm&r=g\",\"caption\":\"Miguel Redondo\"},\"sameAs\":[\"https:\\\/\\\/cuadra-agrado.es\"],\"url\":\"https:\\\/\\\/cuadra-agrado.es\\\/?author=5\"}]}<\/script>\n<!-- \/ Yoast SEO plugin. -->","yoast_head_json":{"title":"El \u00faltimo sprint de Valiant Blue - Cuadra Agrado","robots":{"index":"index","follow":"follow","max-snippet":"max-snippet:-1","max-image-preview":"max-image-preview:large","max-video-preview":"max-video-preview:-1"},"canonical":"https:\/\/cuadra-agrado.es\/?p=2761","og_locale":"es_ES","og_type":"article","og_title":"El \u00faltimo sprint de Valiant Blue - Cuadra Agrado","og_description":"Nuestro mejor caballo hasta la fecha \u201cValiant Blue\u201d disputar\u00e1 su \u00faltima carrera en competici\u00f3n este pr\u00f3ximo domingo en el premio \u201cBoo\u201d sobre distancia de 1.000 metros en la l\u00ednea recta madrile\u00f1a coincidiendo con el final de la temporada de oto\u00f1o. Han sido cinco preciosos a\u00f1os desde su llegada a nuestra casa cargados de puras y [&hellip;]","og_url":"https:\/\/cuadra-agrado.es\/?p=2761","og_site_name":"Cuadra Agrado","article_published_time":"2016-11-21T08:04:10+00:00","article_modified_time":"2024-02-27T09:27:40+00:00","og_image":[{"url":"http:\/\/cuadra-agrado.es\/wp-content\/uploads\/2016\/11\/valiantUrquijo-300x234.jpg","type":"","width":"","height":""}],"author":"Miguel Redondo","twitter_card":"summary_large_image","twitter_creator":"@AGRADOracing","twitter_site":"@AGRADOracing","twitter_misc":{"Escrito por":"Miguel Redondo","Tiempo de lectura":"8 minutos"},"schema":{"@context":"https:\/\/schema.org","@graph":[{"@type":"Article","@id":"https:\/\/cuadra-agrado.es\/?p=2761#article","isPartOf":{"@id":"https:\/\/cuadra-agrado.es\/?p=2761"},"author":{"name":"Miguel Redondo","@id":"https:\/\/cuadra-agrado.es\/#\/schema\/person\/3aa4f8d2373cf756d93a5526bc72f31b"},"headline":"El \u00faltimo sprint de Valiant Blue","datePublished":"2016-11-21T08:04:10+00:00","dateModified":"2024-02-27T09:27:40+00:00","mainEntityOfPage":{"@id":"https:\/\/cuadra-agrado.es\/?p=2761"},"wordCount":1537,"image":{"@id":"https:\/\/cuadra-agrado.es\/?p=2761#primaryimage"},"thumbnailUrl":"http:\/\/cuadra-agrado.es\/wp-content\/uploads\/2016\/11\/valiantUrquijo-300x234.jpg","articleSection":["Actualidad"],"inLanguage":"es"},{"@type":"WebPage","@id":"https:\/\/cuadra-agrado.es\/?p=2761","url":"https:\/\/cuadra-agrado.es\/?p=2761","name":"El \u00faltimo sprint de Valiant Blue - Cuadra Agrado","isPartOf":{"@id":"https:\/\/cuadra-agrado.es\/#website"},"primaryImageOfPage":{"@id":"https:\/\/cuadra-agrado.es\/?p=2761#primaryimage"},"image":{"@id":"https:\/\/cuadra-agrado.es\/?p=2761#primaryimage"},"thumbnailUrl":"http:\/\/cuadra-agrado.es\/wp-content\/uploads\/2016\/11\/valiantUrquijo-300x234.jpg","datePublished":"2016-11-21T08:04:10+00:00","dateModified":"2024-02-27T09:27:40+00:00","author":{"@id":"https:\/\/cuadra-agrado.es\/#\/schema\/person\/3aa4f8d2373cf756d93a5526bc72f31b"},"breadcrumb":{"@id":"https:\/\/cuadra-agrado.es\/?p=2761#breadcrumb"},"inLanguage":"es","potentialAction":[{"@type":"ReadAction","target":["https:\/\/cuadra-agrado.es\/?p=2761"]}]},{"@type":"ImageObject","inLanguage":"es","@id":"https:\/\/cuadra-agrado.es\/?p=2761#primaryimage","url":"http:\/\/cuadra-agrado.es\/wp-content\/uploads\/2016\/11\/valiantUrquijo-300x234.jpg","contentUrl":"http:\/\/cuadra-agrado.es\/wp-content\/uploads\/2016\/11\/valiantUrquijo-300x234.jpg"},{"@type":"BreadcrumbList","@id":"https:\/\/cuadra-agrado.es\/?p=2761#breadcrumb","itemListElement":[{"@type":"ListItem","position":1,"name":"Portada","item":"https:\/\/cuadra-agrado.es\/"},{"@type":"ListItem","position":2,"name":"El \u00faltimo sprint de Valiant Blue"}]},{"@type":"WebSite","@id":"https:\/\/cuadra-agrado.es\/#website","url":"https:\/\/cuadra-agrado.es\/","name":"Cuadra Agrado","description":"En el mundo del Turf desde 2008","potentialAction":[{"@type":"SearchAction","target":{"@type":"EntryPoint","urlTemplate":"https:\/\/cuadra-agrado.es\/?s={search_term_string}"},"query-input":{"@type":"PropertyValueSpecification","valueRequired":true,"valueName":"search_term_string"}}],"inLanguage":"es"},{"@type":"Person","@id":"https:\/\/cuadra-agrado.es\/#\/schema\/person\/3aa4f8d2373cf756d93a5526bc72f31b","name":"Miguel Redondo","image":{"@type":"ImageObject","inLanguage":"es","@id":"https:\/\/secure.gravatar.com\/avatar\/85704fceb4fa34017e3c1344d182da00dbf772fb8856ba2b7726a2df926415b4?s=96&d=mm&r=g","url":"https:\/\/secure.gravatar.com\/avatar\/85704fceb4fa34017e3c1344d182da00dbf772fb8856ba2b7726a2df926415b4?s=96&d=mm&r=g","contentUrl":"https:\/\/secure.gravatar.com\/avatar\/85704fceb4fa34017e3c1344d182da00dbf772fb8856ba2b7726a2df926415b4?s=96&d=mm&r=g","caption":"Miguel Redondo"},"sameAs":["https:\/\/cuadra-agrado.es"],"url":"https:\/\/cuadra-agrado.es\/?author=5"}]}},"_links":{"self":[{"href":"https:\/\/cuadra-agrado.es\/index.php?rest_route=\/wp\/v2\/posts\/2761","targetHints":{"allow":["GET"]}}],"collection":[{"href":"https:\/\/cuadra-agrado.es\/index.php?rest_route=\/wp\/v2\/posts"}],"about":[{"href":"https:\/\/cuadra-agrado.es\/index.php?rest_route=\/wp\/v2\/types\/post"}],"author":[{"embeddable":true,"href":"https:\/\/cuadra-agrado.es\/index.php?rest_route=\/wp\/v2\/users\/5"}],"replies":[{"embeddable":true,"href":"https:\/\/cuadra-agrado.es\/index.php?rest_route=%2Fwp%2Fv2%2Fcomments&post=2761"}],"version-history":[{"count":0,"href":"https:\/\/cuadra-agrado.es\/index.php?rest_route=\/wp\/v2\/posts\/2761\/revisions"}],"wp:attachment":[{"href":"https:\/\/cuadra-agrado.es\/index.php?rest_route=%2Fwp%2Fv2%2Fmedia&parent=2761"}],"wp:term":[{"taxonomy":"category","embeddable":true,"href":"https:\/\/cuadra-agrado.es\/index.php?rest_route=%2Fwp%2Fv2%2Fcategories&post=2761"},{"taxonomy":"post_tag","embeddable":true,"href":"https:\/\/cuadra-agrado.es\/index.php?rest_route=%2Fwp%2Fv2%2Ftags&post=2761"}],"curies":[{"name":"wp","href":"https:\/\/api.w.org\/{rel}","templated":true}]}}