{"id":2685,"date":"2016-10-25T12:02:19","date_gmt":"2016-10-25T11:02:19","guid":{"rendered":"https:\/\/cuadra-agrado.es\/?p=2685"},"modified":"2024-02-27T09:27:41","modified_gmt":"2024-02-27T09:27:41","slug":"nueva-oportunidad-hakan","status":"publish","type":"post","link":"https:\/\/cuadra-agrado.es\/?p=2685","title":{"rendered":"Nueva oportunidad para Hakan!!!"},"content":{"rendered":"<p style=\"text-align: justify;\"><a href=\"http:\/\/cuadra-agrado.es\/wp-content\/uploads\/2016\/09\/Hakan1.jpg\"><img loading=\"lazy\" decoding=\"async\" class=\"alignleft wp-image-2624 size-medium\" src=\"http:\/\/cuadra-agrado.es\/wp-content\/uploads\/2016\/09\/Hakan1-300x225.jpg\" alt=\"hakan1\" width=\"300\" height=\"225\" \/><\/a>Nuestro dos a\u00f1os \u201cHakan\u201d volver\u00e1 a pista este pr\u00f3ximo domingo en el Premio \u00abFabio de Turnes\u00bb (Cat.C) sobre distancia de 1.500 metros. Una prueba para los de su misma edad donde nos enfrentaremos a solo una ganadora en pista \u201cSatine Rouge\u201d que seguramente por ello estar\u00e1 en cotizaciones preferentes en taquilla aunque venida a menos en sus \u00faltimas. Cuenta el partant tambi\u00e9n con \u00abQuito\u201d que ya viene de luchar en su anterior con un tercero y \u201cMoonkill\u201d que reaparece despu\u00e9s de su gran temporada donostiarra, y seguramente mucho m\u00e1s hecho.<\/p>\n<p style=\"text-align: justify;\">Despu\u00e9s de la primera salida con nuestros colores donde quiz\u00e1s nos equivocamos en un recorrido demasiado conservador, salimos a esta con muchas m\u00e1s opciones de figurar en la llegada, o al menos as\u00ed lo esperamos\u2026.. Creemos que esta peque\u00f1a reducci\u00f3n de distancia por debajo de la milla, le pueden beneficiar para buscar una posici\u00f3n m\u00e1s destacada en el recorrido y tratar de medirse a los favoritos de la prueba en los \u00faltimos hect\u00f3metros. Por el contrario, volvemos a tener la cruz en el sorteo de cajones que al igual que la anterior, \u00a0volvemos a estar muy alejados de los palos (caj\u00f3n 9) y que esperamos solventar con una acci\u00f3n r\u00e1pida en la salida y un posicionamiento progresivo en contra-recta en puestos de cabeza.<br \/>\nSer\u00e1 una prueba casi definitiva para confiar en su futuro por lo que el resultado final condicionar\u00e1 la continuidad con nosotros de este hijo de \u201cIntense Focus\u201d que adquirimos el pasado mes de junio desde el patio de \u201cAna Imaz\u201d. Los trabajos previos en estas tres \u00faltimas semanas nos hacen confiar en una progresi\u00f3n de valor con respecto a la \u00faltima, aunque es necesario confirmar en pista en esta salida para poder contar con \u00e9l en nuestro objetivo de su edad cl\u00e1sica. Todo lo que no sea estar en la lucha en este nutrido pero asequible lote de 10 partants\u00a0con varios debutantes, ser\u00e1 un argumento de peso para dar marcha atr\u00e1s al proyecto y buscar nuevas ilusiones.<\/p>\n<p style=\"text-align: justify;\">El hist\u00f3rico y el valor del caballo no nos ha permitido contar con la confianza de los jockeys top del momento en esta prueba de fuego, pero dentro de un segundo rengl\u00f3n de grandes profesionales en nuestro turf, hemos confiado en la monta del venezolano \u201cEfrain Arguinzones\u201d que se estrena con nosotros y al que deseamos desde este mismo momento toda la suerte durante el recorrido y nuestros mayores \u00e1nimos para pelear lo que ser\u00eda la primera victoria del oto\u00f1o para ambas partes que representar\u00eda una buena inyecci\u00f3n de moral.<\/p>\n<!-- AddThis Advanced Settings generic via filter on the_content --><!-- AddThis Share Buttons generic via filter on the_content -->","protected":false},"excerpt":{"rendered":"<p>Nuestro dos a\u00f1os \u201cHakan\u201d volver\u00e1 a pista este pr\u00f3ximo domingo en el Premio \u00abFabio de Turnes\u00bb (Cat.C) sobre distancia de 1.500 metros. Una prueba para los de su misma edad donde nos enfrentaremos a solo una ganadora en pista \u201cSatine Rouge\u201d que seguramente por ello estar\u00e1 en cotizaciones preferentes en taquilla aunque venida a menos [&hellip;]<!-- AddThis Advanced Settings generic via filter on get_the_excerpt --><!-- AddThis Share Buttons generic via filter on get_the_excerpt --><\/p>\n","protected":false},"author":5,"featured_media":0,"comment_status":"closed","ping_status":"closed","sticky":false,"template":"","format":"gallery","meta":{"_acf_changed":false,"_et_pb_use_builder":"","_et_pb_old_content":"","_et_gb_content_width":"","footnotes":""},"categories":[3],"tags":[],"class_list":["post-2685","post","type-post","status-publish","format-gallery","hentry","category-noticias-cuadra-agrado","post_format-post-format-gallery"],"acf":[],"yoast_head":"<!-- This site is optimized with the Yoast SEO plugin v27.4 - https:\/\/yoast.com\/product\/yoast-seo-wordpress\/ -->\n<title>Nueva oportunidad para Hakan!!! - Cuadra Agrado<\/title>\n<meta name=\"robots\" content=\"index, follow, max-snippet:-1, max-image-preview:large, max-video-preview:-1\" \/>\n<link rel=\"canonical\" href=\"https:\/\/cuadra-agrado.es\/?p=2685\" \/>\n<meta property=\"og:locale\" content=\"es_ES\" \/>\n<meta property=\"og:type\" content=\"article\" \/>\n<meta property=\"og:title\" content=\"Nueva oportunidad para Hakan!!! - Cuadra Agrado\" \/>\n<meta property=\"og:description\" content=\"Nuestro dos a\u00f1os \u201cHakan\u201d volver\u00e1 a pista este pr\u00f3ximo domingo en el Premio \u00abFabio de Turnes\u00bb (Cat.C) sobre distancia de 1.500 metros. Una prueba para los de su misma edad donde nos enfrentaremos a solo una ganadora en pista \u201cSatine Rouge\u201d que seguramente por ello estar\u00e1 en cotizaciones preferentes en taquilla aunque venida a menos [&hellip;]\" \/>\n<meta property=\"og:url\" content=\"https:\/\/cuadra-agrado.es\/?p=2685\" \/>\n<meta property=\"og:site_name\" content=\"Cuadra Agrado\" \/>\n<meta property=\"article:published_time\" content=\"2016-10-25T11:02:19+00:00\" \/>\n<meta property=\"article:modified_time\" content=\"2024-02-27T09:27:41+00:00\" \/>\n<meta property=\"og:image\" content=\"http:\/\/cuadra-agrado.es\/wp-content\/uploads\/2016\/09\/Hakan1-300x225.jpg\" \/>\n<meta name=\"author\" content=\"Miguel Redondo\" \/>\n<meta name=\"twitter:card\" content=\"summary_large_image\" \/>\n<meta name=\"twitter:creator\" content=\"@AGRADOracing\" \/>\n<meta name=\"twitter:site\" content=\"@AGRADOracing\" \/>\n<meta name=\"twitter:label1\" content=\"Escrito por\" \/>\n\t<meta name=\"twitter:data1\" content=\"Miguel Redondo\" \/>\n\t<meta name=\"twitter:label2\" content=\"Tiempo de lectura\" \/>\n\t<meta name=\"twitter:data2\" content=\"2 minutos\" \/>\n<script type=\"application\/ld+json\" class=\"yoast-schema-graph\">{\"@context\":\"https:\\\/\\\/schema.org\",\"@graph\":[{\"@type\":\"Article\",\"@id\":\"https:\\\/\\\/cuadra-agrado.es\\\/?p=2685#article\",\"isPartOf\":{\"@id\":\"https:\\\/\\\/cuadra-agrado.es\\\/?p=2685\"},\"author\":{\"name\":\"Miguel Redondo\",\"@id\":\"https:\\\/\\\/cuadra-agrado.es\\\/#\\\/schema\\\/person\\\/3aa4f8d2373cf756d93a5526bc72f31b\"},\"headline\":\"Nueva oportunidad para Hakan!!!\",\"datePublished\":\"2016-10-25T11:02:19+00:00\",\"dateModified\":\"2024-02-27T09:27:41+00:00\",\"mainEntityOfPage\":{\"@id\":\"https:\\\/\\\/cuadra-agrado.es\\\/?p=2685\"},\"wordCount\":448,\"image\":{\"@id\":\"https:\\\/\\\/cuadra-agrado.es\\\/?p=2685#primaryimage\"},\"thumbnailUrl\":\"http:\\\/\\\/cuadra-agrado.es\\\/wp-content\\\/uploads\\\/2016\\\/09\\\/Hakan1-300x225.jpg\",\"articleSection\":[\"Actualidad\"],\"inLanguage\":\"es\"},{\"@type\":\"WebPage\",\"@id\":\"https:\\\/\\\/cuadra-agrado.es\\\/?p=2685\",\"url\":\"https:\\\/\\\/cuadra-agrado.es\\\/?p=2685\",\"name\":\"Nueva oportunidad para Hakan!!! - Cuadra Agrado\",\"isPartOf\":{\"@id\":\"https:\\\/\\\/cuadra-agrado.es\\\/#website\"},\"primaryImageOfPage\":{\"@id\":\"https:\\\/\\\/cuadra-agrado.es\\\/?p=2685#primaryimage\"},\"image\":{\"@id\":\"https:\\\/\\\/cuadra-agrado.es\\\/?p=2685#primaryimage\"},\"thumbnailUrl\":\"http:\\\/\\\/cuadra-agrado.es\\\/wp-content\\\/uploads\\\/2016\\\/09\\\/Hakan1-300x225.jpg\",\"datePublished\":\"2016-10-25T11:02:19+00:00\",\"dateModified\":\"2024-02-27T09:27:41+00:00\",\"author\":{\"@id\":\"https:\\\/\\\/cuadra-agrado.es\\\/#\\\/schema\\\/person\\\/3aa4f8d2373cf756d93a5526bc72f31b\"},\"breadcrumb\":{\"@id\":\"https:\\\/\\\/cuadra-agrado.es\\\/?p=2685#breadcrumb\"},\"inLanguage\":\"es\",\"potentialAction\":[{\"@type\":\"ReadAction\",\"target\":[\"https:\\\/\\\/cuadra-agrado.es\\\/?p=2685\"]}]},{\"@type\":\"ImageObject\",\"inLanguage\":\"es\",\"@id\":\"https:\\\/\\\/cuadra-agrado.es\\\/?p=2685#primaryimage\",\"url\":\"http:\\\/\\\/cuadra-agrado.es\\\/wp-content\\\/uploads\\\/2016\\\/09\\\/Hakan1-300x225.jpg\",\"contentUrl\":\"http:\\\/\\\/cuadra-agrado.es\\\/wp-content\\\/uploads\\\/2016\\\/09\\\/Hakan1-300x225.jpg\"},{\"@type\":\"BreadcrumbList\",\"@id\":\"https:\\\/\\\/cuadra-agrado.es\\\/?p=2685#breadcrumb\",\"itemListElement\":[{\"@type\":\"ListItem\",\"position\":1,\"name\":\"Portada\",\"item\":\"https:\\\/\\\/cuadra-agrado.es\\\/\"},{\"@type\":\"ListItem\",\"position\":2,\"name\":\"Nueva oportunidad para Hakan!!!\"}]},{\"@type\":\"WebSite\",\"@id\":\"https:\\\/\\\/cuadra-agrado.es\\\/#website\",\"url\":\"https:\\\/\\\/cuadra-agrado.es\\\/\",\"name\":\"Cuadra Agrado\",\"description\":\"En el mundo del Turf desde 2008\",\"potentialAction\":[{\"@type\":\"SearchAction\",\"target\":{\"@type\":\"EntryPoint\",\"urlTemplate\":\"https:\\\/\\\/cuadra-agrado.es\\\/?s={search_term_string}\"},\"query-input\":{\"@type\":\"PropertyValueSpecification\",\"valueRequired\":true,\"valueName\":\"search_term_string\"}}],\"inLanguage\":\"es\"},{\"@type\":\"Person\",\"@id\":\"https:\\\/\\\/cuadra-agrado.es\\\/#\\\/schema\\\/person\\\/3aa4f8d2373cf756d93a5526bc72f31b\",\"name\":\"Miguel Redondo\",\"image\":{\"@type\":\"ImageObject\",\"inLanguage\":\"es\",\"@id\":\"https:\\\/\\\/secure.gravatar.com\\\/avatar\\\/85704fceb4fa34017e3c1344d182da00dbf772fb8856ba2b7726a2df926415b4?s=96&d=mm&r=g\",\"url\":\"https:\\\/\\\/secure.gravatar.com\\\/avatar\\\/85704fceb4fa34017e3c1344d182da00dbf772fb8856ba2b7726a2df926415b4?s=96&d=mm&r=g\",\"contentUrl\":\"https:\\\/\\\/secure.gravatar.com\\\/avatar\\\/85704fceb4fa34017e3c1344d182da00dbf772fb8856ba2b7726a2df926415b4?s=96&d=mm&r=g\",\"caption\":\"Miguel Redondo\"},\"sameAs\":[\"https:\\\/\\\/cuadra-agrado.es\"],\"url\":\"https:\\\/\\\/cuadra-agrado.es\\\/?author=5\"}]}<\/script>\n<!-- \/ Yoast SEO plugin. -->","yoast_head_json":{"title":"Nueva oportunidad para Hakan!!! - Cuadra Agrado","robots":{"index":"index","follow":"follow","max-snippet":"max-snippet:-1","max-image-preview":"max-image-preview:large","max-video-preview":"max-video-preview:-1"},"canonical":"https:\/\/cuadra-agrado.es\/?p=2685","og_locale":"es_ES","og_type":"article","og_title":"Nueva oportunidad para Hakan!!! - Cuadra Agrado","og_description":"Nuestro dos a\u00f1os \u201cHakan\u201d volver\u00e1 a pista este pr\u00f3ximo domingo en el Premio \u00abFabio de Turnes\u00bb (Cat.C) sobre distancia de 1.500 metros. Una prueba para los de su misma edad donde nos enfrentaremos a solo una ganadora en pista \u201cSatine Rouge\u201d que seguramente por ello estar\u00e1 en cotizaciones preferentes en taquilla aunque venida a menos [&hellip;]","og_url":"https:\/\/cuadra-agrado.es\/?p=2685","og_site_name":"Cuadra Agrado","article_published_time":"2016-10-25T11:02:19+00:00","article_modified_time":"2024-02-27T09:27:41+00:00","og_image":[{"url":"http:\/\/cuadra-agrado.es\/wp-content\/uploads\/2016\/09\/Hakan1-300x225.jpg","type":"","width":"","height":""}],"author":"Miguel Redondo","twitter_card":"summary_large_image","twitter_creator":"@AGRADOracing","twitter_site":"@AGRADOracing","twitter_misc":{"Escrito por":"Miguel Redondo","Tiempo de lectura":"2 minutos"},"schema":{"@context":"https:\/\/schema.org","@graph":[{"@type":"Article","@id":"https:\/\/cuadra-agrado.es\/?p=2685#article","isPartOf":{"@id":"https:\/\/cuadra-agrado.es\/?p=2685"},"author":{"name":"Miguel Redondo","@id":"https:\/\/cuadra-agrado.es\/#\/schema\/person\/3aa4f8d2373cf756d93a5526bc72f31b"},"headline":"Nueva oportunidad para Hakan!!!","datePublished":"2016-10-25T11:02:19+00:00","dateModified":"2024-02-27T09:27:41+00:00","mainEntityOfPage":{"@id":"https:\/\/cuadra-agrado.es\/?p=2685"},"wordCount":448,"image":{"@id":"https:\/\/cuadra-agrado.es\/?p=2685#primaryimage"},"thumbnailUrl":"http:\/\/cuadra-agrado.es\/wp-content\/uploads\/2016\/09\/Hakan1-300x225.jpg","articleSection":["Actualidad"],"inLanguage":"es"},{"@type":"WebPage","@id":"https:\/\/cuadra-agrado.es\/?p=2685","url":"https:\/\/cuadra-agrado.es\/?p=2685","name":"Nueva oportunidad para Hakan!!! - Cuadra Agrado","isPartOf":{"@id":"https:\/\/cuadra-agrado.es\/#website"},"primaryImageOfPage":{"@id":"https:\/\/cuadra-agrado.es\/?p=2685#primaryimage"},"image":{"@id":"https:\/\/cuadra-agrado.es\/?p=2685#primaryimage"},"thumbnailUrl":"http:\/\/cuadra-agrado.es\/wp-content\/uploads\/2016\/09\/Hakan1-300x225.jpg","datePublished":"2016-10-25T11:02:19+00:00","dateModified":"2024-02-27T09:27:41+00:00","author":{"@id":"https:\/\/cuadra-agrado.es\/#\/schema\/person\/3aa4f8d2373cf756d93a5526bc72f31b"},"breadcrumb":{"@id":"https:\/\/cuadra-agrado.es\/?p=2685#breadcrumb"},"inLanguage":"es","potentialAction":[{"@type":"ReadAction","target":["https:\/\/cuadra-agrado.es\/?p=2685"]}]},{"@type":"ImageObject","inLanguage":"es","@id":"https:\/\/cuadra-agrado.es\/?p=2685#primaryimage","url":"http:\/\/cuadra-agrado.es\/wp-content\/uploads\/2016\/09\/Hakan1-300x225.jpg","contentUrl":"http:\/\/cuadra-agrado.es\/wp-content\/uploads\/2016\/09\/Hakan1-300x225.jpg"},{"@type":"BreadcrumbList","@id":"https:\/\/cuadra-agrado.es\/?p=2685#breadcrumb","itemListElement":[{"@type":"ListItem","position":1,"name":"Portada","item":"https:\/\/cuadra-agrado.es\/"},{"@type":"ListItem","position":2,"name":"Nueva oportunidad para Hakan!!!"}]},{"@type":"WebSite","@id":"https:\/\/cuadra-agrado.es\/#website","url":"https:\/\/cuadra-agrado.es\/","name":"Cuadra Agrado","description":"En el mundo del Turf desde 2008","potentialAction":[{"@type":"SearchAction","target":{"@type":"EntryPoint","urlTemplate":"https:\/\/cuadra-agrado.es\/?s={search_term_string}"},"query-input":{"@type":"PropertyValueSpecification","valueRequired":true,"valueName":"search_term_string"}}],"inLanguage":"es"},{"@type":"Person","@id":"https:\/\/cuadra-agrado.es\/#\/schema\/person\/3aa4f8d2373cf756d93a5526bc72f31b","name":"Miguel Redondo","image":{"@type":"ImageObject","inLanguage":"es","@id":"https:\/\/secure.gravatar.com\/avatar\/85704fceb4fa34017e3c1344d182da00dbf772fb8856ba2b7726a2df926415b4?s=96&d=mm&r=g","url":"https:\/\/secure.gravatar.com\/avatar\/85704fceb4fa34017e3c1344d182da00dbf772fb8856ba2b7726a2df926415b4?s=96&d=mm&r=g","contentUrl":"https:\/\/secure.gravatar.com\/avatar\/85704fceb4fa34017e3c1344d182da00dbf772fb8856ba2b7726a2df926415b4?s=96&d=mm&r=g","caption":"Miguel Redondo"},"sameAs":["https:\/\/cuadra-agrado.es"],"url":"https:\/\/cuadra-agrado.es\/?author=5"}]}},"_links":{"self":[{"href":"https:\/\/cuadra-agrado.es\/index.php?rest_route=\/wp\/v2\/posts\/2685","targetHints":{"allow":["GET"]}}],"collection":[{"href":"https:\/\/cuadra-agrado.es\/index.php?rest_route=\/wp\/v2\/posts"}],"about":[{"href":"https:\/\/cuadra-agrado.es\/index.php?rest_route=\/wp\/v2\/types\/post"}],"author":[{"embeddable":true,"href":"https:\/\/cuadra-agrado.es\/index.php?rest_route=\/wp\/v2\/users\/5"}],"replies":[{"embeddable":true,"href":"https:\/\/cuadra-agrado.es\/index.php?rest_route=%2Fwp%2Fv2%2Fcomments&post=2685"}],"version-history":[{"count":0,"href":"https:\/\/cuadra-agrado.es\/index.php?rest_route=\/wp\/v2\/posts\/2685\/revisions"}],"wp:attachment":[{"href":"https:\/\/cuadra-agrado.es\/index.php?rest_route=%2Fwp%2Fv2%2Fmedia&parent=2685"}],"wp:term":[{"taxonomy":"category","embeddable":true,"href":"https:\/\/cuadra-agrado.es\/index.php?rest_route=%2Fwp%2Fv2%2Fcategories&post=2685"},{"taxonomy":"post_tag","embeddable":true,"href":"https:\/\/cuadra-agrado.es\/index.php?rest_route=%2Fwp%2Fv2%2Ftags&post=2685"}],"curies":[{"name":"wp","href":"https:\/\/api.w.org\/{rel}","templated":true}]}}