{"id":2623,"date":"2016-09-20T08:01:59","date_gmt":"2016-09-20T07:01:59","guid":{"rendered":"https:\/\/cuadra-agrado.es\/?p=2623"},"modified":"2024-02-27T09:27:43","modified_gmt":"2024-02-27T09:27:43","slug":"hakan-valiant-blue-comienzan-otono","status":"publish","type":"post","link":"https:\/\/cuadra-agrado.es\/?p=2623","title":{"rendered":"Hakan y Valiant Blue comienzan su oto\u00f1o!!"},"content":{"rendered":"<p style=\"text-align: justify;\">Este pr\u00f3ximo domingo 25 iniciamos nuestra personal temporada de oto\u00f1o en el Hip\u00f3dromo de la Zarzuela de Madrid poniendo en pista los dos primeros efectivos de nuestra cuadra con la intenci\u00f3n de ganar esa confianza que todo propietario y preparador necesita con los suyos. Ser\u00e1n a priori dos salidas complicadas debido a la incertidumbre actual de nuestros dos caballos que les toca estrenar temporada, pero siempre con la confianza puesta en el trabajo que se ha venido haciendo durante el a\u00f1o.<\/p>\n<p style=\"text-align: justify;\"><a href=\"http:\/\/cuadra-agrado.es\/wp-content\/uploads\/2016\/09\/Hakan1.jpg\"><img loading=\"lazy\" decoding=\"async\" class=\"alignleft wp-image-2624 \" src=\"http:\/\/cuadra-agrado.es\/wp-content\/uploads\/2016\/09\/Hakan1-1024x768.jpg\" alt=\"hakan1\" width=\"313\" height=\"235\" \/><\/a>Comenzaremos en la primera prueba del d\u00eda (Premio Luis Maroto) con el dos a\u00f1os <strong>\u201cHakan\u201d<\/strong>, que se estrena con nuestros colores despu\u00e9s de un prematuro debut el pasado mes de junio con su anterior patio. Despu\u00e9s de atravesar algunos problemas f\u00edsicos que le dejaron secuelas en aquella carrera, hemos ido progresando con \u00e9l poco a poco durante todo el verano esperando esta oportunidad que hoy se hace realidad. Los \u00faltimos trabajos avalan su progresi\u00f3n, aun as\u00ed, todav\u00eda es pronto para poder ver sus mejores virtudes y aunque nuestra filosof\u00eda es siempre salir a pista para luchar victoria, en este caso puntual necesitamos saber d\u00f3nde estamos y valorar su progresi\u00f3n en la hierba en esta segunda salida, con la intenci\u00f3n de seguir apostando y confiando en su futuro. De antemano el lote que se queda tras el forfait no es demasiado alentador para nuestras opciones. Es una prueba para potros no ganadores, pero que alguno de ellos ya han demostrado valor para salir de maiden como son los casos de <strong>\u201cHipodamo de Mileto\u201do \u201cPara\u00edso Canarias\u201d<\/strong>, aun as\u00ed intentaremos competir al mejor nivel posible para estar luchando. Otro h\u00e1ndicap en contra es no aprovecharnos del descargo de 1,5 kilos que reciben los tres debutantes del lote, y que sin duda le ayudar\u00edan en el recorrido, pero reiteramos que nuestra intenci\u00f3n es verle en acci\u00f3n, confirmar los buenos trabajos de la ma\u00f1ana y comenzar a decidir su futuro con nosotros. Y qu\u00e9 mejor aliciente que correr este memorial \u201cLuis Maroto\u201d en recuerdo al padre de nuestro preparador para tomar confianza y brindarle una primera gran carrera con nosotros de protagonistas. La monta la confiamos en \u201cJulien Grosjean\u201d que vuelve a defender nuestros\u00a0 colores cinco a\u00f1os despu\u00e9s de que lograr\u00e1 un magn\u00edfico segundo en foto con el viejo \u201cOrlov\u201d.<\/p>\n<p style=\"text-align: justify;\"><strong><a href=\"http:\/\/cuadra-agrado.es\/wp-content\/uploads\/2016\/05\/serial-1.jpg\"><img loading=\"lazy\" decoding=\"async\" class=\"alignright wp-image-2324 \" src=\"http:\/\/cuadra-agrado.es\/wp-content\/uploads\/2016\/05\/serial-1-300x200.jpg\" alt=\"serial\" width=\"264\" height=\"176\" \/><\/a>\u201cValiant Blue\u201d<\/strong> est\u00e1 citado en la misma jornada para el Premio Soudzou que tan brillantemente ganara en 2014. Su \u00faltima salida en San Sebasti\u00e1n este verano sobre 1.400 metros no nos ofreci\u00f3 precisamente demasiada confianza, pero hay que desmentirla lo antes posible y olvidarla con otra gran actuaci\u00f3n que esperamos pueda ofrecer este domingo en la larga recta de Madrid. Ha sido un a\u00f1o muy complicado para \u00e9l con lesiones inoportunas que le tuvieron en dique seco durante mucho tiempo, pero los \u00faltimos trabajos siguen siendo ascendentes y nuestra confianza es plena en lo que es su mejor distancia y pista. \u00a0Lote muy complicado para todos los participantes donde est\u00e1n los mejores sprinters nacionales del momento despu\u00e9s del forfait, y cuyo pron\u00f3stico es del todo incierto, <strong>Oromo, Totxo, Mahon, Otro Gintonic<\/strong> o el tres a\u00f1os <strong>Pephermo<\/strong> ser\u00e1n muy duros rivales a batir. Las opciones del nuestro pasan por salir brillante de cajones, coger la punta como en \u00e9l se habitual y poner la carrera lo m\u00e1s dura posible para afrontar los \u00faltimos furlones liderando el lote. Es un caballo \u201cviejo\u201d con mentalidad ganadora que necesita sentirse l\u00edder para tirar de coraz\u00f3n y echar el resto en los \u00faltimos metros cuando las fuerzas andan ya justas, hecho este que intuimos fuera el causante de su desastrosa salida en Lasarte cuando a falta de 300 metros se vio sobrepasado y dej\u00f3 de pelear. Despu\u00e9s de dos largos a\u00f1os, su pareja de batallas Borja Fayos se baja del nuestro por decisi\u00f3n propia por lo que despu\u00e9s de valorar alguna propuesta francesa, hemos decidido confiar la monta en un nacional como \u00c1lvaro G\u00f3mez que debuta defendiendo nuestros colores y al que deseamos desde este momento toda la suerte para hacer regresar al nuestro donde se merece.<\/p>\n<p style=\"text-align: justify;\">\n<!-- AddThis Advanced Settings generic via filter on the_content --><!-- AddThis Share Buttons generic via filter on the_content -->","protected":false},"excerpt":{"rendered":"<p>Este pr\u00f3ximo domingo 25 iniciamos nuestra personal temporada de oto\u00f1o en el Hip\u00f3dromo de la Zarzuela de Madrid poniendo en pista los dos primeros efectivos de nuestra cuadra con la intenci\u00f3n de ganar esa confianza que todo propietario y preparador necesita con los suyos. Ser\u00e1n a priori dos salidas complicadas debido a la incertidumbre actual [&hellip;]<!-- AddThis Advanced Settings generic via filter on get_the_excerpt --><!-- AddThis Share Buttons generic via filter on get_the_excerpt --><\/p>\n","protected":false},"author":5,"featured_media":2336,"comment_status":"closed","ping_status":"closed","sticky":false,"template":"","format":"gallery","meta":{"_acf_changed":false,"_et_pb_use_builder":"","_et_pb_old_content":"","_et_gb_content_width":"","footnotes":""},"categories":[3],"tags":[],"class_list":["post-2623","post","type-post","status-publish","format-gallery","has-post-thumbnail","hentry","category-noticias-cuadra-agrado","post_format-post-format-gallery"],"acf":[],"yoast_head":"<!-- This site is optimized with the Yoast SEO plugin v27.4 - https:\/\/yoast.com\/product\/yoast-seo-wordpress\/ -->\n<title>Hakan y Valiant Blue comienzan su oto\u00f1o!! - Cuadra Agrado<\/title>\n<meta name=\"robots\" content=\"index, follow, max-snippet:-1, max-image-preview:large, max-video-preview:-1\" \/>\n<link rel=\"canonical\" href=\"https:\/\/cuadra-agrado.es\/?p=2623\" \/>\n<meta property=\"og:locale\" content=\"es_ES\" \/>\n<meta property=\"og:type\" content=\"article\" \/>\n<meta property=\"og:title\" content=\"Hakan y Valiant Blue comienzan su oto\u00f1o!! - Cuadra Agrado\" \/>\n<meta property=\"og:description\" content=\"Este pr\u00f3ximo domingo 25 iniciamos nuestra personal temporada de oto\u00f1o en el Hip\u00f3dromo de la Zarzuela de Madrid poniendo en pista los dos primeros efectivos de nuestra cuadra con la intenci\u00f3n de ganar esa confianza que todo propietario y preparador necesita con los suyos. Ser\u00e1n a priori dos salidas complicadas debido a la incertidumbre actual [&hellip;]\" \/>\n<meta property=\"og:url\" content=\"https:\/\/cuadra-agrado.es\/?p=2623\" \/>\n<meta property=\"og:site_name\" content=\"Cuadra Agrado\" \/>\n<meta property=\"article:published_time\" content=\"2016-09-20T07:01:59+00:00\" \/>\n<meta property=\"article:modified_time\" content=\"2024-02-27T09:27:43+00:00\" \/>\n<meta property=\"og:image\" content=\"https:\/\/cuadra-agrado.es\/wp-content\/uploads\/2016\/05\/IMG_6719-2-1.jpg\" \/>\n\t<meta property=\"og:image:width\" content=\"1556\" \/>\n\t<meta property=\"og:image:height\" content=\"1037\" \/>\n\t<meta property=\"og:image:type\" content=\"image\/jpeg\" \/>\n<meta name=\"author\" content=\"Miguel Redondo\" \/>\n<meta name=\"twitter:card\" content=\"summary_large_image\" \/>\n<meta name=\"twitter:creator\" content=\"@AGRADOracing\" \/>\n<meta name=\"twitter:site\" content=\"@AGRADOracing\" \/>\n<meta name=\"twitter:label1\" content=\"Escrito por\" \/>\n\t<meta name=\"twitter:data1\" content=\"Miguel Redondo\" \/>\n\t<meta name=\"twitter:label2\" content=\"Tiempo de lectura\" \/>\n\t<meta name=\"twitter:data2\" content=\"4 minutos\" \/>\n<script type=\"application\/ld+json\" class=\"yoast-schema-graph\">{\"@context\":\"https:\\\/\\\/schema.org\",\"@graph\":[{\"@type\":\"Article\",\"@id\":\"https:\\\/\\\/cuadra-agrado.es\\\/?p=2623#article\",\"isPartOf\":{\"@id\":\"https:\\\/\\\/cuadra-agrado.es\\\/?p=2623\"},\"author\":{\"name\":\"Miguel Redondo\",\"@id\":\"https:\\\/\\\/cuadra-agrado.es\\\/#\\\/schema\\\/person\\\/3aa4f8d2373cf756d93a5526bc72f31b\"},\"headline\":\"Hakan y Valiant Blue comienzan su oto\u00f1o!!\",\"datePublished\":\"2016-09-20T07:01:59+00:00\",\"dateModified\":\"2024-02-27T09:27:43+00:00\",\"mainEntityOfPage\":{\"@id\":\"https:\\\/\\\/cuadra-agrado.es\\\/?p=2623\"},\"wordCount\":714,\"image\":{\"@id\":\"https:\\\/\\\/cuadra-agrado.es\\\/?p=2623#primaryimage\"},\"thumbnailUrl\":\"https:\\\/\\\/cuadra-agrado.es\\\/wp-content\\\/uploads\\\/2016\\\/05\\\/IMG_6719-2-1.jpg\",\"articleSection\":[\"Actualidad\"],\"inLanguage\":\"es\"},{\"@type\":\"WebPage\",\"@id\":\"https:\\\/\\\/cuadra-agrado.es\\\/?p=2623\",\"url\":\"https:\\\/\\\/cuadra-agrado.es\\\/?p=2623\",\"name\":\"Hakan y Valiant Blue comienzan su oto\u00f1o!! - Cuadra Agrado\",\"isPartOf\":{\"@id\":\"https:\\\/\\\/cuadra-agrado.es\\\/#website\"},\"primaryImageOfPage\":{\"@id\":\"https:\\\/\\\/cuadra-agrado.es\\\/?p=2623#primaryimage\"},\"image\":{\"@id\":\"https:\\\/\\\/cuadra-agrado.es\\\/?p=2623#primaryimage\"},\"thumbnailUrl\":\"https:\\\/\\\/cuadra-agrado.es\\\/wp-content\\\/uploads\\\/2016\\\/05\\\/IMG_6719-2-1.jpg\",\"datePublished\":\"2016-09-20T07:01:59+00:00\",\"dateModified\":\"2024-02-27T09:27:43+00:00\",\"author\":{\"@id\":\"https:\\\/\\\/cuadra-agrado.es\\\/#\\\/schema\\\/person\\\/3aa4f8d2373cf756d93a5526bc72f31b\"},\"breadcrumb\":{\"@id\":\"https:\\\/\\\/cuadra-agrado.es\\\/?p=2623#breadcrumb\"},\"inLanguage\":\"es\",\"potentialAction\":[{\"@type\":\"ReadAction\",\"target\":[\"https:\\\/\\\/cuadra-agrado.es\\\/?p=2623\"]}]},{\"@type\":\"ImageObject\",\"inLanguage\":\"es\",\"@id\":\"https:\\\/\\\/cuadra-agrado.es\\\/?p=2623#primaryimage\",\"url\":\"https:\\\/\\\/cuadra-agrado.es\\\/wp-content\\\/uploads\\\/2016\\\/05\\\/IMG_6719-2-1.jpg\",\"contentUrl\":\"https:\\\/\\\/cuadra-agrado.es\\\/wp-content\\\/uploads\\\/2016\\\/05\\\/IMG_6719-2-1.jpg\",\"width\":1556,\"height\":1037},{\"@type\":\"BreadcrumbList\",\"@id\":\"https:\\\/\\\/cuadra-agrado.es\\\/?p=2623#breadcrumb\",\"itemListElement\":[{\"@type\":\"ListItem\",\"position\":1,\"name\":\"Portada\",\"item\":\"https:\\\/\\\/cuadra-agrado.es\\\/\"},{\"@type\":\"ListItem\",\"position\":2,\"name\":\"Hakan y Valiant Blue comienzan su oto\u00f1o!!\"}]},{\"@type\":\"WebSite\",\"@id\":\"https:\\\/\\\/cuadra-agrado.es\\\/#website\",\"url\":\"https:\\\/\\\/cuadra-agrado.es\\\/\",\"name\":\"Cuadra Agrado\",\"description\":\"En el mundo del Turf desde 2008\",\"potentialAction\":[{\"@type\":\"SearchAction\",\"target\":{\"@type\":\"EntryPoint\",\"urlTemplate\":\"https:\\\/\\\/cuadra-agrado.es\\\/?s={search_term_string}\"},\"query-input\":{\"@type\":\"PropertyValueSpecification\",\"valueRequired\":true,\"valueName\":\"search_term_string\"}}],\"inLanguage\":\"es\"},{\"@type\":\"Person\",\"@id\":\"https:\\\/\\\/cuadra-agrado.es\\\/#\\\/schema\\\/person\\\/3aa4f8d2373cf756d93a5526bc72f31b\",\"name\":\"Miguel Redondo\",\"image\":{\"@type\":\"ImageObject\",\"inLanguage\":\"es\",\"@id\":\"https:\\\/\\\/secure.gravatar.com\\\/avatar\\\/85704fceb4fa34017e3c1344d182da00dbf772fb8856ba2b7726a2df926415b4?s=96&d=mm&r=g\",\"url\":\"https:\\\/\\\/secure.gravatar.com\\\/avatar\\\/85704fceb4fa34017e3c1344d182da00dbf772fb8856ba2b7726a2df926415b4?s=96&d=mm&r=g\",\"contentUrl\":\"https:\\\/\\\/secure.gravatar.com\\\/avatar\\\/85704fceb4fa34017e3c1344d182da00dbf772fb8856ba2b7726a2df926415b4?s=96&d=mm&r=g\",\"caption\":\"Miguel Redondo\"},\"sameAs\":[\"https:\\\/\\\/cuadra-agrado.es\"],\"url\":\"https:\\\/\\\/cuadra-agrado.es\\\/?author=5\"}]}<\/script>\n<!-- \/ Yoast SEO plugin. -->","yoast_head_json":{"title":"Hakan y Valiant Blue comienzan su oto\u00f1o!! - Cuadra Agrado","robots":{"index":"index","follow":"follow","max-snippet":"max-snippet:-1","max-image-preview":"max-image-preview:large","max-video-preview":"max-video-preview:-1"},"canonical":"https:\/\/cuadra-agrado.es\/?p=2623","og_locale":"es_ES","og_type":"article","og_title":"Hakan y Valiant Blue comienzan su oto\u00f1o!! - Cuadra Agrado","og_description":"Este pr\u00f3ximo domingo 25 iniciamos nuestra personal temporada de oto\u00f1o en el Hip\u00f3dromo de la Zarzuela de Madrid poniendo en pista los dos primeros efectivos de nuestra cuadra con la intenci\u00f3n de ganar esa confianza que todo propietario y preparador necesita con los suyos. Ser\u00e1n a priori dos salidas complicadas debido a la incertidumbre actual [&hellip;]","og_url":"https:\/\/cuadra-agrado.es\/?p=2623","og_site_name":"Cuadra Agrado","article_published_time":"2016-09-20T07:01:59+00:00","article_modified_time":"2024-02-27T09:27:43+00:00","og_image":[{"width":1556,"height":1037,"url":"https:\/\/cuadra-agrado.es\/wp-content\/uploads\/2016\/05\/IMG_6719-2-1.jpg","type":"image\/jpeg"}],"author":"Miguel Redondo","twitter_card":"summary_large_image","twitter_creator":"@AGRADOracing","twitter_site":"@AGRADOracing","twitter_misc":{"Escrito por":"Miguel Redondo","Tiempo de lectura":"4 minutos"},"schema":{"@context":"https:\/\/schema.org","@graph":[{"@type":"Article","@id":"https:\/\/cuadra-agrado.es\/?p=2623#article","isPartOf":{"@id":"https:\/\/cuadra-agrado.es\/?p=2623"},"author":{"name":"Miguel Redondo","@id":"https:\/\/cuadra-agrado.es\/#\/schema\/person\/3aa4f8d2373cf756d93a5526bc72f31b"},"headline":"Hakan y Valiant Blue comienzan su oto\u00f1o!!","datePublished":"2016-09-20T07:01:59+00:00","dateModified":"2024-02-27T09:27:43+00:00","mainEntityOfPage":{"@id":"https:\/\/cuadra-agrado.es\/?p=2623"},"wordCount":714,"image":{"@id":"https:\/\/cuadra-agrado.es\/?p=2623#primaryimage"},"thumbnailUrl":"https:\/\/cuadra-agrado.es\/wp-content\/uploads\/2016\/05\/IMG_6719-2-1.jpg","articleSection":["Actualidad"],"inLanguage":"es"},{"@type":"WebPage","@id":"https:\/\/cuadra-agrado.es\/?p=2623","url":"https:\/\/cuadra-agrado.es\/?p=2623","name":"Hakan y Valiant Blue comienzan su oto\u00f1o!! - Cuadra Agrado","isPartOf":{"@id":"https:\/\/cuadra-agrado.es\/#website"},"primaryImageOfPage":{"@id":"https:\/\/cuadra-agrado.es\/?p=2623#primaryimage"},"image":{"@id":"https:\/\/cuadra-agrado.es\/?p=2623#primaryimage"},"thumbnailUrl":"https:\/\/cuadra-agrado.es\/wp-content\/uploads\/2016\/05\/IMG_6719-2-1.jpg","datePublished":"2016-09-20T07:01:59+00:00","dateModified":"2024-02-27T09:27:43+00:00","author":{"@id":"https:\/\/cuadra-agrado.es\/#\/schema\/person\/3aa4f8d2373cf756d93a5526bc72f31b"},"breadcrumb":{"@id":"https:\/\/cuadra-agrado.es\/?p=2623#breadcrumb"},"inLanguage":"es","potentialAction":[{"@type":"ReadAction","target":["https:\/\/cuadra-agrado.es\/?p=2623"]}]},{"@type":"ImageObject","inLanguage":"es","@id":"https:\/\/cuadra-agrado.es\/?p=2623#primaryimage","url":"https:\/\/cuadra-agrado.es\/wp-content\/uploads\/2016\/05\/IMG_6719-2-1.jpg","contentUrl":"https:\/\/cuadra-agrado.es\/wp-content\/uploads\/2016\/05\/IMG_6719-2-1.jpg","width":1556,"height":1037},{"@type":"BreadcrumbList","@id":"https:\/\/cuadra-agrado.es\/?p=2623#breadcrumb","itemListElement":[{"@type":"ListItem","position":1,"name":"Portada","item":"https:\/\/cuadra-agrado.es\/"},{"@type":"ListItem","position":2,"name":"Hakan y Valiant Blue comienzan su oto\u00f1o!!"}]},{"@type":"WebSite","@id":"https:\/\/cuadra-agrado.es\/#website","url":"https:\/\/cuadra-agrado.es\/","name":"Cuadra Agrado","description":"En el mundo del Turf desde 2008","potentialAction":[{"@type":"SearchAction","target":{"@type":"EntryPoint","urlTemplate":"https:\/\/cuadra-agrado.es\/?s={search_term_string}"},"query-input":{"@type":"PropertyValueSpecification","valueRequired":true,"valueName":"search_term_string"}}],"inLanguage":"es"},{"@type":"Person","@id":"https:\/\/cuadra-agrado.es\/#\/schema\/person\/3aa4f8d2373cf756d93a5526bc72f31b","name":"Miguel Redondo","image":{"@type":"ImageObject","inLanguage":"es","@id":"https:\/\/secure.gravatar.com\/avatar\/85704fceb4fa34017e3c1344d182da00dbf772fb8856ba2b7726a2df926415b4?s=96&d=mm&r=g","url":"https:\/\/secure.gravatar.com\/avatar\/85704fceb4fa34017e3c1344d182da00dbf772fb8856ba2b7726a2df926415b4?s=96&d=mm&r=g","contentUrl":"https:\/\/secure.gravatar.com\/avatar\/85704fceb4fa34017e3c1344d182da00dbf772fb8856ba2b7726a2df926415b4?s=96&d=mm&r=g","caption":"Miguel Redondo"},"sameAs":["https:\/\/cuadra-agrado.es"],"url":"https:\/\/cuadra-agrado.es\/?author=5"}]}},"_links":{"self":[{"href":"https:\/\/cuadra-agrado.es\/index.php?rest_route=\/wp\/v2\/posts\/2623","targetHints":{"allow":["GET"]}}],"collection":[{"href":"https:\/\/cuadra-agrado.es\/index.php?rest_route=\/wp\/v2\/posts"}],"about":[{"href":"https:\/\/cuadra-agrado.es\/index.php?rest_route=\/wp\/v2\/types\/post"}],"author":[{"embeddable":true,"href":"https:\/\/cuadra-agrado.es\/index.php?rest_route=\/wp\/v2\/users\/5"}],"replies":[{"embeddable":true,"href":"https:\/\/cuadra-agrado.es\/index.php?rest_route=%2Fwp%2Fv2%2Fcomments&post=2623"}],"version-history":[{"count":0,"href":"https:\/\/cuadra-agrado.es\/index.php?rest_route=\/wp\/v2\/posts\/2623\/revisions"}],"wp:featuredmedia":[{"embeddable":true,"href":"https:\/\/cuadra-agrado.es\/index.php?rest_route=\/wp\/v2\/media\/2336"}],"wp:attachment":[{"href":"https:\/\/cuadra-agrado.es\/index.php?rest_route=%2Fwp%2Fv2%2Fmedia&parent=2623"}],"wp:term":[{"taxonomy":"category","embeddable":true,"href":"https:\/\/cuadra-agrado.es\/index.php?rest_route=%2Fwp%2Fv2%2Fcategories&post=2623"},{"taxonomy":"post_tag","embeddable":true,"href":"https:\/\/cuadra-agrado.es\/index.php?rest_route=%2Fwp%2Fv2%2Ftags&post=2623"}],"curies":[{"name":"wp","href":"https:\/\/api.w.org\/{rel}","templated":true}]}}