{"id":2609,"date":"2016-09-05T08:44:45","date_gmt":"2016-09-05T07:44:45","guid":{"rendered":"https:\/\/cuadra-agrado.es\/?p=2609"},"modified":"2024-02-27T09:27:43","modified_gmt":"2024-02-27T09:27:43","slug":"otono-regresa-madrid","status":"publish","type":"post","link":"https:\/\/cuadra-agrado.es\/?p=2609","title":{"rendered":"El oto\u00f1o regresa a Madrid"},"content":{"rendered":"<p style=\"text-align: justify;\"><a href=\"http:\/\/cuadra-agrado.es\/wp-content\/uploads\/2016\/05\/ranyantoragua.jpg\"><img loading=\"lazy\" decoding=\"async\" class=\"alignleft wp-image-2418 \" src=\"http:\/\/cuadra-agrado.es\/wp-content\/uploads\/2016\/05\/ranyantoragua-300x225.jpg\" alt=\"ranyantoragua\" width=\"333\" height=\"250\" \/><\/a>El pr\u00f3ximo 18 de septiembre regresa al Hip\u00f3dromo de la Zarzuela la a\u00f1orada temporada de oto\u00f1o tras el triste vac\u00edo de la temporada pasada donde los frondosos \u00e1rboles del recinto madrile\u00f1o lloraron sus hojas en la m\u00e1s absoluta soledad. Ser\u00e1n un total de 74 carreras en un remodelado recinto con una espl\u00e9ndida dotaci\u00f3n total de 1.331.900 euros a repartir, y donde destacan entre todas ellas las dos pruebas especiales de categor\u00eda \u201c<strong>Listed<\/strong>\u201d (<em>GP Hispanidad y Memorial Duque de Toledo<\/em>). Vendr\u00e1n de la mano los bonitos Grandes Premios de oto\u00f1o como el \u201c<em>Gran Crit\u00e9rium<\/em>\u201d para los mejores dos a\u00f1os, el \u201cGP Rom\u00e1n Mart\u00edn\u201d para las mejores yeguas de la milla, el emotivo \u201c<em>GP del 75 aniversario de HZ\u201d<\/em> o el \u201c<em>GP Villamejor<\/em>\u201d que clausura la temporada el 27 de noviembre para los mejores pura sangre en su edad cl\u00e1sica. Adem\u00e1s de estos con brillante dotaci\u00f3n, podremos tambi\u00e9n emocionarnos con los cl\u00e1sicos como \u00a0la prueba de velocidad del \u201c<em>Antonio Blasco<\/em>\u201d, \u00a0el apasionante \u201c<em>Ben\u00edtez de Lugo<\/em>\u201d o el \u201c<em>GP Subasta ACPSIE<\/em>\u201d para los mejores potros de dos a\u00f1os subastados el pasado a\u00f1o.<\/p>\n<p style=\"text-align: justify;\">Una temporada que da continuidad a nuestro turf nacional despu\u00e9s que comenzara en 2016 con un ilusionante invierno en el Gran Hip\u00f3dromo de Sevilla, continuara con una fant\u00e1stica primavera en Madrid, enganchara con un divertido verano en las nocturnas y en las soleadas playas de Sanl\u00facar y una emotiva y vibrante temporada con sabor a centenario en San Sebasti\u00e1n que reci\u00e9n llega a su fin en esta \u00faltima jornada estival. Esta continuidad de las carreras de caballos en todo nuestro territorio sin descanso durante el a\u00f1o es sin duda lo m\u00e1s importante y rese\u00f1able de esta nueva etapa de nuestro turf que aun pasando por n\u00fameros continuados en rojo econ\u00f3micamente hablando, el sector sigue aguantando una primera etapa crucial, a\u00fan en rodaje, y aferr\u00e1ndose al futuro a corto y medio plazo. Es evidente que la buena gesti\u00f3n econ\u00f3mica es de suma importancia para este o cualquier otro sector, pero dentro de la disyuntiva actual y si pregunt\u00e1ramos a los clientes de esta industria tales como aficionados, profesionales y propietarios desde un punto de vista interesado, prevalecer\u00eda m\u00e1s el hecho de que siga habiendo carreras todos los domingos, que la cuenta de resultados de uno u otro hip\u00f3dromo.\u00a0 Al final, esta es la parte positiva que debemos extraer, al menos en esta primera etapa despu\u00e9s de un nefasto conflicto a\u00fan demasiado caliente donde el desajuste producido el pasado a\u00f1o sin carreras oblig\u00f3 a adaptar y amoldar nuevamente una maquinaria obsoleta encargada de mover el sector. Por dif\u00edcil que nos resulte aceptarlo, (si atendemos \u00fanicamente al balance empresarial de algunos de los hip\u00f3dromos de Espa\u00f1a como el de Madrid) creemos que es necesario seguir dejando maniobrar a los gestores al frente de los diferentes hip\u00f3dromos, y seguir confiando en sus herramientas por encima incluso de lo que hasta ahora nos han ofrecido en su vertiente econ\u00f3mica.<br \/>\nEl m\u00fasculo financiero que requiere esta industria de ilusiones debe venir de la mano de la continuidad de las carreras y este primer paso es evidente que se est\u00e1 consolidando. Aun as\u00ed, como clientes del sector no debemos ser complacientes y debemos exigir mejores actuaciones que deben ir de la mano de una \u201cAsociaci\u00f3n de Hip\u00f3dromos\u201d quiz\u00e1s demasiado disociada, cuya funci\u00f3n en el panorama nacional debe ser sustancial. Debemos tambi\u00e9n esperar la consolidaci\u00f3n definitiva de un \u201cJCE\u201d tambi\u00e9n en rodaje como parte fundamental del desarrollo futuro y que poco a poco va obteniendo el reconocimiento internacional como organismo regulador de nuestro turf, solo falta que este reconocimiento sea tambi\u00e9n admitido en nuestro entorno y enterremos definitivamente hachas de guerra que tantas heridas provocan. Sin duda la estabilizaci\u00f3n y fortalecimiento de estas dos organizaciones como elemento de soporte com\u00fan deben ser punto de partida para que el conjunto de los hip\u00f3dromos tengan mecanismos suficientes para obtener su particular pulm\u00f3n financiero cuya piedra angular debe pasar inexorablemente por la puesta en marcha de la tan ansiada \u201capuesta externa\u201d a nivel nacional cuya primera versi\u00f3n podr\u00eda estar ya muy cerca de poder ver la luz como as\u00ed lo hiciera de manera privada y auton\u00f3mica la actual gestora del Gran Hip\u00f3dromo de Andaluc\u00eda cuyos resultados en este primer a\u00f1o est\u00e1n siendo todo un \u00e9xito en su marco financiero cruzando incluso fronteras gracias a acuerdos internacionales ya consolidados . De todos es sabido que somos un sector subvencionado y por tanto privilegiado, pero la sociedad y modelo econ\u00f3mico es cambiante y alterable y por ende es imperativo concretar nuevas f\u00f3rmulas de financiamiento privado que nos ayuden a suplir en un futuro no demasiado lejano esas puntuales inyecciones estatales con una arriesgada fecha de caducidad sin necesidad que la industria pueda resentirse.<\/p>\n<p style=\"text-align: justify;\">Por nuestra parte seguiremos aportando nuestro grano de arena, y tras un muy discreto primer ciclo de nuestros efectivos, contamos con una cuadra que poco a poco vamos consolidando nuevamente. No ha sido f\u00e1cil, ni lo est\u00e1 siendo, volver a poner en marcha ilusiones despu\u00e9s de lo sucedido el pasado a\u00f1o donde desmantelamos nuestro primer proyecto. Atr\u00e1s quedaron ya el viejo Orlov, el bueno de \u201cDaykiro\u201d, la princesa \u201cHigh Brooklyn\u201d, el italiano \u201cIl Presuntuoso\u201d o el hastiado \u201cZambeze\u201d.<br \/>\nLos viejos \u201cValiant Blue\u201d y \u201cRany\u00e1n\u201d son los \u00fanicos que quedaron de esa nuestra primera etapa. Hoy, nuestros baluartes incombustibles son desgraciadamente un a\u00f1o m\u00e1s viejos y est\u00e1n ya m\u00e1s pr\u00f3ximos a un merecido retiro que a repetir todo lo que nos han dado hasta la fecha, aunque si la salud les acompa\u00f1a en esta \u00faltima parte de su vida de competici\u00f3n, a\u00fan podremos disfrutar de ellos al menos un a\u00f1o m\u00e1s a la vez que cumplen su octavo aniversario. Por otro lado, las nuevas y siempre ilusionantes adquisiciones de dos a\u00f1os \u201cParisien Blue\u201d y \u201cHakan\u201d a\u00fan no han podido debutar y todo ello ha supuesto un largo tiempo en la primera mitad del a\u00f1o sin poder disfrutar de los nuestros en pista como hubi\u00e9ramos querido. Confiamos que el sector contin\u00fae creciendo para ir de la mano y volver a consolidar un segundo proyecto que por nuestra parte vuelve a estar cargado de ilusiones.<\/p>\n<p style=\"text-align: justify;\">No est\u00e1 siendo el a\u00f1o en la vuelta de nuestro pupilo \u201cValiant Blue\u201d que aunque reapareci\u00f3 ganando en su primera salida del a\u00f1o, despu\u00e9s la mala fortuna de una lesi\u00f3n imprevista en la disputa de su segunda le priv\u00f3 su evoluci\u00f3n y sentenci\u00f3 su primavera. Seguimos confiando en \u00e9l aunque nos dej\u00f3 un mal s\u00edntoma en la \u00faltima de San Sebasti\u00e1n donde corri\u00f3 muy por debajo de su valor de forma incomprensible. Esperamos contar con \u00e9l en la primera prueba de velocidad del pr\u00f3ximo 25 de septiembre en el premio \u201cSoudzou\u201d donde podr\u00e1 defender el titulo logrado en 2014. Ser\u00e1 esta prueba un punto de inflexi\u00f3n importante para su futuro inmediato y poder as\u00ed olvidar y desmentir su \u00faltima salida, ya que en caso de volver a repetir actuaci\u00f3n en la que ser\u00eda su mejor distancia y pista, nos tendr\u00edamos que plantear la triste posibilidad de una retirada de competici\u00f3n en este mismo a\u00f1o. Es un caballo que nos ha dado muchas satisfacciones y nos gustar\u00eda recordarle en su retiro como un caballo ganador y estandarte de nuestra cuadra. En ning\u00fan caso queremos forzarle a continuar si sus problemas de salud le siguen causando un dolor inmerecido y emborronar con el tiempo sus magn\u00edficas trece victorias que nos ha brindado hasta la fecha. Esperamos que esto no suceda y que nos siga ofreciendo muchas m\u00e1s alegr\u00edas en esta temporada y durante el pr\u00f3ximo a\u00f1o, nuestro gran equipo seguro luchar\u00e1 por ello.<\/p>\n<p style=\"text-align: justify;\">Nuestro querido \u201cRany\u00e1n\u201d este a\u00f1o ha vuelto a mostrar una segunda juventud con una buena reaparici\u00f3n, dos segundos puestos y una gran victoria. Sin duda el descanso del pasado a\u00f1o en el prado le vino perfecto para que su maltrecha rodilla dejara de dar problemas y el gran coraz\u00f3n y voluntad que tiene ha hecho el resto. Este verano ha pasado sus vacaciones descansando nuevamente y esperamos divertirnos con \u00e9l este pr\u00f3ximo oto\u00f1o. Ser\u00e1 m\u00e1s dif\u00edcil moverse en el h\u00e1ndicap ahora con el incremento de valor que ha tenido (hcp 36), pero seguro buscar\u00e1 su opci\u00f3n en alguna prueba de condici\u00f3n en distancia de medio fondo. Vamos a ver si va recuperando la forma que ha perdido comiendo pasto durante el verano y le podemos ver reaparecer en octubre y darle al menos tres carreras en la temporada para seguir disfrutando de \u00e9l. En este sentido, ha quedado matriculado en el \u201cGP del 75 aniversario de HZ\u201d que se celebrar\u00e1 en la pen\u00faltima jornada oto\u00f1al, y aunque somos conscientes a d\u00eda de hoy que no tendr\u00eda valor suficiente para disputar esta prueba, nuestra ilusi\u00f3n por estar en esa cita va por delante y confiaremos en el trabajo diario y en su evoluci\u00f3n para poder cumplir nuestro deseo de verle disputar una prueba tan emotiva en las mejores condiciones posibles.<\/p>\n<p style=\"text-align: justify;\">Nuestra apuesta de futuro \u201cParisien Blue\u201d no pudo finalmente debutar en verano como hab\u00edamos programado y le seguimos esperando con mucha ilusi\u00f3n. Se ha convertido en un gran potro con un f\u00edsico imponente y aunque va poco a poco en sus trabajos confiamos que pueda debutar a dos a\u00f1os en esta temporada oto\u00f1al, aunque solo su progresi\u00f3n dir\u00e1 si finalmente es posible. Asimila el trabajo diario muy bien y tiene la cabeza muy amueblada, quiz\u00e1s por ello no destaque en esa precocidad que busc\u00e1bamos y sea \u00e9l mismo quien marca el ritmo, pero ante eso, paciencia\u2026. La calidad que atesora este hijo de Diktat nos ha hecho ir muy despacio con \u00e9l y dejar pasar un temprano debut que quiz\u00e1s le hubiera parado su progresi\u00f3n. Creemos que este segundo producto de \u201cGatz\u201d puede ser un gran efectivo para nuestros colores en su edad cl\u00e1sica y esperamos que la salud le acompa\u00f1e para poder disfrutar de \u00e9l durante mucho tiempo.<\/p>\n<p style=\"text-align: justify;\">Nuestra \u00faltima adquisici\u00f3n \u201cHak\u00e1n\u201d no ha debutado tampoco con nuestros colores, aunque ya se le vio algo de calidad en un debut muy prematuro con su anterior patio donde verde\u00f3 m\u00e1s que la propia hierba. Ha tenido algunos problemas menores propios de la edad de crecimiento y hemos querido volver a empezar con \u00e9l. Nuestra filosof\u00eda y la de nuestro preparador son id\u00e9nticas en este aspecto basadas en la cautela y paciencia y en este caso creemos que puede tambi\u00e9n darnos un fruto que buscamos en este hijo de \u201cIntense Focus\u201d. Intentaremos ponerle en marcha en las primeras pruebas de oto\u00f1o y ver su futuro a corto plazo. Si da la talla para defender nuestros colores continuaremos confiando, sino buscaremos alternativas.<\/p>\n<p style=\"text-align: justify;\">Ilusi\u00f3n y confianza vuelven a ser los pilares de esta nueva temporada para nosotros que esperamos disfrutar en un oto\u00f1o que se prev\u00e9 lluvioso y fr\u00edo pero siempre al abrigo de los aficionados. Deseamos este a\u00f1o s\u00ed, ver las hojas caer de los \u00e1rboles de nuestro hip\u00f3dromo y que la suerte se reparta entre todos los profesionales, propietarios, amigos y gestores, los aficionados desean que el espect\u00e1culo contin\u00fae\u2026.<\/p>\n<hr \/>\n<p style=\"text-align: justify;\">\n<!-- AddThis Advanced Settings generic via filter on the_content --><!-- AddThis Share Buttons generic via filter on the_content -->","protected":false},"excerpt":{"rendered":"<p>El pr\u00f3ximo 18 de septiembre regresa al Hip\u00f3dromo de la Zarzuela la a\u00f1orada temporada de oto\u00f1o tras el triste vac\u00edo de la temporada pasada donde los frondosos \u00e1rboles del recinto madrile\u00f1o lloraron sus hojas en la m\u00e1s absoluta soledad. Ser\u00e1n un total de 74 carreras en un remodelado recinto con una espl\u00e9ndida dotaci\u00f3n total de [&hellip;]<!-- AddThis Advanced Settings generic via filter on get_the_excerpt --><!-- AddThis Share Buttons generic via filter on get_the_excerpt --><\/p>\n","protected":false},"author":5,"featured_media":0,"comment_status":"closed","ping_status":"closed","sticky":false,"template":"","format":"gallery","meta":{"_acf_changed":false,"_et_pb_use_builder":"","_et_pb_old_content":"","_et_gb_content_width":"","footnotes":""},"categories":[3],"tags":[],"class_list":["post-2609","post","type-post","status-publish","format-gallery","hentry","category-noticias-cuadra-agrado","post_format-post-format-gallery"],"acf":[],"yoast_head":"<!-- This site is optimized with the Yoast SEO plugin v27.4 - https:\/\/yoast.com\/product\/yoast-seo-wordpress\/ -->\n<title>El oto\u00f1o regresa a Madrid - Cuadra Agrado<\/title>\n<meta name=\"robots\" content=\"index, follow, max-snippet:-1, max-image-preview:large, max-video-preview:-1\" \/>\n<link rel=\"canonical\" href=\"https:\/\/cuadra-agrado.es\/?p=2609\" \/>\n<meta property=\"og:locale\" content=\"es_ES\" \/>\n<meta property=\"og:type\" content=\"article\" \/>\n<meta property=\"og:title\" content=\"El oto\u00f1o regresa a Madrid - Cuadra Agrado\" \/>\n<meta property=\"og:description\" content=\"El pr\u00f3ximo 18 de septiembre regresa al Hip\u00f3dromo de la Zarzuela la a\u00f1orada temporada de oto\u00f1o tras el triste vac\u00edo de la temporada pasada donde los frondosos \u00e1rboles del recinto madrile\u00f1o lloraron sus hojas en la m\u00e1s absoluta soledad. Ser\u00e1n un total de 74 carreras en un remodelado recinto con una espl\u00e9ndida dotaci\u00f3n total de [&hellip;]\" \/>\n<meta property=\"og:url\" content=\"https:\/\/cuadra-agrado.es\/?p=2609\" \/>\n<meta property=\"og:site_name\" content=\"Cuadra Agrado\" \/>\n<meta property=\"article:published_time\" content=\"2016-09-05T07:44:45+00:00\" \/>\n<meta property=\"article:modified_time\" content=\"2024-02-27T09:27:43+00:00\" \/>\n<meta property=\"og:image\" content=\"http:\/\/cuadra-agrado.es\/wp-content\/uploads\/2016\/05\/ranyantoragua-300x225.jpg\" \/>\n<meta name=\"author\" content=\"Miguel Redondo\" \/>\n<meta name=\"twitter:card\" content=\"summary_large_image\" \/>\n<meta name=\"twitter:creator\" content=\"@AGRADOracing\" \/>\n<meta name=\"twitter:site\" content=\"@AGRADOracing\" \/>\n<meta name=\"twitter:label1\" content=\"Escrito por\" \/>\n\t<meta name=\"twitter:data1\" content=\"Miguel Redondo\" \/>\n\t<meta name=\"twitter:label2\" content=\"Tiempo de lectura\" \/>\n\t<meta name=\"twitter:data2\" content=\"10 minutos\" \/>\n<script type=\"application\/ld+json\" class=\"yoast-schema-graph\">{\"@context\":\"https:\\\/\\\/schema.org\",\"@graph\":[{\"@type\":\"Article\",\"@id\":\"https:\\\/\\\/cuadra-agrado.es\\\/?p=2609#article\",\"isPartOf\":{\"@id\":\"https:\\\/\\\/cuadra-agrado.es\\\/?p=2609\"},\"author\":{\"name\":\"Miguel Redondo\",\"@id\":\"https:\\\/\\\/cuadra-agrado.es\\\/#\\\/schema\\\/person\\\/3aa4f8d2373cf756d93a5526bc72f31b\"},\"headline\":\"El oto\u00f1o regresa a Madrid\",\"datePublished\":\"2016-09-05T07:44:45+00:00\",\"dateModified\":\"2024-02-27T09:27:43+00:00\",\"mainEntityOfPage\":{\"@id\":\"https:\\\/\\\/cuadra-agrado.es\\\/?p=2609\"},\"wordCount\":1973,\"image\":{\"@id\":\"https:\\\/\\\/cuadra-agrado.es\\\/?p=2609#primaryimage\"},\"thumbnailUrl\":\"http:\\\/\\\/cuadra-agrado.es\\\/wp-content\\\/uploads\\\/2016\\\/05\\\/ranyantoragua-300x225.jpg\",\"articleSection\":[\"Actualidad\"],\"inLanguage\":\"es\"},{\"@type\":\"WebPage\",\"@id\":\"https:\\\/\\\/cuadra-agrado.es\\\/?p=2609\",\"url\":\"https:\\\/\\\/cuadra-agrado.es\\\/?p=2609\",\"name\":\"El oto\u00f1o regresa a Madrid - Cuadra Agrado\",\"isPartOf\":{\"@id\":\"https:\\\/\\\/cuadra-agrado.es\\\/#website\"},\"primaryImageOfPage\":{\"@id\":\"https:\\\/\\\/cuadra-agrado.es\\\/?p=2609#primaryimage\"},\"image\":{\"@id\":\"https:\\\/\\\/cuadra-agrado.es\\\/?p=2609#primaryimage\"},\"thumbnailUrl\":\"http:\\\/\\\/cuadra-agrado.es\\\/wp-content\\\/uploads\\\/2016\\\/05\\\/ranyantoragua-300x225.jpg\",\"datePublished\":\"2016-09-05T07:44:45+00:00\",\"dateModified\":\"2024-02-27T09:27:43+00:00\",\"author\":{\"@id\":\"https:\\\/\\\/cuadra-agrado.es\\\/#\\\/schema\\\/person\\\/3aa4f8d2373cf756d93a5526bc72f31b\"},\"breadcrumb\":{\"@id\":\"https:\\\/\\\/cuadra-agrado.es\\\/?p=2609#breadcrumb\"},\"inLanguage\":\"es\",\"potentialAction\":[{\"@type\":\"ReadAction\",\"target\":[\"https:\\\/\\\/cuadra-agrado.es\\\/?p=2609\"]}]},{\"@type\":\"ImageObject\",\"inLanguage\":\"es\",\"@id\":\"https:\\\/\\\/cuadra-agrado.es\\\/?p=2609#primaryimage\",\"url\":\"http:\\\/\\\/cuadra-agrado.es\\\/wp-content\\\/uploads\\\/2016\\\/05\\\/ranyantoragua-300x225.jpg\",\"contentUrl\":\"http:\\\/\\\/cuadra-agrado.es\\\/wp-content\\\/uploads\\\/2016\\\/05\\\/ranyantoragua-300x225.jpg\"},{\"@type\":\"BreadcrumbList\",\"@id\":\"https:\\\/\\\/cuadra-agrado.es\\\/?p=2609#breadcrumb\",\"itemListElement\":[{\"@type\":\"ListItem\",\"position\":1,\"name\":\"Portada\",\"item\":\"https:\\\/\\\/cuadra-agrado.es\\\/\"},{\"@type\":\"ListItem\",\"position\":2,\"name\":\"El oto\u00f1o regresa a Madrid\"}]},{\"@type\":\"WebSite\",\"@id\":\"https:\\\/\\\/cuadra-agrado.es\\\/#website\",\"url\":\"https:\\\/\\\/cuadra-agrado.es\\\/\",\"name\":\"Cuadra Agrado\",\"description\":\"En el mundo del Turf desde 2008\",\"potentialAction\":[{\"@type\":\"SearchAction\",\"target\":{\"@type\":\"EntryPoint\",\"urlTemplate\":\"https:\\\/\\\/cuadra-agrado.es\\\/?s={search_term_string}\"},\"query-input\":{\"@type\":\"PropertyValueSpecification\",\"valueRequired\":true,\"valueName\":\"search_term_string\"}}],\"inLanguage\":\"es\"},{\"@type\":\"Person\",\"@id\":\"https:\\\/\\\/cuadra-agrado.es\\\/#\\\/schema\\\/person\\\/3aa4f8d2373cf756d93a5526bc72f31b\",\"name\":\"Miguel Redondo\",\"image\":{\"@type\":\"ImageObject\",\"inLanguage\":\"es\",\"@id\":\"https:\\\/\\\/secure.gravatar.com\\\/avatar\\\/85704fceb4fa34017e3c1344d182da00dbf772fb8856ba2b7726a2df926415b4?s=96&d=mm&r=g\",\"url\":\"https:\\\/\\\/secure.gravatar.com\\\/avatar\\\/85704fceb4fa34017e3c1344d182da00dbf772fb8856ba2b7726a2df926415b4?s=96&d=mm&r=g\",\"contentUrl\":\"https:\\\/\\\/secure.gravatar.com\\\/avatar\\\/85704fceb4fa34017e3c1344d182da00dbf772fb8856ba2b7726a2df926415b4?s=96&d=mm&r=g\",\"caption\":\"Miguel Redondo\"},\"sameAs\":[\"https:\\\/\\\/cuadra-agrado.es\"],\"url\":\"https:\\\/\\\/cuadra-agrado.es\\\/?author=5\"}]}<\/script>\n<!-- \/ Yoast SEO plugin. -->","yoast_head_json":{"title":"El oto\u00f1o regresa a Madrid - Cuadra Agrado","robots":{"index":"index","follow":"follow","max-snippet":"max-snippet:-1","max-image-preview":"max-image-preview:large","max-video-preview":"max-video-preview:-1"},"canonical":"https:\/\/cuadra-agrado.es\/?p=2609","og_locale":"es_ES","og_type":"article","og_title":"El oto\u00f1o regresa a Madrid - Cuadra Agrado","og_description":"El pr\u00f3ximo 18 de septiembre regresa al Hip\u00f3dromo de la Zarzuela la a\u00f1orada temporada de oto\u00f1o tras el triste vac\u00edo de la temporada pasada donde los frondosos \u00e1rboles del recinto madrile\u00f1o lloraron sus hojas en la m\u00e1s absoluta soledad. Ser\u00e1n un total de 74 carreras en un remodelado recinto con una espl\u00e9ndida dotaci\u00f3n total de [&hellip;]","og_url":"https:\/\/cuadra-agrado.es\/?p=2609","og_site_name":"Cuadra Agrado","article_published_time":"2016-09-05T07:44:45+00:00","article_modified_time":"2024-02-27T09:27:43+00:00","og_image":[{"url":"http:\/\/cuadra-agrado.es\/wp-content\/uploads\/2016\/05\/ranyantoragua-300x225.jpg","type":"","width":"","height":""}],"author":"Miguel Redondo","twitter_card":"summary_large_image","twitter_creator":"@AGRADOracing","twitter_site":"@AGRADOracing","twitter_misc":{"Escrito por":"Miguel Redondo","Tiempo de lectura":"10 minutos"},"schema":{"@context":"https:\/\/schema.org","@graph":[{"@type":"Article","@id":"https:\/\/cuadra-agrado.es\/?p=2609#article","isPartOf":{"@id":"https:\/\/cuadra-agrado.es\/?p=2609"},"author":{"name":"Miguel Redondo","@id":"https:\/\/cuadra-agrado.es\/#\/schema\/person\/3aa4f8d2373cf756d93a5526bc72f31b"},"headline":"El oto\u00f1o regresa a Madrid","datePublished":"2016-09-05T07:44:45+00:00","dateModified":"2024-02-27T09:27:43+00:00","mainEntityOfPage":{"@id":"https:\/\/cuadra-agrado.es\/?p=2609"},"wordCount":1973,"image":{"@id":"https:\/\/cuadra-agrado.es\/?p=2609#primaryimage"},"thumbnailUrl":"http:\/\/cuadra-agrado.es\/wp-content\/uploads\/2016\/05\/ranyantoragua-300x225.jpg","articleSection":["Actualidad"],"inLanguage":"es"},{"@type":"WebPage","@id":"https:\/\/cuadra-agrado.es\/?p=2609","url":"https:\/\/cuadra-agrado.es\/?p=2609","name":"El oto\u00f1o regresa a Madrid - Cuadra Agrado","isPartOf":{"@id":"https:\/\/cuadra-agrado.es\/#website"},"primaryImageOfPage":{"@id":"https:\/\/cuadra-agrado.es\/?p=2609#primaryimage"},"image":{"@id":"https:\/\/cuadra-agrado.es\/?p=2609#primaryimage"},"thumbnailUrl":"http:\/\/cuadra-agrado.es\/wp-content\/uploads\/2016\/05\/ranyantoragua-300x225.jpg","datePublished":"2016-09-05T07:44:45+00:00","dateModified":"2024-02-27T09:27:43+00:00","author":{"@id":"https:\/\/cuadra-agrado.es\/#\/schema\/person\/3aa4f8d2373cf756d93a5526bc72f31b"},"breadcrumb":{"@id":"https:\/\/cuadra-agrado.es\/?p=2609#breadcrumb"},"inLanguage":"es","potentialAction":[{"@type":"ReadAction","target":["https:\/\/cuadra-agrado.es\/?p=2609"]}]},{"@type":"ImageObject","inLanguage":"es","@id":"https:\/\/cuadra-agrado.es\/?p=2609#primaryimage","url":"http:\/\/cuadra-agrado.es\/wp-content\/uploads\/2016\/05\/ranyantoragua-300x225.jpg","contentUrl":"http:\/\/cuadra-agrado.es\/wp-content\/uploads\/2016\/05\/ranyantoragua-300x225.jpg"},{"@type":"BreadcrumbList","@id":"https:\/\/cuadra-agrado.es\/?p=2609#breadcrumb","itemListElement":[{"@type":"ListItem","position":1,"name":"Portada","item":"https:\/\/cuadra-agrado.es\/"},{"@type":"ListItem","position":2,"name":"El oto\u00f1o regresa a Madrid"}]},{"@type":"WebSite","@id":"https:\/\/cuadra-agrado.es\/#website","url":"https:\/\/cuadra-agrado.es\/","name":"Cuadra Agrado","description":"En el mundo del Turf desde 2008","potentialAction":[{"@type":"SearchAction","target":{"@type":"EntryPoint","urlTemplate":"https:\/\/cuadra-agrado.es\/?s={search_term_string}"},"query-input":{"@type":"PropertyValueSpecification","valueRequired":true,"valueName":"search_term_string"}}],"inLanguage":"es"},{"@type":"Person","@id":"https:\/\/cuadra-agrado.es\/#\/schema\/person\/3aa4f8d2373cf756d93a5526bc72f31b","name":"Miguel Redondo","image":{"@type":"ImageObject","inLanguage":"es","@id":"https:\/\/secure.gravatar.com\/avatar\/85704fceb4fa34017e3c1344d182da00dbf772fb8856ba2b7726a2df926415b4?s=96&d=mm&r=g","url":"https:\/\/secure.gravatar.com\/avatar\/85704fceb4fa34017e3c1344d182da00dbf772fb8856ba2b7726a2df926415b4?s=96&d=mm&r=g","contentUrl":"https:\/\/secure.gravatar.com\/avatar\/85704fceb4fa34017e3c1344d182da00dbf772fb8856ba2b7726a2df926415b4?s=96&d=mm&r=g","caption":"Miguel Redondo"},"sameAs":["https:\/\/cuadra-agrado.es"],"url":"https:\/\/cuadra-agrado.es\/?author=5"}]}},"_links":{"self":[{"href":"https:\/\/cuadra-agrado.es\/index.php?rest_route=\/wp\/v2\/posts\/2609","targetHints":{"allow":["GET"]}}],"collection":[{"href":"https:\/\/cuadra-agrado.es\/index.php?rest_route=\/wp\/v2\/posts"}],"about":[{"href":"https:\/\/cuadra-agrado.es\/index.php?rest_route=\/wp\/v2\/types\/post"}],"author":[{"embeddable":true,"href":"https:\/\/cuadra-agrado.es\/index.php?rest_route=\/wp\/v2\/users\/5"}],"replies":[{"embeddable":true,"href":"https:\/\/cuadra-agrado.es\/index.php?rest_route=%2Fwp%2Fv2%2Fcomments&post=2609"}],"version-history":[{"count":0,"href":"https:\/\/cuadra-agrado.es\/index.php?rest_route=\/wp\/v2\/posts\/2609\/revisions"}],"wp:attachment":[{"href":"https:\/\/cuadra-agrado.es\/index.php?rest_route=%2Fwp%2Fv2%2Fmedia&parent=2609"}],"wp:term":[{"taxonomy":"category","embeddable":true,"href":"https:\/\/cuadra-agrado.es\/index.php?rest_route=%2Fwp%2Fv2%2Fcategories&post=2609"},{"taxonomy":"post_tag","embeddable":true,"href":"https:\/\/cuadra-agrado.es\/index.php?rest_route=%2Fwp%2Fv2%2Ftags&post=2609"}],"curies":[{"name":"wp","href":"https:\/\/api.w.org\/{rel}","templated":true}]}}