{"id":2560,"date":"2016-06-27T11:35:43","date_gmt":"2016-06-27T10:35:43","guid":{"rendered":"https:\/\/cuadra-agrado.es\/?p=2560"},"modified":"2024-02-27T09:27:44","modified_gmt":"2024-02-27T09:27:44","slug":"apoteosico-fin-temporada-primavera","status":"publish","type":"post","link":"https:\/\/cuadra-agrado.es\/?p=2560","title":{"rendered":"Apote\u00f3sico fin de temporada de primavera!!!!"},"content":{"rendered":"<p style=\"text-align: justify;\"><a href=\"http:\/\/cuadra-agrado.es\/wp-content\/uploads\/2016\/06\/gpm.jpg\" target=\"_blank\" rel=\"noopener noreferrer\"><img loading=\"lazy\" decoding=\"async\" class=\"alignleft wp-image-2562\" src=\"http:\/\/cuadra-agrado.es\/wp-content\/uploads\/2016\/06\/gpm-300x130.jpg\" alt=\"gpm\" width=\"344\" height=\"149\" \/><\/a>Termina la temporada de primavera con una de las mejores jornadas que hemos podido vivir en el remodelado hip\u00f3dromo de la Zarzuela. Apote\u00f3sico lo vivido en una tarde muy veraniega con m\u00e1s de 30 grados, pero con un aforo de los que se apuntan en el libro de actas en negrita. Espectacular ambiente de domingo-tarde donde numerosas familias y aficionados ven\u00edan a disfrutar de una de las m\u00e1s importantes citas de nuestro calendario turf\u00edstico.<br \/>\nLa tarde comenzaba con un bonito \u201cMartorell\u201d con la victoria de \u201dADELE STAR\u201d que debutaba en la pista de Madrid despu\u00e9s de sus dos magn\u00edficas salidas en tierras francesas. \u201cFALCON PLACE\u201d hizo la gemela so\u00f1ada para la cuadra Alisares y \u201cCOSTA ESMERALDA\u201d completo un tr\u00edo muy jugado en taquilla.<br \/>\nLa segunda del d\u00eda no era una prueba interesante en dotaci\u00f3n econ\u00f3mica, pero era esa t\u00edpica prueba que a todos gusta con una enorme l\u00ednea recta de plena de velocidad sobre 1.200 metros y un recuerdo especial a la persona que lleva su nombre en este premio \u201cRoberto L\u00f3pez\u201d.\u00a0 Precioso y r\u00e1pido sprint que remat\u00f3 la mejor monta al sprint como es Borja Fayos a lomos de un honrado y corajudo \u201cGuzm\u00e1n el Bueno\u201d que casi batido en los \u00faltimos metros supo tirar de ambas cualidades \u00a0para alzarse con una meritoria victoria.<br \/>\nEl Premio \u201cBaldoria\u201d estaba plagado de yeguas de altura y la extranjera \u201cGROWING GLORY\u201d colocada de Grupo3 y ganadora de Listed en tierras galas cumpli\u00f3 pron\u00f3sticos haci\u00e9ndose con una victoria clara sobre su rival m\u00e1s directa \u201cBOHEMIAN RHAPSODY\u201d que puso bonita la llegada de ambas.<br \/>\nEl h\u00e1ndicap de la cuarta no era a priori nada especial, pero la convincente \u00a0victoria de \u201cDAGOBERTO\u201d por m\u00e1s de 7 cuerpos de ventaja sobre \u201cDIM DAM\u201d y con r\u00e9cord de pista sobre la distancia hizo que tambi\u00e9n se sumara al gran espect\u00e1culo de la tarde. Raro ver un ganador tan claro en un h\u00e1ndicap, pero la tarde promet\u00eda muchas cosas y estas machadas tambi\u00e9n ten\u00edan cabida&#8230;..<\/p>\n<p style=\"text-align: justify;\"><a href=\"http:\/\/cuadra-agrado.es\/wp-content\/uploads\/2016\/06\/desfile.png\" target=\"_blank\" rel=\"noopener noreferrer\"><img loading=\"lazy\" decoding=\"async\" class=\"alignright wp-image-2561 size-medium\" src=\"http:\/\/cuadra-agrado.es\/wp-content\/uploads\/2016\/06\/desfile-300x225.png\" alt=\"desfile\" width=\"300\" height=\"225\" \/><\/a>Y lleg\u00f3 lo m\u00e1s esperado, el Gran Premio de Madrid entraba en escena y el recinto del Paddock se llenaba como pocas veces\u2026 Un Gran Premio de Madrid que es el mejor dotado en Europa con categor\u00eda \u201cListed\u201d con 102.000\u20ac a repartir y que su impresionante puesta en escena acompa\u00f1aba su reconocimiento internacional. Sin duda, es la primera vez que de alguna forma pude ver en nuestro hip\u00f3dromo un ambiente de gala muy pr\u00f3ximo a los grandes acontecimientos turf\u00edsticos internacionales. Ambientazo de turf, estandartes, preciosas azafatas, celebrities en la grada y en el paddock , colorido, impresionante desfile en la pista y todo ello acompa\u00f1ado de una multitud de aficionados, un selecto grupo de jockeys \u00a0y un nutrido lote de 15 magn\u00edficos ejemplares nacionales y venidos desde fuera que hicieron una carrera para el recuerdo.<\/p>\n<p style=\"text-align: justify;\">\u201cMADRILE\u00d1O\u201d le ten\u00edamos pronosticado para ganar y no nos fall\u00f3, nuestro reconocimiento va por delante. El hijo de \u00abSir Percy\u00bb con la monta de Janacek \u00a0se hizo con una aplastante victoria, un suculento premio de 60.000 euros y lo que es m\u00e1s importante, despej\u00f3 la incertidumbre de algunos que a\u00fan dudaban de su enorme calidad y futuro, aunque a\u00fan as\u00ed, alguno quedar\u00e1 todav\u00eda erre que erre (para gustos, colores infinitos)&#8230;.. No hab\u00eda ganado todav\u00eda en el a\u00f1o este \u00abmadrile\u00f1o\u00bb nacido en Gran Breta\u00f1a, pero a su edad cl\u00e1sica hab\u00eda sido ya por tres veces colocado de Listed (Madrid, Toulouse y Paris) y a partir de hoy ya tiene su negrita mucho m\u00e1s oscura con esta inconmensurable victoria en todo un Gran Premio de Madrid donde incluso se llev\u00f3 por delante el r\u00e9cord de la pista en 2.500 metros con un remate espectacular despu\u00e9s de un enorme paso en el recorrido que marc\u00f3 su compa\u00f1ero de cuadra \u00abCheco\u00bb. Enhorabuena a sus propietarios de la \u00abCuadra Popular\u00bb que ti\u00f1eron de amarillo el recinto de ganadores y a su preparador Guillermo Arizcorreta que no conformes con ganar hicieron tambi\u00e9n una gemela de ensue\u00f1o para todo el equipo con \u201cCHECO\u201d. El tr\u00edo lo complet\u00f3 otro caballo que tapar\u00e1 muchas bocas y no es otro que el benjam\u00edn \u201cFLANDERS FLAME\u201d que termina con un apunte como para poner vistas incluso a un hipot\u00e9tico meeting del \u201cArco\u201d franc\u00e9s el pr\u00f3ximo octubre\u201d. Pocas veces se ha visto que un potro corra el Carudel contra viejos quedando segundo y a la semana siguiente corra todo un GPM para estar de nuevo en el tr\u00edo&#8230;.. Y yo me pregunto&#8230;.. de qu\u00e9 distancia es este potro??? Bendito problema para sus responsables&#8230; Mucha suerte con \u00e9l, le auguro un gran futuro.<\/p>\n<p style=\"text-align: justify;\">Finaliza por tanto una gran temporada de Primavera en Madrid que incluso teniendo ese enorme h\u00e1ndicap de venir despu\u00e9s de un desagradable bloqueo, ha cumplido con creces la satisfacci\u00f3n de profesionales, propietarios y afici\u00f3n que tan mal lo pasaron en turbias aguas pasadas. Sin duda, hay muchas cosas por hacer y tambi\u00e9n muchas que mejorar y rectificar, pero lo m\u00e1s importante es que los caballos volvieran a galopar en pista y que se culminara una gran temporada donde quiz\u00e1s lo peor ha sido la pobre generaci\u00f3n de dos a\u00f1os que apenas hemos podido ver. Hemos vuelto a poner cimientos para volver a construir un nuevo turf, pero debemos tener especial cuidado en poner ahora los pilares en los que se va a sustentar nuestra industria. Algunos de esos pilares no los vemos seguros del todo y es necesario reorganizar una nueva estructura que sirvi\u00f3 hace poco m\u00e1s de nueve meses para resetear y relanzar la competici\u00f3n en nuestro pa\u00eds, pero que sin orden y concierto no culminar\u00e1 en los \u00e9xitos que todos queremos y merecemos.<\/p>\n<p style=\"text-align: justify;\">En cualquier caso, quiero dar mi sincera enhorabuena a los gestores de nuestro Hip\u00f3dromo de Madrid por el \u00e9xito alcanzado en esta primera temporada despu\u00e9s de un camino demasiado embarrado. No son malas las calificaciones de fin de temporada, pero ha habido algunas asignaturas suspendidas en este primer curso como los pobres partants de dos a\u00f1os, la retransmisi\u00f3n de las carreras en medios audiovisuales, o la tan ansiada apuesta exterior. Estas importantes asignaturas necesitamos sean cuanto antes recuperadas y comencemos un nuevo curso con ilusiones renovadas.<\/p>\n<p style=\"text-align: justify;\">Para terminar, este es nuestro particular tr\u00edo de primavera. Quien pudiera tenerlos en una misma cuadra&#8230;.<\/p>\n<p style=\"text-align: justify;\">MADRILE\u00d1O. Buscaba su \u201cListed\u201d y lo consigui\u00f3 en el mayor dotado de Europa. El que gana el GPM debe ser el mejor caballo de nuestro turf!!! Clase, calidad, f\u00edsico y cabeza\u2026 Un caballazo en manos de unos grandes propietarios y un magnifico entrenador. Toca mirar m\u00e1s arriba y buscar el Grupo&#8230; Enhorabuena!!!<\/p>\n<p style=\"text-align: justify;\">NOOZHOH: Volvi\u00f3 a encandilarnos con sus tres grand\u00edsimas victorias consecutivas en Madrid. Le esperamos en los nuevos retos de grupo que dej\u00f3 olvidados en Francia pero que seguro retomar\u00e1 a partir de ahora. Confiamos mucho en ti. Gracias por volver!!!<\/p>\n<p style=\"text-align: justify;\">FLADERS FLAME: Se compr\u00f3 casi de saldo por un \u201cequipo portugu\u00e9s\u201d y eso doli\u00f3 a muchos cuando vino a ganar la Poule, pero no tenemos que ruborizarnos al decir que es el mejor tres a\u00f1os de nuestro circuito y con una proyecci\u00f3n endiablada. Enhorabuena a ese gran equipo Portugu\u00e9s!! Espa\u00f1a se le queda peque\u00f1o&#8230;..<\/p>\n<hr \/>\n<p style=\"text-align: justify;\">\n<!-- AddThis Advanced Settings generic via filter on the_content --><!-- AddThis Share Buttons generic via filter on the_content -->","protected":false},"excerpt":{"rendered":"<p>Termina la temporada de primavera con una de las mejores jornadas que hemos podido vivir en el remodelado hip\u00f3dromo de la Zarzuela. Apote\u00f3sico lo vivido en una tarde muy veraniega con m\u00e1s de 30 grados, pero con un aforo de los que se apuntan en el libro de actas en negrita. Espectacular ambiente de domingo-tarde [&hellip;]<!-- AddThis Advanced Settings generic via filter on get_the_excerpt --><!-- AddThis Share Buttons generic via filter on get_the_excerpt --><\/p>\n","protected":false},"author":5,"featured_media":0,"comment_status":"closed","ping_status":"closed","sticky":false,"template":"","format":"gallery","meta":{"_acf_changed":false,"_et_pb_use_builder":"","_et_pb_old_content":"","_et_gb_content_width":"","footnotes":""},"categories":[3],"tags":[],"class_list":["post-2560","post","type-post","status-publish","format-gallery","hentry","category-noticias-cuadra-agrado","post_format-post-format-gallery"],"acf":[],"yoast_head":"<!-- This site is optimized with the Yoast SEO plugin v27.4 - https:\/\/yoast.com\/product\/yoast-seo-wordpress\/ -->\n<title>Apote\u00f3sico fin de temporada de primavera!!!! - Cuadra Agrado<\/title>\n<meta name=\"robots\" content=\"index, follow, max-snippet:-1, max-image-preview:large, max-video-preview:-1\" \/>\n<link rel=\"canonical\" href=\"https:\/\/cuadra-agrado.es\/?p=2560\" \/>\n<meta property=\"og:locale\" content=\"es_ES\" \/>\n<meta property=\"og:type\" content=\"article\" \/>\n<meta property=\"og:title\" content=\"Apote\u00f3sico fin de temporada de primavera!!!! - Cuadra Agrado\" \/>\n<meta property=\"og:description\" content=\"Termina la temporada de primavera con una de las mejores jornadas que hemos podido vivir en el remodelado hip\u00f3dromo de la Zarzuela. Apote\u00f3sico lo vivido en una tarde muy veraniega con m\u00e1s de 30 grados, pero con un aforo de los que se apuntan en el libro de actas en negrita. Espectacular ambiente de domingo-tarde [&hellip;]\" \/>\n<meta property=\"og:url\" content=\"https:\/\/cuadra-agrado.es\/?p=2560\" \/>\n<meta property=\"og:site_name\" content=\"Cuadra Agrado\" \/>\n<meta property=\"article:published_time\" content=\"2016-06-27T10:35:43+00:00\" \/>\n<meta property=\"article:modified_time\" content=\"2024-02-27T09:27:44+00:00\" \/>\n<meta property=\"og:image\" content=\"http:\/\/cuadra-agrado.es\/wp-content\/uploads\/2016\/06\/gpm-300x130.jpg\" \/>\n<meta name=\"author\" content=\"Miguel Redondo\" \/>\n<meta name=\"twitter:card\" content=\"summary_large_image\" \/>\n<meta name=\"twitter:creator\" content=\"@AGRADOracing\" \/>\n<meta name=\"twitter:site\" content=\"@AGRADOracing\" \/>\n<meta name=\"twitter:label1\" content=\"Escrito por\" \/>\n\t<meta name=\"twitter:data1\" content=\"Miguel Redondo\" \/>\n\t<meta name=\"twitter:label2\" content=\"Tiempo de lectura\" \/>\n\t<meta name=\"twitter:data2\" content=\"6 minutos\" \/>\n<script type=\"application\/ld+json\" class=\"yoast-schema-graph\">{\"@context\":\"https:\\\/\\\/schema.org\",\"@graph\":[{\"@type\":\"Article\",\"@id\":\"https:\\\/\\\/cuadra-agrado.es\\\/?p=2560#article\",\"isPartOf\":{\"@id\":\"https:\\\/\\\/cuadra-agrado.es\\\/?p=2560\"},\"author\":{\"name\":\"Miguel Redondo\",\"@id\":\"https:\\\/\\\/cuadra-agrado.es\\\/#\\\/schema\\\/person\\\/3aa4f8d2373cf756d93a5526bc72f31b\"},\"headline\":\"Apote\u00f3sico fin de temporada de primavera!!!!\",\"datePublished\":\"2016-06-27T10:35:43+00:00\",\"dateModified\":\"2024-02-27T09:27:44+00:00\",\"mainEntityOfPage\":{\"@id\":\"https:\\\/\\\/cuadra-agrado.es\\\/?p=2560\"},\"wordCount\":1265,\"image\":{\"@id\":\"https:\\\/\\\/cuadra-agrado.es\\\/?p=2560#primaryimage\"},\"thumbnailUrl\":\"http:\\\/\\\/cuadra-agrado.es\\\/wp-content\\\/uploads\\\/2016\\\/06\\\/gpm-300x130.jpg\",\"articleSection\":[\"Actualidad\"],\"inLanguage\":\"es\"},{\"@type\":\"WebPage\",\"@id\":\"https:\\\/\\\/cuadra-agrado.es\\\/?p=2560\",\"url\":\"https:\\\/\\\/cuadra-agrado.es\\\/?p=2560\",\"name\":\"Apote\u00f3sico fin de temporada de primavera!!!! - Cuadra Agrado\",\"isPartOf\":{\"@id\":\"https:\\\/\\\/cuadra-agrado.es\\\/#website\"},\"primaryImageOfPage\":{\"@id\":\"https:\\\/\\\/cuadra-agrado.es\\\/?p=2560#primaryimage\"},\"image\":{\"@id\":\"https:\\\/\\\/cuadra-agrado.es\\\/?p=2560#primaryimage\"},\"thumbnailUrl\":\"http:\\\/\\\/cuadra-agrado.es\\\/wp-content\\\/uploads\\\/2016\\\/06\\\/gpm-300x130.jpg\",\"datePublished\":\"2016-06-27T10:35:43+00:00\",\"dateModified\":\"2024-02-27T09:27:44+00:00\",\"author\":{\"@id\":\"https:\\\/\\\/cuadra-agrado.es\\\/#\\\/schema\\\/person\\\/3aa4f8d2373cf756d93a5526bc72f31b\"},\"breadcrumb\":{\"@id\":\"https:\\\/\\\/cuadra-agrado.es\\\/?p=2560#breadcrumb\"},\"inLanguage\":\"es\",\"potentialAction\":[{\"@type\":\"ReadAction\",\"target\":[\"https:\\\/\\\/cuadra-agrado.es\\\/?p=2560\"]}]},{\"@type\":\"ImageObject\",\"inLanguage\":\"es\",\"@id\":\"https:\\\/\\\/cuadra-agrado.es\\\/?p=2560#primaryimage\",\"url\":\"http:\\\/\\\/cuadra-agrado.es\\\/wp-content\\\/uploads\\\/2016\\\/06\\\/gpm-300x130.jpg\",\"contentUrl\":\"http:\\\/\\\/cuadra-agrado.es\\\/wp-content\\\/uploads\\\/2016\\\/06\\\/gpm-300x130.jpg\"},{\"@type\":\"BreadcrumbList\",\"@id\":\"https:\\\/\\\/cuadra-agrado.es\\\/?p=2560#breadcrumb\",\"itemListElement\":[{\"@type\":\"ListItem\",\"position\":1,\"name\":\"Portada\",\"item\":\"https:\\\/\\\/cuadra-agrado.es\\\/\"},{\"@type\":\"ListItem\",\"position\":2,\"name\":\"Apote\u00f3sico fin de temporada de primavera!!!!\"}]},{\"@type\":\"WebSite\",\"@id\":\"https:\\\/\\\/cuadra-agrado.es\\\/#website\",\"url\":\"https:\\\/\\\/cuadra-agrado.es\\\/\",\"name\":\"Cuadra Agrado\",\"description\":\"En el mundo del Turf desde 2008\",\"potentialAction\":[{\"@type\":\"SearchAction\",\"target\":{\"@type\":\"EntryPoint\",\"urlTemplate\":\"https:\\\/\\\/cuadra-agrado.es\\\/?s={search_term_string}\"},\"query-input\":{\"@type\":\"PropertyValueSpecification\",\"valueRequired\":true,\"valueName\":\"search_term_string\"}}],\"inLanguage\":\"es\"},{\"@type\":\"Person\",\"@id\":\"https:\\\/\\\/cuadra-agrado.es\\\/#\\\/schema\\\/person\\\/3aa4f8d2373cf756d93a5526bc72f31b\",\"name\":\"Miguel Redondo\",\"image\":{\"@type\":\"ImageObject\",\"inLanguage\":\"es\",\"@id\":\"https:\\\/\\\/secure.gravatar.com\\\/avatar\\\/85704fceb4fa34017e3c1344d182da00dbf772fb8856ba2b7726a2df926415b4?s=96&d=mm&r=g\",\"url\":\"https:\\\/\\\/secure.gravatar.com\\\/avatar\\\/85704fceb4fa34017e3c1344d182da00dbf772fb8856ba2b7726a2df926415b4?s=96&d=mm&r=g\",\"contentUrl\":\"https:\\\/\\\/secure.gravatar.com\\\/avatar\\\/85704fceb4fa34017e3c1344d182da00dbf772fb8856ba2b7726a2df926415b4?s=96&d=mm&r=g\",\"caption\":\"Miguel Redondo\"},\"sameAs\":[\"https:\\\/\\\/cuadra-agrado.es\"],\"url\":\"https:\\\/\\\/cuadra-agrado.es\\\/?author=5\"}]}<\/script>\n<!-- \/ Yoast SEO plugin. -->","yoast_head_json":{"title":"Apote\u00f3sico fin de temporada de primavera!!!! - Cuadra Agrado","robots":{"index":"index","follow":"follow","max-snippet":"max-snippet:-1","max-image-preview":"max-image-preview:large","max-video-preview":"max-video-preview:-1"},"canonical":"https:\/\/cuadra-agrado.es\/?p=2560","og_locale":"es_ES","og_type":"article","og_title":"Apote\u00f3sico fin de temporada de primavera!!!! - Cuadra Agrado","og_description":"Termina la temporada de primavera con una de las mejores jornadas que hemos podido vivir en el remodelado hip\u00f3dromo de la Zarzuela. Apote\u00f3sico lo vivido en una tarde muy veraniega con m\u00e1s de 30 grados, pero con un aforo de los que se apuntan en el libro de actas en negrita. Espectacular ambiente de domingo-tarde [&hellip;]","og_url":"https:\/\/cuadra-agrado.es\/?p=2560","og_site_name":"Cuadra Agrado","article_published_time":"2016-06-27T10:35:43+00:00","article_modified_time":"2024-02-27T09:27:44+00:00","og_image":[{"url":"http:\/\/cuadra-agrado.es\/wp-content\/uploads\/2016\/06\/gpm-300x130.jpg","type":"","width":"","height":""}],"author":"Miguel Redondo","twitter_card":"summary_large_image","twitter_creator":"@AGRADOracing","twitter_site":"@AGRADOracing","twitter_misc":{"Escrito por":"Miguel Redondo","Tiempo de lectura":"6 minutos"},"schema":{"@context":"https:\/\/schema.org","@graph":[{"@type":"Article","@id":"https:\/\/cuadra-agrado.es\/?p=2560#article","isPartOf":{"@id":"https:\/\/cuadra-agrado.es\/?p=2560"},"author":{"name":"Miguel Redondo","@id":"https:\/\/cuadra-agrado.es\/#\/schema\/person\/3aa4f8d2373cf756d93a5526bc72f31b"},"headline":"Apote\u00f3sico fin de temporada de primavera!!!!","datePublished":"2016-06-27T10:35:43+00:00","dateModified":"2024-02-27T09:27:44+00:00","mainEntityOfPage":{"@id":"https:\/\/cuadra-agrado.es\/?p=2560"},"wordCount":1265,"image":{"@id":"https:\/\/cuadra-agrado.es\/?p=2560#primaryimage"},"thumbnailUrl":"http:\/\/cuadra-agrado.es\/wp-content\/uploads\/2016\/06\/gpm-300x130.jpg","articleSection":["Actualidad"],"inLanguage":"es"},{"@type":"WebPage","@id":"https:\/\/cuadra-agrado.es\/?p=2560","url":"https:\/\/cuadra-agrado.es\/?p=2560","name":"Apote\u00f3sico fin de temporada de primavera!!!! - Cuadra Agrado","isPartOf":{"@id":"https:\/\/cuadra-agrado.es\/#website"},"primaryImageOfPage":{"@id":"https:\/\/cuadra-agrado.es\/?p=2560#primaryimage"},"image":{"@id":"https:\/\/cuadra-agrado.es\/?p=2560#primaryimage"},"thumbnailUrl":"http:\/\/cuadra-agrado.es\/wp-content\/uploads\/2016\/06\/gpm-300x130.jpg","datePublished":"2016-06-27T10:35:43+00:00","dateModified":"2024-02-27T09:27:44+00:00","author":{"@id":"https:\/\/cuadra-agrado.es\/#\/schema\/person\/3aa4f8d2373cf756d93a5526bc72f31b"},"breadcrumb":{"@id":"https:\/\/cuadra-agrado.es\/?p=2560#breadcrumb"},"inLanguage":"es","potentialAction":[{"@type":"ReadAction","target":["https:\/\/cuadra-agrado.es\/?p=2560"]}]},{"@type":"ImageObject","inLanguage":"es","@id":"https:\/\/cuadra-agrado.es\/?p=2560#primaryimage","url":"http:\/\/cuadra-agrado.es\/wp-content\/uploads\/2016\/06\/gpm-300x130.jpg","contentUrl":"http:\/\/cuadra-agrado.es\/wp-content\/uploads\/2016\/06\/gpm-300x130.jpg"},{"@type":"BreadcrumbList","@id":"https:\/\/cuadra-agrado.es\/?p=2560#breadcrumb","itemListElement":[{"@type":"ListItem","position":1,"name":"Portada","item":"https:\/\/cuadra-agrado.es\/"},{"@type":"ListItem","position":2,"name":"Apote\u00f3sico fin de temporada de primavera!!!!"}]},{"@type":"WebSite","@id":"https:\/\/cuadra-agrado.es\/#website","url":"https:\/\/cuadra-agrado.es\/","name":"Cuadra Agrado","description":"En el mundo del Turf desde 2008","potentialAction":[{"@type":"SearchAction","target":{"@type":"EntryPoint","urlTemplate":"https:\/\/cuadra-agrado.es\/?s={search_term_string}"},"query-input":{"@type":"PropertyValueSpecification","valueRequired":true,"valueName":"search_term_string"}}],"inLanguage":"es"},{"@type":"Person","@id":"https:\/\/cuadra-agrado.es\/#\/schema\/person\/3aa4f8d2373cf756d93a5526bc72f31b","name":"Miguel Redondo","image":{"@type":"ImageObject","inLanguage":"es","@id":"https:\/\/secure.gravatar.com\/avatar\/85704fceb4fa34017e3c1344d182da00dbf772fb8856ba2b7726a2df926415b4?s=96&d=mm&r=g","url":"https:\/\/secure.gravatar.com\/avatar\/85704fceb4fa34017e3c1344d182da00dbf772fb8856ba2b7726a2df926415b4?s=96&d=mm&r=g","contentUrl":"https:\/\/secure.gravatar.com\/avatar\/85704fceb4fa34017e3c1344d182da00dbf772fb8856ba2b7726a2df926415b4?s=96&d=mm&r=g","caption":"Miguel Redondo"},"sameAs":["https:\/\/cuadra-agrado.es"],"url":"https:\/\/cuadra-agrado.es\/?author=5"}]}},"_links":{"self":[{"href":"https:\/\/cuadra-agrado.es\/index.php?rest_route=\/wp\/v2\/posts\/2560","targetHints":{"allow":["GET"]}}],"collection":[{"href":"https:\/\/cuadra-agrado.es\/index.php?rest_route=\/wp\/v2\/posts"}],"about":[{"href":"https:\/\/cuadra-agrado.es\/index.php?rest_route=\/wp\/v2\/types\/post"}],"author":[{"embeddable":true,"href":"https:\/\/cuadra-agrado.es\/index.php?rest_route=\/wp\/v2\/users\/5"}],"replies":[{"embeddable":true,"href":"https:\/\/cuadra-agrado.es\/index.php?rest_route=%2Fwp%2Fv2%2Fcomments&post=2560"}],"version-history":[{"count":0,"href":"https:\/\/cuadra-agrado.es\/index.php?rest_route=\/wp\/v2\/posts\/2560\/revisions"}],"wp:attachment":[{"href":"https:\/\/cuadra-agrado.es\/index.php?rest_route=%2Fwp%2Fv2%2Fmedia&parent=2560"}],"wp:term":[{"taxonomy":"category","embeddable":true,"href":"https:\/\/cuadra-agrado.es\/index.php?rest_route=%2Fwp%2Fv2%2Fcategories&post=2560"},{"taxonomy":"post_tag","embeddable":true,"href":"https:\/\/cuadra-agrado.es\/index.php?rest_route=%2Fwp%2Fv2%2Ftags&post=2560"}],"curies":[{"name":"wp","href":"https:\/\/api.w.org\/{rel}","templated":true}]}}