{"id":2529,"date":"2016-06-20T09:49:23","date_gmt":"2016-06-20T08:49:23","guid":{"rendered":"https:\/\/cuadra-agrado.es\/?p=2529"},"modified":"2024-02-27T09:27:44","modified_gmt":"2024-02-27T09:27:44","slug":"noozhoh-vuelve-volar-carudel","status":"publish","type":"post","link":"https:\/\/cuadra-agrado.es\/?p=2529","title":{"rendered":"Noozhoh vuelve a volar en el Carudel"},"content":{"rendered":"<p style=\"text-align: justify;\">Se estr<a href=\"http:\/\/cuadra-agrado.es\/wp-content\/uploads\/2016\/06\/noozhoh.jpg\"><img loading=\"lazy\" decoding=\"async\" class=\"alignleft wp-image-2530 \" src=\"http:\/\/cuadra-agrado.es\/wp-content\/uploads\/2016\/06\/noozhoh-300x133.jpg\" alt=\"noozhoh\" width=\"395\" height=\"175\" \/><\/a>enaba la nueva y espectacular \u201cPellouse\u201d en nuestro hip\u00f3dromo en el mismo d\u00eda que llegaba uno de los d\u00edas m\u00e1s emotivos y conmovedores de nuestro turf\u2026. el homenaje a un grande cuyo premio llevar\u00e1 su nombre para la eternidad \u201cClaudio Carudel\u201d. Y como no pod\u00eda ser de otra forma, este Gran Premio lo gan\u00f3 el m\u00e1s grande, un \u201cchico de barrio\u201d, ese caballo que a todos nos tiene encandilados desde que a sus dos a\u00f1itos lograra codearse con la nobleza europea y hacer que nuestro turf sonar\u00e1 tambi\u00e9n muy lejos de nuestras fronteras.<\/p>\n<p style=\"text-align: justify;\">S\u00ed Se\u00f1or, \u201cNoozhoh Canarias\u201d puso orden en un desmelenado lote del \u201cCarudel 2016\u201d para hacerse con una enorme victoria de principio a fin acallando las pocas voces que todav\u00eda quedaban sin convencer en nuestro recinto. No s\u00e9 si me alegro m\u00e1s por el caballo que ha vuelto a demostrar su enorme valor, por sus propietarios a los que les tengo un cari\u00f1o muy especial, por su preparador por su plena confianza, esfuerzo y enorme trabajo, o por la afici\u00f3n que siempre le hemos tenido como una peque\u00f1a parte nuestra.<\/p>\n<p style=\"text-align: justify;\">\u201cUrgull\u201d del que tanto se habl\u00f3 durante m\u00e1s de dos semanas no fue finalmente de la partida y \u201cNoozhoh\u201d puso su mejor ritmo en punta desde cajones, un ritmo selectivo y machac\u00f3n que hizo desfondar a sus rivales como fue el caso de \u201cAlaraz\u201d que tras m\u00e1s de la mitad de la carrera detr\u00e1s de su grupa, lleg\u00f3 sin aire fresco para afrontar la \u00faltima recta. Inici\u00f3 la recta definitiva apenas con un cuerpo de ventaja sobre un numeroso grupo que ven\u00edan con el cuchillo afilado, todos quer\u00edan batir al \u201ccaballo\u201d, pero sus \u00faltimos 400 metros fueron deleite para la grada.. qu\u00e9 acci\u00f3n, qu\u00e9 tranco, qu\u00e9 belleza de galope, qu\u00e9 caballo de grupo por Dios!!!<\/p>\n<p style=\"text-align: justify;\">No s\u00e9 qu\u00e9 har\u00e1n sus responsables, no s\u00e9 sus pr\u00f3ximos objetivos, pero \u201cNoozhoh\u201d ha vuelto a reconquistar a la afici\u00f3n tal y como lo hiciera hace tres a\u00f1os, y ahora toca reconquistar la gloria y volver a codearse con la nobleza europea. Vamos a por ello, como luce en su eslogan su propietario\u2026 \u201ctarde o temprano, llegar\u00e1\u201d<\/p>\n<p style=\"text-align: justify;\">Reconocimiento tambi\u00e9n muy especial al peque\u00f1o del lote \u201cFlanders Flame\u201d. Ese tres a\u00f1os de bandera portuguesa que con esta confirma su espl\u00e9ndido \u201cCimera 2016\u201d y que se alz\u00f3 con un muy meritorio segundo puesto a menos de dos cuerpos del ganador. Hab\u00eda dudas de su valor a\u00fan incluso conquistando el preciado t\u00edtulo de la edad cl\u00e1sica, pero todas esas dudas se despejaron definitivamente en el d\u00eda de ayer y podemos decir en total confianza que ser\u00e1 uno de los referentes de futuro. El tr\u00edo lo completo el que viajaba desde Francia, pero que lleva siempre la bandera espa\u00f1ola como estandarte, \u201cZuberoa\u201d de los amigos de \u201cSpanish Racing Club\u201d que en su versi\u00f3n 3.0 contin\u00faan dando muchas alegr\u00edas a sus socios y que con este caballo de f\u00edsico impresionante est\u00e1n en la mejor disposici\u00f3n para afrontar grandes retos en Francia.<\/p>\n<p style=\"text-align: justify;\"><a href=\"http:\/\/cuadra-agrado.es\/wp-content\/uploads\/2016\/06\/Image-1.jpg\"><img loading=\"lazy\" decoding=\"async\" class=\"alignright wp-image-2531 \" src=\"http:\/\/cuadra-agrado.es\/wp-content\/uploads\/2016\/06\/Image-1-300x156.jpg\" alt=\"Image-1\" width=\"365\" height=\"190\" \/><\/a>Por lo que respecta a nuestra cuadra, ayer vivimos en la segunda del d\u00eda la despedida de Rany\u00e1n en esta primavera. Buscaba \u201cEl flaco\u201d su segunda consecutiva e irse al prado con la cabeza muy alta, pero no pudo ser y la mala fortuna en gran parte del recorrido le hizo acabar detr\u00e1s del ganador de la prueba. Salir por el caj\u00f3n 1 nos hizo desde el principio galopar por carriles interiores, no pudo nunca ver la pista que necesita y alejarse de los palos para su remate final.<\/p>\n<p style=\"text-align: justify;\">La carrera tuvo un ritmo lento impuesto por el puntero \u201cSampeder\u201d que hizo que el grupo fuera muy compacto y que Fayos no encontrara el momento ni el espacio para salir de los palos durante el recorrido. As\u00ed lleg\u00f3 hasta la entrada en la recta en la que finalmente tuvo que mantenerse por dentro para no perder metros y esperar a encontrar el hueco para buscar su remate. Lamentablemente el hueco se abri\u00f3 ya cerca de los 200 finales y para entonces el ganador \u201cTap\u00f3n de Oro\u201d ya ven\u00eda muy lanzado en su remate exterior y esto a\u00f1adido a un ritmo tan lento y cuatro kilos menos en su montura, el envite estaba ya resuelto a su favor. Nos quedamos con un muy digno segundo de despedida y con la tremenda humildad de un grand\u00edsimo JOCKEY como Borja Fayos\u2026..<br \/>\nQue despu\u00e9s de \u00a0digerir una tarde sin \u00e9xitos te llame por tel\u00e9fono y te pida disculpas, sin tener que hacerlo en ning\u00fan caso, merece toda la admiraci\u00f3n y respeto por nuestra parte a un profesional como la copa de un pino. Gracias crack, pero no tienes que disculparte por nada, siempre es un placer y un orgullo contar con tu monta.<\/p>\n<p style=\"text-align: justify;\">Y para terminar la etapa de \u201cRany\u00e1n\u201d agradecimiento a nuestro \u201ctrainer\u201d Juan Luis Maroto y todo su equipo que finalmente lograron su objetivo con \u201cel flaco\u201d rentabilizando la vuelta a competici\u00f3n en una magnifica temporada primaveral con una victoria, dos segundos y dos quintos en sus cinco salidas. A\u00fan no tenemos definido si podremos verle este pr\u00f3ximo oto\u00f1o de vuelta o de nuevo en la pr\u00f3xima primavera, \u00e9l mismo nos dir\u00e1 cuando quiere volver\u2026<\/p>\n<p style=\"text-align: justify;\">Toca descanso ahora amigo, a partir de ahora nos veremos por el prado en lugar de las pistas. Gracias por tu honradez y por tu voluntad, has dejado huella en el patio del nuevo entrenador por ser como eres, seguramente no llamas mucho la atenci\u00f3n en el paddock, pero para nosotros sigues siendo nuestro ojito derecho.<\/p>\n<hr \/>\n<p style=\"text-align: justify;\">\n<!-- AddThis Advanced Settings generic via filter on the_content --><!-- AddThis Share Buttons generic via filter on the_content -->","protected":false},"excerpt":{"rendered":"<p>Se estrenaba la nueva y espectacular \u201cPellouse\u201d en nuestro hip\u00f3dromo en el mismo d\u00eda que llegaba uno de los d\u00edas m\u00e1s emotivos y conmovedores de nuestro turf\u2026. el homenaje a un grande cuyo premio llevar\u00e1 su nombre para la eternidad \u201cClaudio Carudel\u201d. Y como no pod\u00eda ser de otra forma, este Gran Premio lo gan\u00f3 [&hellip;]<!-- AddThis Advanced Settings generic via filter on get_the_excerpt --><!-- AddThis Share Buttons generic via filter on get_the_excerpt --><\/p>\n","protected":false},"author":5,"featured_media":0,"comment_status":"closed","ping_status":"closed","sticky":false,"template":"","format":"gallery","meta":{"_acf_changed":false,"_et_pb_use_builder":"","_et_pb_old_content":"","_et_gb_content_width":"","footnotes":""},"categories":[3],"tags":[],"class_list":["post-2529","post","type-post","status-publish","format-gallery","hentry","category-noticias-cuadra-agrado","post_format-post-format-gallery"],"acf":[],"yoast_head":"<!-- This site is optimized with the Yoast SEO plugin v27.4 - https:\/\/yoast.com\/product\/yoast-seo-wordpress\/ -->\n<title>Noozhoh vuelve a volar en el Carudel - Cuadra Agrado<\/title>\n<meta name=\"robots\" content=\"index, follow, max-snippet:-1, max-image-preview:large, max-video-preview:-1\" \/>\n<link rel=\"canonical\" href=\"https:\/\/cuadra-agrado.es\/?p=2529\" \/>\n<meta property=\"og:locale\" content=\"es_ES\" \/>\n<meta property=\"og:type\" content=\"article\" \/>\n<meta property=\"og:title\" content=\"Noozhoh vuelve a volar en el Carudel - Cuadra Agrado\" \/>\n<meta property=\"og:description\" content=\"Se estrenaba la nueva y espectacular \u201cPellouse\u201d en nuestro hip\u00f3dromo en el mismo d\u00eda que llegaba uno de los d\u00edas m\u00e1s emotivos y conmovedores de nuestro turf\u2026. el homenaje a un grande cuyo premio llevar\u00e1 su nombre para la eternidad \u201cClaudio Carudel\u201d. Y como no pod\u00eda ser de otra forma, este Gran Premio lo gan\u00f3 [&hellip;]\" \/>\n<meta property=\"og:url\" content=\"https:\/\/cuadra-agrado.es\/?p=2529\" \/>\n<meta property=\"og:site_name\" content=\"Cuadra Agrado\" \/>\n<meta property=\"article:published_time\" content=\"2016-06-20T08:49:23+00:00\" \/>\n<meta property=\"article:modified_time\" content=\"2024-02-27T09:27:44+00:00\" \/>\n<meta property=\"og:image\" content=\"http:\/\/cuadra-agrado.es\/wp-content\/uploads\/2016\/06\/noozhoh-300x133.jpg\" \/>\n<meta name=\"author\" content=\"Miguel Redondo\" \/>\n<meta name=\"twitter:card\" content=\"summary_large_image\" \/>\n<meta name=\"twitter:creator\" content=\"@AGRADOracing\" \/>\n<meta name=\"twitter:site\" content=\"@AGRADOracing\" \/>\n<meta name=\"twitter:label1\" content=\"Escrito por\" \/>\n\t<meta name=\"twitter:data1\" content=\"Miguel Redondo\" \/>\n\t<meta name=\"twitter:label2\" content=\"Tiempo de lectura\" \/>\n\t<meta name=\"twitter:data2\" content=\"5 minutos\" \/>\n<script type=\"application\/ld+json\" class=\"yoast-schema-graph\">{\"@context\":\"https:\\\/\\\/schema.org\",\"@graph\":[{\"@type\":\"Article\",\"@id\":\"https:\\\/\\\/cuadra-agrado.es\\\/?p=2529#article\",\"isPartOf\":{\"@id\":\"https:\\\/\\\/cuadra-agrado.es\\\/?p=2529\"},\"author\":{\"name\":\"Miguel Redondo\",\"@id\":\"https:\\\/\\\/cuadra-agrado.es\\\/#\\\/schema\\\/person\\\/3aa4f8d2373cf756d93a5526bc72f31b\"},\"headline\":\"Noozhoh vuelve a volar en el Carudel\",\"datePublished\":\"2016-06-20T08:49:23+00:00\",\"dateModified\":\"2024-02-27T09:27:44+00:00\",\"mainEntityOfPage\":{\"@id\":\"https:\\\/\\\/cuadra-agrado.es\\\/?p=2529\"},\"wordCount\":976,\"image\":{\"@id\":\"https:\\\/\\\/cuadra-agrado.es\\\/?p=2529#primaryimage\"},\"thumbnailUrl\":\"http:\\\/\\\/cuadra-agrado.es\\\/wp-content\\\/uploads\\\/2016\\\/06\\\/noozhoh-300x133.jpg\",\"articleSection\":[\"Actualidad\"],\"inLanguage\":\"es\"},{\"@type\":\"WebPage\",\"@id\":\"https:\\\/\\\/cuadra-agrado.es\\\/?p=2529\",\"url\":\"https:\\\/\\\/cuadra-agrado.es\\\/?p=2529\",\"name\":\"Noozhoh vuelve a volar en el Carudel - Cuadra Agrado\",\"isPartOf\":{\"@id\":\"https:\\\/\\\/cuadra-agrado.es\\\/#website\"},\"primaryImageOfPage\":{\"@id\":\"https:\\\/\\\/cuadra-agrado.es\\\/?p=2529#primaryimage\"},\"image\":{\"@id\":\"https:\\\/\\\/cuadra-agrado.es\\\/?p=2529#primaryimage\"},\"thumbnailUrl\":\"http:\\\/\\\/cuadra-agrado.es\\\/wp-content\\\/uploads\\\/2016\\\/06\\\/noozhoh-300x133.jpg\",\"datePublished\":\"2016-06-20T08:49:23+00:00\",\"dateModified\":\"2024-02-27T09:27:44+00:00\",\"author\":{\"@id\":\"https:\\\/\\\/cuadra-agrado.es\\\/#\\\/schema\\\/person\\\/3aa4f8d2373cf756d93a5526bc72f31b\"},\"breadcrumb\":{\"@id\":\"https:\\\/\\\/cuadra-agrado.es\\\/?p=2529#breadcrumb\"},\"inLanguage\":\"es\",\"potentialAction\":[{\"@type\":\"ReadAction\",\"target\":[\"https:\\\/\\\/cuadra-agrado.es\\\/?p=2529\"]}]},{\"@type\":\"ImageObject\",\"inLanguage\":\"es\",\"@id\":\"https:\\\/\\\/cuadra-agrado.es\\\/?p=2529#primaryimage\",\"url\":\"http:\\\/\\\/cuadra-agrado.es\\\/wp-content\\\/uploads\\\/2016\\\/06\\\/noozhoh-300x133.jpg\",\"contentUrl\":\"http:\\\/\\\/cuadra-agrado.es\\\/wp-content\\\/uploads\\\/2016\\\/06\\\/noozhoh-300x133.jpg\"},{\"@type\":\"BreadcrumbList\",\"@id\":\"https:\\\/\\\/cuadra-agrado.es\\\/?p=2529#breadcrumb\",\"itemListElement\":[{\"@type\":\"ListItem\",\"position\":1,\"name\":\"Portada\",\"item\":\"https:\\\/\\\/cuadra-agrado.es\\\/\"},{\"@type\":\"ListItem\",\"position\":2,\"name\":\"Noozhoh vuelve a volar en el Carudel\"}]},{\"@type\":\"WebSite\",\"@id\":\"https:\\\/\\\/cuadra-agrado.es\\\/#website\",\"url\":\"https:\\\/\\\/cuadra-agrado.es\\\/\",\"name\":\"Cuadra Agrado\",\"description\":\"En el mundo del Turf desde 2008\",\"potentialAction\":[{\"@type\":\"SearchAction\",\"target\":{\"@type\":\"EntryPoint\",\"urlTemplate\":\"https:\\\/\\\/cuadra-agrado.es\\\/?s={search_term_string}\"},\"query-input\":{\"@type\":\"PropertyValueSpecification\",\"valueRequired\":true,\"valueName\":\"search_term_string\"}}],\"inLanguage\":\"es\"},{\"@type\":\"Person\",\"@id\":\"https:\\\/\\\/cuadra-agrado.es\\\/#\\\/schema\\\/person\\\/3aa4f8d2373cf756d93a5526bc72f31b\",\"name\":\"Miguel Redondo\",\"image\":{\"@type\":\"ImageObject\",\"inLanguage\":\"es\",\"@id\":\"https:\\\/\\\/secure.gravatar.com\\\/avatar\\\/85704fceb4fa34017e3c1344d182da00dbf772fb8856ba2b7726a2df926415b4?s=96&d=mm&r=g\",\"url\":\"https:\\\/\\\/secure.gravatar.com\\\/avatar\\\/85704fceb4fa34017e3c1344d182da00dbf772fb8856ba2b7726a2df926415b4?s=96&d=mm&r=g\",\"contentUrl\":\"https:\\\/\\\/secure.gravatar.com\\\/avatar\\\/85704fceb4fa34017e3c1344d182da00dbf772fb8856ba2b7726a2df926415b4?s=96&d=mm&r=g\",\"caption\":\"Miguel Redondo\"},\"sameAs\":[\"https:\\\/\\\/cuadra-agrado.es\"],\"url\":\"https:\\\/\\\/cuadra-agrado.es\\\/?author=5\"}]}<\/script>\n<!-- \/ Yoast SEO plugin. -->","yoast_head_json":{"title":"Noozhoh vuelve a volar en el Carudel - Cuadra Agrado","robots":{"index":"index","follow":"follow","max-snippet":"max-snippet:-1","max-image-preview":"max-image-preview:large","max-video-preview":"max-video-preview:-1"},"canonical":"https:\/\/cuadra-agrado.es\/?p=2529","og_locale":"es_ES","og_type":"article","og_title":"Noozhoh vuelve a volar en el Carudel - Cuadra Agrado","og_description":"Se estrenaba la nueva y espectacular \u201cPellouse\u201d en nuestro hip\u00f3dromo en el mismo d\u00eda que llegaba uno de los d\u00edas m\u00e1s emotivos y conmovedores de nuestro turf\u2026. el homenaje a un grande cuyo premio llevar\u00e1 su nombre para la eternidad \u201cClaudio Carudel\u201d. Y como no pod\u00eda ser de otra forma, este Gran Premio lo gan\u00f3 [&hellip;]","og_url":"https:\/\/cuadra-agrado.es\/?p=2529","og_site_name":"Cuadra Agrado","article_published_time":"2016-06-20T08:49:23+00:00","article_modified_time":"2024-02-27T09:27:44+00:00","og_image":[{"url":"http:\/\/cuadra-agrado.es\/wp-content\/uploads\/2016\/06\/noozhoh-300x133.jpg","type":"","width":"","height":""}],"author":"Miguel Redondo","twitter_card":"summary_large_image","twitter_creator":"@AGRADOracing","twitter_site":"@AGRADOracing","twitter_misc":{"Escrito por":"Miguel Redondo","Tiempo de lectura":"5 minutos"},"schema":{"@context":"https:\/\/schema.org","@graph":[{"@type":"Article","@id":"https:\/\/cuadra-agrado.es\/?p=2529#article","isPartOf":{"@id":"https:\/\/cuadra-agrado.es\/?p=2529"},"author":{"name":"Miguel Redondo","@id":"https:\/\/cuadra-agrado.es\/#\/schema\/person\/3aa4f8d2373cf756d93a5526bc72f31b"},"headline":"Noozhoh vuelve a volar en el Carudel","datePublished":"2016-06-20T08:49:23+00:00","dateModified":"2024-02-27T09:27:44+00:00","mainEntityOfPage":{"@id":"https:\/\/cuadra-agrado.es\/?p=2529"},"wordCount":976,"image":{"@id":"https:\/\/cuadra-agrado.es\/?p=2529#primaryimage"},"thumbnailUrl":"http:\/\/cuadra-agrado.es\/wp-content\/uploads\/2016\/06\/noozhoh-300x133.jpg","articleSection":["Actualidad"],"inLanguage":"es"},{"@type":"WebPage","@id":"https:\/\/cuadra-agrado.es\/?p=2529","url":"https:\/\/cuadra-agrado.es\/?p=2529","name":"Noozhoh vuelve a volar en el Carudel - Cuadra Agrado","isPartOf":{"@id":"https:\/\/cuadra-agrado.es\/#website"},"primaryImageOfPage":{"@id":"https:\/\/cuadra-agrado.es\/?p=2529#primaryimage"},"image":{"@id":"https:\/\/cuadra-agrado.es\/?p=2529#primaryimage"},"thumbnailUrl":"http:\/\/cuadra-agrado.es\/wp-content\/uploads\/2016\/06\/noozhoh-300x133.jpg","datePublished":"2016-06-20T08:49:23+00:00","dateModified":"2024-02-27T09:27:44+00:00","author":{"@id":"https:\/\/cuadra-agrado.es\/#\/schema\/person\/3aa4f8d2373cf756d93a5526bc72f31b"},"breadcrumb":{"@id":"https:\/\/cuadra-agrado.es\/?p=2529#breadcrumb"},"inLanguage":"es","potentialAction":[{"@type":"ReadAction","target":["https:\/\/cuadra-agrado.es\/?p=2529"]}]},{"@type":"ImageObject","inLanguage":"es","@id":"https:\/\/cuadra-agrado.es\/?p=2529#primaryimage","url":"http:\/\/cuadra-agrado.es\/wp-content\/uploads\/2016\/06\/noozhoh-300x133.jpg","contentUrl":"http:\/\/cuadra-agrado.es\/wp-content\/uploads\/2016\/06\/noozhoh-300x133.jpg"},{"@type":"BreadcrumbList","@id":"https:\/\/cuadra-agrado.es\/?p=2529#breadcrumb","itemListElement":[{"@type":"ListItem","position":1,"name":"Portada","item":"https:\/\/cuadra-agrado.es\/"},{"@type":"ListItem","position":2,"name":"Noozhoh vuelve a volar en el Carudel"}]},{"@type":"WebSite","@id":"https:\/\/cuadra-agrado.es\/#website","url":"https:\/\/cuadra-agrado.es\/","name":"Cuadra Agrado","description":"En el mundo del Turf desde 2008","potentialAction":[{"@type":"SearchAction","target":{"@type":"EntryPoint","urlTemplate":"https:\/\/cuadra-agrado.es\/?s={search_term_string}"},"query-input":{"@type":"PropertyValueSpecification","valueRequired":true,"valueName":"search_term_string"}}],"inLanguage":"es"},{"@type":"Person","@id":"https:\/\/cuadra-agrado.es\/#\/schema\/person\/3aa4f8d2373cf756d93a5526bc72f31b","name":"Miguel Redondo","image":{"@type":"ImageObject","inLanguage":"es","@id":"https:\/\/secure.gravatar.com\/avatar\/85704fceb4fa34017e3c1344d182da00dbf772fb8856ba2b7726a2df926415b4?s=96&d=mm&r=g","url":"https:\/\/secure.gravatar.com\/avatar\/85704fceb4fa34017e3c1344d182da00dbf772fb8856ba2b7726a2df926415b4?s=96&d=mm&r=g","contentUrl":"https:\/\/secure.gravatar.com\/avatar\/85704fceb4fa34017e3c1344d182da00dbf772fb8856ba2b7726a2df926415b4?s=96&d=mm&r=g","caption":"Miguel Redondo"},"sameAs":["https:\/\/cuadra-agrado.es"],"url":"https:\/\/cuadra-agrado.es\/?author=5"}]}},"_links":{"self":[{"href":"https:\/\/cuadra-agrado.es\/index.php?rest_route=\/wp\/v2\/posts\/2529","targetHints":{"allow":["GET"]}}],"collection":[{"href":"https:\/\/cuadra-agrado.es\/index.php?rest_route=\/wp\/v2\/posts"}],"about":[{"href":"https:\/\/cuadra-agrado.es\/index.php?rest_route=\/wp\/v2\/types\/post"}],"author":[{"embeddable":true,"href":"https:\/\/cuadra-agrado.es\/index.php?rest_route=\/wp\/v2\/users\/5"}],"replies":[{"embeddable":true,"href":"https:\/\/cuadra-agrado.es\/index.php?rest_route=%2Fwp%2Fv2%2Fcomments&post=2529"}],"version-history":[{"count":0,"href":"https:\/\/cuadra-agrado.es\/index.php?rest_route=\/wp\/v2\/posts\/2529\/revisions"}],"wp:attachment":[{"href":"https:\/\/cuadra-agrado.es\/index.php?rest_route=%2Fwp%2Fv2%2Fmedia&parent=2529"}],"wp:term":[{"taxonomy":"category","embeddable":true,"href":"https:\/\/cuadra-agrado.es\/index.php?rest_route=%2Fwp%2Fv2%2Fcategories&post=2529"},{"taxonomy":"post_tag","embeddable":true,"href":"https:\/\/cuadra-agrado.es\/index.php?rest_route=%2Fwp%2Fv2%2Ftags&post=2529"}],"curies":[{"name":"wp","href":"https:\/\/api.w.org\/{rel}","templated":true}]}}