{"id":2469,"date":"2016-06-07T11:42:52","date_gmt":"2016-06-07T10:42:52","guid":{"rendered":"https:\/\/cuadra-agrado.es\/?p=2469"},"modified":"2024-02-27T09:27:44","modified_gmt":"2024-02-27T09:27:44","slug":"hakan-nueva-adquisicion-colores","status":"publish","type":"post","link":"https:\/\/cuadra-agrado.es\/?p=2469","title":{"rendered":"\u00abHak\u00e1n\u00bb, nueva adquisici\u00f3n para nuestros colores!!!"},"content":{"rendered":"<p style=\"text-align: justify;\"><a href=\"http:\/\/cuadra-agrado.es\/wp-content\/uploads\/2016\/06\/hakan.jpg\" target=\"_blank\" rel=\"noopener noreferrer\"><img loading=\"lazy\" decoding=\"async\" class=\"alignleft wp-image-2470 size-medium\" src=\"http:\/\/cuadra-agrado.es\/wp-content\/uploads\/2016\/06\/hakan-300x225.jpg\" alt=\"hakan\" width=\"300\" height=\"225\" \/><\/a>En el d\u00eda de hoy, y tras el pertinente reconocimiento veterinario, ha quedado confirmada nuestra nueva adquisici\u00f3n para defender nuestros colores y que pasa desde hoy mismo al patio de nuestro preparador Juan Luis Maroto. Un GB dos a\u00f1os de nombre <strong><a href=\"http:\/\/www.tattersalls.ie\/sales\/sept2015\/00000634.pdf\" target=\"_blank\" rel=\"noopener noreferrer\">\u201cHakan\u201d<\/a><\/strong> (por Intense Focus &amp; Positive Spin) proveniente de la Cuadra Santa Ana y que ha estado trabajando con Ana Imaz en Lasarte desde su adquisici\u00f3n en la subasta del pasado oto\u00f1o en Tattersalls. Primer producto de una madre no corredora por la l\u00ednea del gran \u201cDalakhany\u201d que mezcla en sus or\u00edgenes velocidad, precocidad y fondo.<br \/>\nUna mezcla que quiz\u00e1s pueda ser arriesgada al tratarse de un primer producto, pero que nos infunde confianza de futuro viendo su debut el pasado domingo en la pista de Madrid donde tras unos primeros muy verdes 500 metros, supo rematar con una bonita acci\u00f3n en los \u00faltimos doscientos mostr\u00e1ndonos un primer \u00e1pice de la calidad que lleva dentro y terminando con un ritmo incluso por encima de los dos punteros que coparon la gemela. Seguramente no estaba ese d\u00eda para recibir su bautismo, pero la falta de potros en esa cariacontecida carrera de tan solo cuatro efectivos, hizo a su entonces propietario sacarlo a pista y aprovechar un primer trabajo en la hierba con munici\u00f3n de fogueo. Tiene por tanto mucho margen de mejora a partir de esta y seguramente a\u00fan m\u00e1s en un recorrido con curva que en la interminable l\u00ednea recta de Madrid. F\u00edsico m\u00e1s bien peque\u00f1o al tratarse de un primer producto, pero muy compacto, bien aplomado, aparentemente sano y con la cabeza bien amueblada como lo demuestra su puesta en marcha y recorrido posterior en un para nosotros apresurado debut.<br \/>\nTras el triste desmantelamiento de nuestra cuadra el pasado a\u00f1o por motivos por todos conocidos, buscamos con esta nueva adquisici\u00f3n un nuevo dos a\u00f1os que acompa\u00f1e en batallas a nuestra primera apuesta \u201cParisien Blue\u201d y complete nuestro plantel para ofrecernos nuevas ilusiones en lo que queda de a\u00f1o y mucho m\u00e1s a\u00fan, si la suerte nos acompa\u00f1a, en su edad cl\u00e1sica para el pr\u00f3ximo. A falta de las valoraciones y programa de nuestra preparaci\u00f3n, seguramente podremos verles a ambos salir a pista en la temporada donostiarra que reci\u00e9n ha comenzado y en la que esperamos el debut de \u201cParisien Blue\u201d que una vez formado f\u00edsicamente, se muestra ya muy serio en los trabajos de la ma\u00f1ana y que poco a poco incrementa su ritmo para poder ofrecernos un esperado e ilusionante debut.<\/p>\n<p style=\"text-align: justify;\">Ilusiones renovadas por tanto para nuestros colores que junto a nuestros viejos persistentes y casi eternos \u201cValiant Blue\u201d y \u201cRany\u00e1n\u201d, ambos ganadores de nuevo en este a\u00f1o, nos motivan para dar un paso hacia adelante, comenzar un nuevo proyecto y aportar nuestro granito de arena a un turf nacional en el que seguimos confiando y apostando a\u00fan con todas las dificultades y desequilibrios que atraviesa nuestro fascinante pero lamentablemente muy poco respetado y desunido sector.<\/p>\n<hr \/>\n<p style=\"text-align: justify;\">\n<!-- AddThis Advanced Settings generic via filter on the_content --><!-- AddThis Share Buttons generic via filter on the_content -->","protected":false},"excerpt":{"rendered":"<p>En el d\u00eda de hoy, y tras el pertinente reconocimiento veterinario, ha quedado confirmada nuestra nueva adquisici\u00f3n para defender nuestros colores y que pasa desde hoy mismo al patio de nuestro preparador Juan Luis Maroto. Un GB dos a\u00f1os de nombre \u201cHakan\u201d (por Intense Focus &amp; Positive Spin) proveniente de la Cuadra Santa Ana y [&hellip;]<!-- AddThis Advanced Settings generic via filter on get_the_excerpt --><!-- AddThis Share Buttons generic via filter on get_the_excerpt --><\/p>\n","protected":false},"author":5,"featured_media":0,"comment_status":"closed","ping_status":"closed","sticky":false,"template":"","format":"gallery","meta":{"_acf_changed":false,"_et_pb_use_builder":"","_et_pb_old_content":"","_et_gb_content_width":"","footnotes":""},"categories":[3],"tags":[],"class_list":["post-2469","post","type-post","status-publish","format-gallery","hentry","category-noticias-cuadra-agrado","post_format-post-format-gallery"],"acf":[],"yoast_head":"<!-- This site is optimized with the Yoast SEO plugin v27.4 - https:\/\/yoast.com\/product\/yoast-seo-wordpress\/ -->\n<title>&quot;Hak\u00e1n&quot;, nueva adquisici\u00f3n para nuestros colores!!! - Cuadra Agrado<\/title>\n<meta name=\"robots\" content=\"index, follow, max-snippet:-1, max-image-preview:large, max-video-preview:-1\" \/>\n<link rel=\"canonical\" href=\"https:\/\/cuadra-agrado.es\/?p=2469\" \/>\n<meta property=\"og:locale\" content=\"es_ES\" \/>\n<meta property=\"og:type\" content=\"article\" \/>\n<meta property=\"og:title\" content=\"&quot;Hak\u00e1n&quot;, nueva adquisici\u00f3n para nuestros colores!!! - Cuadra Agrado\" \/>\n<meta property=\"og:description\" content=\"En el d\u00eda de hoy, y tras el pertinente reconocimiento veterinario, ha quedado confirmada nuestra nueva adquisici\u00f3n para defender nuestros colores y que pasa desde hoy mismo al patio de nuestro preparador Juan Luis Maroto. Un GB dos a\u00f1os de nombre \u201cHakan\u201d (por Intense Focus &amp; Positive Spin) proveniente de la Cuadra Santa Ana y [&hellip;]\" \/>\n<meta property=\"og:url\" content=\"https:\/\/cuadra-agrado.es\/?p=2469\" \/>\n<meta property=\"og:site_name\" content=\"Cuadra Agrado\" \/>\n<meta property=\"article:published_time\" content=\"2016-06-07T10:42:52+00:00\" \/>\n<meta property=\"article:modified_time\" content=\"2024-02-27T09:27:44+00:00\" \/>\n<meta property=\"og:image\" content=\"http:\/\/cuadra-agrado.es\/wp-content\/uploads\/2016\/06\/hakan-300x225.jpg\" \/>\n<meta name=\"author\" content=\"Miguel Redondo\" \/>\n<meta name=\"twitter:card\" content=\"summary_large_image\" \/>\n<meta name=\"twitter:creator\" content=\"@AGRADOracing\" \/>\n<meta name=\"twitter:site\" content=\"@AGRADOracing\" \/>\n<meta name=\"twitter:label1\" content=\"Escrito por\" \/>\n\t<meta name=\"twitter:data1\" content=\"Miguel Redondo\" \/>\n\t<meta name=\"twitter:label2\" content=\"Tiempo de lectura\" \/>\n\t<meta name=\"twitter:data2\" content=\"3 minutos\" \/>\n<script type=\"application\/ld+json\" class=\"yoast-schema-graph\">{\"@context\":\"https:\\\/\\\/schema.org\",\"@graph\":[{\"@type\":\"Article\",\"@id\":\"https:\\\/\\\/cuadra-agrado.es\\\/?p=2469#article\",\"isPartOf\":{\"@id\":\"https:\\\/\\\/cuadra-agrado.es\\\/?p=2469\"},\"author\":{\"name\":\"Miguel Redondo\",\"@id\":\"https:\\\/\\\/cuadra-agrado.es\\\/#\\\/schema\\\/person\\\/3aa4f8d2373cf756d93a5526bc72f31b\"},\"headline\":\"\u00abHak\u00e1n\u00bb, nueva adquisici\u00f3n para nuestros colores!!!\",\"datePublished\":\"2016-06-07T10:42:52+00:00\",\"dateModified\":\"2024-02-27T09:27:44+00:00\",\"mainEntityOfPage\":{\"@id\":\"https:\\\/\\\/cuadra-agrado.es\\\/?p=2469\"},\"wordCount\":531,\"image\":{\"@id\":\"https:\\\/\\\/cuadra-agrado.es\\\/?p=2469#primaryimage\"},\"thumbnailUrl\":\"http:\\\/\\\/cuadra-agrado.es\\\/wp-content\\\/uploads\\\/2016\\\/06\\\/hakan-300x225.jpg\",\"articleSection\":[\"Actualidad\"],\"inLanguage\":\"es\"},{\"@type\":\"WebPage\",\"@id\":\"https:\\\/\\\/cuadra-agrado.es\\\/?p=2469\",\"url\":\"https:\\\/\\\/cuadra-agrado.es\\\/?p=2469\",\"name\":\"\\\"Hak\u00e1n\\\", nueva adquisici\u00f3n para nuestros colores!!! - Cuadra Agrado\",\"isPartOf\":{\"@id\":\"https:\\\/\\\/cuadra-agrado.es\\\/#website\"},\"primaryImageOfPage\":{\"@id\":\"https:\\\/\\\/cuadra-agrado.es\\\/?p=2469#primaryimage\"},\"image\":{\"@id\":\"https:\\\/\\\/cuadra-agrado.es\\\/?p=2469#primaryimage\"},\"thumbnailUrl\":\"http:\\\/\\\/cuadra-agrado.es\\\/wp-content\\\/uploads\\\/2016\\\/06\\\/hakan-300x225.jpg\",\"datePublished\":\"2016-06-07T10:42:52+00:00\",\"dateModified\":\"2024-02-27T09:27:44+00:00\",\"author\":{\"@id\":\"https:\\\/\\\/cuadra-agrado.es\\\/#\\\/schema\\\/person\\\/3aa4f8d2373cf756d93a5526bc72f31b\"},\"breadcrumb\":{\"@id\":\"https:\\\/\\\/cuadra-agrado.es\\\/?p=2469#breadcrumb\"},\"inLanguage\":\"es\",\"potentialAction\":[{\"@type\":\"ReadAction\",\"target\":[\"https:\\\/\\\/cuadra-agrado.es\\\/?p=2469\"]}]},{\"@type\":\"ImageObject\",\"inLanguage\":\"es\",\"@id\":\"https:\\\/\\\/cuadra-agrado.es\\\/?p=2469#primaryimage\",\"url\":\"http:\\\/\\\/cuadra-agrado.es\\\/wp-content\\\/uploads\\\/2016\\\/06\\\/hakan-300x225.jpg\",\"contentUrl\":\"http:\\\/\\\/cuadra-agrado.es\\\/wp-content\\\/uploads\\\/2016\\\/06\\\/hakan-300x225.jpg\"},{\"@type\":\"BreadcrumbList\",\"@id\":\"https:\\\/\\\/cuadra-agrado.es\\\/?p=2469#breadcrumb\",\"itemListElement\":[{\"@type\":\"ListItem\",\"position\":1,\"name\":\"Portada\",\"item\":\"https:\\\/\\\/cuadra-agrado.es\\\/\"},{\"@type\":\"ListItem\",\"position\":2,\"name\":\"\u00abHak\u00e1n\u00bb, nueva adquisici\u00f3n para nuestros colores!!!\"}]},{\"@type\":\"WebSite\",\"@id\":\"https:\\\/\\\/cuadra-agrado.es\\\/#website\",\"url\":\"https:\\\/\\\/cuadra-agrado.es\\\/\",\"name\":\"Cuadra Agrado\",\"description\":\"En el mundo del Turf desde 2008\",\"potentialAction\":[{\"@type\":\"SearchAction\",\"target\":{\"@type\":\"EntryPoint\",\"urlTemplate\":\"https:\\\/\\\/cuadra-agrado.es\\\/?s={search_term_string}\"},\"query-input\":{\"@type\":\"PropertyValueSpecification\",\"valueRequired\":true,\"valueName\":\"search_term_string\"}}],\"inLanguage\":\"es\"},{\"@type\":\"Person\",\"@id\":\"https:\\\/\\\/cuadra-agrado.es\\\/#\\\/schema\\\/person\\\/3aa4f8d2373cf756d93a5526bc72f31b\",\"name\":\"Miguel Redondo\",\"image\":{\"@type\":\"ImageObject\",\"inLanguage\":\"es\",\"@id\":\"https:\\\/\\\/secure.gravatar.com\\\/avatar\\\/85704fceb4fa34017e3c1344d182da00dbf772fb8856ba2b7726a2df926415b4?s=96&d=mm&r=g\",\"url\":\"https:\\\/\\\/secure.gravatar.com\\\/avatar\\\/85704fceb4fa34017e3c1344d182da00dbf772fb8856ba2b7726a2df926415b4?s=96&d=mm&r=g\",\"contentUrl\":\"https:\\\/\\\/secure.gravatar.com\\\/avatar\\\/85704fceb4fa34017e3c1344d182da00dbf772fb8856ba2b7726a2df926415b4?s=96&d=mm&r=g\",\"caption\":\"Miguel Redondo\"},\"sameAs\":[\"https:\\\/\\\/cuadra-agrado.es\"],\"url\":\"https:\\\/\\\/cuadra-agrado.es\\\/?author=5\"}]}<\/script>\n<!-- \/ Yoast SEO plugin. -->","yoast_head_json":{"title":"\"Hak\u00e1n\", nueva adquisici\u00f3n para nuestros colores!!! - Cuadra Agrado","robots":{"index":"index","follow":"follow","max-snippet":"max-snippet:-1","max-image-preview":"max-image-preview:large","max-video-preview":"max-video-preview:-1"},"canonical":"https:\/\/cuadra-agrado.es\/?p=2469","og_locale":"es_ES","og_type":"article","og_title":"\"Hak\u00e1n\", nueva adquisici\u00f3n para nuestros colores!!! - Cuadra Agrado","og_description":"En el d\u00eda de hoy, y tras el pertinente reconocimiento veterinario, ha quedado confirmada nuestra nueva adquisici\u00f3n para defender nuestros colores y que pasa desde hoy mismo al patio de nuestro preparador Juan Luis Maroto. Un GB dos a\u00f1os de nombre \u201cHakan\u201d (por Intense Focus &amp; Positive Spin) proveniente de la Cuadra Santa Ana y [&hellip;]","og_url":"https:\/\/cuadra-agrado.es\/?p=2469","og_site_name":"Cuadra Agrado","article_published_time":"2016-06-07T10:42:52+00:00","article_modified_time":"2024-02-27T09:27:44+00:00","og_image":[{"url":"http:\/\/cuadra-agrado.es\/wp-content\/uploads\/2016\/06\/hakan-300x225.jpg","type":"","width":"","height":""}],"author":"Miguel Redondo","twitter_card":"summary_large_image","twitter_creator":"@AGRADOracing","twitter_site":"@AGRADOracing","twitter_misc":{"Escrito por":"Miguel Redondo","Tiempo de lectura":"3 minutos"},"schema":{"@context":"https:\/\/schema.org","@graph":[{"@type":"Article","@id":"https:\/\/cuadra-agrado.es\/?p=2469#article","isPartOf":{"@id":"https:\/\/cuadra-agrado.es\/?p=2469"},"author":{"name":"Miguel Redondo","@id":"https:\/\/cuadra-agrado.es\/#\/schema\/person\/3aa4f8d2373cf756d93a5526bc72f31b"},"headline":"\u00abHak\u00e1n\u00bb, nueva adquisici\u00f3n para nuestros colores!!!","datePublished":"2016-06-07T10:42:52+00:00","dateModified":"2024-02-27T09:27:44+00:00","mainEntityOfPage":{"@id":"https:\/\/cuadra-agrado.es\/?p=2469"},"wordCount":531,"image":{"@id":"https:\/\/cuadra-agrado.es\/?p=2469#primaryimage"},"thumbnailUrl":"http:\/\/cuadra-agrado.es\/wp-content\/uploads\/2016\/06\/hakan-300x225.jpg","articleSection":["Actualidad"],"inLanguage":"es"},{"@type":"WebPage","@id":"https:\/\/cuadra-agrado.es\/?p=2469","url":"https:\/\/cuadra-agrado.es\/?p=2469","name":"\"Hak\u00e1n\", nueva adquisici\u00f3n para nuestros colores!!! - Cuadra Agrado","isPartOf":{"@id":"https:\/\/cuadra-agrado.es\/#website"},"primaryImageOfPage":{"@id":"https:\/\/cuadra-agrado.es\/?p=2469#primaryimage"},"image":{"@id":"https:\/\/cuadra-agrado.es\/?p=2469#primaryimage"},"thumbnailUrl":"http:\/\/cuadra-agrado.es\/wp-content\/uploads\/2016\/06\/hakan-300x225.jpg","datePublished":"2016-06-07T10:42:52+00:00","dateModified":"2024-02-27T09:27:44+00:00","author":{"@id":"https:\/\/cuadra-agrado.es\/#\/schema\/person\/3aa4f8d2373cf756d93a5526bc72f31b"},"breadcrumb":{"@id":"https:\/\/cuadra-agrado.es\/?p=2469#breadcrumb"},"inLanguage":"es","potentialAction":[{"@type":"ReadAction","target":["https:\/\/cuadra-agrado.es\/?p=2469"]}]},{"@type":"ImageObject","inLanguage":"es","@id":"https:\/\/cuadra-agrado.es\/?p=2469#primaryimage","url":"http:\/\/cuadra-agrado.es\/wp-content\/uploads\/2016\/06\/hakan-300x225.jpg","contentUrl":"http:\/\/cuadra-agrado.es\/wp-content\/uploads\/2016\/06\/hakan-300x225.jpg"},{"@type":"BreadcrumbList","@id":"https:\/\/cuadra-agrado.es\/?p=2469#breadcrumb","itemListElement":[{"@type":"ListItem","position":1,"name":"Portada","item":"https:\/\/cuadra-agrado.es\/"},{"@type":"ListItem","position":2,"name":"\u00abHak\u00e1n\u00bb, nueva adquisici\u00f3n para nuestros colores!!!"}]},{"@type":"WebSite","@id":"https:\/\/cuadra-agrado.es\/#website","url":"https:\/\/cuadra-agrado.es\/","name":"Cuadra Agrado","description":"En el mundo del Turf desde 2008","potentialAction":[{"@type":"SearchAction","target":{"@type":"EntryPoint","urlTemplate":"https:\/\/cuadra-agrado.es\/?s={search_term_string}"},"query-input":{"@type":"PropertyValueSpecification","valueRequired":true,"valueName":"search_term_string"}}],"inLanguage":"es"},{"@type":"Person","@id":"https:\/\/cuadra-agrado.es\/#\/schema\/person\/3aa4f8d2373cf756d93a5526bc72f31b","name":"Miguel Redondo","image":{"@type":"ImageObject","inLanguage":"es","@id":"https:\/\/secure.gravatar.com\/avatar\/85704fceb4fa34017e3c1344d182da00dbf772fb8856ba2b7726a2df926415b4?s=96&d=mm&r=g","url":"https:\/\/secure.gravatar.com\/avatar\/85704fceb4fa34017e3c1344d182da00dbf772fb8856ba2b7726a2df926415b4?s=96&d=mm&r=g","contentUrl":"https:\/\/secure.gravatar.com\/avatar\/85704fceb4fa34017e3c1344d182da00dbf772fb8856ba2b7726a2df926415b4?s=96&d=mm&r=g","caption":"Miguel Redondo"},"sameAs":["https:\/\/cuadra-agrado.es"],"url":"https:\/\/cuadra-agrado.es\/?author=5"}]}},"_links":{"self":[{"href":"https:\/\/cuadra-agrado.es\/index.php?rest_route=\/wp\/v2\/posts\/2469","targetHints":{"allow":["GET"]}}],"collection":[{"href":"https:\/\/cuadra-agrado.es\/index.php?rest_route=\/wp\/v2\/posts"}],"about":[{"href":"https:\/\/cuadra-agrado.es\/index.php?rest_route=\/wp\/v2\/types\/post"}],"author":[{"embeddable":true,"href":"https:\/\/cuadra-agrado.es\/index.php?rest_route=\/wp\/v2\/users\/5"}],"replies":[{"embeddable":true,"href":"https:\/\/cuadra-agrado.es\/index.php?rest_route=%2Fwp%2Fv2%2Fcomments&post=2469"}],"version-history":[{"count":0,"href":"https:\/\/cuadra-agrado.es\/index.php?rest_route=\/wp\/v2\/posts\/2469\/revisions"}],"wp:attachment":[{"href":"https:\/\/cuadra-agrado.es\/index.php?rest_route=%2Fwp%2Fv2%2Fmedia&parent=2469"}],"wp:term":[{"taxonomy":"category","embeddable":true,"href":"https:\/\/cuadra-agrado.es\/index.php?rest_route=%2Fwp%2Fv2%2Fcategories&post=2469"},{"taxonomy":"post_tag","embeddable":true,"href":"https:\/\/cuadra-agrado.es\/index.php?rest_route=%2Fwp%2Fv2%2Ftags&post=2469"}],"curies":[{"name":"wp","href":"https:\/\/api.w.org\/{rel}","templated":true}]}}