{"id":2403,"date":"2016-05-23T09:08:10","date_gmt":"2016-05-23T08:08:10","guid":{"rendered":"https:\/\/cuadra-agrado.es\/?p=2403"},"modified":"2024-02-27T09:27:45","modified_gmt":"2024-02-27T09:27:45","slug":"2403-2","status":"publish","type":"post","link":"https:\/\/cuadra-agrado.es\/?p=2403","title":{"rendered":"Rany\u00e1n a por todas en su \u00faltima de primavera&#8230;"},"content":{"rendered":"<p style=\"text-align: justify;\"><a href=\"http:\/\/cuadra-agrado.es\/wp-content\/uploads\/2016\/05\/IMG_6719.jpg\"><img loading=\"lazy\" decoding=\"async\" class=\"alignleft wp-image-2336 size-medium\" src=\"http:\/\/cuadra-agrado.es\/wp-content\/uploads\/2016\/05\/IMG_6719-300x200.jpg\" alt=\"IMG_6719\" width=\"300\" height=\"200\" \/><\/a>Rany\u00e1n vuelve a pista este pr\u00f3ximo domingo para disputar un nuevo h\u00e1ndicap sobre distancia de 2.200 metros. Cuarta salida para el nuestro desde su reaparici\u00f3n y posiblemente su \u00faltima salida de primavera para buscar su ansiada victoria. Buena reaparici\u00f3n, buen segundo en su siguiente y mala fortuna en el recorrido en su tercera hacen mirar a esta con la confianza de poder luchar por una victoria que bien merece \u201cel flaco\u201d. Saldr\u00e1 por el caj\u00f3n 9 y con la mantilla \u00ab3\u00bb que coincide con la que entr\u00f3 por \u00faltima vez en recinto de ganadores de Madrid&#8230;.<\/p>\n<p style=\"text-align: justify;\">En esta no tenemos la pista a nuestro favor, las lluvias dejaron paso al buen tiempo primaveral y quiz\u00e1s sea este hecho nuestro mayor h\u00e1ndicap, pero \u201cRany\u00e1n\u201d contin\u00faa trabajando bien en las ma\u00f1anas y parece que su rodilla aguanta el envite de la competici\u00f3n por lo que iremos a por todas en este nuevo h\u00e1ndicap donde continuamos con una escala acorde a su valor. Vuelve a encontrarse en pista con algunos de sus verdugos en las pruebas anteriores como \u201cCharlito\u201d que despu\u00e9s de tres consecutivas ganadas parte en esta con una escala mucho m\u00e1s severa a sus anteriores. \u201cArgaly\u201d comenz\u00f3 su temporada el pasado verano en Sanlucar y desde entonces no ha parado, es candidato a esta pero 24 salidas en menos de un a\u00f1o pueden pasar factura\u2026 \u201cTap\u00f3n de Oro\u201d seguro estar\u00e1 tambi\u00e9n luchando la llegada junto con \u201cMad Dog\u201d que viene de fallar con los buenos fondistas, pero que en esta baja de valor y tambi\u00e9n es firme candidato. Estos cuatro, y alg\u00fan otro que pueda colarse pueden poner dif\u00edcil la victoria para el nuestro, \u00a0pero con la misma o mejor forma que en la \u00faltima disputada, y con un recorrido m\u00e1s acorde a su estilo, confiamos en poder lograr objetivo. \u00a0La falta de jockeys nacionales disponibles en estas pruebas de h\u00e1ndicap con numerosos participantes nos hacen mirar a Francia y aprovechar la visita de Aur\u00e9lien Lemaitre en el \u201cDerby\u201d para que se suba al nuestro y nos aporte su experiencia. \u00a0Le deseamos mucha suerte en su debut en Madrid!!!<\/p>\n<p style=\"text-align: justify;\">Prueba por tanto dif\u00edcil para todos sin un claro favorito como no puede ser de otra forma en los Handicaps de primera parte donde los valores est\u00e1n muy contrastados e igualados y la escala hace el resto. Mucha suerte \u201cRanyi\u201d en tu \u00faltima y disfruta!!! El descanso en el prado te est\u00e1 esperando\u2026.<\/p>\n<hr \/>\n<p style=\"text-align: justify;\">\n<!-- AddThis Advanced Settings generic via filter on the_content --><!-- AddThis Share Buttons generic via filter on the_content -->","protected":false},"excerpt":{"rendered":"<p>Rany\u00e1n vuelve a pista este pr\u00f3ximo domingo para disputar un nuevo h\u00e1ndicap sobre distancia de 2.200 metros. Cuarta salida para el nuestro desde su reaparici\u00f3n y posiblemente su \u00faltima salida de primavera para buscar su ansiada victoria. Buena reaparici\u00f3n, buen segundo en su siguiente y mala fortuna en el recorrido en su tercera hacen mirar [&hellip;]<!-- AddThis Advanced Settings generic via filter on get_the_excerpt --><!-- AddThis Share Buttons generic via filter on get_the_excerpt --><\/p>\n","protected":false},"author":5,"featured_media":0,"comment_status":"closed","ping_status":"closed","sticky":false,"template":"","format":"gallery","meta":{"_acf_changed":false,"_et_pb_use_builder":"","_et_pb_old_content":"","_et_gb_content_width":"","footnotes":""},"categories":[3],"tags":[],"class_list":["post-2403","post","type-post","status-publish","format-gallery","hentry","category-noticias-cuadra-agrado","post_format-post-format-gallery"],"acf":[],"yoast_head":"<!-- This site is optimized with the Yoast SEO plugin v27.4 - https:\/\/yoast.com\/product\/yoast-seo-wordpress\/ -->\n<title>Rany\u00e1n a por todas en su \u00faltima de primavera... - Cuadra Agrado<\/title>\n<meta name=\"robots\" content=\"index, follow, max-snippet:-1, max-image-preview:large, max-video-preview:-1\" \/>\n<link rel=\"canonical\" href=\"https:\/\/cuadra-agrado.es\/?p=2403\" \/>\n<meta property=\"og:locale\" content=\"es_ES\" \/>\n<meta property=\"og:type\" content=\"article\" \/>\n<meta property=\"og:title\" content=\"Rany\u00e1n a por todas en su \u00faltima de primavera... - Cuadra Agrado\" \/>\n<meta property=\"og:description\" content=\"Rany\u00e1n vuelve a pista este pr\u00f3ximo domingo para disputar un nuevo h\u00e1ndicap sobre distancia de 2.200 metros. Cuarta salida para el nuestro desde su reaparici\u00f3n y posiblemente su \u00faltima salida de primavera para buscar su ansiada victoria. Buena reaparici\u00f3n, buen segundo en su siguiente y mala fortuna en el recorrido en su tercera hacen mirar [&hellip;]\" \/>\n<meta property=\"og:url\" content=\"https:\/\/cuadra-agrado.es\/?p=2403\" \/>\n<meta property=\"og:site_name\" content=\"Cuadra Agrado\" \/>\n<meta property=\"article:published_time\" content=\"2016-05-23T08:08:10+00:00\" \/>\n<meta property=\"article:modified_time\" content=\"2024-02-27T09:27:45+00:00\" \/>\n<meta property=\"og:image\" content=\"http:\/\/cuadra-agrado.es\/wp-content\/uploads\/2016\/05\/IMG_6719-300x200.jpg\" \/>\n<meta name=\"author\" content=\"Miguel Redondo\" \/>\n<meta name=\"twitter:card\" content=\"summary_large_image\" \/>\n<meta name=\"twitter:creator\" content=\"@AGRADOracing\" \/>\n<meta name=\"twitter:site\" content=\"@AGRADOracing\" \/>\n<meta name=\"twitter:label1\" content=\"Escrito por\" \/>\n\t<meta name=\"twitter:data1\" content=\"Miguel Redondo\" \/>\n\t<meta name=\"twitter:label2\" content=\"Tiempo de lectura\" \/>\n\t<meta name=\"twitter:data2\" content=\"2 minutos\" \/>\n<script type=\"application\/ld+json\" class=\"yoast-schema-graph\">{\"@context\":\"https:\\\/\\\/schema.org\",\"@graph\":[{\"@type\":\"Article\",\"@id\":\"https:\\\/\\\/cuadra-agrado.es\\\/?p=2403#article\",\"isPartOf\":{\"@id\":\"https:\\\/\\\/cuadra-agrado.es\\\/?p=2403\"},\"author\":{\"name\":\"Miguel Redondo\",\"@id\":\"https:\\\/\\\/cuadra-agrado.es\\\/#\\\/schema\\\/person\\\/3aa4f8d2373cf756d93a5526bc72f31b\"},\"headline\":\"Rany\u00e1n a por todas en su \u00faltima de primavera&#8230;\",\"datePublished\":\"2016-05-23T08:08:10+00:00\",\"dateModified\":\"2024-02-27T09:27:45+00:00\",\"mainEntityOfPage\":{\"@id\":\"https:\\\/\\\/cuadra-agrado.es\\\/?p=2403\"},\"wordCount\":433,\"image\":{\"@id\":\"https:\\\/\\\/cuadra-agrado.es\\\/?p=2403#primaryimage\"},\"thumbnailUrl\":\"http:\\\/\\\/cuadra-agrado.es\\\/wp-content\\\/uploads\\\/2016\\\/05\\\/IMG_6719-300x200.jpg\",\"articleSection\":[\"Actualidad\"],\"inLanguage\":\"es\"},{\"@type\":\"WebPage\",\"@id\":\"https:\\\/\\\/cuadra-agrado.es\\\/?p=2403\",\"url\":\"https:\\\/\\\/cuadra-agrado.es\\\/?p=2403\",\"name\":\"Rany\u00e1n a por todas en su \u00faltima de primavera... - Cuadra Agrado\",\"isPartOf\":{\"@id\":\"https:\\\/\\\/cuadra-agrado.es\\\/#website\"},\"primaryImageOfPage\":{\"@id\":\"https:\\\/\\\/cuadra-agrado.es\\\/?p=2403#primaryimage\"},\"image\":{\"@id\":\"https:\\\/\\\/cuadra-agrado.es\\\/?p=2403#primaryimage\"},\"thumbnailUrl\":\"http:\\\/\\\/cuadra-agrado.es\\\/wp-content\\\/uploads\\\/2016\\\/05\\\/IMG_6719-300x200.jpg\",\"datePublished\":\"2016-05-23T08:08:10+00:00\",\"dateModified\":\"2024-02-27T09:27:45+00:00\",\"author\":{\"@id\":\"https:\\\/\\\/cuadra-agrado.es\\\/#\\\/schema\\\/person\\\/3aa4f8d2373cf756d93a5526bc72f31b\"},\"breadcrumb\":{\"@id\":\"https:\\\/\\\/cuadra-agrado.es\\\/?p=2403#breadcrumb\"},\"inLanguage\":\"es\",\"potentialAction\":[{\"@type\":\"ReadAction\",\"target\":[\"https:\\\/\\\/cuadra-agrado.es\\\/?p=2403\"]}]},{\"@type\":\"ImageObject\",\"inLanguage\":\"es\",\"@id\":\"https:\\\/\\\/cuadra-agrado.es\\\/?p=2403#primaryimage\",\"url\":\"http:\\\/\\\/cuadra-agrado.es\\\/wp-content\\\/uploads\\\/2016\\\/05\\\/IMG_6719-300x200.jpg\",\"contentUrl\":\"http:\\\/\\\/cuadra-agrado.es\\\/wp-content\\\/uploads\\\/2016\\\/05\\\/IMG_6719-300x200.jpg\"},{\"@type\":\"BreadcrumbList\",\"@id\":\"https:\\\/\\\/cuadra-agrado.es\\\/?p=2403#breadcrumb\",\"itemListElement\":[{\"@type\":\"ListItem\",\"position\":1,\"name\":\"Portada\",\"item\":\"https:\\\/\\\/cuadra-agrado.es\\\/\"},{\"@type\":\"ListItem\",\"position\":2,\"name\":\"Rany\u00e1n a por todas en su \u00faltima de primavera&#8230;\"}]},{\"@type\":\"WebSite\",\"@id\":\"https:\\\/\\\/cuadra-agrado.es\\\/#website\",\"url\":\"https:\\\/\\\/cuadra-agrado.es\\\/\",\"name\":\"Cuadra Agrado\",\"description\":\"En el mundo del Turf desde 2008\",\"potentialAction\":[{\"@type\":\"SearchAction\",\"target\":{\"@type\":\"EntryPoint\",\"urlTemplate\":\"https:\\\/\\\/cuadra-agrado.es\\\/?s={search_term_string}\"},\"query-input\":{\"@type\":\"PropertyValueSpecification\",\"valueRequired\":true,\"valueName\":\"search_term_string\"}}],\"inLanguage\":\"es\"},{\"@type\":\"Person\",\"@id\":\"https:\\\/\\\/cuadra-agrado.es\\\/#\\\/schema\\\/person\\\/3aa4f8d2373cf756d93a5526bc72f31b\",\"name\":\"Miguel Redondo\",\"image\":{\"@type\":\"ImageObject\",\"inLanguage\":\"es\",\"@id\":\"https:\\\/\\\/secure.gravatar.com\\\/avatar\\\/85704fceb4fa34017e3c1344d182da00dbf772fb8856ba2b7726a2df926415b4?s=96&d=mm&r=g\",\"url\":\"https:\\\/\\\/secure.gravatar.com\\\/avatar\\\/85704fceb4fa34017e3c1344d182da00dbf772fb8856ba2b7726a2df926415b4?s=96&d=mm&r=g\",\"contentUrl\":\"https:\\\/\\\/secure.gravatar.com\\\/avatar\\\/85704fceb4fa34017e3c1344d182da00dbf772fb8856ba2b7726a2df926415b4?s=96&d=mm&r=g\",\"caption\":\"Miguel Redondo\"},\"sameAs\":[\"https:\\\/\\\/cuadra-agrado.es\"],\"url\":\"https:\\\/\\\/cuadra-agrado.es\\\/?author=5\"}]}<\/script>\n<!-- \/ Yoast SEO plugin. -->","yoast_head_json":{"title":"Rany\u00e1n a por todas en su \u00faltima de primavera... - Cuadra Agrado","robots":{"index":"index","follow":"follow","max-snippet":"max-snippet:-1","max-image-preview":"max-image-preview:large","max-video-preview":"max-video-preview:-1"},"canonical":"https:\/\/cuadra-agrado.es\/?p=2403","og_locale":"es_ES","og_type":"article","og_title":"Rany\u00e1n a por todas en su \u00faltima de primavera... - Cuadra Agrado","og_description":"Rany\u00e1n vuelve a pista este pr\u00f3ximo domingo para disputar un nuevo h\u00e1ndicap sobre distancia de 2.200 metros. Cuarta salida para el nuestro desde su reaparici\u00f3n y posiblemente su \u00faltima salida de primavera para buscar su ansiada victoria. Buena reaparici\u00f3n, buen segundo en su siguiente y mala fortuna en el recorrido en su tercera hacen mirar [&hellip;]","og_url":"https:\/\/cuadra-agrado.es\/?p=2403","og_site_name":"Cuadra Agrado","article_published_time":"2016-05-23T08:08:10+00:00","article_modified_time":"2024-02-27T09:27:45+00:00","og_image":[{"url":"http:\/\/cuadra-agrado.es\/wp-content\/uploads\/2016\/05\/IMG_6719-300x200.jpg","type":"","width":"","height":""}],"author":"Miguel Redondo","twitter_card":"summary_large_image","twitter_creator":"@AGRADOracing","twitter_site":"@AGRADOracing","twitter_misc":{"Escrito por":"Miguel Redondo","Tiempo de lectura":"2 minutos"},"schema":{"@context":"https:\/\/schema.org","@graph":[{"@type":"Article","@id":"https:\/\/cuadra-agrado.es\/?p=2403#article","isPartOf":{"@id":"https:\/\/cuadra-agrado.es\/?p=2403"},"author":{"name":"Miguel Redondo","@id":"https:\/\/cuadra-agrado.es\/#\/schema\/person\/3aa4f8d2373cf756d93a5526bc72f31b"},"headline":"Rany\u00e1n a por todas en su \u00faltima de primavera&#8230;","datePublished":"2016-05-23T08:08:10+00:00","dateModified":"2024-02-27T09:27:45+00:00","mainEntityOfPage":{"@id":"https:\/\/cuadra-agrado.es\/?p=2403"},"wordCount":433,"image":{"@id":"https:\/\/cuadra-agrado.es\/?p=2403#primaryimage"},"thumbnailUrl":"http:\/\/cuadra-agrado.es\/wp-content\/uploads\/2016\/05\/IMG_6719-300x200.jpg","articleSection":["Actualidad"],"inLanguage":"es"},{"@type":"WebPage","@id":"https:\/\/cuadra-agrado.es\/?p=2403","url":"https:\/\/cuadra-agrado.es\/?p=2403","name":"Rany\u00e1n a por todas en su \u00faltima de primavera... - Cuadra Agrado","isPartOf":{"@id":"https:\/\/cuadra-agrado.es\/#website"},"primaryImageOfPage":{"@id":"https:\/\/cuadra-agrado.es\/?p=2403#primaryimage"},"image":{"@id":"https:\/\/cuadra-agrado.es\/?p=2403#primaryimage"},"thumbnailUrl":"http:\/\/cuadra-agrado.es\/wp-content\/uploads\/2016\/05\/IMG_6719-300x200.jpg","datePublished":"2016-05-23T08:08:10+00:00","dateModified":"2024-02-27T09:27:45+00:00","author":{"@id":"https:\/\/cuadra-agrado.es\/#\/schema\/person\/3aa4f8d2373cf756d93a5526bc72f31b"},"breadcrumb":{"@id":"https:\/\/cuadra-agrado.es\/?p=2403#breadcrumb"},"inLanguage":"es","potentialAction":[{"@type":"ReadAction","target":["https:\/\/cuadra-agrado.es\/?p=2403"]}]},{"@type":"ImageObject","inLanguage":"es","@id":"https:\/\/cuadra-agrado.es\/?p=2403#primaryimage","url":"http:\/\/cuadra-agrado.es\/wp-content\/uploads\/2016\/05\/IMG_6719-300x200.jpg","contentUrl":"http:\/\/cuadra-agrado.es\/wp-content\/uploads\/2016\/05\/IMG_6719-300x200.jpg"},{"@type":"BreadcrumbList","@id":"https:\/\/cuadra-agrado.es\/?p=2403#breadcrumb","itemListElement":[{"@type":"ListItem","position":1,"name":"Portada","item":"https:\/\/cuadra-agrado.es\/"},{"@type":"ListItem","position":2,"name":"Rany\u00e1n a por todas en su \u00faltima de primavera&#8230;"}]},{"@type":"WebSite","@id":"https:\/\/cuadra-agrado.es\/#website","url":"https:\/\/cuadra-agrado.es\/","name":"Cuadra Agrado","description":"En el mundo del Turf desde 2008","potentialAction":[{"@type":"SearchAction","target":{"@type":"EntryPoint","urlTemplate":"https:\/\/cuadra-agrado.es\/?s={search_term_string}"},"query-input":{"@type":"PropertyValueSpecification","valueRequired":true,"valueName":"search_term_string"}}],"inLanguage":"es"},{"@type":"Person","@id":"https:\/\/cuadra-agrado.es\/#\/schema\/person\/3aa4f8d2373cf756d93a5526bc72f31b","name":"Miguel Redondo","image":{"@type":"ImageObject","inLanguage":"es","@id":"https:\/\/secure.gravatar.com\/avatar\/85704fceb4fa34017e3c1344d182da00dbf772fb8856ba2b7726a2df926415b4?s=96&d=mm&r=g","url":"https:\/\/secure.gravatar.com\/avatar\/85704fceb4fa34017e3c1344d182da00dbf772fb8856ba2b7726a2df926415b4?s=96&d=mm&r=g","contentUrl":"https:\/\/secure.gravatar.com\/avatar\/85704fceb4fa34017e3c1344d182da00dbf772fb8856ba2b7726a2df926415b4?s=96&d=mm&r=g","caption":"Miguel Redondo"},"sameAs":["https:\/\/cuadra-agrado.es"],"url":"https:\/\/cuadra-agrado.es\/?author=5"}]}},"_links":{"self":[{"href":"https:\/\/cuadra-agrado.es\/index.php?rest_route=\/wp\/v2\/posts\/2403","targetHints":{"allow":["GET"]}}],"collection":[{"href":"https:\/\/cuadra-agrado.es\/index.php?rest_route=\/wp\/v2\/posts"}],"about":[{"href":"https:\/\/cuadra-agrado.es\/index.php?rest_route=\/wp\/v2\/types\/post"}],"author":[{"embeddable":true,"href":"https:\/\/cuadra-agrado.es\/index.php?rest_route=\/wp\/v2\/users\/5"}],"replies":[{"embeddable":true,"href":"https:\/\/cuadra-agrado.es\/index.php?rest_route=%2Fwp%2Fv2%2Fcomments&post=2403"}],"version-history":[{"count":0,"href":"https:\/\/cuadra-agrado.es\/index.php?rest_route=\/wp\/v2\/posts\/2403\/revisions"}],"wp:attachment":[{"href":"https:\/\/cuadra-agrado.es\/index.php?rest_route=%2Fwp%2Fv2%2Fmedia&parent=2403"}],"wp:term":[{"taxonomy":"category","embeddable":true,"href":"https:\/\/cuadra-agrado.es\/index.php?rest_route=%2Fwp%2Fv2%2Fcategories&post=2403"},{"taxonomy":"post_tag","embeddable":true,"href":"https:\/\/cuadra-agrado.es\/index.php?rest_route=%2Fwp%2Fv2%2Ftags&post=2403"}],"curies":[{"name":"wp","href":"https:\/\/api.w.org\/{rel}","templated":true}]}}