{"id":2382,"date":"2016-05-16T09:18:46","date_gmt":"2016-05-16T08:18:46","guid":{"rendered":"https:\/\/cuadra-agrado.es\/?p=2382"},"modified":"2024-02-27T09:27:45","modified_gmt":"2024-02-27T09:27:45","slug":"valiant-blue-sale-herido-del-san-isidro","status":"publish","type":"post","link":"https:\/\/cuadra-agrado.es\/?p=2382","title":{"rendered":"Valiant Blue sale muy herido del \u00abSan Isidro\u00bb"},"content":{"rendered":"<div id=\"attachment_2383\" style=\"width: 385px\" class=\"wp-caption alignleft\"><a href=\"http:\/\/cuadra-agrado.es\/wp-content\/uploads\/2016\/05\/40675.jpg\" target=\"_blank\" rel=\"noopener noreferrer\"><img loading=\"lazy\" decoding=\"async\" aria-describedby=\"caption-attachment-2383\" class=\"wp-image-2383\" title=\"Foto Finish v\u00eda Hipodromo de la Zarzuela\" src=\"http:\/\/cuadra-agrado.es\/wp-content\/uploads\/2016\/05\/40675.jpg\" width=\"375\" height=\"180\" \/><\/a><p id=\"caption-attachment-2383\" class=\"wp-caption-text\">Foto \u00abFinish\u00bb v\u00eda Hipodromo de la Zarzuela<\/p><\/div>\n<p style=\"text-align: justify;\">Nunca hubi\u00e9ramos imaginado antes de carrera que el Premio San Isidro pudiera ser tan duro para nuestro valiente \u201cValiant Blue\u201d. La nube negra que comenz\u00f3 con un lamentable recorrido de \u201cRany\u00e1n\u201d la semana pasada pareci\u00f3 no moverse de la Zarzuela para nosotros en el d\u00eda de ayer y cargar de nuevo su mala fortuna, esta vez con nuestro sprinter, que sufri\u00f3 una de las carreras m\u00e1s duras de su historial de competici\u00f3n. Pas\u00f3 por meta con tres cortes sufridos durante el recorrido, uno a la altura de la ca\u00f1a de su posterior izquierda en la que tuvimos mucha suerte, ya que de haber tocado el tend\u00f3n hubiera sido su despedida de competici\u00f3n, otro corte en la parte del menudillo algo m\u00e1s profundo y un tercero mucho m\u00e1s severo en la cuartilla. Un total de 7 grapas y 6 puntos de sutura para un valiente que a\u00fan con el dolor que imaginamos supuso esta carnicer\u00eda, quiso cruzar la meta con un digno quinto puesto.<\/p>\n<p style=\"text-align: justify;\">A\u00fan desconocemos a ciencia cierta donde fue o fueron los \u201calcances\u201d que le produjeron las diferentes heridas, pero si es cierto que, al menos Ricardo Sousa, s\u00ed confirm\u00f3 a nuestra monta reci\u00e9n terminada la prueba que pudiera haber tocado al nuestro justo en los primeros trancos desde la salida de cajones. A\u00fan con esta versi\u00f3n, dudamos mucho que las lesiones severas producidas en el momento de la salida hubieran hecho al nuestro liderar la prueba como siempre sin ninguna afectaci\u00f3n hasta entrada la recta final. Tambi\u00e9n es cierto que viendo las imagines 30 veces repetidas, justo a la altura del paso de arena que existe como separaci\u00f3n de las dos pistas y mediados los 700 metros, se puede observar un toque de Sousa que hace trastabillar al nuestro. Posterior a esto y a falta de 400 metros Borja Fayos es cuando se da cuenta que el caballo no responde como siempre en su sprint final. Si esto fuera as\u00ed, hubieran sido dos toques los que Ricardo Sousa propicia al nuestro con las consiguientes lesiones. Nos cuesta entender que en una prueba de velocidad de apenas 9 caballos en l\u00ednea recta, un mismo caballo \u201calcance\u201d por dos veces a otro. Una cosa es marcar a un caballo o tapar al suyo detr\u00e1s de alg\u00fan favorito, y otra muy distinta es competir al filo de navaja cuando no hay necesidad. Es evidente que en ning\u00fan caso hay mala fe por parte del portugu\u00e9s, pero es igual de evidente que su recorrido no deja de ser arriesgado y muy peligroso para la integridad de sus rivales.<\/p>\n<p style=\"text-align: justify;\">El lamentable incidente ya no tiene vuelta atr\u00e1s y despu\u00e9s de varios minutos de sufrimiento en el <a href=\"http:\/\/cuadra-agrado.es\/wp-content\/uploads\/2016\/05\/IMG_0007.jpg\" target=\"_blank\" rel=\"noopener noreferrer\"><img loading=\"lazy\" decoding=\"async\" class=\"alignright wp-image-2384\" src=\"http:\/\/cuadra-agrado.es\/wp-content\/uploads\/2016\/05\/IMG_0007-150x150.jpg\" alt=\"IMG_0007\" width=\"193\" height=\"193\" \/><\/a>box con la sutura, no queda otra que esperar su pronta recuperaci\u00f3n. Desgraciadamente todo pinta que la temporada de primavera para el nuestro finaliz\u00f3 ayer y ser\u00e1 dif\u00edcil que pueda estar defendiendo el \u201cPremio Urquijo\u201d el pr\u00f3ximo 12 de junio. Todo depender\u00e1 de su evoluci\u00f3n en el cierre de las heridas, pero mucho me temo que un par de semanas parado no invita a pensar que pueda estar en condiciones de disputar esta prueba marcada tambi\u00e9n en su calendario.<\/p>\n<p style=\"text-align: justify;\">Queremos agradecer p\u00fablicamente todas las muestras de cari\u00f1o recibidas a lo largo del d\u00eda de ayer a trav\u00e9s de mensajes, llamadas y diferentes redes sociales, para nosotros saber que \u00abValiant Blue\u00bb genera ese cari\u00f1o entre tantos aficionados es un verdadero orgullo. Y para terminar, dar la enhorabuena al que en nuestros pronos d\u00e1bamos como la posible sorpresa. \u201cMahon\u201d, el \u00fanico valiente de tres a\u00f1os hizo frente a los viejos contrastados y supo aprovechar su escala para hacerse con un \u201cSan Isidro\u201d de mucha entidad. Enhorabuena a todos sus responsables!!!<\/p>\n<hr \/>\n<p style=\"text-align: justify;\">\n<!-- AddThis Advanced Settings generic via filter on the_content --><!-- AddThis Share Buttons generic via filter on the_content -->","protected":false},"excerpt":{"rendered":"<p>Nunca hubi\u00e9ramos imaginado antes de carrera que el Premio San Isidro pudiera ser tan duro para nuestro valiente \u201cValiant Blue\u201d. La nube negra que comenz\u00f3 con un lamentable recorrido de \u201cRany\u00e1n\u201d la semana pasada pareci\u00f3 no moverse de la Zarzuela para nosotros en el d\u00eda de ayer y cargar de nuevo su mala fortuna, esta [&hellip;]<!-- AddThis Advanced Settings generic via filter on get_the_excerpt --><!-- AddThis Share Buttons generic via filter on get_the_excerpt --><\/p>\n","protected":false},"author":5,"featured_media":0,"comment_status":"closed","ping_status":"closed","sticky":false,"template":"","format":"gallery","meta":{"_acf_changed":false,"_et_pb_use_builder":"","_et_pb_old_content":"","_et_gb_content_width":"","footnotes":""},"categories":[3],"tags":[],"class_list":["post-2382","post","type-post","status-publish","format-gallery","hentry","category-noticias-cuadra-agrado","post_format-post-format-gallery"],"acf":[],"yoast_head":"<!-- This site is optimized with the Yoast SEO plugin v27.4 - https:\/\/yoast.com\/product\/yoast-seo-wordpress\/ -->\n<title>Valiant Blue sale muy herido del &quot;San Isidro&quot; - Cuadra Agrado<\/title>\n<meta name=\"robots\" content=\"index, follow, max-snippet:-1, max-image-preview:large, max-video-preview:-1\" \/>\n<link rel=\"canonical\" href=\"https:\/\/cuadra-agrado.es\/?p=2382\" \/>\n<meta property=\"og:locale\" content=\"es_ES\" \/>\n<meta property=\"og:type\" content=\"article\" \/>\n<meta property=\"og:title\" content=\"Valiant Blue sale muy herido del &quot;San Isidro&quot; - Cuadra Agrado\" \/>\n<meta property=\"og:description\" content=\"Nunca hubi\u00e9ramos imaginado antes de carrera que el Premio San Isidro pudiera ser tan duro para nuestro valiente \u201cValiant Blue\u201d. La nube negra que comenz\u00f3 con un lamentable recorrido de \u201cRany\u00e1n\u201d la semana pasada pareci\u00f3 no moverse de la Zarzuela para nosotros en el d\u00eda de ayer y cargar de nuevo su mala fortuna, esta [&hellip;]\" \/>\n<meta property=\"og:url\" content=\"https:\/\/cuadra-agrado.es\/?p=2382\" \/>\n<meta property=\"og:site_name\" content=\"Cuadra Agrado\" \/>\n<meta property=\"article:published_time\" content=\"2016-05-16T08:18:46+00:00\" \/>\n<meta property=\"article:modified_time\" content=\"2024-02-27T09:27:45+00:00\" \/>\n<meta property=\"og:image\" content=\"http:\/\/cuadra-agrado.es\/wp-content\/uploads\/2016\/05\/40675.jpg\" \/>\n<meta name=\"author\" content=\"Miguel Redondo\" \/>\n<meta name=\"twitter:card\" content=\"summary_large_image\" \/>\n<meta name=\"twitter:creator\" content=\"@AGRADOracing\" \/>\n<meta name=\"twitter:site\" content=\"@AGRADOracing\" \/>\n<meta name=\"twitter:label1\" content=\"Escrito por\" \/>\n\t<meta name=\"twitter:data1\" content=\"Miguel Redondo\" \/>\n\t<meta name=\"twitter:label2\" content=\"Tiempo de lectura\" \/>\n\t<meta name=\"twitter:data2\" content=\"3 minutos\" \/>\n<script type=\"application\/ld+json\" class=\"yoast-schema-graph\">{\"@context\":\"https:\\\/\\\/schema.org\",\"@graph\":[{\"@type\":\"Article\",\"@id\":\"https:\\\/\\\/cuadra-agrado.es\\\/?p=2382#article\",\"isPartOf\":{\"@id\":\"https:\\\/\\\/cuadra-agrado.es\\\/?p=2382\"},\"author\":{\"name\":\"Miguel Redondo\",\"@id\":\"https:\\\/\\\/cuadra-agrado.es\\\/#\\\/schema\\\/person\\\/3aa4f8d2373cf756d93a5526bc72f31b\"},\"headline\":\"Valiant Blue sale muy herido del \u00abSan Isidro\u00bb\",\"datePublished\":\"2016-05-16T08:18:46+00:00\",\"dateModified\":\"2024-02-27T09:27:45+00:00\",\"mainEntityOfPage\":{\"@id\":\"https:\\\/\\\/cuadra-agrado.es\\\/?p=2382\"},\"wordCount\":665,\"image\":{\"@id\":\"https:\\\/\\\/cuadra-agrado.es\\\/?p=2382#primaryimage\"},\"thumbnailUrl\":\"http:\\\/\\\/cuadra-agrado.es\\\/wp-content\\\/uploads\\\/2016\\\/05\\\/40675.jpg\",\"articleSection\":[\"Actualidad\"],\"inLanguage\":\"es\"},{\"@type\":\"WebPage\",\"@id\":\"https:\\\/\\\/cuadra-agrado.es\\\/?p=2382\",\"url\":\"https:\\\/\\\/cuadra-agrado.es\\\/?p=2382\",\"name\":\"Valiant Blue sale muy herido del \\\"San Isidro\\\" - Cuadra Agrado\",\"isPartOf\":{\"@id\":\"https:\\\/\\\/cuadra-agrado.es\\\/#website\"},\"primaryImageOfPage\":{\"@id\":\"https:\\\/\\\/cuadra-agrado.es\\\/?p=2382#primaryimage\"},\"image\":{\"@id\":\"https:\\\/\\\/cuadra-agrado.es\\\/?p=2382#primaryimage\"},\"thumbnailUrl\":\"http:\\\/\\\/cuadra-agrado.es\\\/wp-content\\\/uploads\\\/2016\\\/05\\\/40675.jpg\",\"datePublished\":\"2016-05-16T08:18:46+00:00\",\"dateModified\":\"2024-02-27T09:27:45+00:00\",\"author\":{\"@id\":\"https:\\\/\\\/cuadra-agrado.es\\\/#\\\/schema\\\/person\\\/3aa4f8d2373cf756d93a5526bc72f31b\"},\"breadcrumb\":{\"@id\":\"https:\\\/\\\/cuadra-agrado.es\\\/?p=2382#breadcrumb\"},\"inLanguage\":\"es\",\"potentialAction\":[{\"@type\":\"ReadAction\",\"target\":[\"https:\\\/\\\/cuadra-agrado.es\\\/?p=2382\"]}]},{\"@type\":\"ImageObject\",\"inLanguage\":\"es\",\"@id\":\"https:\\\/\\\/cuadra-agrado.es\\\/?p=2382#primaryimage\",\"url\":\"http:\\\/\\\/cuadra-agrado.es\\\/wp-content\\\/uploads\\\/2016\\\/05\\\/40675.jpg\",\"contentUrl\":\"http:\\\/\\\/cuadra-agrado.es\\\/wp-content\\\/uploads\\\/2016\\\/05\\\/40675.jpg\"},{\"@type\":\"BreadcrumbList\",\"@id\":\"https:\\\/\\\/cuadra-agrado.es\\\/?p=2382#breadcrumb\",\"itemListElement\":[{\"@type\":\"ListItem\",\"position\":1,\"name\":\"Portada\",\"item\":\"https:\\\/\\\/cuadra-agrado.es\\\/\"},{\"@type\":\"ListItem\",\"position\":2,\"name\":\"Valiant Blue sale muy herido del \u00abSan Isidro\u00bb\"}]},{\"@type\":\"WebSite\",\"@id\":\"https:\\\/\\\/cuadra-agrado.es\\\/#website\",\"url\":\"https:\\\/\\\/cuadra-agrado.es\\\/\",\"name\":\"Cuadra Agrado\",\"description\":\"En el mundo del Turf desde 2008\",\"potentialAction\":[{\"@type\":\"SearchAction\",\"target\":{\"@type\":\"EntryPoint\",\"urlTemplate\":\"https:\\\/\\\/cuadra-agrado.es\\\/?s={search_term_string}\"},\"query-input\":{\"@type\":\"PropertyValueSpecification\",\"valueRequired\":true,\"valueName\":\"search_term_string\"}}],\"inLanguage\":\"es\"},{\"@type\":\"Person\",\"@id\":\"https:\\\/\\\/cuadra-agrado.es\\\/#\\\/schema\\\/person\\\/3aa4f8d2373cf756d93a5526bc72f31b\",\"name\":\"Miguel Redondo\",\"image\":{\"@type\":\"ImageObject\",\"inLanguage\":\"es\",\"@id\":\"https:\\\/\\\/secure.gravatar.com\\\/avatar\\\/85704fceb4fa34017e3c1344d182da00dbf772fb8856ba2b7726a2df926415b4?s=96&d=mm&r=g\",\"url\":\"https:\\\/\\\/secure.gravatar.com\\\/avatar\\\/85704fceb4fa34017e3c1344d182da00dbf772fb8856ba2b7726a2df926415b4?s=96&d=mm&r=g\",\"contentUrl\":\"https:\\\/\\\/secure.gravatar.com\\\/avatar\\\/85704fceb4fa34017e3c1344d182da00dbf772fb8856ba2b7726a2df926415b4?s=96&d=mm&r=g\",\"caption\":\"Miguel Redondo\"},\"sameAs\":[\"https:\\\/\\\/cuadra-agrado.es\"],\"url\":\"https:\\\/\\\/cuadra-agrado.es\\\/?author=5\"}]}<\/script>\n<!-- \/ Yoast SEO plugin. -->","yoast_head_json":{"title":"Valiant Blue sale muy herido del \"San Isidro\" - Cuadra Agrado","robots":{"index":"index","follow":"follow","max-snippet":"max-snippet:-1","max-image-preview":"max-image-preview:large","max-video-preview":"max-video-preview:-1"},"canonical":"https:\/\/cuadra-agrado.es\/?p=2382","og_locale":"es_ES","og_type":"article","og_title":"Valiant Blue sale muy herido del \"San Isidro\" - Cuadra Agrado","og_description":"Nunca hubi\u00e9ramos imaginado antes de carrera que el Premio San Isidro pudiera ser tan duro para nuestro valiente \u201cValiant Blue\u201d. La nube negra que comenz\u00f3 con un lamentable recorrido de \u201cRany\u00e1n\u201d la semana pasada pareci\u00f3 no moverse de la Zarzuela para nosotros en el d\u00eda de ayer y cargar de nuevo su mala fortuna, esta [&hellip;]","og_url":"https:\/\/cuadra-agrado.es\/?p=2382","og_site_name":"Cuadra Agrado","article_published_time":"2016-05-16T08:18:46+00:00","article_modified_time":"2024-02-27T09:27:45+00:00","og_image":[{"url":"http:\/\/cuadra-agrado.es\/wp-content\/uploads\/2016\/05\/40675.jpg","type":"","width":"","height":""}],"author":"Miguel Redondo","twitter_card":"summary_large_image","twitter_creator":"@AGRADOracing","twitter_site":"@AGRADOracing","twitter_misc":{"Escrito por":"Miguel Redondo","Tiempo de lectura":"3 minutos"},"schema":{"@context":"https:\/\/schema.org","@graph":[{"@type":"Article","@id":"https:\/\/cuadra-agrado.es\/?p=2382#article","isPartOf":{"@id":"https:\/\/cuadra-agrado.es\/?p=2382"},"author":{"name":"Miguel Redondo","@id":"https:\/\/cuadra-agrado.es\/#\/schema\/person\/3aa4f8d2373cf756d93a5526bc72f31b"},"headline":"Valiant Blue sale muy herido del \u00abSan Isidro\u00bb","datePublished":"2016-05-16T08:18:46+00:00","dateModified":"2024-02-27T09:27:45+00:00","mainEntityOfPage":{"@id":"https:\/\/cuadra-agrado.es\/?p=2382"},"wordCount":665,"image":{"@id":"https:\/\/cuadra-agrado.es\/?p=2382#primaryimage"},"thumbnailUrl":"http:\/\/cuadra-agrado.es\/wp-content\/uploads\/2016\/05\/40675.jpg","articleSection":["Actualidad"],"inLanguage":"es"},{"@type":"WebPage","@id":"https:\/\/cuadra-agrado.es\/?p=2382","url":"https:\/\/cuadra-agrado.es\/?p=2382","name":"Valiant Blue sale muy herido del \"San Isidro\" - Cuadra Agrado","isPartOf":{"@id":"https:\/\/cuadra-agrado.es\/#website"},"primaryImageOfPage":{"@id":"https:\/\/cuadra-agrado.es\/?p=2382#primaryimage"},"image":{"@id":"https:\/\/cuadra-agrado.es\/?p=2382#primaryimage"},"thumbnailUrl":"http:\/\/cuadra-agrado.es\/wp-content\/uploads\/2016\/05\/40675.jpg","datePublished":"2016-05-16T08:18:46+00:00","dateModified":"2024-02-27T09:27:45+00:00","author":{"@id":"https:\/\/cuadra-agrado.es\/#\/schema\/person\/3aa4f8d2373cf756d93a5526bc72f31b"},"breadcrumb":{"@id":"https:\/\/cuadra-agrado.es\/?p=2382#breadcrumb"},"inLanguage":"es","potentialAction":[{"@type":"ReadAction","target":["https:\/\/cuadra-agrado.es\/?p=2382"]}]},{"@type":"ImageObject","inLanguage":"es","@id":"https:\/\/cuadra-agrado.es\/?p=2382#primaryimage","url":"http:\/\/cuadra-agrado.es\/wp-content\/uploads\/2016\/05\/40675.jpg","contentUrl":"http:\/\/cuadra-agrado.es\/wp-content\/uploads\/2016\/05\/40675.jpg"},{"@type":"BreadcrumbList","@id":"https:\/\/cuadra-agrado.es\/?p=2382#breadcrumb","itemListElement":[{"@type":"ListItem","position":1,"name":"Portada","item":"https:\/\/cuadra-agrado.es\/"},{"@type":"ListItem","position":2,"name":"Valiant Blue sale muy herido del \u00abSan Isidro\u00bb"}]},{"@type":"WebSite","@id":"https:\/\/cuadra-agrado.es\/#website","url":"https:\/\/cuadra-agrado.es\/","name":"Cuadra Agrado","description":"En el mundo del Turf desde 2008","potentialAction":[{"@type":"SearchAction","target":{"@type":"EntryPoint","urlTemplate":"https:\/\/cuadra-agrado.es\/?s={search_term_string}"},"query-input":{"@type":"PropertyValueSpecification","valueRequired":true,"valueName":"search_term_string"}}],"inLanguage":"es"},{"@type":"Person","@id":"https:\/\/cuadra-agrado.es\/#\/schema\/person\/3aa4f8d2373cf756d93a5526bc72f31b","name":"Miguel Redondo","image":{"@type":"ImageObject","inLanguage":"es","@id":"https:\/\/secure.gravatar.com\/avatar\/85704fceb4fa34017e3c1344d182da00dbf772fb8856ba2b7726a2df926415b4?s=96&d=mm&r=g","url":"https:\/\/secure.gravatar.com\/avatar\/85704fceb4fa34017e3c1344d182da00dbf772fb8856ba2b7726a2df926415b4?s=96&d=mm&r=g","contentUrl":"https:\/\/secure.gravatar.com\/avatar\/85704fceb4fa34017e3c1344d182da00dbf772fb8856ba2b7726a2df926415b4?s=96&d=mm&r=g","caption":"Miguel Redondo"},"sameAs":["https:\/\/cuadra-agrado.es"],"url":"https:\/\/cuadra-agrado.es\/?author=5"}]}},"_links":{"self":[{"href":"https:\/\/cuadra-agrado.es\/index.php?rest_route=\/wp\/v2\/posts\/2382","targetHints":{"allow":["GET"]}}],"collection":[{"href":"https:\/\/cuadra-agrado.es\/index.php?rest_route=\/wp\/v2\/posts"}],"about":[{"href":"https:\/\/cuadra-agrado.es\/index.php?rest_route=\/wp\/v2\/types\/post"}],"author":[{"embeddable":true,"href":"https:\/\/cuadra-agrado.es\/index.php?rest_route=\/wp\/v2\/users\/5"}],"replies":[{"embeddable":true,"href":"https:\/\/cuadra-agrado.es\/index.php?rest_route=%2Fwp%2Fv2%2Fcomments&post=2382"}],"version-history":[{"count":0,"href":"https:\/\/cuadra-agrado.es\/index.php?rest_route=\/wp\/v2\/posts\/2382\/revisions"}],"wp:attachment":[{"href":"https:\/\/cuadra-agrado.es\/index.php?rest_route=%2Fwp%2Fv2%2Fmedia&parent=2382"}],"wp:term":[{"taxonomy":"category","embeddable":true,"href":"https:\/\/cuadra-agrado.es\/index.php?rest_route=%2Fwp%2Fv2%2Fcategories&post=2382"},{"taxonomy":"post_tag","embeddable":true,"href":"https:\/\/cuadra-agrado.es\/index.php?rest_route=%2Fwp%2Fv2%2Ftags&post=2382"}],"curies":[{"name":"wp","href":"https:\/\/api.w.org\/{rel}","templated":true}]}}