{"id":2174,"date":"2016-04-21T09:17:25","date_gmt":"2016-04-21T08:17:25","guid":{"rendered":"https:\/\/cuadra-agrado.es\/?p=2174"},"modified":"2024-02-27T09:33:57","modified_gmt":"2024-02-27T09:33:57","slug":"segunda-salida-pista-para-ranyan","status":"publish","type":"post","link":"https:\/\/cuadra-agrado.es\/?p=2174","title":{"rendered":"Un nuevo segundo para Rany\u00e1n.."},"content":{"rendered":"<p style=\"text-align: justify;\"><a href=\"http:\/\/cuadra-agrado.es\/wp-content\/uploads\/2014\/02\/ranyan-Luis-Goyeneche-23-2-14-14.jpg\" target=\"_blank\" rel=\"noopener noreferrer\"><img loading=\"lazy\" decoding=\"async\" class=\"alignleft wp-image-1072\" src=\"http:\/\/cuadra-agrado.es\/wp-content\/uploads\/2014\/02\/ranyan-Luis-Goyeneche-23-2-14-14-150x150.jpg\" alt=\"ranyan Luis Goyeneche-23-2-14-14\" width=\"400\" height=\"261\" \/><\/a>Un nuevo segundo puesto para \u201cRany\u00e1n\u201d en su \u00faltima salida del pasado domingo haciendo la gemela esperada con \u201cKurdo\u201d como favorito y ganador de la prueba. No pudo ser la s\u00e9ptima victoria del nuestro que ven\u00eda en esta su segunda salida del a\u00f1o a esperar el fallo del favorito \u201cKurdo\u201d pero que finalmente no se produjo.<\/p>\n<p style=\"text-align: justify;\">Tr\u00edo completado por Tequila, seg\u00fan era de prever, que arroj\u00f3 un pobre dividendo en apuestas de 6\/1. Los tres marcaron su verdadero valor en el h\u00e1ndicap asignado por los handicapers y hay que felicitarles por ello, no es nada f\u00e1cil\u2026. A mismo peso Kurdo-Rany\u00e1n, con diferencia de 4 kilos de valor en h\u00e1ndicap y con la misma diferencia en la llegada de 4 cuerpos, ni con escuadra y cartab\u00f3n sale tan perfecto.<\/p>\n<p style=\"text-align: justify;\">F\u00e1cil recorrido para los dos que supieron esperar a la recta para desmarcarse f\u00e1cilmente del resto del grupo sin demasiada complejidad. Hubo un momento en el poste de los 200 metros que \u201cRany\u00e1n\u201d quiso venir a ganar por los palos, pero un par de fustazos a \u201cKurdo\u201d bastaron para apagar al nuestro. En cualquier caso, muy contentos por su reaparici\u00f3n y por esta segunda salida que nos deja a punto de caramelo para una tercera salida con muchas m\u00e1s opciones de \u00e9xito.<br \/>\nMonta perfecta para el que estrenaba nuestros colores, el \u201cGentleman\u201d Marcos Carmena que cumpli\u00f3 sobradamente con su objetivo y que le esperamos para siguientes pruebas \u201camateur\u201d con total confianza. Sus palabras despu\u00e9s de bajarse del caballo eran de grato orgullo para nosotros: \u201cHa sido un placer montar a Rany\u00e1n, es un encanto de caballo!!! Os dar\u00e1 todav\u00eda muchas satisfacciones\u2026\u201d \u00a0Muchas gracias a ti Marcos por tu profesionalidad, cari\u00f1o y sobre todo por el trabajo que desempe\u00f1as con los nuestros a diario, tambi\u00e9n es un verdadero placer para nosotros contar contigo\u2026.<\/p>\n<p style=\"text-align: justify;\">Resuelta la segunda cita, nuestro trainer JL Maroto, al que por supuesto tambi\u00e9n agradecemos por el gran trabajo de recuperaci\u00f3n que est\u00e1 haciendo con \u201cRany\u00e1n\u201d en esta nueva etapa, ya ha programado su pr\u00f3xima salida con la matr\u00edcula en el h\u00e1ndicap dividido sobre 2.100 metros del pr\u00f3ximo 8 de mayo. El valor del nuestro nos har\u00e1 partir en primera parte de h\u00e1ndicap por lo que esperaremos a pesos y forfaits del pr\u00f3ximo lunes para confirmar su partant definitivo el pr\u00f3ximo martes.<\/p>\n<hr \/>\n<p style=\"text-align: justify;\">\n<!-- AddThis Advanced Settings generic via filter on the_content --><!-- AddThis Share Buttons generic via filter on the_content -->","protected":false},"excerpt":{"rendered":"<p>Un nuevo segundo puesto para \u201cRany\u00e1n\u201d en su \u00faltima salida del pasado domingo haciendo la gemela esperada con \u201cKurdo\u201d como favorito y ganador de la prueba. No pudo ser la s\u00e9ptima victoria del nuestro que ven\u00eda en esta su segunda salida del a\u00f1o a esperar el fallo del favorito \u201cKurdo\u201d pero que finalmente no se [&hellip;]<!-- AddThis Advanced Settings generic via filter on get_the_excerpt --><!-- AddThis Share Buttons generic via filter on get_the_excerpt --><\/p>\n","protected":false},"author":5,"featured_media":0,"comment_status":"closed","ping_status":"closed","sticky":false,"template":"","format":"gallery","meta":{"_acf_changed":false,"_et_pb_use_builder":"","_et_pb_old_content":"","_et_gb_content_width":"","footnotes":""},"categories":[3],"tags":[],"class_list":["post-2174","post","type-post","status-publish","format-gallery","hentry","category-noticias-cuadra-agrado","post_format-post-format-gallery"],"acf":[],"yoast_head":"<!-- This site is optimized with the Yoast SEO plugin v27.4 - https:\/\/yoast.com\/product\/yoast-seo-wordpress\/ -->\n<title>Un nuevo segundo para Rany\u00e1n.. - Cuadra Agrado<\/title>\n<meta name=\"robots\" content=\"index, follow, max-snippet:-1, max-image-preview:large, max-video-preview:-1\" \/>\n<link rel=\"canonical\" href=\"https:\/\/cuadra-agrado.es\/?p=2174\" \/>\n<meta property=\"og:locale\" content=\"es_ES\" \/>\n<meta property=\"og:type\" content=\"article\" \/>\n<meta property=\"og:title\" content=\"Un nuevo segundo para Rany\u00e1n.. - Cuadra Agrado\" \/>\n<meta property=\"og:description\" content=\"Un nuevo segundo puesto para \u201cRany\u00e1n\u201d en su \u00faltima salida del pasado domingo haciendo la gemela esperada con \u201cKurdo\u201d como favorito y ganador de la prueba. No pudo ser la s\u00e9ptima victoria del nuestro que ven\u00eda en esta su segunda salida del a\u00f1o a esperar el fallo del favorito \u201cKurdo\u201d pero que finalmente no se [&hellip;]\" \/>\n<meta property=\"og:url\" content=\"https:\/\/cuadra-agrado.es\/?p=2174\" \/>\n<meta property=\"og:site_name\" content=\"Cuadra Agrado\" \/>\n<meta property=\"article:published_time\" content=\"2016-04-21T08:17:25+00:00\" \/>\n<meta property=\"article:modified_time\" content=\"2024-02-27T09:33:57+00:00\" \/>\n<meta property=\"og:image\" content=\"http:\/\/cuadra-agrado.es\/wp-content\/uploads\/2014\/02\/ranyan-Luis-Goyeneche-23-2-14-14-150x150.jpg\" \/>\n<meta name=\"author\" content=\"Miguel Redondo\" \/>\n<meta name=\"twitter:card\" content=\"summary_large_image\" \/>\n<meta name=\"twitter:creator\" content=\"@AGRADOracing\" \/>\n<meta name=\"twitter:site\" content=\"@AGRADOracing\" \/>\n<meta name=\"twitter:label1\" content=\"Escrito por\" \/>\n\t<meta name=\"twitter:data1\" content=\"Miguel Redondo\" \/>\n\t<meta name=\"twitter:label2\" content=\"Tiempo de lectura\" \/>\n\t<meta name=\"twitter:data2\" content=\"2 minutos\" \/>\n<script type=\"application\/ld+json\" class=\"yoast-schema-graph\">{\"@context\":\"https:\\\/\\\/schema.org\",\"@graph\":[{\"@type\":\"Article\",\"@id\":\"https:\\\/\\\/cuadra-agrado.es\\\/?p=2174#article\",\"isPartOf\":{\"@id\":\"https:\\\/\\\/cuadra-agrado.es\\\/?p=2174\"},\"author\":{\"name\":\"Miguel Redondo\",\"@id\":\"https:\\\/\\\/cuadra-agrado.es\\\/#\\\/schema\\\/person\\\/3aa4f8d2373cf756d93a5526bc72f31b\"},\"headline\":\"Un nuevo segundo para Rany\u00e1n..\",\"datePublished\":\"2016-04-21T08:17:25+00:00\",\"dateModified\":\"2024-02-27T09:33:57+00:00\",\"mainEntityOfPage\":{\"@id\":\"https:\\\/\\\/cuadra-agrado.es\\\/?p=2174\"},\"wordCount\":413,\"image\":{\"@id\":\"https:\\\/\\\/cuadra-agrado.es\\\/?p=2174#primaryimage\"},\"thumbnailUrl\":\"http:\\\/\\\/cuadra-agrado.es\\\/wp-content\\\/uploads\\\/2014\\\/02\\\/ranyan-Luis-Goyeneche-23-2-14-14-150x150.jpg\",\"articleSection\":[\"Actualidad\"],\"inLanguage\":\"es\"},{\"@type\":\"WebPage\",\"@id\":\"https:\\\/\\\/cuadra-agrado.es\\\/?p=2174\",\"url\":\"https:\\\/\\\/cuadra-agrado.es\\\/?p=2174\",\"name\":\"Un nuevo segundo para Rany\u00e1n.. - Cuadra Agrado\",\"isPartOf\":{\"@id\":\"https:\\\/\\\/cuadra-agrado.es\\\/#website\"},\"primaryImageOfPage\":{\"@id\":\"https:\\\/\\\/cuadra-agrado.es\\\/?p=2174#primaryimage\"},\"image\":{\"@id\":\"https:\\\/\\\/cuadra-agrado.es\\\/?p=2174#primaryimage\"},\"thumbnailUrl\":\"http:\\\/\\\/cuadra-agrado.es\\\/wp-content\\\/uploads\\\/2014\\\/02\\\/ranyan-Luis-Goyeneche-23-2-14-14-150x150.jpg\",\"datePublished\":\"2016-04-21T08:17:25+00:00\",\"dateModified\":\"2024-02-27T09:33:57+00:00\",\"author\":{\"@id\":\"https:\\\/\\\/cuadra-agrado.es\\\/#\\\/schema\\\/person\\\/3aa4f8d2373cf756d93a5526bc72f31b\"},\"breadcrumb\":{\"@id\":\"https:\\\/\\\/cuadra-agrado.es\\\/?p=2174#breadcrumb\"},\"inLanguage\":\"es\",\"potentialAction\":[{\"@type\":\"ReadAction\",\"target\":[\"https:\\\/\\\/cuadra-agrado.es\\\/?p=2174\"]}]},{\"@type\":\"ImageObject\",\"inLanguage\":\"es\",\"@id\":\"https:\\\/\\\/cuadra-agrado.es\\\/?p=2174#primaryimage\",\"url\":\"http:\\\/\\\/cuadra-agrado.es\\\/wp-content\\\/uploads\\\/2014\\\/02\\\/ranyan-Luis-Goyeneche-23-2-14-14-150x150.jpg\",\"contentUrl\":\"http:\\\/\\\/cuadra-agrado.es\\\/wp-content\\\/uploads\\\/2014\\\/02\\\/ranyan-Luis-Goyeneche-23-2-14-14-150x150.jpg\"},{\"@type\":\"BreadcrumbList\",\"@id\":\"https:\\\/\\\/cuadra-agrado.es\\\/?p=2174#breadcrumb\",\"itemListElement\":[{\"@type\":\"ListItem\",\"position\":1,\"name\":\"Portada\",\"item\":\"https:\\\/\\\/cuadra-agrado.es\\\/\"},{\"@type\":\"ListItem\",\"position\":2,\"name\":\"Un nuevo segundo para Rany\u00e1n..\"}]},{\"@type\":\"WebSite\",\"@id\":\"https:\\\/\\\/cuadra-agrado.es\\\/#website\",\"url\":\"https:\\\/\\\/cuadra-agrado.es\\\/\",\"name\":\"Cuadra Agrado\",\"description\":\"En el mundo del Turf desde 2008\",\"potentialAction\":[{\"@type\":\"SearchAction\",\"target\":{\"@type\":\"EntryPoint\",\"urlTemplate\":\"https:\\\/\\\/cuadra-agrado.es\\\/?s={search_term_string}\"},\"query-input\":{\"@type\":\"PropertyValueSpecification\",\"valueRequired\":true,\"valueName\":\"search_term_string\"}}],\"inLanguage\":\"es\"},{\"@type\":\"Person\",\"@id\":\"https:\\\/\\\/cuadra-agrado.es\\\/#\\\/schema\\\/person\\\/3aa4f8d2373cf756d93a5526bc72f31b\",\"name\":\"Miguel Redondo\",\"image\":{\"@type\":\"ImageObject\",\"inLanguage\":\"es\",\"@id\":\"https:\\\/\\\/secure.gravatar.com\\\/avatar\\\/85704fceb4fa34017e3c1344d182da00dbf772fb8856ba2b7726a2df926415b4?s=96&d=mm&r=g\",\"url\":\"https:\\\/\\\/secure.gravatar.com\\\/avatar\\\/85704fceb4fa34017e3c1344d182da00dbf772fb8856ba2b7726a2df926415b4?s=96&d=mm&r=g\",\"contentUrl\":\"https:\\\/\\\/secure.gravatar.com\\\/avatar\\\/85704fceb4fa34017e3c1344d182da00dbf772fb8856ba2b7726a2df926415b4?s=96&d=mm&r=g\",\"caption\":\"Miguel Redondo\"},\"sameAs\":[\"https:\\\/\\\/cuadra-agrado.es\"],\"url\":\"https:\\\/\\\/cuadra-agrado.es\\\/?author=5\"}]}<\/script>\n<!-- \/ Yoast SEO plugin. -->","yoast_head_json":{"title":"Un nuevo segundo para Rany\u00e1n.. - Cuadra Agrado","robots":{"index":"index","follow":"follow","max-snippet":"max-snippet:-1","max-image-preview":"max-image-preview:large","max-video-preview":"max-video-preview:-1"},"canonical":"https:\/\/cuadra-agrado.es\/?p=2174","og_locale":"es_ES","og_type":"article","og_title":"Un nuevo segundo para Rany\u00e1n.. - Cuadra Agrado","og_description":"Un nuevo segundo puesto para \u201cRany\u00e1n\u201d en su \u00faltima salida del pasado domingo haciendo la gemela esperada con \u201cKurdo\u201d como favorito y ganador de la prueba. No pudo ser la s\u00e9ptima victoria del nuestro que ven\u00eda en esta su segunda salida del a\u00f1o a esperar el fallo del favorito \u201cKurdo\u201d pero que finalmente no se [&hellip;]","og_url":"https:\/\/cuadra-agrado.es\/?p=2174","og_site_name":"Cuadra Agrado","article_published_time":"2016-04-21T08:17:25+00:00","article_modified_time":"2024-02-27T09:33:57+00:00","og_image":[{"url":"http:\/\/cuadra-agrado.es\/wp-content\/uploads\/2014\/02\/ranyan-Luis-Goyeneche-23-2-14-14-150x150.jpg","type":"","width":"","height":""}],"author":"Miguel Redondo","twitter_card":"summary_large_image","twitter_creator":"@AGRADOracing","twitter_site":"@AGRADOracing","twitter_misc":{"Escrito por":"Miguel Redondo","Tiempo de lectura":"2 minutos"},"schema":{"@context":"https:\/\/schema.org","@graph":[{"@type":"Article","@id":"https:\/\/cuadra-agrado.es\/?p=2174#article","isPartOf":{"@id":"https:\/\/cuadra-agrado.es\/?p=2174"},"author":{"name":"Miguel Redondo","@id":"https:\/\/cuadra-agrado.es\/#\/schema\/person\/3aa4f8d2373cf756d93a5526bc72f31b"},"headline":"Un nuevo segundo para Rany\u00e1n..","datePublished":"2016-04-21T08:17:25+00:00","dateModified":"2024-02-27T09:33:57+00:00","mainEntityOfPage":{"@id":"https:\/\/cuadra-agrado.es\/?p=2174"},"wordCount":413,"image":{"@id":"https:\/\/cuadra-agrado.es\/?p=2174#primaryimage"},"thumbnailUrl":"http:\/\/cuadra-agrado.es\/wp-content\/uploads\/2014\/02\/ranyan-Luis-Goyeneche-23-2-14-14-150x150.jpg","articleSection":["Actualidad"],"inLanguage":"es"},{"@type":"WebPage","@id":"https:\/\/cuadra-agrado.es\/?p=2174","url":"https:\/\/cuadra-agrado.es\/?p=2174","name":"Un nuevo segundo para Rany\u00e1n.. - Cuadra Agrado","isPartOf":{"@id":"https:\/\/cuadra-agrado.es\/#website"},"primaryImageOfPage":{"@id":"https:\/\/cuadra-agrado.es\/?p=2174#primaryimage"},"image":{"@id":"https:\/\/cuadra-agrado.es\/?p=2174#primaryimage"},"thumbnailUrl":"http:\/\/cuadra-agrado.es\/wp-content\/uploads\/2014\/02\/ranyan-Luis-Goyeneche-23-2-14-14-150x150.jpg","datePublished":"2016-04-21T08:17:25+00:00","dateModified":"2024-02-27T09:33:57+00:00","author":{"@id":"https:\/\/cuadra-agrado.es\/#\/schema\/person\/3aa4f8d2373cf756d93a5526bc72f31b"},"breadcrumb":{"@id":"https:\/\/cuadra-agrado.es\/?p=2174#breadcrumb"},"inLanguage":"es","potentialAction":[{"@type":"ReadAction","target":["https:\/\/cuadra-agrado.es\/?p=2174"]}]},{"@type":"ImageObject","inLanguage":"es","@id":"https:\/\/cuadra-agrado.es\/?p=2174#primaryimage","url":"http:\/\/cuadra-agrado.es\/wp-content\/uploads\/2014\/02\/ranyan-Luis-Goyeneche-23-2-14-14-150x150.jpg","contentUrl":"http:\/\/cuadra-agrado.es\/wp-content\/uploads\/2014\/02\/ranyan-Luis-Goyeneche-23-2-14-14-150x150.jpg"},{"@type":"BreadcrumbList","@id":"https:\/\/cuadra-agrado.es\/?p=2174#breadcrumb","itemListElement":[{"@type":"ListItem","position":1,"name":"Portada","item":"https:\/\/cuadra-agrado.es\/"},{"@type":"ListItem","position":2,"name":"Un nuevo segundo para Rany\u00e1n.."}]},{"@type":"WebSite","@id":"https:\/\/cuadra-agrado.es\/#website","url":"https:\/\/cuadra-agrado.es\/","name":"Cuadra Agrado","description":"En el mundo del Turf desde 2008","potentialAction":[{"@type":"SearchAction","target":{"@type":"EntryPoint","urlTemplate":"https:\/\/cuadra-agrado.es\/?s={search_term_string}"},"query-input":{"@type":"PropertyValueSpecification","valueRequired":true,"valueName":"search_term_string"}}],"inLanguage":"es"},{"@type":"Person","@id":"https:\/\/cuadra-agrado.es\/#\/schema\/person\/3aa4f8d2373cf756d93a5526bc72f31b","name":"Miguel Redondo","image":{"@type":"ImageObject","inLanguage":"es","@id":"https:\/\/secure.gravatar.com\/avatar\/85704fceb4fa34017e3c1344d182da00dbf772fb8856ba2b7726a2df926415b4?s=96&d=mm&r=g","url":"https:\/\/secure.gravatar.com\/avatar\/85704fceb4fa34017e3c1344d182da00dbf772fb8856ba2b7726a2df926415b4?s=96&d=mm&r=g","contentUrl":"https:\/\/secure.gravatar.com\/avatar\/85704fceb4fa34017e3c1344d182da00dbf772fb8856ba2b7726a2df926415b4?s=96&d=mm&r=g","caption":"Miguel Redondo"},"sameAs":["https:\/\/cuadra-agrado.es"],"url":"https:\/\/cuadra-agrado.es\/?author=5"}]}},"_links":{"self":[{"href":"https:\/\/cuadra-agrado.es\/index.php?rest_route=\/wp\/v2\/posts\/2174","targetHints":{"allow":["GET"]}}],"collection":[{"href":"https:\/\/cuadra-agrado.es\/index.php?rest_route=\/wp\/v2\/posts"}],"about":[{"href":"https:\/\/cuadra-agrado.es\/index.php?rest_route=\/wp\/v2\/types\/post"}],"author":[{"embeddable":true,"href":"https:\/\/cuadra-agrado.es\/index.php?rest_route=\/wp\/v2\/users\/5"}],"replies":[{"embeddable":true,"href":"https:\/\/cuadra-agrado.es\/index.php?rest_route=%2Fwp%2Fv2%2Fcomments&post=2174"}],"version-history":[{"count":0,"href":"https:\/\/cuadra-agrado.es\/index.php?rest_route=\/wp\/v2\/posts\/2174\/revisions"}],"wp:attachment":[{"href":"https:\/\/cuadra-agrado.es\/index.php?rest_route=%2Fwp%2Fv2%2Fmedia&parent=2174"}],"wp:term":[{"taxonomy":"category","embeddable":true,"href":"https:\/\/cuadra-agrado.es\/index.php?rest_route=%2Fwp%2Fv2%2Fcategories&post=2174"},{"taxonomy":"post_tag","embeddable":true,"href":"https:\/\/cuadra-agrado.es\/index.php?rest_route=%2Fwp%2Fv2%2Ftags&post=2174"}],"curies":[{"name":"wp","href":"https:\/\/api.w.org\/{rel}","templated":true}]}}