{"id":2161,"date":"2016-04-17T19:55:17","date_gmt":"2016-04-17T18:55:17","guid":{"rendered":"https:\/\/cuadra-agrado.es\/?p=2161"},"modified":"2024-02-27T09:27:46","modified_gmt":"2024-02-27T09:27:46","slug":"el-corazon-de-valiant-y-la-fuerza-de-fayos","status":"publish","type":"post","link":"https:\/\/cuadra-agrado.es\/?p=2161","title":{"rendered":"El coraz\u00f3n de Valiant y la fuerza de Fayos&#8230;"},"content":{"rendered":"<p style=\"text-align: justify;\"><a href=\"http:\/\/cuadra-agrado.es\/wp-content\/uploads\/2016\/04\/Valiant-Serial.jpg\" target=\"_blank\" rel=\"noopener noreferrer\"><img loading=\"lazy\" decoding=\"async\" class=\"alignleft  wp-image-2162\" alt=\"Valiant Serial\" src=\"http:\/\/cuadra-agrado.es\/wp-content\/uploads\/2016\/04\/Valiant-Serial.jpg\" width=\"400\" height=\"300\" \/><\/a>El coraz\u00f3n de \u00abValiant Blue\u00bb y la fuerza de Borja Fayos se alinearon hoy en la 7\u00aa jornada de primavera de Madrid para conseguir la 13\u00aa victoria del mejor \u201cflyer\u201d de Espa\u00f1a en 2014 y que reaparec\u00eda en esta con intenci\u00f3n de volver a serlo en 2016. Busc\u00e1bamos en este \u201cPremio Serial\u201d una reaparici\u00f3n tranquila despu\u00e9s de casi cinco meses desde su \u00faltima, pero una pista pesada y una muy combativa y liviana \u201cKiri Sunrise\u201d pusieron las cosas muy dif\u00edciles para comenzar la temporada con una victoria que finalmente pudimos saborear, aunque no sin sufrimiento. Brillante su puesta en marcha desde cajones como siempre, cogiendo la punta como es el estilo del nuestro y poniendo ritmo a la prueba, aunque en esta ocasi\u00f3n, no demasiado selectivo. Pronto Fayos se vino a calles exteriores para buscar mejor terreno y en el paso, a falta de 700 metros, Fayos intent\u00f3 darle un peque\u00f1o respiro y afrontar los \u00faltimos 200 con mayor garant\u00eda, pero en ese momento el grupo compacto y en abanico comandado\u00a0 por \u201cVale di Rosa\u201d y \u201cWinning Hunter\u201d se ech\u00f3 encima r\u00e1pidamente por lo que Fayos tuvo incluso que emplear hasta en tres ocasiones la fusta para tratar de despertar el orgullo del \u00abnegro\u00bb. De este grupo sali\u00f3 una sorprendente \u201cKiri Sunrise\u201d, yegua que ya hab\u00eda batido por dos veces a la segunda de la Poule \u201cMiss Money Penny\u201d en Sevilla y que solo su \u00faltima en Madrid hab\u00eda tapado la calidad que hoy ha demostrado. La de Iv\u00e1n L\u00f3pez sobrepas\u00f3 incluso a \u201cValiant\u201d en el \u00faltimo hect\u00f3metro para irse a por su primera victoria en el que ser\u00eda el momento de m\u00e1xima tensi\u00f3n que finalmente se volc\u00f3 de nuestro lado gracias al gran coraz\u00f3n del nuestro y del empuje de su amigo de monta que le oblig\u00f3 a volver de nuevo a pelear la carrera y sobrepasar al rival de hoy en los \u00faltimos diez trancos para hacerse con la primera del a\u00f1o por medio cuerpo.<\/p>\n<p style=\"text-align: justify;\">Agradecimiento muy especial a la monta del coraje y de la fuerza: \u201cExcmo. Sr. Don Borja Fayos Mart\u00edn\u201d que nunca quiso perder con uno de sus caballos \u201ctalismanes\u201d y que hasta el mismo poste de meta sac\u00f3 todo lo que \u00e9l tiene dentro, y le hizo sacar a \u00abValiant Blue\u00bb tambi\u00e9n el orgullo y coraz\u00f3n que atesora. Dicen los entendidos que el turf es 90% caballo y 10% Jockey, hoy ese porcentaje se convierte en irrisorio para la monta. Dedicaci\u00f3n especial tambi\u00e9n para Alberto Remolina que sin sus trabajos de recuperaci\u00f3n en Laredo, hoy Valiant seguramente tampoco hubiera estado en recinto de ganadores, gran parte de esta victoria es tuya Alberto, muchas gracias!!!. Y como no puede ser de otra forma, agradecimiento muy especial a nuestro \u201ctrainer\u201d Juan Luis Maroto por ofrecernos con su trabajo y constancia la primera victoria para nuestros colores bajo su preparaci\u00f3n. Enhorabuenay muchas gracias!!! No ser\u00e1 la \u00faltima seguro\u2026<\/p>\n<p style=\"text-align: justify;\">Despu\u00e9s de esta reaparici\u00f3n con sufrida victoria, Valiant Blue tiene previsto seguir el programa marcado que pasa por subir el list\u00f3n y defender el \u201cPremio San Isidro\u201d el pr\u00f3ximo 15 de Mayo en distancia de 1.200 metros. Vamos a esperar los pr\u00f3ximos d\u00edas para ver como recupera de este primer esfuerzo y confirmar su participaci\u00f3n.<\/p>\n<hr \/>\n<p>&nbsp;<\/p>\n<!-- AddThis Advanced Settings generic via filter on the_content --><!-- AddThis Share Buttons generic via filter on the_content -->","protected":false},"excerpt":{"rendered":"<p>El coraz\u00f3n de \u00abValiant Blue\u00bb y la fuerza de Borja Fayos se alinearon hoy en la 7\u00aa jornada de primavera de Madrid para conseguir la 13\u00aa victoria del mejor \u201cflyer\u201d de Espa\u00f1a en 2014 y que reaparec\u00eda en esta con intenci\u00f3n de volver a serlo en 2016. Busc\u00e1bamos en este \u201cPremio Serial\u201d una reaparici\u00f3n tranquila [&hellip;]<!-- AddThis Advanced Settings generic via filter on get_the_excerpt --><!-- AddThis Share Buttons generic via filter on get_the_excerpt --><\/p>\n","protected":false},"author":5,"featured_media":0,"comment_status":"closed","ping_status":"closed","sticky":false,"template":"","format":"gallery","meta":{"_acf_changed":false,"_et_pb_use_builder":"","_et_pb_old_content":"","_et_gb_content_width":"","footnotes":""},"categories":[3],"tags":[],"class_list":["post-2161","post","type-post","status-publish","format-gallery","hentry","category-noticias-cuadra-agrado","post_format-post-format-gallery"],"acf":[],"yoast_head":"<!-- This site is optimized with the Yoast SEO plugin v27.4 - https:\/\/yoast.com\/product\/yoast-seo-wordpress\/ -->\n<title>El coraz\u00f3n de Valiant y la fuerza de Fayos... - Cuadra Agrado<\/title>\n<meta name=\"robots\" content=\"index, follow, max-snippet:-1, max-image-preview:large, max-video-preview:-1\" \/>\n<link rel=\"canonical\" href=\"https:\/\/cuadra-agrado.es\/?p=2161\" \/>\n<meta property=\"og:locale\" content=\"es_ES\" \/>\n<meta property=\"og:type\" content=\"article\" \/>\n<meta property=\"og:title\" content=\"El coraz\u00f3n de Valiant y la fuerza de Fayos... - Cuadra Agrado\" \/>\n<meta property=\"og:description\" content=\"El coraz\u00f3n de \u00abValiant Blue\u00bb y la fuerza de Borja Fayos se alinearon hoy en la 7\u00aa jornada de primavera de Madrid para conseguir la 13\u00aa victoria del mejor \u201cflyer\u201d de Espa\u00f1a en 2014 y que reaparec\u00eda en esta con intenci\u00f3n de volver a serlo en 2016. Busc\u00e1bamos en este \u201cPremio Serial\u201d una reaparici\u00f3n tranquila [&hellip;]\" \/>\n<meta property=\"og:url\" content=\"https:\/\/cuadra-agrado.es\/?p=2161\" \/>\n<meta property=\"og:site_name\" content=\"Cuadra Agrado\" \/>\n<meta property=\"article:published_time\" content=\"2016-04-17T18:55:17+00:00\" \/>\n<meta property=\"article:modified_time\" content=\"2024-02-27T09:27:46+00:00\" \/>\n<meta property=\"og:image\" content=\"http:\/\/cuadra-agrado.es\/wp-content\/uploads\/2016\/04\/Valiant-Serial.jpg\" \/>\n<meta name=\"author\" content=\"Miguel Redondo\" \/>\n<meta name=\"twitter:card\" content=\"summary_large_image\" \/>\n<meta name=\"twitter:creator\" content=\"@AGRADOracing\" \/>\n<meta name=\"twitter:site\" content=\"@AGRADOracing\" \/>\n<meta name=\"twitter:label1\" content=\"Escrito por\" \/>\n\t<meta name=\"twitter:data1\" content=\"Miguel Redondo\" \/>\n\t<meta name=\"twitter:label2\" content=\"Tiempo de lectura\" \/>\n\t<meta name=\"twitter:data2\" content=\"3 minutos\" \/>\n<script type=\"application\/ld+json\" class=\"yoast-schema-graph\">{\"@context\":\"https:\\\/\\\/schema.org\",\"@graph\":[{\"@type\":\"Article\",\"@id\":\"https:\\\/\\\/cuadra-agrado.es\\\/?p=2161#article\",\"isPartOf\":{\"@id\":\"https:\\\/\\\/cuadra-agrado.es\\\/?p=2161\"},\"author\":{\"name\":\"Miguel Redondo\",\"@id\":\"https:\\\/\\\/cuadra-agrado.es\\\/#\\\/schema\\\/person\\\/3aa4f8d2373cf756d93a5526bc72f31b\"},\"headline\":\"El coraz\u00f3n de Valiant y la fuerza de Fayos&#8230;\",\"datePublished\":\"2016-04-17T18:55:17+00:00\",\"dateModified\":\"2024-02-27T09:27:46+00:00\",\"mainEntityOfPage\":{\"@id\":\"https:\\\/\\\/cuadra-agrado.es\\\/?p=2161\"},\"wordCount\":573,\"image\":{\"@id\":\"https:\\\/\\\/cuadra-agrado.es\\\/?p=2161#primaryimage\"},\"thumbnailUrl\":\"http:\\\/\\\/cuadra-agrado.es\\\/wp-content\\\/uploads\\\/2016\\\/04\\\/Valiant-Serial.jpg\",\"articleSection\":[\"Actualidad\"],\"inLanguage\":\"es\"},{\"@type\":\"WebPage\",\"@id\":\"https:\\\/\\\/cuadra-agrado.es\\\/?p=2161\",\"url\":\"https:\\\/\\\/cuadra-agrado.es\\\/?p=2161\",\"name\":\"El coraz\u00f3n de Valiant y la fuerza de Fayos... - Cuadra Agrado\",\"isPartOf\":{\"@id\":\"https:\\\/\\\/cuadra-agrado.es\\\/#website\"},\"primaryImageOfPage\":{\"@id\":\"https:\\\/\\\/cuadra-agrado.es\\\/?p=2161#primaryimage\"},\"image\":{\"@id\":\"https:\\\/\\\/cuadra-agrado.es\\\/?p=2161#primaryimage\"},\"thumbnailUrl\":\"http:\\\/\\\/cuadra-agrado.es\\\/wp-content\\\/uploads\\\/2016\\\/04\\\/Valiant-Serial.jpg\",\"datePublished\":\"2016-04-17T18:55:17+00:00\",\"dateModified\":\"2024-02-27T09:27:46+00:00\",\"author\":{\"@id\":\"https:\\\/\\\/cuadra-agrado.es\\\/#\\\/schema\\\/person\\\/3aa4f8d2373cf756d93a5526bc72f31b\"},\"breadcrumb\":{\"@id\":\"https:\\\/\\\/cuadra-agrado.es\\\/?p=2161#breadcrumb\"},\"inLanguage\":\"es\",\"potentialAction\":[{\"@type\":\"ReadAction\",\"target\":[\"https:\\\/\\\/cuadra-agrado.es\\\/?p=2161\"]}]},{\"@type\":\"ImageObject\",\"inLanguage\":\"es\",\"@id\":\"https:\\\/\\\/cuadra-agrado.es\\\/?p=2161#primaryimage\",\"url\":\"http:\\\/\\\/cuadra-agrado.es\\\/wp-content\\\/uploads\\\/2016\\\/04\\\/Valiant-Serial.jpg\",\"contentUrl\":\"http:\\\/\\\/cuadra-agrado.es\\\/wp-content\\\/uploads\\\/2016\\\/04\\\/Valiant-Serial.jpg\"},{\"@type\":\"BreadcrumbList\",\"@id\":\"https:\\\/\\\/cuadra-agrado.es\\\/?p=2161#breadcrumb\",\"itemListElement\":[{\"@type\":\"ListItem\",\"position\":1,\"name\":\"Portada\",\"item\":\"https:\\\/\\\/cuadra-agrado.es\\\/\"},{\"@type\":\"ListItem\",\"position\":2,\"name\":\"El coraz\u00f3n de Valiant y la fuerza de Fayos&#8230;\"}]},{\"@type\":\"WebSite\",\"@id\":\"https:\\\/\\\/cuadra-agrado.es\\\/#website\",\"url\":\"https:\\\/\\\/cuadra-agrado.es\\\/\",\"name\":\"Cuadra Agrado\",\"description\":\"En el mundo del Turf desde 2008\",\"potentialAction\":[{\"@type\":\"SearchAction\",\"target\":{\"@type\":\"EntryPoint\",\"urlTemplate\":\"https:\\\/\\\/cuadra-agrado.es\\\/?s={search_term_string}\"},\"query-input\":{\"@type\":\"PropertyValueSpecification\",\"valueRequired\":true,\"valueName\":\"search_term_string\"}}],\"inLanguage\":\"es\"},{\"@type\":\"Person\",\"@id\":\"https:\\\/\\\/cuadra-agrado.es\\\/#\\\/schema\\\/person\\\/3aa4f8d2373cf756d93a5526bc72f31b\",\"name\":\"Miguel Redondo\",\"image\":{\"@type\":\"ImageObject\",\"inLanguage\":\"es\",\"@id\":\"https:\\\/\\\/secure.gravatar.com\\\/avatar\\\/85704fceb4fa34017e3c1344d182da00dbf772fb8856ba2b7726a2df926415b4?s=96&d=mm&r=g\",\"url\":\"https:\\\/\\\/secure.gravatar.com\\\/avatar\\\/85704fceb4fa34017e3c1344d182da00dbf772fb8856ba2b7726a2df926415b4?s=96&d=mm&r=g\",\"contentUrl\":\"https:\\\/\\\/secure.gravatar.com\\\/avatar\\\/85704fceb4fa34017e3c1344d182da00dbf772fb8856ba2b7726a2df926415b4?s=96&d=mm&r=g\",\"caption\":\"Miguel Redondo\"},\"sameAs\":[\"https:\\\/\\\/cuadra-agrado.es\"],\"url\":\"https:\\\/\\\/cuadra-agrado.es\\\/?author=5\"}]}<\/script>\n<!-- \/ Yoast SEO plugin. -->","yoast_head_json":{"title":"El coraz\u00f3n de Valiant y la fuerza de Fayos... - Cuadra Agrado","robots":{"index":"index","follow":"follow","max-snippet":"max-snippet:-1","max-image-preview":"max-image-preview:large","max-video-preview":"max-video-preview:-1"},"canonical":"https:\/\/cuadra-agrado.es\/?p=2161","og_locale":"es_ES","og_type":"article","og_title":"El coraz\u00f3n de Valiant y la fuerza de Fayos... - Cuadra Agrado","og_description":"El coraz\u00f3n de \u00abValiant Blue\u00bb y la fuerza de Borja Fayos se alinearon hoy en la 7\u00aa jornada de primavera de Madrid para conseguir la 13\u00aa victoria del mejor \u201cflyer\u201d de Espa\u00f1a en 2014 y que reaparec\u00eda en esta con intenci\u00f3n de volver a serlo en 2016. Busc\u00e1bamos en este \u201cPremio Serial\u201d una reaparici\u00f3n tranquila [&hellip;]","og_url":"https:\/\/cuadra-agrado.es\/?p=2161","og_site_name":"Cuadra Agrado","article_published_time":"2016-04-17T18:55:17+00:00","article_modified_time":"2024-02-27T09:27:46+00:00","og_image":[{"url":"http:\/\/cuadra-agrado.es\/wp-content\/uploads\/2016\/04\/Valiant-Serial.jpg","type":"","width":"","height":""}],"author":"Miguel Redondo","twitter_card":"summary_large_image","twitter_creator":"@AGRADOracing","twitter_site":"@AGRADOracing","twitter_misc":{"Escrito por":"Miguel Redondo","Tiempo de lectura":"3 minutos"},"schema":{"@context":"https:\/\/schema.org","@graph":[{"@type":"Article","@id":"https:\/\/cuadra-agrado.es\/?p=2161#article","isPartOf":{"@id":"https:\/\/cuadra-agrado.es\/?p=2161"},"author":{"name":"Miguel Redondo","@id":"https:\/\/cuadra-agrado.es\/#\/schema\/person\/3aa4f8d2373cf756d93a5526bc72f31b"},"headline":"El coraz\u00f3n de Valiant y la fuerza de Fayos&#8230;","datePublished":"2016-04-17T18:55:17+00:00","dateModified":"2024-02-27T09:27:46+00:00","mainEntityOfPage":{"@id":"https:\/\/cuadra-agrado.es\/?p=2161"},"wordCount":573,"image":{"@id":"https:\/\/cuadra-agrado.es\/?p=2161#primaryimage"},"thumbnailUrl":"http:\/\/cuadra-agrado.es\/wp-content\/uploads\/2016\/04\/Valiant-Serial.jpg","articleSection":["Actualidad"],"inLanguage":"es"},{"@type":"WebPage","@id":"https:\/\/cuadra-agrado.es\/?p=2161","url":"https:\/\/cuadra-agrado.es\/?p=2161","name":"El coraz\u00f3n de Valiant y la fuerza de Fayos... - Cuadra Agrado","isPartOf":{"@id":"https:\/\/cuadra-agrado.es\/#website"},"primaryImageOfPage":{"@id":"https:\/\/cuadra-agrado.es\/?p=2161#primaryimage"},"image":{"@id":"https:\/\/cuadra-agrado.es\/?p=2161#primaryimage"},"thumbnailUrl":"http:\/\/cuadra-agrado.es\/wp-content\/uploads\/2016\/04\/Valiant-Serial.jpg","datePublished":"2016-04-17T18:55:17+00:00","dateModified":"2024-02-27T09:27:46+00:00","author":{"@id":"https:\/\/cuadra-agrado.es\/#\/schema\/person\/3aa4f8d2373cf756d93a5526bc72f31b"},"breadcrumb":{"@id":"https:\/\/cuadra-agrado.es\/?p=2161#breadcrumb"},"inLanguage":"es","potentialAction":[{"@type":"ReadAction","target":["https:\/\/cuadra-agrado.es\/?p=2161"]}]},{"@type":"ImageObject","inLanguage":"es","@id":"https:\/\/cuadra-agrado.es\/?p=2161#primaryimage","url":"http:\/\/cuadra-agrado.es\/wp-content\/uploads\/2016\/04\/Valiant-Serial.jpg","contentUrl":"http:\/\/cuadra-agrado.es\/wp-content\/uploads\/2016\/04\/Valiant-Serial.jpg"},{"@type":"BreadcrumbList","@id":"https:\/\/cuadra-agrado.es\/?p=2161#breadcrumb","itemListElement":[{"@type":"ListItem","position":1,"name":"Portada","item":"https:\/\/cuadra-agrado.es\/"},{"@type":"ListItem","position":2,"name":"El coraz\u00f3n de Valiant y la fuerza de Fayos&#8230;"}]},{"@type":"WebSite","@id":"https:\/\/cuadra-agrado.es\/#website","url":"https:\/\/cuadra-agrado.es\/","name":"Cuadra Agrado","description":"En el mundo del Turf desde 2008","potentialAction":[{"@type":"SearchAction","target":{"@type":"EntryPoint","urlTemplate":"https:\/\/cuadra-agrado.es\/?s={search_term_string}"},"query-input":{"@type":"PropertyValueSpecification","valueRequired":true,"valueName":"search_term_string"}}],"inLanguage":"es"},{"@type":"Person","@id":"https:\/\/cuadra-agrado.es\/#\/schema\/person\/3aa4f8d2373cf756d93a5526bc72f31b","name":"Miguel Redondo","image":{"@type":"ImageObject","inLanguage":"es","@id":"https:\/\/secure.gravatar.com\/avatar\/85704fceb4fa34017e3c1344d182da00dbf772fb8856ba2b7726a2df926415b4?s=96&d=mm&r=g","url":"https:\/\/secure.gravatar.com\/avatar\/85704fceb4fa34017e3c1344d182da00dbf772fb8856ba2b7726a2df926415b4?s=96&d=mm&r=g","contentUrl":"https:\/\/secure.gravatar.com\/avatar\/85704fceb4fa34017e3c1344d182da00dbf772fb8856ba2b7726a2df926415b4?s=96&d=mm&r=g","caption":"Miguel Redondo"},"sameAs":["https:\/\/cuadra-agrado.es"],"url":"https:\/\/cuadra-agrado.es\/?author=5"}]}},"_links":{"self":[{"href":"https:\/\/cuadra-agrado.es\/index.php?rest_route=\/wp\/v2\/posts\/2161","targetHints":{"allow":["GET"]}}],"collection":[{"href":"https:\/\/cuadra-agrado.es\/index.php?rest_route=\/wp\/v2\/posts"}],"about":[{"href":"https:\/\/cuadra-agrado.es\/index.php?rest_route=\/wp\/v2\/types\/post"}],"author":[{"embeddable":true,"href":"https:\/\/cuadra-agrado.es\/index.php?rest_route=\/wp\/v2\/users\/5"}],"replies":[{"embeddable":true,"href":"https:\/\/cuadra-agrado.es\/index.php?rest_route=%2Fwp%2Fv2%2Fcomments&post=2161"}],"version-history":[{"count":0,"href":"https:\/\/cuadra-agrado.es\/index.php?rest_route=\/wp\/v2\/posts\/2161\/revisions"}],"wp:attachment":[{"href":"https:\/\/cuadra-agrado.es\/index.php?rest_route=%2Fwp%2Fv2%2Fmedia&parent=2161"}],"wp:term":[{"taxonomy":"category","embeddable":true,"href":"https:\/\/cuadra-agrado.es\/index.php?rest_route=%2Fwp%2Fv2%2Fcategories&post=2161"},{"taxonomy":"post_tag","embeddable":true,"href":"https:\/\/cuadra-agrado.es\/index.php?rest_route=%2Fwp%2Fv2%2Ftags&post=2161"}],"curies":[{"name":"wp","href":"https:\/\/api.w.org\/{rel}","templated":true}]}}