{"id":2143,"date":"2016-04-11T10:02:58","date_gmt":"2016-04-11T09:02:58","guid":{"rendered":"https:\/\/cuadra-agrado.es\/?p=2143"},"modified":"2024-02-27T09:33:58","modified_gmt":"2024-02-27T09:33:58","slug":"buena-reaparicion-de-ranyan","status":"publish","type":"post","link":"https:\/\/cuadra-agrado.es\/?p=2143","title":{"rendered":"Muy meritoria reaparici\u00f3n de Ranyan!!!"},"content":{"rendered":"<p style=\"text-align: justify;\"><a href=\"http:\/\/cuadra-agrado.es\/wp-content\/uploads\/2014\/01\/Ranyan-161.jpg\" target=\"_blank\" rel=\"noopener noreferrer\"><img loading=\"lazy\" decoding=\"async\" class=\"alignleft  wp-image-543\" alt=\"Ranyan-161.jpg\" src=\"http:\/\/cuadra-agrado.es\/wp-content\/uploads\/2014\/01\/Ranyan-161.jpg\" width=\"280\" height=\"160\" \/><\/a>Muy digna y meritoria reaparici\u00f3n de Rany\u00e1n \u00a0en el d\u00eda de ayer con un meritorio quinto puesto que le devuelve a competici\u00f3n para atacar la pr\u00f3xima con muchas m\u00e1s garant\u00edas. Se buscaba en esta su primera salida despu\u00e9s de un a\u00f1o sin competir coger ritmo y ver si tenemos caballo para seguir con \u00e9l un a\u00f1o m\u00e1s, quedando demostrado que a\u00fan con un 70% de forma fue capaz de entrar detr\u00e1s del favorito de la prueba \u201cKurdo\u201d al que marcamos en el recorrido para estar luchando esta primera. No sali\u00f3 brillante desde cajones, hecho este que nos determin\u00f3 ir en mitad del numeroso lote detr\u00e1s del que a priori deber\u00eda estar en la llegada, as\u00ed afront\u00f3 la primera curva y recta de enfrente, pero muy lejos del trio que comandaba la prueba. Al iniciar la recta definitiva los tres de delante hab\u00edan cogido ya unos metros decisivos y aunque el nuestro quiso buscar el exterior para preparar su sprint final en los \u00faltimos 400 con una acci\u00f3n digna de caballo de carreras, la distancia era ya demasiada por lo que Borja acertadamente se limit\u00f3 a llegar sin usar una sola vez la fusta. Quiz\u00e1s el haber estado con los de delante comandando nos hubiera hecho ganar posici\u00f3n en el poste de meta, pero despu\u00e9s de un largo a\u00f1o fuera de las pistas y la mala salida, nos hizo correr a contraestilo como en \u00e9l es habitual. Buscaremos r\u00e1pidamente la siguiente para atacar la victoria que tenemos en mente y es que todo pasa por conseguirlo lo m\u00e1s r\u00e1pidamente posible. Adicional al h\u00e1ndicap habitual, Rany\u00e1n tiene otro h\u00e1ndicap mucho m\u00e1s severo y es el de intentar competir y ganar a un m\u00e1ximo del 70-80% de su forma ya que su problema de salud le impiden continuar su progresi\u00f3n en el tiempo mucho m\u00e1s all\u00e1 de dos o tres salidas a pista.<\/p>\n<p style=\"text-align: justify;\">Agradecer al crack \u201cBorja Fayos\u201d (todo un ganador de la Poule 2016 Con Avenue Dargent) la monta con el nuestro. Muchos se preguntar\u00edan el porqu\u00e9 de que el indiscutible l\u00edder de la estad\u00edstica quisiera subirse a un caballo que viene para reaparecer \u00a0teniendo posibilidad de subirse a otro con m\u00e1s probabilidad de \u00e9xito, pero m\u00e1s all\u00e1 de seguir sumando en su estad\u00edstica personal, este gran Jockey tambi\u00e9n es todo un gran Se\u00f1or que en momentos como el de ayer deja a un lado su ambici\u00f3n para demostrar su humildad y cari\u00f1o por nuestros colores . Muchas gracias crack!!!<\/p>\n<hr \/>\n<p>&nbsp;<\/p>\n<!-- AddThis Advanced Settings generic via filter on the_content --><!-- AddThis Share Buttons generic via filter on the_content -->","protected":false},"excerpt":{"rendered":"<p>Muy digna y meritoria reaparici\u00f3n de Rany\u00e1n \u00a0en el d\u00eda de ayer con un meritorio quinto puesto que le devuelve a competici\u00f3n para atacar la pr\u00f3xima con muchas m\u00e1s garant\u00edas. Se buscaba en esta su primera salida despu\u00e9s de un a\u00f1o sin competir coger ritmo y ver si tenemos caballo para seguir con \u00e9l un [&hellip;]<!-- AddThis Advanced Settings generic via filter on get_the_excerpt --><!-- AddThis Share Buttons generic via filter on get_the_excerpt --><\/p>\n","protected":false},"author":5,"featured_media":0,"comment_status":"closed","ping_status":"closed","sticky":false,"template":"","format":"gallery","meta":{"_acf_changed":false,"_et_pb_use_builder":"","_et_pb_old_content":"","_et_gb_content_width":"","footnotes":""},"categories":[3],"tags":[],"class_list":["post-2143","post","type-post","status-publish","format-gallery","hentry","category-noticias-cuadra-agrado","post_format-post-format-gallery"],"acf":[],"yoast_head":"<!-- This site is optimized with the Yoast SEO plugin v27.4 - https:\/\/yoast.com\/product\/yoast-seo-wordpress\/ -->\n<title>Muy meritoria reaparici\u00f3n de Ranyan!!! - Cuadra Agrado<\/title>\n<meta name=\"robots\" content=\"index, follow, max-snippet:-1, max-image-preview:large, max-video-preview:-1\" \/>\n<link rel=\"canonical\" href=\"https:\/\/cuadra-agrado.es\/?p=2143\" \/>\n<meta property=\"og:locale\" content=\"es_ES\" \/>\n<meta property=\"og:type\" content=\"article\" \/>\n<meta property=\"og:title\" content=\"Muy meritoria reaparici\u00f3n de Ranyan!!! - Cuadra Agrado\" \/>\n<meta property=\"og:description\" content=\"Muy digna y meritoria reaparici\u00f3n de Rany\u00e1n \u00a0en el d\u00eda de ayer con un meritorio quinto puesto que le devuelve a competici\u00f3n para atacar la pr\u00f3xima con muchas m\u00e1s garant\u00edas. Se buscaba en esta su primera salida despu\u00e9s de un a\u00f1o sin competir coger ritmo y ver si tenemos caballo para seguir con \u00e9l un [&hellip;]\" \/>\n<meta property=\"og:url\" content=\"https:\/\/cuadra-agrado.es\/?p=2143\" \/>\n<meta property=\"og:site_name\" content=\"Cuadra Agrado\" \/>\n<meta property=\"article:published_time\" content=\"2016-04-11T09:02:58+00:00\" \/>\n<meta property=\"article:modified_time\" content=\"2024-02-27T09:33:58+00:00\" \/>\n<meta property=\"og:image\" content=\"http:\/\/cuadra-agrado.es\/wp-content\/uploads\/2014\/01\/Ranyan-161.jpg\" \/>\n<meta name=\"author\" content=\"Miguel Redondo\" \/>\n<meta name=\"twitter:card\" content=\"summary_large_image\" \/>\n<meta name=\"twitter:creator\" content=\"@AGRADOracing\" \/>\n<meta name=\"twitter:site\" content=\"@AGRADOracing\" \/>\n<meta name=\"twitter:label1\" content=\"Escrito por\" \/>\n\t<meta name=\"twitter:data1\" content=\"Miguel Redondo\" \/>\n\t<meta name=\"twitter:label2\" content=\"Tiempo de lectura\" \/>\n\t<meta name=\"twitter:data2\" content=\"2 minutos\" \/>\n<script type=\"application\/ld+json\" class=\"yoast-schema-graph\">{\"@context\":\"https:\\\/\\\/schema.org\",\"@graph\":[{\"@type\":\"Article\",\"@id\":\"https:\\\/\\\/cuadra-agrado.es\\\/?p=2143#article\",\"isPartOf\":{\"@id\":\"https:\\\/\\\/cuadra-agrado.es\\\/?p=2143\"},\"author\":{\"name\":\"Miguel Redondo\",\"@id\":\"https:\\\/\\\/cuadra-agrado.es\\\/#\\\/schema\\\/person\\\/3aa4f8d2373cf756d93a5526bc72f31b\"},\"headline\":\"Muy meritoria reaparici\u00f3n de Ranyan!!!\",\"datePublished\":\"2016-04-11T09:02:58+00:00\",\"dateModified\":\"2024-02-27T09:33:58+00:00\",\"mainEntityOfPage\":{\"@id\":\"https:\\\/\\\/cuadra-agrado.es\\\/?p=2143\"},\"wordCount\":452,\"image\":{\"@id\":\"https:\\\/\\\/cuadra-agrado.es\\\/?p=2143#primaryimage\"},\"thumbnailUrl\":\"http:\\\/\\\/cuadra-agrado.es\\\/wp-content\\\/uploads\\\/2014\\\/01\\\/Ranyan-161.jpg\",\"articleSection\":[\"Actualidad\"],\"inLanguage\":\"es\"},{\"@type\":\"WebPage\",\"@id\":\"https:\\\/\\\/cuadra-agrado.es\\\/?p=2143\",\"url\":\"https:\\\/\\\/cuadra-agrado.es\\\/?p=2143\",\"name\":\"Muy meritoria reaparici\u00f3n de Ranyan!!! - Cuadra Agrado\",\"isPartOf\":{\"@id\":\"https:\\\/\\\/cuadra-agrado.es\\\/#website\"},\"primaryImageOfPage\":{\"@id\":\"https:\\\/\\\/cuadra-agrado.es\\\/?p=2143#primaryimage\"},\"image\":{\"@id\":\"https:\\\/\\\/cuadra-agrado.es\\\/?p=2143#primaryimage\"},\"thumbnailUrl\":\"http:\\\/\\\/cuadra-agrado.es\\\/wp-content\\\/uploads\\\/2014\\\/01\\\/Ranyan-161.jpg\",\"datePublished\":\"2016-04-11T09:02:58+00:00\",\"dateModified\":\"2024-02-27T09:33:58+00:00\",\"author\":{\"@id\":\"https:\\\/\\\/cuadra-agrado.es\\\/#\\\/schema\\\/person\\\/3aa4f8d2373cf756d93a5526bc72f31b\"},\"breadcrumb\":{\"@id\":\"https:\\\/\\\/cuadra-agrado.es\\\/?p=2143#breadcrumb\"},\"inLanguage\":\"es\",\"potentialAction\":[{\"@type\":\"ReadAction\",\"target\":[\"https:\\\/\\\/cuadra-agrado.es\\\/?p=2143\"]}]},{\"@type\":\"ImageObject\",\"inLanguage\":\"es\",\"@id\":\"https:\\\/\\\/cuadra-agrado.es\\\/?p=2143#primaryimage\",\"url\":\"http:\\\/\\\/cuadra-agrado.es\\\/wp-content\\\/uploads\\\/2014\\\/01\\\/Ranyan-161.jpg\",\"contentUrl\":\"http:\\\/\\\/cuadra-agrado.es\\\/wp-content\\\/uploads\\\/2014\\\/01\\\/Ranyan-161.jpg\"},{\"@type\":\"BreadcrumbList\",\"@id\":\"https:\\\/\\\/cuadra-agrado.es\\\/?p=2143#breadcrumb\",\"itemListElement\":[{\"@type\":\"ListItem\",\"position\":1,\"name\":\"Portada\",\"item\":\"https:\\\/\\\/cuadra-agrado.es\\\/\"},{\"@type\":\"ListItem\",\"position\":2,\"name\":\"Muy meritoria reaparici\u00f3n de Ranyan!!!\"}]},{\"@type\":\"WebSite\",\"@id\":\"https:\\\/\\\/cuadra-agrado.es\\\/#website\",\"url\":\"https:\\\/\\\/cuadra-agrado.es\\\/\",\"name\":\"Cuadra Agrado\",\"description\":\"En el mundo del Turf desde 2008\",\"potentialAction\":[{\"@type\":\"SearchAction\",\"target\":{\"@type\":\"EntryPoint\",\"urlTemplate\":\"https:\\\/\\\/cuadra-agrado.es\\\/?s={search_term_string}\"},\"query-input\":{\"@type\":\"PropertyValueSpecification\",\"valueRequired\":true,\"valueName\":\"search_term_string\"}}],\"inLanguage\":\"es\"},{\"@type\":\"Person\",\"@id\":\"https:\\\/\\\/cuadra-agrado.es\\\/#\\\/schema\\\/person\\\/3aa4f8d2373cf756d93a5526bc72f31b\",\"name\":\"Miguel Redondo\",\"image\":{\"@type\":\"ImageObject\",\"inLanguage\":\"es\",\"@id\":\"https:\\\/\\\/secure.gravatar.com\\\/avatar\\\/85704fceb4fa34017e3c1344d182da00dbf772fb8856ba2b7726a2df926415b4?s=96&d=mm&r=g\",\"url\":\"https:\\\/\\\/secure.gravatar.com\\\/avatar\\\/85704fceb4fa34017e3c1344d182da00dbf772fb8856ba2b7726a2df926415b4?s=96&d=mm&r=g\",\"contentUrl\":\"https:\\\/\\\/secure.gravatar.com\\\/avatar\\\/85704fceb4fa34017e3c1344d182da00dbf772fb8856ba2b7726a2df926415b4?s=96&d=mm&r=g\",\"caption\":\"Miguel Redondo\"},\"sameAs\":[\"https:\\\/\\\/cuadra-agrado.es\"],\"url\":\"https:\\\/\\\/cuadra-agrado.es\\\/?author=5\"}]}<\/script>\n<!-- \/ Yoast SEO plugin. -->","yoast_head_json":{"title":"Muy meritoria reaparici\u00f3n de Ranyan!!! - Cuadra Agrado","robots":{"index":"index","follow":"follow","max-snippet":"max-snippet:-1","max-image-preview":"max-image-preview:large","max-video-preview":"max-video-preview:-1"},"canonical":"https:\/\/cuadra-agrado.es\/?p=2143","og_locale":"es_ES","og_type":"article","og_title":"Muy meritoria reaparici\u00f3n de Ranyan!!! - Cuadra Agrado","og_description":"Muy digna y meritoria reaparici\u00f3n de Rany\u00e1n \u00a0en el d\u00eda de ayer con un meritorio quinto puesto que le devuelve a competici\u00f3n para atacar la pr\u00f3xima con muchas m\u00e1s garant\u00edas. Se buscaba en esta su primera salida despu\u00e9s de un a\u00f1o sin competir coger ritmo y ver si tenemos caballo para seguir con \u00e9l un [&hellip;]","og_url":"https:\/\/cuadra-agrado.es\/?p=2143","og_site_name":"Cuadra Agrado","article_published_time":"2016-04-11T09:02:58+00:00","article_modified_time":"2024-02-27T09:33:58+00:00","og_image":[{"url":"http:\/\/cuadra-agrado.es\/wp-content\/uploads\/2014\/01\/Ranyan-161.jpg","type":"","width":"","height":""}],"author":"Miguel Redondo","twitter_card":"summary_large_image","twitter_creator":"@AGRADOracing","twitter_site":"@AGRADOracing","twitter_misc":{"Escrito por":"Miguel Redondo","Tiempo de lectura":"2 minutos"},"schema":{"@context":"https:\/\/schema.org","@graph":[{"@type":"Article","@id":"https:\/\/cuadra-agrado.es\/?p=2143#article","isPartOf":{"@id":"https:\/\/cuadra-agrado.es\/?p=2143"},"author":{"name":"Miguel Redondo","@id":"https:\/\/cuadra-agrado.es\/#\/schema\/person\/3aa4f8d2373cf756d93a5526bc72f31b"},"headline":"Muy meritoria reaparici\u00f3n de Ranyan!!!","datePublished":"2016-04-11T09:02:58+00:00","dateModified":"2024-02-27T09:33:58+00:00","mainEntityOfPage":{"@id":"https:\/\/cuadra-agrado.es\/?p=2143"},"wordCount":452,"image":{"@id":"https:\/\/cuadra-agrado.es\/?p=2143#primaryimage"},"thumbnailUrl":"http:\/\/cuadra-agrado.es\/wp-content\/uploads\/2014\/01\/Ranyan-161.jpg","articleSection":["Actualidad"],"inLanguage":"es"},{"@type":"WebPage","@id":"https:\/\/cuadra-agrado.es\/?p=2143","url":"https:\/\/cuadra-agrado.es\/?p=2143","name":"Muy meritoria reaparici\u00f3n de Ranyan!!! - Cuadra Agrado","isPartOf":{"@id":"https:\/\/cuadra-agrado.es\/#website"},"primaryImageOfPage":{"@id":"https:\/\/cuadra-agrado.es\/?p=2143#primaryimage"},"image":{"@id":"https:\/\/cuadra-agrado.es\/?p=2143#primaryimage"},"thumbnailUrl":"http:\/\/cuadra-agrado.es\/wp-content\/uploads\/2014\/01\/Ranyan-161.jpg","datePublished":"2016-04-11T09:02:58+00:00","dateModified":"2024-02-27T09:33:58+00:00","author":{"@id":"https:\/\/cuadra-agrado.es\/#\/schema\/person\/3aa4f8d2373cf756d93a5526bc72f31b"},"breadcrumb":{"@id":"https:\/\/cuadra-agrado.es\/?p=2143#breadcrumb"},"inLanguage":"es","potentialAction":[{"@type":"ReadAction","target":["https:\/\/cuadra-agrado.es\/?p=2143"]}]},{"@type":"ImageObject","inLanguage":"es","@id":"https:\/\/cuadra-agrado.es\/?p=2143#primaryimage","url":"http:\/\/cuadra-agrado.es\/wp-content\/uploads\/2014\/01\/Ranyan-161.jpg","contentUrl":"http:\/\/cuadra-agrado.es\/wp-content\/uploads\/2014\/01\/Ranyan-161.jpg"},{"@type":"BreadcrumbList","@id":"https:\/\/cuadra-agrado.es\/?p=2143#breadcrumb","itemListElement":[{"@type":"ListItem","position":1,"name":"Portada","item":"https:\/\/cuadra-agrado.es\/"},{"@type":"ListItem","position":2,"name":"Muy meritoria reaparici\u00f3n de Ranyan!!!"}]},{"@type":"WebSite","@id":"https:\/\/cuadra-agrado.es\/#website","url":"https:\/\/cuadra-agrado.es\/","name":"Cuadra Agrado","description":"En el mundo del Turf desde 2008","potentialAction":[{"@type":"SearchAction","target":{"@type":"EntryPoint","urlTemplate":"https:\/\/cuadra-agrado.es\/?s={search_term_string}"},"query-input":{"@type":"PropertyValueSpecification","valueRequired":true,"valueName":"search_term_string"}}],"inLanguage":"es"},{"@type":"Person","@id":"https:\/\/cuadra-agrado.es\/#\/schema\/person\/3aa4f8d2373cf756d93a5526bc72f31b","name":"Miguel Redondo","image":{"@type":"ImageObject","inLanguage":"es","@id":"https:\/\/secure.gravatar.com\/avatar\/85704fceb4fa34017e3c1344d182da00dbf772fb8856ba2b7726a2df926415b4?s=96&d=mm&r=g","url":"https:\/\/secure.gravatar.com\/avatar\/85704fceb4fa34017e3c1344d182da00dbf772fb8856ba2b7726a2df926415b4?s=96&d=mm&r=g","contentUrl":"https:\/\/secure.gravatar.com\/avatar\/85704fceb4fa34017e3c1344d182da00dbf772fb8856ba2b7726a2df926415b4?s=96&d=mm&r=g","caption":"Miguel Redondo"},"sameAs":["https:\/\/cuadra-agrado.es"],"url":"https:\/\/cuadra-agrado.es\/?author=5"}]}},"_links":{"self":[{"href":"https:\/\/cuadra-agrado.es\/index.php?rest_route=\/wp\/v2\/posts\/2143","targetHints":{"allow":["GET"]}}],"collection":[{"href":"https:\/\/cuadra-agrado.es\/index.php?rest_route=\/wp\/v2\/posts"}],"about":[{"href":"https:\/\/cuadra-agrado.es\/index.php?rest_route=\/wp\/v2\/types\/post"}],"author":[{"embeddable":true,"href":"https:\/\/cuadra-agrado.es\/index.php?rest_route=\/wp\/v2\/users\/5"}],"replies":[{"embeddable":true,"href":"https:\/\/cuadra-agrado.es\/index.php?rest_route=%2Fwp%2Fv2%2Fcomments&post=2143"}],"version-history":[{"count":0,"href":"https:\/\/cuadra-agrado.es\/index.php?rest_route=\/wp\/v2\/posts\/2143\/revisions"}],"wp:attachment":[{"href":"https:\/\/cuadra-agrado.es\/index.php?rest_route=%2Fwp%2Fv2%2Fmedia&parent=2143"}],"wp:term":[{"taxonomy":"category","embeddable":true,"href":"https:\/\/cuadra-agrado.es\/index.php?rest_route=%2Fwp%2Fv2%2Fcategories&post=2143"},{"taxonomy":"post_tag","embeddable":true,"href":"https:\/\/cuadra-agrado.es\/index.php?rest_route=%2Fwp%2Fv2%2Ftags&post=2143"}],"curies":[{"name":"wp","href":"https:\/\/api.w.org\/{rel}","templated":true}]}}