{"id":2131,"date":"2016-04-04T10:56:13","date_gmt":"2016-04-04T09:56:13","guid":{"rendered":"https:\/\/cuadra-agrado.es\/?p=2131"},"modified":"2024-02-27T09:33:58","modified_gmt":"2024-02-27T09:33:58","slug":"nuestros-colores-reaparecen-en-pista","status":"publish","type":"post","link":"https:\/\/cuadra-agrado.es\/?p=2131","title":{"rendered":"Nuestros colores reaparecen en pista!!!"},"content":{"rendered":"<p style=\"text-align: justify;\"><a href=\"http:\/\/cuadra-agrado.es\/wp-content\/uploads\/2015\/03\/RANYAN-SAINT-CLOUD.jpg\" target=\"_blank\" rel=\"noopener noreferrer\"><img loading=\"lazy\" decoding=\"async\" class=\"alignleft  wp-image-1673\" alt=\"RANYAN SAINT CLOUD\" src=\"http:\/\/cuadra-agrado.es\/wp-content\/uploads\/2015\/03\/RANYAN-SAINT-CLOUD.jpg\" width=\"300\" height=\"220\" \/><\/a>Comenzamos nuestra temporada 2016 con la confirmaci\u00f3n de Rany\u00e1n para este pr\u00f3ximo domingo en el Premio \u201cRevirado\u201d sobre distancia de 2.100 metros coincidiendo con uno de esos d\u00edas marcados en el calendario turfero con el Gran Premio \u201cValderas\u201d (Poule de Potrancas). Reaparece uno de nuestros \u201cviejos\u201d m\u00e1s querido, que vuelve a competici\u00f3n despu\u00e9s de un largo a\u00f1o alejado de las pistas y que desde el pasado diciembre confiamos en las manos de Juan Luis Maroto. Caballo con mucho coraz\u00f3n y de calidad, pero que sus problemas de salud le impiden una continuidad en su calendario por lo que sus opciones pasan siempre por sus primeras salidas a pista. Ya ha demostrado anteriormente sus buenas reapariciones, en 2014 con su victoria en el Premio \u201cGoyeneche\u201d y el pasado a\u00f1o en tierras francesas donde estuvo segundo a una cabeza en las dos salidas que tuvo en Saint Cloud y Maisson Laffitte. En contra tenemos un previsible lote numeroso y a priori complicado para reaparecer, con varios caballos mucho m\u00e1s en forma que el nuestro. A favor tenemos la distancia que es la perfecta, el previsible terreno blando que le viene al dedo y la garant\u00eda del jockey m\u00e1s en forma en estos momentos \u201cBorja Fayos\u201d que conoce perfectamente al caballo de su anterior etapa como monta de \u201cEduardo Buz\u00f3n\u201d.\u00a0 Reaparici\u00f3n por tanto muy ilusionante para empezar a competir y que \u00a0nos permitir\u00e1 luchar nuestra primera tentativa en 2016.<\/p>\n<p style=\"text-align: justify;\"><a href=\"http:\/\/cuadra-agrado.es\/wp-content\/uploads\/2015\/11\/FullSizeRender1.jpg\" target=\"_blank\" rel=\"noopener noreferrer\"><img loading=\"lazy\" decoding=\"async\" class=\" wp-image-1992 alignright\" alt=\"FullSizeRender\" src=\"http:\/\/cuadra-agrado.es\/wp-content\/uploads\/2015\/11\/FullSizeRender1.jpg\" width=\"300\" height=\"220\" \/><\/a>Por otro lado, hoy tambi\u00e9n ha quedado matriculado nuestro adalid \u201cValiant Blue\u201d despu\u00e9s de dejar pasar las dos defensas a los premios Chamart\u00edn y Habitancum que tan brillantemente ganara en su \u00faltima edici\u00f3n. Despu\u00e9s de su descanso en Laredo, decidimos ir m\u00e1s despacio con \u00e9l y darle una reaparici\u00f3n tranquila buscando una prueba donde sus opciones de victoria fueran mayores con vistas a comenzar plenos de moral. Esta reaparici\u00f3n la encontramos en el Premio Serial sobre distancia de 1.100 metros (l\u00ednea recta) el pr\u00f3ximo 17 de abril donde se podr\u00eda medir a buenos flyers ya contrastados como \u201cHalf a Billion\u201d o \u201cSweet Taboo\u201d. Su forma es evidente que no estar\u00e1 al 100%, pero la calidad demostrada por el nuestro como mejor sprinter de 2014 debe ser su mejor garant\u00eda para comenzar 2016 luchando una nueva victoria como as\u00ed lo demostr\u00f3 a finales de la temporada pasada en su \u00faltima salida a pista en Madrid. Contamos tambi\u00e9n para \u00e9l con la monta de su fiel amigo \u201cBorja Fayos\u201d con la que esperamos volver a vivir esa dupla m\u00e1gica que tantos dulces momentos nos dieron.<\/p>\n<p style=\"text-align: justify;\">Comenzamos por tanto nuestra particular andadura en un a\u00f1o 2016 de transici\u00f3n para nosotros donde esperamos disfrutar de los \u00e9xitos que nos puedan brindar los nuestros, y poco a poco confeccionar nuestra cuadra a lo largo del a\u00f1o con vistas al siguiente\u2026<\/p>\n<hr \/>\n<p style=\"text-align: justify;\">\n<!-- AddThis Advanced Settings generic via filter on the_content --><!-- AddThis Share Buttons generic via filter on the_content -->","protected":false},"excerpt":{"rendered":"<p>Comenzamos nuestra temporada 2016 con la confirmaci\u00f3n de Rany\u00e1n para este pr\u00f3ximo domingo en el Premio \u201cRevirado\u201d sobre distancia de 2.100 metros coincidiendo con uno de esos d\u00edas marcados en el calendario turfero con el Gran Premio \u201cValderas\u201d (Poule de Potrancas). Reaparece uno de nuestros \u201cviejos\u201d m\u00e1s querido, que vuelve a competici\u00f3n despu\u00e9s de un [&hellip;]<!-- AddThis Advanced Settings generic via filter on get_the_excerpt --><!-- AddThis Share Buttons generic via filter on get_the_excerpt --><\/p>\n","protected":false},"author":5,"featured_media":0,"comment_status":"closed","ping_status":"closed","sticky":false,"template":"","format":"gallery","meta":{"_acf_changed":false,"_et_pb_use_builder":"","_et_pb_old_content":"","_et_gb_content_width":"","footnotes":""},"categories":[3],"tags":[],"class_list":["post-2131","post","type-post","status-publish","format-gallery","hentry","category-noticias-cuadra-agrado","post_format-post-format-gallery"],"acf":[],"yoast_head":"<!-- This site is optimized with the Yoast SEO plugin v27.4 - https:\/\/yoast.com\/product\/yoast-seo-wordpress\/ -->\n<title>Nuestros colores reaparecen en pista!!! - Cuadra Agrado<\/title>\n<meta name=\"robots\" content=\"index, follow, max-snippet:-1, max-image-preview:large, max-video-preview:-1\" \/>\n<link rel=\"canonical\" href=\"https:\/\/cuadra-agrado.es\/?p=2131\" \/>\n<meta property=\"og:locale\" content=\"es_ES\" \/>\n<meta property=\"og:type\" content=\"article\" \/>\n<meta property=\"og:title\" content=\"Nuestros colores reaparecen en pista!!! - Cuadra Agrado\" \/>\n<meta property=\"og:description\" content=\"Comenzamos nuestra temporada 2016 con la confirmaci\u00f3n de Rany\u00e1n para este pr\u00f3ximo domingo en el Premio \u201cRevirado\u201d sobre distancia de 2.100 metros coincidiendo con uno de esos d\u00edas marcados en el calendario turfero con el Gran Premio \u201cValderas\u201d (Poule de Potrancas). Reaparece uno de nuestros \u201cviejos\u201d m\u00e1s querido, que vuelve a competici\u00f3n despu\u00e9s de un [&hellip;]\" \/>\n<meta property=\"og:url\" content=\"https:\/\/cuadra-agrado.es\/?p=2131\" \/>\n<meta property=\"og:site_name\" content=\"Cuadra Agrado\" \/>\n<meta property=\"article:published_time\" content=\"2016-04-04T09:56:13+00:00\" \/>\n<meta property=\"article:modified_time\" content=\"2024-02-27T09:33:58+00:00\" \/>\n<meta property=\"og:image\" content=\"http:\/\/cuadra-agrado.es\/wp-content\/uploads\/2015\/03\/RANYAN-SAINT-CLOUD.jpg\" \/>\n<meta name=\"author\" content=\"Miguel Redondo\" \/>\n<meta name=\"twitter:card\" content=\"summary_large_image\" \/>\n<meta name=\"twitter:creator\" content=\"@AGRADOracing\" \/>\n<meta name=\"twitter:site\" content=\"@AGRADOracing\" \/>\n<meta name=\"twitter:label1\" content=\"Escrito por\" \/>\n\t<meta name=\"twitter:data1\" content=\"Miguel Redondo\" \/>\n\t<meta name=\"twitter:label2\" content=\"Tiempo de lectura\" \/>\n\t<meta name=\"twitter:data2\" content=\"2 minutos\" \/>\n<script type=\"application\/ld+json\" class=\"yoast-schema-graph\">{\"@context\":\"https:\\\/\\\/schema.org\",\"@graph\":[{\"@type\":\"Article\",\"@id\":\"https:\\\/\\\/cuadra-agrado.es\\\/?p=2131#article\",\"isPartOf\":{\"@id\":\"https:\\\/\\\/cuadra-agrado.es\\\/?p=2131\"},\"author\":{\"name\":\"Miguel Redondo\",\"@id\":\"https:\\\/\\\/cuadra-agrado.es\\\/#\\\/schema\\\/person\\\/3aa4f8d2373cf756d93a5526bc72f31b\"},\"headline\":\"Nuestros colores reaparecen en pista!!!\",\"datePublished\":\"2016-04-04T09:56:13+00:00\",\"dateModified\":\"2024-02-27T09:33:58+00:00\",\"mainEntityOfPage\":{\"@id\":\"https:\\\/\\\/cuadra-agrado.es\\\/?p=2131\"},\"wordCount\":488,\"image\":{\"@id\":\"https:\\\/\\\/cuadra-agrado.es\\\/?p=2131#primaryimage\"},\"thumbnailUrl\":\"http:\\\/\\\/cuadra-agrado.es\\\/wp-content\\\/uploads\\\/2015\\\/03\\\/RANYAN-SAINT-CLOUD.jpg\",\"articleSection\":[\"Actualidad\"],\"inLanguage\":\"es\"},{\"@type\":\"WebPage\",\"@id\":\"https:\\\/\\\/cuadra-agrado.es\\\/?p=2131\",\"url\":\"https:\\\/\\\/cuadra-agrado.es\\\/?p=2131\",\"name\":\"Nuestros colores reaparecen en pista!!! - Cuadra Agrado\",\"isPartOf\":{\"@id\":\"https:\\\/\\\/cuadra-agrado.es\\\/#website\"},\"primaryImageOfPage\":{\"@id\":\"https:\\\/\\\/cuadra-agrado.es\\\/?p=2131#primaryimage\"},\"image\":{\"@id\":\"https:\\\/\\\/cuadra-agrado.es\\\/?p=2131#primaryimage\"},\"thumbnailUrl\":\"http:\\\/\\\/cuadra-agrado.es\\\/wp-content\\\/uploads\\\/2015\\\/03\\\/RANYAN-SAINT-CLOUD.jpg\",\"datePublished\":\"2016-04-04T09:56:13+00:00\",\"dateModified\":\"2024-02-27T09:33:58+00:00\",\"author\":{\"@id\":\"https:\\\/\\\/cuadra-agrado.es\\\/#\\\/schema\\\/person\\\/3aa4f8d2373cf756d93a5526bc72f31b\"},\"breadcrumb\":{\"@id\":\"https:\\\/\\\/cuadra-agrado.es\\\/?p=2131#breadcrumb\"},\"inLanguage\":\"es\",\"potentialAction\":[{\"@type\":\"ReadAction\",\"target\":[\"https:\\\/\\\/cuadra-agrado.es\\\/?p=2131\"]}]},{\"@type\":\"ImageObject\",\"inLanguage\":\"es\",\"@id\":\"https:\\\/\\\/cuadra-agrado.es\\\/?p=2131#primaryimage\",\"url\":\"http:\\\/\\\/cuadra-agrado.es\\\/wp-content\\\/uploads\\\/2015\\\/03\\\/RANYAN-SAINT-CLOUD.jpg\",\"contentUrl\":\"http:\\\/\\\/cuadra-agrado.es\\\/wp-content\\\/uploads\\\/2015\\\/03\\\/RANYAN-SAINT-CLOUD.jpg\"},{\"@type\":\"BreadcrumbList\",\"@id\":\"https:\\\/\\\/cuadra-agrado.es\\\/?p=2131#breadcrumb\",\"itemListElement\":[{\"@type\":\"ListItem\",\"position\":1,\"name\":\"Portada\",\"item\":\"https:\\\/\\\/cuadra-agrado.es\\\/\"},{\"@type\":\"ListItem\",\"position\":2,\"name\":\"Nuestros colores reaparecen en pista!!!\"}]},{\"@type\":\"WebSite\",\"@id\":\"https:\\\/\\\/cuadra-agrado.es\\\/#website\",\"url\":\"https:\\\/\\\/cuadra-agrado.es\\\/\",\"name\":\"Cuadra Agrado\",\"description\":\"En el mundo del Turf desde 2008\",\"potentialAction\":[{\"@type\":\"SearchAction\",\"target\":{\"@type\":\"EntryPoint\",\"urlTemplate\":\"https:\\\/\\\/cuadra-agrado.es\\\/?s={search_term_string}\"},\"query-input\":{\"@type\":\"PropertyValueSpecification\",\"valueRequired\":true,\"valueName\":\"search_term_string\"}}],\"inLanguage\":\"es\"},{\"@type\":\"Person\",\"@id\":\"https:\\\/\\\/cuadra-agrado.es\\\/#\\\/schema\\\/person\\\/3aa4f8d2373cf756d93a5526bc72f31b\",\"name\":\"Miguel Redondo\",\"image\":{\"@type\":\"ImageObject\",\"inLanguage\":\"es\",\"@id\":\"https:\\\/\\\/secure.gravatar.com\\\/avatar\\\/85704fceb4fa34017e3c1344d182da00dbf772fb8856ba2b7726a2df926415b4?s=96&d=mm&r=g\",\"url\":\"https:\\\/\\\/secure.gravatar.com\\\/avatar\\\/85704fceb4fa34017e3c1344d182da00dbf772fb8856ba2b7726a2df926415b4?s=96&d=mm&r=g\",\"contentUrl\":\"https:\\\/\\\/secure.gravatar.com\\\/avatar\\\/85704fceb4fa34017e3c1344d182da00dbf772fb8856ba2b7726a2df926415b4?s=96&d=mm&r=g\",\"caption\":\"Miguel Redondo\"},\"sameAs\":[\"https:\\\/\\\/cuadra-agrado.es\"],\"url\":\"https:\\\/\\\/cuadra-agrado.es\\\/?author=5\"}]}<\/script>\n<!-- \/ Yoast SEO plugin. -->","yoast_head_json":{"title":"Nuestros colores reaparecen en pista!!! - Cuadra Agrado","robots":{"index":"index","follow":"follow","max-snippet":"max-snippet:-1","max-image-preview":"max-image-preview:large","max-video-preview":"max-video-preview:-1"},"canonical":"https:\/\/cuadra-agrado.es\/?p=2131","og_locale":"es_ES","og_type":"article","og_title":"Nuestros colores reaparecen en pista!!! - Cuadra Agrado","og_description":"Comenzamos nuestra temporada 2016 con la confirmaci\u00f3n de Rany\u00e1n para este pr\u00f3ximo domingo en el Premio \u201cRevirado\u201d sobre distancia de 2.100 metros coincidiendo con uno de esos d\u00edas marcados en el calendario turfero con el Gran Premio \u201cValderas\u201d (Poule de Potrancas). Reaparece uno de nuestros \u201cviejos\u201d m\u00e1s querido, que vuelve a competici\u00f3n despu\u00e9s de un [&hellip;]","og_url":"https:\/\/cuadra-agrado.es\/?p=2131","og_site_name":"Cuadra Agrado","article_published_time":"2016-04-04T09:56:13+00:00","article_modified_time":"2024-02-27T09:33:58+00:00","og_image":[{"url":"http:\/\/cuadra-agrado.es\/wp-content\/uploads\/2015\/03\/RANYAN-SAINT-CLOUD.jpg","type":"","width":"","height":""}],"author":"Miguel Redondo","twitter_card":"summary_large_image","twitter_creator":"@AGRADOracing","twitter_site":"@AGRADOracing","twitter_misc":{"Escrito por":"Miguel Redondo","Tiempo de lectura":"2 minutos"},"schema":{"@context":"https:\/\/schema.org","@graph":[{"@type":"Article","@id":"https:\/\/cuadra-agrado.es\/?p=2131#article","isPartOf":{"@id":"https:\/\/cuadra-agrado.es\/?p=2131"},"author":{"name":"Miguel Redondo","@id":"https:\/\/cuadra-agrado.es\/#\/schema\/person\/3aa4f8d2373cf756d93a5526bc72f31b"},"headline":"Nuestros colores reaparecen en pista!!!","datePublished":"2016-04-04T09:56:13+00:00","dateModified":"2024-02-27T09:33:58+00:00","mainEntityOfPage":{"@id":"https:\/\/cuadra-agrado.es\/?p=2131"},"wordCount":488,"image":{"@id":"https:\/\/cuadra-agrado.es\/?p=2131#primaryimage"},"thumbnailUrl":"http:\/\/cuadra-agrado.es\/wp-content\/uploads\/2015\/03\/RANYAN-SAINT-CLOUD.jpg","articleSection":["Actualidad"],"inLanguage":"es"},{"@type":"WebPage","@id":"https:\/\/cuadra-agrado.es\/?p=2131","url":"https:\/\/cuadra-agrado.es\/?p=2131","name":"Nuestros colores reaparecen en pista!!! - Cuadra Agrado","isPartOf":{"@id":"https:\/\/cuadra-agrado.es\/#website"},"primaryImageOfPage":{"@id":"https:\/\/cuadra-agrado.es\/?p=2131#primaryimage"},"image":{"@id":"https:\/\/cuadra-agrado.es\/?p=2131#primaryimage"},"thumbnailUrl":"http:\/\/cuadra-agrado.es\/wp-content\/uploads\/2015\/03\/RANYAN-SAINT-CLOUD.jpg","datePublished":"2016-04-04T09:56:13+00:00","dateModified":"2024-02-27T09:33:58+00:00","author":{"@id":"https:\/\/cuadra-agrado.es\/#\/schema\/person\/3aa4f8d2373cf756d93a5526bc72f31b"},"breadcrumb":{"@id":"https:\/\/cuadra-agrado.es\/?p=2131#breadcrumb"},"inLanguage":"es","potentialAction":[{"@type":"ReadAction","target":["https:\/\/cuadra-agrado.es\/?p=2131"]}]},{"@type":"ImageObject","inLanguage":"es","@id":"https:\/\/cuadra-agrado.es\/?p=2131#primaryimage","url":"http:\/\/cuadra-agrado.es\/wp-content\/uploads\/2015\/03\/RANYAN-SAINT-CLOUD.jpg","contentUrl":"http:\/\/cuadra-agrado.es\/wp-content\/uploads\/2015\/03\/RANYAN-SAINT-CLOUD.jpg"},{"@type":"BreadcrumbList","@id":"https:\/\/cuadra-agrado.es\/?p=2131#breadcrumb","itemListElement":[{"@type":"ListItem","position":1,"name":"Portada","item":"https:\/\/cuadra-agrado.es\/"},{"@type":"ListItem","position":2,"name":"Nuestros colores reaparecen en pista!!!"}]},{"@type":"WebSite","@id":"https:\/\/cuadra-agrado.es\/#website","url":"https:\/\/cuadra-agrado.es\/","name":"Cuadra Agrado","description":"En el mundo del Turf desde 2008","potentialAction":[{"@type":"SearchAction","target":{"@type":"EntryPoint","urlTemplate":"https:\/\/cuadra-agrado.es\/?s={search_term_string}"},"query-input":{"@type":"PropertyValueSpecification","valueRequired":true,"valueName":"search_term_string"}}],"inLanguage":"es"},{"@type":"Person","@id":"https:\/\/cuadra-agrado.es\/#\/schema\/person\/3aa4f8d2373cf756d93a5526bc72f31b","name":"Miguel Redondo","image":{"@type":"ImageObject","inLanguage":"es","@id":"https:\/\/secure.gravatar.com\/avatar\/85704fceb4fa34017e3c1344d182da00dbf772fb8856ba2b7726a2df926415b4?s=96&d=mm&r=g","url":"https:\/\/secure.gravatar.com\/avatar\/85704fceb4fa34017e3c1344d182da00dbf772fb8856ba2b7726a2df926415b4?s=96&d=mm&r=g","contentUrl":"https:\/\/secure.gravatar.com\/avatar\/85704fceb4fa34017e3c1344d182da00dbf772fb8856ba2b7726a2df926415b4?s=96&d=mm&r=g","caption":"Miguel Redondo"},"sameAs":["https:\/\/cuadra-agrado.es"],"url":"https:\/\/cuadra-agrado.es\/?author=5"}]}},"_links":{"self":[{"href":"https:\/\/cuadra-agrado.es\/index.php?rest_route=\/wp\/v2\/posts\/2131","targetHints":{"allow":["GET"]}}],"collection":[{"href":"https:\/\/cuadra-agrado.es\/index.php?rest_route=\/wp\/v2\/posts"}],"about":[{"href":"https:\/\/cuadra-agrado.es\/index.php?rest_route=\/wp\/v2\/types\/post"}],"author":[{"embeddable":true,"href":"https:\/\/cuadra-agrado.es\/index.php?rest_route=\/wp\/v2\/users\/5"}],"replies":[{"embeddable":true,"href":"https:\/\/cuadra-agrado.es\/index.php?rest_route=%2Fwp%2Fv2%2Fcomments&post=2131"}],"version-history":[{"count":0,"href":"https:\/\/cuadra-agrado.es\/index.php?rest_route=\/wp\/v2\/posts\/2131\/revisions"}],"wp:attachment":[{"href":"https:\/\/cuadra-agrado.es\/index.php?rest_route=%2Fwp%2Fv2%2Fmedia&parent=2131"}],"wp:term":[{"taxonomy":"category","embeddable":true,"href":"https:\/\/cuadra-agrado.es\/index.php?rest_route=%2Fwp%2Fv2%2Fcategories&post=2131"},{"taxonomy":"post_tag","embeddable":true,"href":"https:\/\/cuadra-agrado.es\/index.php?rest_route=%2Fwp%2Fv2%2Ftags&post=2131"}],"curies":[{"name":"wp","href":"https:\/\/api.w.org\/{rel}","templated":true}]}}