{"id":2084,"date":"2016-02-25T11:08:47","date_gmt":"2016-02-25T10:08:47","guid":{"rendered":"https:\/\/cuadra-agrado.es\/?p=2084"},"modified":"2024-02-27T09:34:00","modified_gmt":"2024-02-27T09:34:00","slug":"valiant-blue-ya-esta-de-vuelta-en-madrid","status":"publish","type":"post","link":"https:\/\/cuadra-agrado.es\/?p=2084","title":{"rendered":"Valiant Blue ya est\u00e1 de vuelta en Madrid!!"},"content":{"rendered":"<p style=\"text-align: justify;\"><a href=\"http:\/\/cuadra-agrado.es\/wp-content\/uploads\/2015\/04\/Valiant-Fontainebleu.jpg\" target=\"_blank\" rel=\"noopener noreferrer\"><img loading=\"lazy\" decoding=\"async\" class=\"alignleft  wp-image-1778\" alt=\"Valiant Fontainebleu\" src=\"http:\/\/cuadra-agrado.es\/wp-content\/uploads\/2015\/04\/Valiant-Fontainebleu.jpg\" width=\"300\" height=\"200\" \/><\/a>Nuestro pupilo \u201cValiant Blue\u201d llega de vuelta en el d\u00eda de hoy al Hip\u00f3dromo de la Zarzuela despu\u00e9s de casi tres meses de recuperaci\u00f3n en las playas de Laredo bajo la supervisi\u00f3n de Alberto Remolina. Ya lo hemos hecho en privado, pero queremos agradecer tambi\u00e9n p\u00fablicamente de una forma muy especial a Alberto y a todo su grupo de trabajo (veterinarios, mozos, fisios, etc\u2026) la dedicaci\u00f3n y esfuerzo \u00a0que han realizado con nuestro caballo viniendo de vuelta a Madrid en unas magn\u00edficas condiciones y recuperado en plenitud de todas las afecciones que le hicieron parar despu\u00e9s de su \u00faltima a finales de noviembre. Sin olvidar que Valiant es un caballo ya entrado en edad (7 a\u00f1os), sus cr\u00f3nicos problemas de menudillos y articulaciones, al igual que otros problemas menores, han sido subsanados casi en su totalidad para afrontar con muchas garant\u00edas su vuelta a competici\u00f3n este nuevo a\u00f1o. Su espectacular pelo delata que viene plet\u00f3rico de fortaleza mental y f\u00edsica como podemos tambi\u00e9n observar\u00a0 en un mayor tono muscular producido por los trabajos diarios en el mar. Se despide por tanto de su descanso invernal junto a su gran amigo \u201cNoozhoh Canarias\u201d al que de igual forma le deseamos una muy pronta reaparici\u00f3n en competici\u00f3n.<\/p>\n<p style=\"text-align: justify;\">A partir de este momento vuelve \u00a0bajo las \u00f3rdenes de nuestro trainer Juan Luis Maroto que en estas dos pr\u00f3ximas semanas confirmar\u00e1 en los trabajos diarios la posibilidad de entrar en el partant definitivo del pr\u00f3ximo \u201cPremio Chamartin\u201d en la segunda jornada de primavera en Madrid. Vamos muy justo de tiempo en trabajos y tampoco queremos forzarle m\u00e1s de la cuenta en su reaparici\u00f3n. Si est\u00e1 en condiciones de luchar este premio, estar\u00e1 en el partant, sino esperaremos al \u201cHabitancum\u201d quince d\u00edas despu\u00e9s, pero esta prueba es nuestro primer objetivo marcado en el calendario para nuestro sprinter. Para nosotros ser\u00eda magn\u00edfico poder defender todos y cada uno de los seis premios que tan brillantemente conquist\u00f3 en 2014 bajo las ordenes en aquel momento de Eduardo Buz\u00f3n.<\/p>\n<p style=\"text-align: justify;\">Va a ser dif\u00edcil volver a emular su magn\u00edfica campa\u00f1a pasada, pero nos encontramos en las mejores condiciones para lograrlo, y la decisi\u00f3n que tomamos hace tres meses de cargarle las pilas, nos motiva y nos da plena confianza para intentarlo nuevamente.<\/p>\n<p style=\"text-align: justify;\">Bienvenido a casa crack!! Esperamos mucho de ti.<\/p>\n<hr \/>\n<p>&nbsp;<\/p>\n<!-- AddThis Advanced Settings generic via filter on the_content --><!-- AddThis Share Buttons generic via filter on the_content -->","protected":false},"excerpt":{"rendered":"<p>Nuestro pupilo \u201cValiant Blue\u201d llega de vuelta en el d\u00eda de hoy al Hip\u00f3dromo de la Zarzuela despu\u00e9s de casi tres meses de recuperaci\u00f3n en las playas de Laredo bajo la supervisi\u00f3n de Alberto Remolina. Ya lo hemos hecho en privado, pero queremos agradecer tambi\u00e9n p\u00fablicamente de una forma muy especial a Alberto y a [&hellip;]<!-- AddThis Advanced Settings generic via filter on get_the_excerpt --><!-- AddThis Share Buttons generic via filter on get_the_excerpt --><\/p>\n","protected":false},"author":5,"featured_media":0,"comment_status":"closed","ping_status":"closed","sticky":false,"template":"","format":"gallery","meta":{"_acf_changed":false,"_et_pb_use_builder":"","_et_pb_old_content":"","_et_gb_content_width":"","footnotes":""},"categories":[3],"tags":[],"class_list":["post-2084","post","type-post","status-publish","format-gallery","hentry","category-noticias-cuadra-agrado","post_format-post-format-gallery"],"acf":[],"yoast_head":"<!-- This site is optimized with the Yoast SEO plugin v27.4 - https:\/\/yoast.com\/product\/yoast-seo-wordpress\/ -->\n<title>Valiant Blue ya est\u00e1 de vuelta en Madrid!! - Cuadra Agrado<\/title>\n<meta name=\"robots\" content=\"index, follow, max-snippet:-1, max-image-preview:large, max-video-preview:-1\" \/>\n<link rel=\"canonical\" href=\"https:\/\/cuadra-agrado.es\/?p=2084\" \/>\n<meta property=\"og:locale\" content=\"es_ES\" \/>\n<meta property=\"og:type\" content=\"article\" \/>\n<meta property=\"og:title\" content=\"Valiant Blue ya est\u00e1 de vuelta en Madrid!! - Cuadra Agrado\" \/>\n<meta property=\"og:description\" content=\"Nuestro pupilo \u201cValiant Blue\u201d llega de vuelta en el d\u00eda de hoy al Hip\u00f3dromo de la Zarzuela despu\u00e9s de casi tres meses de recuperaci\u00f3n en las playas de Laredo bajo la supervisi\u00f3n de Alberto Remolina. Ya lo hemos hecho en privado, pero queremos agradecer tambi\u00e9n p\u00fablicamente de una forma muy especial a Alberto y a [&hellip;]\" \/>\n<meta property=\"og:url\" content=\"https:\/\/cuadra-agrado.es\/?p=2084\" \/>\n<meta property=\"og:site_name\" content=\"Cuadra Agrado\" \/>\n<meta property=\"article:published_time\" content=\"2016-02-25T10:08:47+00:00\" \/>\n<meta property=\"article:modified_time\" content=\"2024-02-27T09:34:00+00:00\" \/>\n<meta property=\"og:image\" content=\"http:\/\/cuadra-agrado.es\/wp-content\/uploads\/2015\/04\/Valiant-Fontainebleu.jpg\" \/>\n<meta name=\"author\" content=\"Miguel Redondo\" \/>\n<meta name=\"twitter:card\" content=\"summary_large_image\" \/>\n<meta name=\"twitter:creator\" content=\"@AGRADOracing\" \/>\n<meta name=\"twitter:site\" content=\"@AGRADOracing\" \/>\n<meta name=\"twitter:label1\" content=\"Escrito por\" \/>\n\t<meta name=\"twitter:data1\" content=\"Miguel Redondo\" \/>\n\t<meta name=\"twitter:label2\" content=\"Tiempo de lectura\" \/>\n\t<meta name=\"twitter:data2\" content=\"2 minutos\" \/>\n<script type=\"application\/ld+json\" class=\"yoast-schema-graph\">{\"@context\":\"https:\\\/\\\/schema.org\",\"@graph\":[{\"@type\":\"Article\",\"@id\":\"https:\\\/\\\/cuadra-agrado.es\\\/?p=2084#article\",\"isPartOf\":{\"@id\":\"https:\\\/\\\/cuadra-agrado.es\\\/?p=2084\"},\"author\":{\"name\":\"Miguel Redondo\",\"@id\":\"https:\\\/\\\/cuadra-agrado.es\\\/#\\\/schema\\\/person\\\/3aa4f8d2373cf756d93a5526bc72f31b\"},\"headline\":\"Valiant Blue ya est\u00e1 de vuelta en Madrid!!\",\"datePublished\":\"2016-02-25T10:08:47+00:00\",\"dateModified\":\"2024-02-27T09:34:00+00:00\",\"mainEntityOfPage\":{\"@id\":\"https:\\\/\\\/cuadra-agrado.es\\\/?p=2084\"},\"wordCount\":421,\"image\":{\"@id\":\"https:\\\/\\\/cuadra-agrado.es\\\/?p=2084#primaryimage\"},\"thumbnailUrl\":\"http:\\\/\\\/cuadra-agrado.es\\\/wp-content\\\/uploads\\\/2015\\\/04\\\/Valiant-Fontainebleu.jpg\",\"articleSection\":[\"Actualidad\"],\"inLanguage\":\"es\"},{\"@type\":\"WebPage\",\"@id\":\"https:\\\/\\\/cuadra-agrado.es\\\/?p=2084\",\"url\":\"https:\\\/\\\/cuadra-agrado.es\\\/?p=2084\",\"name\":\"Valiant Blue ya est\u00e1 de vuelta en Madrid!! - Cuadra Agrado\",\"isPartOf\":{\"@id\":\"https:\\\/\\\/cuadra-agrado.es\\\/#website\"},\"primaryImageOfPage\":{\"@id\":\"https:\\\/\\\/cuadra-agrado.es\\\/?p=2084#primaryimage\"},\"image\":{\"@id\":\"https:\\\/\\\/cuadra-agrado.es\\\/?p=2084#primaryimage\"},\"thumbnailUrl\":\"http:\\\/\\\/cuadra-agrado.es\\\/wp-content\\\/uploads\\\/2015\\\/04\\\/Valiant-Fontainebleu.jpg\",\"datePublished\":\"2016-02-25T10:08:47+00:00\",\"dateModified\":\"2024-02-27T09:34:00+00:00\",\"author\":{\"@id\":\"https:\\\/\\\/cuadra-agrado.es\\\/#\\\/schema\\\/person\\\/3aa4f8d2373cf756d93a5526bc72f31b\"},\"breadcrumb\":{\"@id\":\"https:\\\/\\\/cuadra-agrado.es\\\/?p=2084#breadcrumb\"},\"inLanguage\":\"es\",\"potentialAction\":[{\"@type\":\"ReadAction\",\"target\":[\"https:\\\/\\\/cuadra-agrado.es\\\/?p=2084\"]}]},{\"@type\":\"ImageObject\",\"inLanguage\":\"es\",\"@id\":\"https:\\\/\\\/cuadra-agrado.es\\\/?p=2084#primaryimage\",\"url\":\"http:\\\/\\\/cuadra-agrado.es\\\/wp-content\\\/uploads\\\/2015\\\/04\\\/Valiant-Fontainebleu.jpg\",\"contentUrl\":\"http:\\\/\\\/cuadra-agrado.es\\\/wp-content\\\/uploads\\\/2015\\\/04\\\/Valiant-Fontainebleu.jpg\"},{\"@type\":\"BreadcrumbList\",\"@id\":\"https:\\\/\\\/cuadra-agrado.es\\\/?p=2084#breadcrumb\",\"itemListElement\":[{\"@type\":\"ListItem\",\"position\":1,\"name\":\"Portada\",\"item\":\"https:\\\/\\\/cuadra-agrado.es\\\/\"},{\"@type\":\"ListItem\",\"position\":2,\"name\":\"Valiant Blue ya est\u00e1 de vuelta en Madrid!!\"}]},{\"@type\":\"WebSite\",\"@id\":\"https:\\\/\\\/cuadra-agrado.es\\\/#website\",\"url\":\"https:\\\/\\\/cuadra-agrado.es\\\/\",\"name\":\"Cuadra Agrado\",\"description\":\"En el mundo del Turf desde 2008\",\"potentialAction\":[{\"@type\":\"SearchAction\",\"target\":{\"@type\":\"EntryPoint\",\"urlTemplate\":\"https:\\\/\\\/cuadra-agrado.es\\\/?s={search_term_string}\"},\"query-input\":{\"@type\":\"PropertyValueSpecification\",\"valueRequired\":true,\"valueName\":\"search_term_string\"}}],\"inLanguage\":\"es\"},{\"@type\":\"Person\",\"@id\":\"https:\\\/\\\/cuadra-agrado.es\\\/#\\\/schema\\\/person\\\/3aa4f8d2373cf756d93a5526bc72f31b\",\"name\":\"Miguel Redondo\",\"image\":{\"@type\":\"ImageObject\",\"inLanguage\":\"es\",\"@id\":\"https:\\\/\\\/secure.gravatar.com\\\/avatar\\\/85704fceb4fa34017e3c1344d182da00dbf772fb8856ba2b7726a2df926415b4?s=96&d=mm&r=g\",\"url\":\"https:\\\/\\\/secure.gravatar.com\\\/avatar\\\/85704fceb4fa34017e3c1344d182da00dbf772fb8856ba2b7726a2df926415b4?s=96&d=mm&r=g\",\"contentUrl\":\"https:\\\/\\\/secure.gravatar.com\\\/avatar\\\/85704fceb4fa34017e3c1344d182da00dbf772fb8856ba2b7726a2df926415b4?s=96&d=mm&r=g\",\"caption\":\"Miguel Redondo\"},\"sameAs\":[\"https:\\\/\\\/cuadra-agrado.es\"],\"url\":\"https:\\\/\\\/cuadra-agrado.es\\\/?author=5\"}]}<\/script>\n<!-- \/ Yoast SEO plugin. -->","yoast_head_json":{"title":"Valiant Blue ya est\u00e1 de vuelta en Madrid!! - Cuadra Agrado","robots":{"index":"index","follow":"follow","max-snippet":"max-snippet:-1","max-image-preview":"max-image-preview:large","max-video-preview":"max-video-preview:-1"},"canonical":"https:\/\/cuadra-agrado.es\/?p=2084","og_locale":"es_ES","og_type":"article","og_title":"Valiant Blue ya est\u00e1 de vuelta en Madrid!! - Cuadra Agrado","og_description":"Nuestro pupilo \u201cValiant Blue\u201d llega de vuelta en el d\u00eda de hoy al Hip\u00f3dromo de la Zarzuela despu\u00e9s de casi tres meses de recuperaci\u00f3n en las playas de Laredo bajo la supervisi\u00f3n de Alberto Remolina. Ya lo hemos hecho en privado, pero queremos agradecer tambi\u00e9n p\u00fablicamente de una forma muy especial a Alberto y a [&hellip;]","og_url":"https:\/\/cuadra-agrado.es\/?p=2084","og_site_name":"Cuadra Agrado","article_published_time":"2016-02-25T10:08:47+00:00","article_modified_time":"2024-02-27T09:34:00+00:00","og_image":[{"url":"http:\/\/cuadra-agrado.es\/wp-content\/uploads\/2015\/04\/Valiant-Fontainebleu.jpg","type":"","width":"","height":""}],"author":"Miguel Redondo","twitter_card":"summary_large_image","twitter_creator":"@AGRADOracing","twitter_site":"@AGRADOracing","twitter_misc":{"Escrito por":"Miguel Redondo","Tiempo de lectura":"2 minutos"},"schema":{"@context":"https:\/\/schema.org","@graph":[{"@type":"Article","@id":"https:\/\/cuadra-agrado.es\/?p=2084#article","isPartOf":{"@id":"https:\/\/cuadra-agrado.es\/?p=2084"},"author":{"name":"Miguel Redondo","@id":"https:\/\/cuadra-agrado.es\/#\/schema\/person\/3aa4f8d2373cf756d93a5526bc72f31b"},"headline":"Valiant Blue ya est\u00e1 de vuelta en Madrid!!","datePublished":"2016-02-25T10:08:47+00:00","dateModified":"2024-02-27T09:34:00+00:00","mainEntityOfPage":{"@id":"https:\/\/cuadra-agrado.es\/?p=2084"},"wordCount":421,"image":{"@id":"https:\/\/cuadra-agrado.es\/?p=2084#primaryimage"},"thumbnailUrl":"http:\/\/cuadra-agrado.es\/wp-content\/uploads\/2015\/04\/Valiant-Fontainebleu.jpg","articleSection":["Actualidad"],"inLanguage":"es"},{"@type":"WebPage","@id":"https:\/\/cuadra-agrado.es\/?p=2084","url":"https:\/\/cuadra-agrado.es\/?p=2084","name":"Valiant Blue ya est\u00e1 de vuelta en Madrid!! - Cuadra Agrado","isPartOf":{"@id":"https:\/\/cuadra-agrado.es\/#website"},"primaryImageOfPage":{"@id":"https:\/\/cuadra-agrado.es\/?p=2084#primaryimage"},"image":{"@id":"https:\/\/cuadra-agrado.es\/?p=2084#primaryimage"},"thumbnailUrl":"http:\/\/cuadra-agrado.es\/wp-content\/uploads\/2015\/04\/Valiant-Fontainebleu.jpg","datePublished":"2016-02-25T10:08:47+00:00","dateModified":"2024-02-27T09:34:00+00:00","author":{"@id":"https:\/\/cuadra-agrado.es\/#\/schema\/person\/3aa4f8d2373cf756d93a5526bc72f31b"},"breadcrumb":{"@id":"https:\/\/cuadra-agrado.es\/?p=2084#breadcrumb"},"inLanguage":"es","potentialAction":[{"@type":"ReadAction","target":["https:\/\/cuadra-agrado.es\/?p=2084"]}]},{"@type":"ImageObject","inLanguage":"es","@id":"https:\/\/cuadra-agrado.es\/?p=2084#primaryimage","url":"http:\/\/cuadra-agrado.es\/wp-content\/uploads\/2015\/04\/Valiant-Fontainebleu.jpg","contentUrl":"http:\/\/cuadra-agrado.es\/wp-content\/uploads\/2015\/04\/Valiant-Fontainebleu.jpg"},{"@type":"BreadcrumbList","@id":"https:\/\/cuadra-agrado.es\/?p=2084#breadcrumb","itemListElement":[{"@type":"ListItem","position":1,"name":"Portada","item":"https:\/\/cuadra-agrado.es\/"},{"@type":"ListItem","position":2,"name":"Valiant Blue ya est\u00e1 de vuelta en Madrid!!"}]},{"@type":"WebSite","@id":"https:\/\/cuadra-agrado.es\/#website","url":"https:\/\/cuadra-agrado.es\/","name":"Cuadra Agrado","description":"En el mundo del Turf desde 2008","potentialAction":[{"@type":"SearchAction","target":{"@type":"EntryPoint","urlTemplate":"https:\/\/cuadra-agrado.es\/?s={search_term_string}"},"query-input":{"@type":"PropertyValueSpecification","valueRequired":true,"valueName":"search_term_string"}}],"inLanguage":"es"},{"@type":"Person","@id":"https:\/\/cuadra-agrado.es\/#\/schema\/person\/3aa4f8d2373cf756d93a5526bc72f31b","name":"Miguel Redondo","image":{"@type":"ImageObject","inLanguage":"es","@id":"https:\/\/secure.gravatar.com\/avatar\/85704fceb4fa34017e3c1344d182da00dbf772fb8856ba2b7726a2df926415b4?s=96&d=mm&r=g","url":"https:\/\/secure.gravatar.com\/avatar\/85704fceb4fa34017e3c1344d182da00dbf772fb8856ba2b7726a2df926415b4?s=96&d=mm&r=g","contentUrl":"https:\/\/secure.gravatar.com\/avatar\/85704fceb4fa34017e3c1344d182da00dbf772fb8856ba2b7726a2df926415b4?s=96&d=mm&r=g","caption":"Miguel Redondo"},"sameAs":["https:\/\/cuadra-agrado.es"],"url":"https:\/\/cuadra-agrado.es\/?author=5"}]}},"_links":{"self":[{"href":"https:\/\/cuadra-agrado.es\/index.php?rest_route=\/wp\/v2\/posts\/2084","targetHints":{"allow":["GET"]}}],"collection":[{"href":"https:\/\/cuadra-agrado.es\/index.php?rest_route=\/wp\/v2\/posts"}],"about":[{"href":"https:\/\/cuadra-agrado.es\/index.php?rest_route=\/wp\/v2\/types\/post"}],"author":[{"embeddable":true,"href":"https:\/\/cuadra-agrado.es\/index.php?rest_route=\/wp\/v2\/users\/5"}],"replies":[{"embeddable":true,"href":"https:\/\/cuadra-agrado.es\/index.php?rest_route=%2Fwp%2Fv2%2Fcomments&post=2084"}],"version-history":[{"count":0,"href":"https:\/\/cuadra-agrado.es\/index.php?rest_route=\/wp\/v2\/posts\/2084\/revisions"}],"wp:attachment":[{"href":"https:\/\/cuadra-agrado.es\/index.php?rest_route=%2Fwp%2Fv2%2Fmedia&parent=2084"}],"wp:term":[{"taxonomy":"category","embeddable":true,"href":"https:\/\/cuadra-agrado.es\/index.php?rest_route=%2Fwp%2Fv2%2Fcategories&post=2084"},{"taxonomy":"post_tag","embeddable":true,"href":"https:\/\/cuadra-agrado.es\/index.php?rest_route=%2Fwp%2Fv2%2Ftags&post=2084"}],"curies":[{"name":"wp","href":"https:\/\/api.w.org\/{rel}","templated":true}]}}