{"id":2049,"date":"2016-01-27T17:05:17","date_gmt":"2016-01-27T16:05:17","guid":{"rendered":"https:\/\/cuadra-agrado.es\/?p=2049"},"modified":"2024-02-27T09:34:03","modified_gmt":"2024-02-27T09:34:03","slug":"valiant-blue-comienza-su-andadura-2016","status":"publish","type":"post","link":"https:\/\/cuadra-agrado.es\/?p=2049","title":{"rendered":"Valiant Blue comienza su andadura 2016"},"content":{"rendered":"<p style=\"text-align: justify;\"><a href=\"http:\/\/cuadra-agrado.es\/wp-content\/uploads\/2016\/01\/valiant-laredo.jpg\" target=\"_blank\" rel=\"noopener noreferrer\"><img loading=\"lazy\" decoding=\"async\" class=\"alignleft  wp-image-2050\" alt=\"valiant laredo\" src=\"http:\/\/cuadra-agrado.es\/wp-content\/uploads\/2016\/01\/valiant-laredo.jpg\" width=\"350\" height=\"220\" \/><\/a>Nuestro cabeza de serie n\u00famero uno \u201cValiant Blue\u201d, comienza a partir del pr\u00f3ximo lunes su andadura 2016 despu\u00e9s de resuelta su peque\u00f1a lesi\u00f3n articular en su mano izquierda producida en su \u00faltima disputada en Madrid. Desde el pasado mes de Diciembre ha sido tratado desde el centro de recuperaci\u00f3n de \u2018Alberto Remolina\u2019 en las playas de Laredo con todo lujo de cari\u00f1os y terapia que le han llevado a su recuperaci\u00f3n incluso antes de lo previsto. El trabajo diario en la playa ha servido tambi\u00e9n para fortalecer musculatura, cicatrizar heridas de guerra antiguas y mejorar esos problemas de menudillos que tanto le castigaban despu\u00e9s de competir.<\/p>\n<p style=\"text-align: justify;\">A partir del pr\u00f3ximo lunes bajo la tutela de Alberto Remolina comenzar\u00e1 sus primeros trabajos sobre arena con ligeros trotes que ir\u00e1n en aumento durante todo el mes de febrero intercalados con sesiones de trabajo en el mar. El caballo no ha sido parado en ning\u00fan momento desde su llegada a Laredo y ha alternado trabajos f\u00edsicos en el mar con los propios tratamientos de recuperaci\u00f3n por lo que no necesitar\u00e1 demasiado tiempo para volver a coger pulso de competici\u00f3n. Despu\u00e9s de este mes regresar\u00e1 a Madrid nuevamente bajo las \u00f3rdenes de Juan Luis Maroto a comienzos de marzo ya muy rodado en trabajos, y trataremos de llegar en condiciones de defender el \u2018Premio Chamartin\u2019 como primera prueba de 2016 en la segunda jornada de primavera en Madrid.<\/p>\n<p style=\"text-align: justify;\">Agradecimiento especial a \u2018Alberto Remolina\u2019 y a su equipo veterinario que han conseguido recuperar en tan solo dos meses a nuestro pupilo de una lesi\u00f3n no demasiado grave, pero que sin el tratamiento espec\u00edfico podr\u00eda haber sido cr\u00edtica en plena temporada de primavera. Sin duda, gran parte del \u00e9xito que podamos tener en esta temporada con \u00e9l ser\u00e1 gracias a su trabajo, constancia y profesionalidad.<\/p>\n<p style=\"text-align: justify;\">En cuanto a los dem\u00e1s efectivos en el patio de Juan Luis Maroto, el viejo \u2018Rany\u00e1n\u2019 se encuentra ya trabajando desde diciembre y su ritmo est\u00e1 siendo incrementado paulatinamente para intentar cazar alguna de las tres pruebas que tenemos dispuestas para \u00e9l a comienzos de la temporada de primavera en Madrid.<br \/>\n\u2018High Brooklyn\u2019 sigue su puesta a punto para reaparecer el pr\u00f3ximo d\u00eda 21 de este mes en Dos Hermanas despu\u00e9s de m\u00e1s de un a\u00f1o en dique seco. Parece que su lesi\u00f3n aguanta los trabajos que han sido incrementados desde el pasado mes y en breve podr\u00edamos confirmar su matr\u00edcula para esa prueba de yeguas donde tenemos especial ilusi\u00f3n por lo que supondr\u00eda para nosotros volver a verle competir.<br \/>\nEl nuevo potro \u2018Parisien Blue\u2019 pas\u00f3 su proceso de doma muy r\u00e1pido y ya trabaja en la arena desde principios de a\u00f1o. Gusta mucho a nuestro preparador que ve en \u00e9l un potro con mucha clase que no tardar\u00e1 demasiado en debutar.<\/p>\n<hr \/>\n<p style=\"text-align: justify;\">\n<!-- AddThis Advanced Settings generic via filter on the_content --><!-- AddThis Share Buttons generic via filter on the_content -->","protected":false},"excerpt":{"rendered":"<p>Nuestro cabeza de serie n\u00famero uno \u201cValiant Blue\u201d, comienza a partir del pr\u00f3ximo lunes su andadura 2016 despu\u00e9s de resuelta su peque\u00f1a lesi\u00f3n articular en su mano izquierda producida en su \u00faltima disputada en Madrid. Desde el pasado mes de Diciembre ha sido tratado desde el centro de recuperaci\u00f3n de \u2018Alberto Remolina\u2019 en las playas [&hellip;]<!-- AddThis Advanced Settings generic via filter on get_the_excerpt --><!-- AddThis Share Buttons generic via filter on get_the_excerpt --><\/p>\n","protected":false},"author":5,"featured_media":0,"comment_status":"closed","ping_status":"closed","sticky":false,"template":"","format":"gallery","meta":{"_acf_changed":false,"_et_pb_use_builder":"","_et_pb_old_content":"","_et_gb_content_width":"","footnotes":""},"categories":[3],"tags":[],"class_list":["post-2049","post","type-post","status-publish","format-gallery","hentry","category-noticias-cuadra-agrado","post_format-post-format-gallery"],"acf":[],"yoast_head":"<!-- This site is optimized with the Yoast SEO plugin v27.4 - https:\/\/yoast.com\/product\/yoast-seo-wordpress\/ -->\n<title>Valiant Blue comienza su andadura 2016 - Cuadra Agrado<\/title>\n<meta name=\"robots\" content=\"index, follow, max-snippet:-1, max-image-preview:large, max-video-preview:-1\" \/>\n<link rel=\"canonical\" href=\"https:\/\/cuadra-agrado.es\/?p=2049\" \/>\n<meta property=\"og:locale\" content=\"es_ES\" \/>\n<meta property=\"og:type\" content=\"article\" \/>\n<meta property=\"og:title\" content=\"Valiant Blue comienza su andadura 2016 - Cuadra Agrado\" \/>\n<meta property=\"og:description\" content=\"Nuestro cabeza de serie n\u00famero uno \u201cValiant Blue\u201d, comienza a partir del pr\u00f3ximo lunes su andadura 2016 despu\u00e9s de resuelta su peque\u00f1a lesi\u00f3n articular en su mano izquierda producida en su \u00faltima disputada en Madrid. Desde el pasado mes de Diciembre ha sido tratado desde el centro de recuperaci\u00f3n de \u2018Alberto Remolina\u2019 en las playas [&hellip;]\" \/>\n<meta property=\"og:url\" content=\"https:\/\/cuadra-agrado.es\/?p=2049\" \/>\n<meta property=\"og:site_name\" content=\"Cuadra Agrado\" \/>\n<meta property=\"article:published_time\" content=\"2016-01-27T16:05:17+00:00\" \/>\n<meta property=\"article:modified_time\" content=\"2024-02-27T09:34:03+00:00\" \/>\n<meta property=\"og:image\" content=\"http:\/\/cuadra-agrado.es\/wp-content\/uploads\/2016\/01\/valiant-laredo.jpg\" \/>\n<meta name=\"author\" content=\"Miguel Redondo\" \/>\n<meta name=\"twitter:card\" content=\"summary_large_image\" \/>\n<meta name=\"twitter:creator\" content=\"@AGRADOracing\" \/>\n<meta name=\"twitter:site\" content=\"@AGRADOracing\" \/>\n<meta name=\"twitter:label1\" content=\"Escrito por\" \/>\n\t<meta name=\"twitter:data1\" content=\"Miguel Redondo\" \/>\n\t<meta name=\"twitter:label2\" content=\"Tiempo de lectura\" \/>\n\t<meta name=\"twitter:data2\" content=\"2 minutos\" \/>\n<script type=\"application\/ld+json\" class=\"yoast-schema-graph\">{\"@context\":\"https:\\\/\\\/schema.org\",\"@graph\":[{\"@type\":\"Article\",\"@id\":\"https:\\\/\\\/cuadra-agrado.es\\\/?p=2049#article\",\"isPartOf\":{\"@id\":\"https:\\\/\\\/cuadra-agrado.es\\\/?p=2049\"},\"author\":{\"name\":\"Miguel Redondo\",\"@id\":\"https:\\\/\\\/cuadra-agrado.es\\\/#\\\/schema\\\/person\\\/3aa4f8d2373cf756d93a5526bc72f31b\"},\"headline\":\"Valiant Blue comienza su andadura 2016\",\"datePublished\":\"2016-01-27T16:05:17+00:00\",\"dateModified\":\"2024-02-27T09:34:03+00:00\",\"mainEntityOfPage\":{\"@id\":\"https:\\\/\\\/cuadra-agrado.es\\\/?p=2049\"},\"wordCount\":498,\"image\":{\"@id\":\"https:\\\/\\\/cuadra-agrado.es\\\/?p=2049#primaryimage\"},\"thumbnailUrl\":\"http:\\\/\\\/cuadra-agrado.es\\\/wp-content\\\/uploads\\\/2016\\\/01\\\/valiant-laredo.jpg\",\"articleSection\":[\"Actualidad\"],\"inLanguage\":\"es\"},{\"@type\":\"WebPage\",\"@id\":\"https:\\\/\\\/cuadra-agrado.es\\\/?p=2049\",\"url\":\"https:\\\/\\\/cuadra-agrado.es\\\/?p=2049\",\"name\":\"Valiant Blue comienza su andadura 2016 - Cuadra Agrado\",\"isPartOf\":{\"@id\":\"https:\\\/\\\/cuadra-agrado.es\\\/#website\"},\"primaryImageOfPage\":{\"@id\":\"https:\\\/\\\/cuadra-agrado.es\\\/?p=2049#primaryimage\"},\"image\":{\"@id\":\"https:\\\/\\\/cuadra-agrado.es\\\/?p=2049#primaryimage\"},\"thumbnailUrl\":\"http:\\\/\\\/cuadra-agrado.es\\\/wp-content\\\/uploads\\\/2016\\\/01\\\/valiant-laredo.jpg\",\"datePublished\":\"2016-01-27T16:05:17+00:00\",\"dateModified\":\"2024-02-27T09:34:03+00:00\",\"author\":{\"@id\":\"https:\\\/\\\/cuadra-agrado.es\\\/#\\\/schema\\\/person\\\/3aa4f8d2373cf756d93a5526bc72f31b\"},\"breadcrumb\":{\"@id\":\"https:\\\/\\\/cuadra-agrado.es\\\/?p=2049#breadcrumb\"},\"inLanguage\":\"es\",\"potentialAction\":[{\"@type\":\"ReadAction\",\"target\":[\"https:\\\/\\\/cuadra-agrado.es\\\/?p=2049\"]}]},{\"@type\":\"ImageObject\",\"inLanguage\":\"es\",\"@id\":\"https:\\\/\\\/cuadra-agrado.es\\\/?p=2049#primaryimage\",\"url\":\"http:\\\/\\\/cuadra-agrado.es\\\/wp-content\\\/uploads\\\/2016\\\/01\\\/valiant-laredo.jpg\",\"contentUrl\":\"http:\\\/\\\/cuadra-agrado.es\\\/wp-content\\\/uploads\\\/2016\\\/01\\\/valiant-laredo.jpg\"},{\"@type\":\"BreadcrumbList\",\"@id\":\"https:\\\/\\\/cuadra-agrado.es\\\/?p=2049#breadcrumb\",\"itemListElement\":[{\"@type\":\"ListItem\",\"position\":1,\"name\":\"Portada\",\"item\":\"https:\\\/\\\/cuadra-agrado.es\\\/\"},{\"@type\":\"ListItem\",\"position\":2,\"name\":\"Valiant Blue comienza su andadura 2016\"}]},{\"@type\":\"WebSite\",\"@id\":\"https:\\\/\\\/cuadra-agrado.es\\\/#website\",\"url\":\"https:\\\/\\\/cuadra-agrado.es\\\/\",\"name\":\"Cuadra Agrado\",\"description\":\"En el mundo del Turf desde 2008\",\"potentialAction\":[{\"@type\":\"SearchAction\",\"target\":{\"@type\":\"EntryPoint\",\"urlTemplate\":\"https:\\\/\\\/cuadra-agrado.es\\\/?s={search_term_string}\"},\"query-input\":{\"@type\":\"PropertyValueSpecification\",\"valueRequired\":true,\"valueName\":\"search_term_string\"}}],\"inLanguage\":\"es\"},{\"@type\":\"Person\",\"@id\":\"https:\\\/\\\/cuadra-agrado.es\\\/#\\\/schema\\\/person\\\/3aa4f8d2373cf756d93a5526bc72f31b\",\"name\":\"Miguel Redondo\",\"image\":{\"@type\":\"ImageObject\",\"inLanguage\":\"es\",\"@id\":\"https:\\\/\\\/secure.gravatar.com\\\/avatar\\\/85704fceb4fa34017e3c1344d182da00dbf772fb8856ba2b7726a2df926415b4?s=96&d=mm&r=g\",\"url\":\"https:\\\/\\\/secure.gravatar.com\\\/avatar\\\/85704fceb4fa34017e3c1344d182da00dbf772fb8856ba2b7726a2df926415b4?s=96&d=mm&r=g\",\"contentUrl\":\"https:\\\/\\\/secure.gravatar.com\\\/avatar\\\/85704fceb4fa34017e3c1344d182da00dbf772fb8856ba2b7726a2df926415b4?s=96&d=mm&r=g\",\"caption\":\"Miguel Redondo\"},\"sameAs\":[\"https:\\\/\\\/cuadra-agrado.es\"],\"url\":\"https:\\\/\\\/cuadra-agrado.es\\\/?author=5\"}]}<\/script>\n<!-- \/ Yoast SEO plugin. -->","yoast_head_json":{"title":"Valiant Blue comienza su andadura 2016 - Cuadra Agrado","robots":{"index":"index","follow":"follow","max-snippet":"max-snippet:-1","max-image-preview":"max-image-preview:large","max-video-preview":"max-video-preview:-1"},"canonical":"https:\/\/cuadra-agrado.es\/?p=2049","og_locale":"es_ES","og_type":"article","og_title":"Valiant Blue comienza su andadura 2016 - Cuadra Agrado","og_description":"Nuestro cabeza de serie n\u00famero uno \u201cValiant Blue\u201d, comienza a partir del pr\u00f3ximo lunes su andadura 2016 despu\u00e9s de resuelta su peque\u00f1a lesi\u00f3n articular en su mano izquierda producida en su \u00faltima disputada en Madrid. Desde el pasado mes de Diciembre ha sido tratado desde el centro de recuperaci\u00f3n de \u2018Alberto Remolina\u2019 en las playas [&hellip;]","og_url":"https:\/\/cuadra-agrado.es\/?p=2049","og_site_name":"Cuadra Agrado","article_published_time":"2016-01-27T16:05:17+00:00","article_modified_time":"2024-02-27T09:34:03+00:00","og_image":[{"url":"http:\/\/cuadra-agrado.es\/wp-content\/uploads\/2016\/01\/valiant-laredo.jpg","type":"","width":"","height":""}],"author":"Miguel Redondo","twitter_card":"summary_large_image","twitter_creator":"@AGRADOracing","twitter_site":"@AGRADOracing","twitter_misc":{"Escrito por":"Miguel Redondo","Tiempo de lectura":"2 minutos"},"schema":{"@context":"https:\/\/schema.org","@graph":[{"@type":"Article","@id":"https:\/\/cuadra-agrado.es\/?p=2049#article","isPartOf":{"@id":"https:\/\/cuadra-agrado.es\/?p=2049"},"author":{"name":"Miguel Redondo","@id":"https:\/\/cuadra-agrado.es\/#\/schema\/person\/3aa4f8d2373cf756d93a5526bc72f31b"},"headline":"Valiant Blue comienza su andadura 2016","datePublished":"2016-01-27T16:05:17+00:00","dateModified":"2024-02-27T09:34:03+00:00","mainEntityOfPage":{"@id":"https:\/\/cuadra-agrado.es\/?p=2049"},"wordCount":498,"image":{"@id":"https:\/\/cuadra-agrado.es\/?p=2049#primaryimage"},"thumbnailUrl":"http:\/\/cuadra-agrado.es\/wp-content\/uploads\/2016\/01\/valiant-laredo.jpg","articleSection":["Actualidad"],"inLanguage":"es"},{"@type":"WebPage","@id":"https:\/\/cuadra-agrado.es\/?p=2049","url":"https:\/\/cuadra-agrado.es\/?p=2049","name":"Valiant Blue comienza su andadura 2016 - Cuadra Agrado","isPartOf":{"@id":"https:\/\/cuadra-agrado.es\/#website"},"primaryImageOfPage":{"@id":"https:\/\/cuadra-agrado.es\/?p=2049#primaryimage"},"image":{"@id":"https:\/\/cuadra-agrado.es\/?p=2049#primaryimage"},"thumbnailUrl":"http:\/\/cuadra-agrado.es\/wp-content\/uploads\/2016\/01\/valiant-laredo.jpg","datePublished":"2016-01-27T16:05:17+00:00","dateModified":"2024-02-27T09:34:03+00:00","author":{"@id":"https:\/\/cuadra-agrado.es\/#\/schema\/person\/3aa4f8d2373cf756d93a5526bc72f31b"},"breadcrumb":{"@id":"https:\/\/cuadra-agrado.es\/?p=2049#breadcrumb"},"inLanguage":"es","potentialAction":[{"@type":"ReadAction","target":["https:\/\/cuadra-agrado.es\/?p=2049"]}]},{"@type":"ImageObject","inLanguage":"es","@id":"https:\/\/cuadra-agrado.es\/?p=2049#primaryimage","url":"http:\/\/cuadra-agrado.es\/wp-content\/uploads\/2016\/01\/valiant-laredo.jpg","contentUrl":"http:\/\/cuadra-agrado.es\/wp-content\/uploads\/2016\/01\/valiant-laredo.jpg"},{"@type":"BreadcrumbList","@id":"https:\/\/cuadra-agrado.es\/?p=2049#breadcrumb","itemListElement":[{"@type":"ListItem","position":1,"name":"Portada","item":"https:\/\/cuadra-agrado.es\/"},{"@type":"ListItem","position":2,"name":"Valiant Blue comienza su andadura 2016"}]},{"@type":"WebSite","@id":"https:\/\/cuadra-agrado.es\/#website","url":"https:\/\/cuadra-agrado.es\/","name":"Cuadra Agrado","description":"En el mundo del Turf desde 2008","potentialAction":[{"@type":"SearchAction","target":{"@type":"EntryPoint","urlTemplate":"https:\/\/cuadra-agrado.es\/?s={search_term_string}"},"query-input":{"@type":"PropertyValueSpecification","valueRequired":true,"valueName":"search_term_string"}}],"inLanguage":"es"},{"@type":"Person","@id":"https:\/\/cuadra-agrado.es\/#\/schema\/person\/3aa4f8d2373cf756d93a5526bc72f31b","name":"Miguel Redondo","image":{"@type":"ImageObject","inLanguage":"es","@id":"https:\/\/secure.gravatar.com\/avatar\/85704fceb4fa34017e3c1344d182da00dbf772fb8856ba2b7726a2df926415b4?s=96&d=mm&r=g","url":"https:\/\/secure.gravatar.com\/avatar\/85704fceb4fa34017e3c1344d182da00dbf772fb8856ba2b7726a2df926415b4?s=96&d=mm&r=g","contentUrl":"https:\/\/secure.gravatar.com\/avatar\/85704fceb4fa34017e3c1344d182da00dbf772fb8856ba2b7726a2df926415b4?s=96&d=mm&r=g","caption":"Miguel Redondo"},"sameAs":["https:\/\/cuadra-agrado.es"],"url":"https:\/\/cuadra-agrado.es\/?author=5"}]}},"_links":{"self":[{"href":"https:\/\/cuadra-agrado.es\/index.php?rest_route=\/wp\/v2\/posts\/2049","targetHints":{"allow":["GET"]}}],"collection":[{"href":"https:\/\/cuadra-agrado.es\/index.php?rest_route=\/wp\/v2\/posts"}],"about":[{"href":"https:\/\/cuadra-agrado.es\/index.php?rest_route=\/wp\/v2\/types\/post"}],"author":[{"embeddable":true,"href":"https:\/\/cuadra-agrado.es\/index.php?rest_route=\/wp\/v2\/users\/5"}],"replies":[{"embeddable":true,"href":"https:\/\/cuadra-agrado.es\/index.php?rest_route=%2Fwp%2Fv2%2Fcomments&post=2049"}],"version-history":[{"count":0,"href":"https:\/\/cuadra-agrado.es\/index.php?rest_route=\/wp\/v2\/posts\/2049\/revisions"}],"wp:attachment":[{"href":"https:\/\/cuadra-agrado.es\/index.php?rest_route=%2Fwp%2Fv2%2Fmedia&parent=2049"}],"wp:term":[{"taxonomy":"category","embeddable":true,"href":"https:\/\/cuadra-agrado.es\/index.php?rest_route=%2Fwp%2Fv2%2Fcategories&post=2049"},{"taxonomy":"post_tag","embeddable":true,"href":"https:\/\/cuadra-agrado.es\/index.php?rest_route=%2Fwp%2Fv2%2Ftags&post=2049"}],"curies":[{"name":"wp","href":"https:\/\/api.w.org\/{rel}","templated":true}]}}