{"id":1938,"date":"2015-11-11T21:28:18","date_gmt":"2015-11-11T20:28:18","guid":{"rendered":"https:\/\/cuadra-agrado.es\/?p=1938"},"modified":"2024-02-27T09:27:53","modified_gmt":"2024-02-27T09:27:53","slug":"muchas-gracias-celtic","status":"publish","type":"post","link":"https:\/\/cuadra-agrado.es\/?p=1938","title":{"rendered":"Muchas gracias C\u00e9ltic!!!"},"content":{"rendered":"<p style=\"text-align: justify;\"><a href=\"http:\/\/cuadra-agrado.es\/wp-content\/uploads\/2015\/11\/celtic1.jpg\" target=\"_blank\" rel=\"noopener noreferrer\"><img loading=\"lazy\" decoding=\"async\" class=\"alignleft  wp-image-1939\" alt=\"celtic1\" src=\"http:\/\/cuadra-agrado.es\/wp-content\/uploads\/2015\/11\/celtic1.jpg\" width=\"300\" height=\"200\" \/><\/a>C\u00e9ltic Rock es y ser\u00e1 uno de esos caballos que siempre hemos querido tener defendiendo nuestros colores. Uno de esos caballos que te hacen so\u00f1ar, que te hacen disfrutar, que hace volar ilusiones cada vez que sale a pista. Uno de esos caballos que engalana una carrera y que solamente con su presencia invita a la afici\u00f3n a desplazarse a un hip\u00f3dromo. Valiente, seguro, con un coraz\u00f3n tan grande que apenas le cabe en su caja, con una clase exquisita y excepcional que te hace mirar y comparar con tus caballos d\u00e1ndote cuenta en ese mismo momento que las comparaciones son odiosas\u2026.<\/p>\n<p style=\"text-align: justify;\">El buen hijo de Rock of Gibraltar y Luna C\u00e9ltica se retira a sus 6 a\u00f1os con 11 victorias en su haber y m\u00e1s de 200.000 euros en premios, y sobre todo, se retira con la cabeza muy alta y con el merecido orgullo de haber pasado por nuestro turf como uno de los m\u00e1s grandes de su generaci\u00f3n. Fiel a sus colores, siempre fueron de esa tonalidad azulada y gorra roja, estando siempre a la altura de la responsabilidad que supon\u00eda defender a una cuadra por excelencia: \u2018Habit\u2019. Sus Propietarios tambi\u00e9n \u201ccon may\u00fasculas\u201d quieren devolverle todo lo que \u00e9l les ha dado en competici\u00f3n y, aunque quiz\u00e1s \u00e9sta retirada pueda ser un momento triste para todos, seguro que la gran familia Fierro continuar\u00e1 disfrutando de \u00e9l y de su muy posible y merecida descendencia en esta nueva etapa, puede que parte de esta decisi\u00f3n venga precisamente por esta nueva ilusi\u00f3n que en el d\u00eda de hoy comienza\u2026<\/p>\n<p style=\"text-align: justify;\"><a href=\"http:\/\/cuadra-agrado.es\/wp-content\/uploads\/2015\/11\/celtic-3.jpg\" target=\"_blank\" rel=\"noopener noreferrer\"><img loading=\"lazy\" decoding=\"async\" class=\" wp-image-1940 alignright\" alt=\"celtic-3\" src=\"http:\/\/cuadra-agrado.es\/wp-content\/uploads\/2015\/11\/celtic-3.jpg\" width=\"300\" height=\"220\" \/><\/a>Se nos va un caballo que en Espa\u00f1a ha sido referente en el medio fondo con un quinto como peor puesto en sus 20 salidas en Espa\u00f1a. Debut\u00f3\u00a0 a dos a\u00f1os con un buen tercero, saliendo de \u201cmaiden\u201d en su segunda salida a pista. No tuvo suerte en el recorrido de la \u201cPoule\u201d que se\u00f1alaba su edad cl\u00e1sica coloc\u00e1ndose tercero de un gran \u2018Nuredyn\u2019.\u00a0 Dos veces ganador del Memorial \u2018Duque de Alburquerque\u2019, la \u00faltima de 2014 desclasando con descaro a muy dignos rivales en pista. Sus mejores y grandes duelos fueron contra el gran \u2018Abdel\u2019 como en aquella emocionante Copa de Oro de 2013 o como en aquel apasionante \u2018VIII Reapertura de HZ\u2019 donde finalmente le destron\u00f3 en un cara a cara sin concesiones. Ya con la \u201c<b>negrita<\/b>\u201d en su haber toc\u00f3 la gloria con aquel Listed franc\u00e9s hace apenas un a\u00f1o ya a las \u00f3rdenes de Dupr\u00e9, consiguiendo la victoria en el Gran Prix de Marseille y obteniendo su valor m\u00e1ximo franc\u00e9s, 48.<\/p>\n<p style=\"text-align: justify;\">Dos nombres ir\u00e1n acompa\u00f1ando siempre al gran \u2018Celtic Rock\u2019 y no pueden ser otros que el de su siempre fiel compa\u00f1ero de batallas \u2018Jos\u00e9 Luis Mart\u00ednez\u2019 y el de su creador \u2018Jos\u00e9 Carlos Fern\u00e1ndez\u2019, el legado que hoy nos deja \u2018Celtic\u2019 no ser\u00eda tal sin estos dos grandes protagonistas en su vida de competici\u00f3n.<\/p>\n<p style=\"text-align: justify;\">Buen descanso amigo, pr\u00e1cticamente el 100% de los caballos disfruta infinitamente m\u00e1s en un verde prado con yeguas a su alrededor que corriendo en competici\u00f3n, aunque en tu caso, tengo dudas\u2026 un caballazo como t\u00fa siempre echar\u00e1 de menos galopar en un hip\u00f3dromo.<\/p>\n<p style=\"text-align: justify;\">Muchas gracias C\u00e9ltic!!!<\/p>\n<hr \/>\n<p style=\"text-align: justify;\">\n<!-- AddThis Advanced Settings generic via filter on the_content --><!-- AddThis Share Buttons generic via filter on the_content -->","protected":false},"excerpt":{"rendered":"<p>C\u00e9ltic Rock es y ser\u00e1 uno de esos caballos que siempre hemos querido tener defendiendo nuestros colores. Uno de esos caballos que te hacen so\u00f1ar, que te hacen disfrutar, que hace volar ilusiones cada vez que sale a pista. Uno de esos caballos que engalana una carrera y que solamente con su presencia invita a [&hellip;]<!-- AddThis Advanced Settings generic via filter on get_the_excerpt --><!-- AddThis Share Buttons generic via filter on get_the_excerpt --><\/p>\n","protected":false},"author":5,"featured_media":0,"comment_status":"closed","ping_status":"closed","sticky":false,"template":"","format":"gallery","meta":{"_acf_changed":false,"_et_pb_use_builder":"","_et_pb_old_content":"","_et_gb_content_width":"","footnotes":""},"categories":[3],"tags":[],"class_list":["post-1938","post","type-post","status-publish","format-gallery","hentry","category-noticias-cuadra-agrado","post_format-post-format-gallery"],"acf":[],"yoast_head":"<!-- This site is optimized with the Yoast SEO plugin v27.4 - https:\/\/yoast.com\/product\/yoast-seo-wordpress\/ -->\n<title>Muchas gracias C\u00e9ltic!!! - Cuadra Agrado<\/title>\n<meta name=\"robots\" content=\"index, follow, max-snippet:-1, max-image-preview:large, max-video-preview:-1\" \/>\n<link rel=\"canonical\" href=\"https:\/\/cuadra-agrado.es\/?p=1938\" \/>\n<meta property=\"og:locale\" content=\"es_ES\" \/>\n<meta property=\"og:type\" content=\"article\" \/>\n<meta property=\"og:title\" content=\"Muchas gracias C\u00e9ltic!!! - Cuadra Agrado\" \/>\n<meta property=\"og:description\" content=\"C\u00e9ltic Rock es y ser\u00e1 uno de esos caballos que siempre hemos querido tener defendiendo nuestros colores. Uno de esos caballos que te hacen so\u00f1ar, que te hacen disfrutar, que hace volar ilusiones cada vez que sale a pista. Uno de esos caballos que engalana una carrera y que solamente con su presencia invita a [&hellip;]\" \/>\n<meta property=\"og:url\" content=\"https:\/\/cuadra-agrado.es\/?p=1938\" \/>\n<meta property=\"og:site_name\" content=\"Cuadra Agrado\" \/>\n<meta property=\"article:published_time\" content=\"2015-11-11T20:28:18+00:00\" \/>\n<meta property=\"article:modified_time\" content=\"2024-02-27T09:27:53+00:00\" \/>\n<meta property=\"og:image\" content=\"http:\/\/cuadra-agrado.es\/wp-content\/uploads\/2015\/11\/celtic1.jpg\" \/>\n<meta name=\"author\" content=\"Miguel Redondo\" \/>\n<meta name=\"twitter:card\" content=\"summary_large_image\" \/>\n<meta name=\"twitter:creator\" content=\"@AGRADOracing\" \/>\n<meta name=\"twitter:site\" content=\"@AGRADOracing\" \/>\n<meta name=\"twitter:label1\" content=\"Escrito por\" \/>\n\t<meta name=\"twitter:data1\" content=\"Miguel Redondo\" \/>\n\t<meta name=\"twitter:label2\" content=\"Tiempo de lectura\" \/>\n\t<meta name=\"twitter:data2\" content=\"3 minutos\" \/>\n<script type=\"application\/ld+json\" class=\"yoast-schema-graph\">{\"@context\":\"https:\\\/\\\/schema.org\",\"@graph\":[{\"@type\":\"Article\",\"@id\":\"https:\\\/\\\/cuadra-agrado.es\\\/?p=1938#article\",\"isPartOf\":{\"@id\":\"https:\\\/\\\/cuadra-agrado.es\\\/?p=1938\"},\"author\":{\"name\":\"Miguel Redondo\",\"@id\":\"https:\\\/\\\/cuadra-agrado.es\\\/#\\\/schema\\\/person\\\/3aa4f8d2373cf756d93a5526bc72f31b\"},\"headline\":\"Muchas gracias C\u00e9ltic!!!\",\"datePublished\":\"2015-11-11T20:28:18+00:00\",\"dateModified\":\"2024-02-27T09:27:53+00:00\",\"mainEntityOfPage\":{\"@id\":\"https:\\\/\\\/cuadra-agrado.es\\\/?p=1938\"},\"wordCount\":561,\"image\":{\"@id\":\"https:\\\/\\\/cuadra-agrado.es\\\/?p=1938#primaryimage\"},\"thumbnailUrl\":\"http:\\\/\\\/cuadra-agrado.es\\\/wp-content\\\/uploads\\\/2015\\\/11\\\/celtic1.jpg\",\"articleSection\":[\"Actualidad\"],\"inLanguage\":\"es\"},{\"@type\":\"WebPage\",\"@id\":\"https:\\\/\\\/cuadra-agrado.es\\\/?p=1938\",\"url\":\"https:\\\/\\\/cuadra-agrado.es\\\/?p=1938\",\"name\":\"Muchas gracias C\u00e9ltic!!! - Cuadra Agrado\",\"isPartOf\":{\"@id\":\"https:\\\/\\\/cuadra-agrado.es\\\/#website\"},\"primaryImageOfPage\":{\"@id\":\"https:\\\/\\\/cuadra-agrado.es\\\/?p=1938#primaryimage\"},\"image\":{\"@id\":\"https:\\\/\\\/cuadra-agrado.es\\\/?p=1938#primaryimage\"},\"thumbnailUrl\":\"http:\\\/\\\/cuadra-agrado.es\\\/wp-content\\\/uploads\\\/2015\\\/11\\\/celtic1.jpg\",\"datePublished\":\"2015-11-11T20:28:18+00:00\",\"dateModified\":\"2024-02-27T09:27:53+00:00\",\"author\":{\"@id\":\"https:\\\/\\\/cuadra-agrado.es\\\/#\\\/schema\\\/person\\\/3aa4f8d2373cf756d93a5526bc72f31b\"},\"breadcrumb\":{\"@id\":\"https:\\\/\\\/cuadra-agrado.es\\\/?p=1938#breadcrumb\"},\"inLanguage\":\"es\",\"potentialAction\":[{\"@type\":\"ReadAction\",\"target\":[\"https:\\\/\\\/cuadra-agrado.es\\\/?p=1938\"]}]},{\"@type\":\"ImageObject\",\"inLanguage\":\"es\",\"@id\":\"https:\\\/\\\/cuadra-agrado.es\\\/?p=1938#primaryimage\",\"url\":\"http:\\\/\\\/cuadra-agrado.es\\\/wp-content\\\/uploads\\\/2015\\\/11\\\/celtic1.jpg\",\"contentUrl\":\"http:\\\/\\\/cuadra-agrado.es\\\/wp-content\\\/uploads\\\/2015\\\/11\\\/celtic1.jpg\"},{\"@type\":\"BreadcrumbList\",\"@id\":\"https:\\\/\\\/cuadra-agrado.es\\\/?p=1938#breadcrumb\",\"itemListElement\":[{\"@type\":\"ListItem\",\"position\":1,\"name\":\"Portada\",\"item\":\"https:\\\/\\\/cuadra-agrado.es\\\/\"},{\"@type\":\"ListItem\",\"position\":2,\"name\":\"Muchas gracias C\u00e9ltic!!!\"}]},{\"@type\":\"WebSite\",\"@id\":\"https:\\\/\\\/cuadra-agrado.es\\\/#website\",\"url\":\"https:\\\/\\\/cuadra-agrado.es\\\/\",\"name\":\"Cuadra Agrado\",\"description\":\"En el mundo del Turf desde 2008\",\"potentialAction\":[{\"@type\":\"SearchAction\",\"target\":{\"@type\":\"EntryPoint\",\"urlTemplate\":\"https:\\\/\\\/cuadra-agrado.es\\\/?s={search_term_string}\"},\"query-input\":{\"@type\":\"PropertyValueSpecification\",\"valueRequired\":true,\"valueName\":\"search_term_string\"}}],\"inLanguage\":\"es\"},{\"@type\":\"Person\",\"@id\":\"https:\\\/\\\/cuadra-agrado.es\\\/#\\\/schema\\\/person\\\/3aa4f8d2373cf756d93a5526bc72f31b\",\"name\":\"Miguel Redondo\",\"image\":{\"@type\":\"ImageObject\",\"inLanguage\":\"es\",\"@id\":\"https:\\\/\\\/secure.gravatar.com\\\/avatar\\\/85704fceb4fa34017e3c1344d182da00dbf772fb8856ba2b7726a2df926415b4?s=96&d=mm&r=g\",\"url\":\"https:\\\/\\\/secure.gravatar.com\\\/avatar\\\/85704fceb4fa34017e3c1344d182da00dbf772fb8856ba2b7726a2df926415b4?s=96&d=mm&r=g\",\"contentUrl\":\"https:\\\/\\\/secure.gravatar.com\\\/avatar\\\/85704fceb4fa34017e3c1344d182da00dbf772fb8856ba2b7726a2df926415b4?s=96&d=mm&r=g\",\"caption\":\"Miguel Redondo\"},\"sameAs\":[\"https:\\\/\\\/cuadra-agrado.es\"],\"url\":\"https:\\\/\\\/cuadra-agrado.es\\\/?author=5\"}]}<\/script>\n<!-- \/ Yoast SEO plugin. -->","yoast_head_json":{"title":"Muchas gracias C\u00e9ltic!!! - Cuadra Agrado","robots":{"index":"index","follow":"follow","max-snippet":"max-snippet:-1","max-image-preview":"max-image-preview:large","max-video-preview":"max-video-preview:-1"},"canonical":"https:\/\/cuadra-agrado.es\/?p=1938","og_locale":"es_ES","og_type":"article","og_title":"Muchas gracias C\u00e9ltic!!! - Cuadra Agrado","og_description":"C\u00e9ltic Rock es y ser\u00e1 uno de esos caballos que siempre hemos querido tener defendiendo nuestros colores. Uno de esos caballos que te hacen so\u00f1ar, que te hacen disfrutar, que hace volar ilusiones cada vez que sale a pista. Uno de esos caballos que engalana una carrera y que solamente con su presencia invita a [&hellip;]","og_url":"https:\/\/cuadra-agrado.es\/?p=1938","og_site_name":"Cuadra Agrado","article_published_time":"2015-11-11T20:28:18+00:00","article_modified_time":"2024-02-27T09:27:53+00:00","og_image":[{"url":"http:\/\/cuadra-agrado.es\/wp-content\/uploads\/2015\/11\/celtic1.jpg","type":"","width":"","height":""}],"author":"Miguel Redondo","twitter_card":"summary_large_image","twitter_creator":"@AGRADOracing","twitter_site":"@AGRADOracing","twitter_misc":{"Escrito por":"Miguel Redondo","Tiempo de lectura":"3 minutos"},"schema":{"@context":"https:\/\/schema.org","@graph":[{"@type":"Article","@id":"https:\/\/cuadra-agrado.es\/?p=1938#article","isPartOf":{"@id":"https:\/\/cuadra-agrado.es\/?p=1938"},"author":{"name":"Miguel Redondo","@id":"https:\/\/cuadra-agrado.es\/#\/schema\/person\/3aa4f8d2373cf756d93a5526bc72f31b"},"headline":"Muchas gracias C\u00e9ltic!!!","datePublished":"2015-11-11T20:28:18+00:00","dateModified":"2024-02-27T09:27:53+00:00","mainEntityOfPage":{"@id":"https:\/\/cuadra-agrado.es\/?p=1938"},"wordCount":561,"image":{"@id":"https:\/\/cuadra-agrado.es\/?p=1938#primaryimage"},"thumbnailUrl":"http:\/\/cuadra-agrado.es\/wp-content\/uploads\/2015\/11\/celtic1.jpg","articleSection":["Actualidad"],"inLanguage":"es"},{"@type":"WebPage","@id":"https:\/\/cuadra-agrado.es\/?p=1938","url":"https:\/\/cuadra-agrado.es\/?p=1938","name":"Muchas gracias C\u00e9ltic!!! - Cuadra Agrado","isPartOf":{"@id":"https:\/\/cuadra-agrado.es\/#website"},"primaryImageOfPage":{"@id":"https:\/\/cuadra-agrado.es\/?p=1938#primaryimage"},"image":{"@id":"https:\/\/cuadra-agrado.es\/?p=1938#primaryimage"},"thumbnailUrl":"http:\/\/cuadra-agrado.es\/wp-content\/uploads\/2015\/11\/celtic1.jpg","datePublished":"2015-11-11T20:28:18+00:00","dateModified":"2024-02-27T09:27:53+00:00","author":{"@id":"https:\/\/cuadra-agrado.es\/#\/schema\/person\/3aa4f8d2373cf756d93a5526bc72f31b"},"breadcrumb":{"@id":"https:\/\/cuadra-agrado.es\/?p=1938#breadcrumb"},"inLanguage":"es","potentialAction":[{"@type":"ReadAction","target":["https:\/\/cuadra-agrado.es\/?p=1938"]}]},{"@type":"ImageObject","inLanguage":"es","@id":"https:\/\/cuadra-agrado.es\/?p=1938#primaryimage","url":"http:\/\/cuadra-agrado.es\/wp-content\/uploads\/2015\/11\/celtic1.jpg","contentUrl":"http:\/\/cuadra-agrado.es\/wp-content\/uploads\/2015\/11\/celtic1.jpg"},{"@type":"BreadcrumbList","@id":"https:\/\/cuadra-agrado.es\/?p=1938#breadcrumb","itemListElement":[{"@type":"ListItem","position":1,"name":"Portada","item":"https:\/\/cuadra-agrado.es\/"},{"@type":"ListItem","position":2,"name":"Muchas gracias C\u00e9ltic!!!"}]},{"@type":"WebSite","@id":"https:\/\/cuadra-agrado.es\/#website","url":"https:\/\/cuadra-agrado.es\/","name":"Cuadra Agrado","description":"En el mundo del Turf desde 2008","potentialAction":[{"@type":"SearchAction","target":{"@type":"EntryPoint","urlTemplate":"https:\/\/cuadra-agrado.es\/?s={search_term_string}"},"query-input":{"@type":"PropertyValueSpecification","valueRequired":true,"valueName":"search_term_string"}}],"inLanguage":"es"},{"@type":"Person","@id":"https:\/\/cuadra-agrado.es\/#\/schema\/person\/3aa4f8d2373cf756d93a5526bc72f31b","name":"Miguel Redondo","image":{"@type":"ImageObject","inLanguage":"es","@id":"https:\/\/secure.gravatar.com\/avatar\/85704fceb4fa34017e3c1344d182da00dbf772fb8856ba2b7726a2df926415b4?s=96&d=mm&r=g","url":"https:\/\/secure.gravatar.com\/avatar\/85704fceb4fa34017e3c1344d182da00dbf772fb8856ba2b7726a2df926415b4?s=96&d=mm&r=g","contentUrl":"https:\/\/secure.gravatar.com\/avatar\/85704fceb4fa34017e3c1344d182da00dbf772fb8856ba2b7726a2df926415b4?s=96&d=mm&r=g","caption":"Miguel Redondo"},"sameAs":["https:\/\/cuadra-agrado.es"],"url":"https:\/\/cuadra-agrado.es\/?author=5"}]}},"_links":{"self":[{"href":"https:\/\/cuadra-agrado.es\/index.php?rest_route=\/wp\/v2\/posts\/1938","targetHints":{"allow":["GET"]}}],"collection":[{"href":"https:\/\/cuadra-agrado.es\/index.php?rest_route=\/wp\/v2\/posts"}],"about":[{"href":"https:\/\/cuadra-agrado.es\/index.php?rest_route=\/wp\/v2\/types\/post"}],"author":[{"embeddable":true,"href":"https:\/\/cuadra-agrado.es\/index.php?rest_route=\/wp\/v2\/users\/5"}],"replies":[{"embeddable":true,"href":"https:\/\/cuadra-agrado.es\/index.php?rest_route=%2Fwp%2Fv2%2Fcomments&post=1938"}],"version-history":[{"count":0,"href":"https:\/\/cuadra-agrado.es\/index.php?rest_route=\/wp\/v2\/posts\/1938\/revisions"}],"wp:attachment":[{"href":"https:\/\/cuadra-agrado.es\/index.php?rest_route=%2Fwp%2Fv2%2Fmedia&parent=1938"}],"wp:term":[{"taxonomy":"category","embeddable":true,"href":"https:\/\/cuadra-agrado.es\/index.php?rest_route=%2Fwp%2Fv2%2Fcategories&post=1938"},{"taxonomy":"post_tag","embeddable":true,"href":"https:\/\/cuadra-agrado.es\/index.php?rest_route=%2Fwp%2Fv2%2Ftags&post=1938"}],"curies":[{"name":"wp","href":"https:\/\/api.w.org\/{rel}","templated":true}]}}