{"id":1902,"date":"2015-10-20T09:16:13","date_gmt":"2015-10-20T08:16:13","guid":{"rendered":"https:\/\/cuadra-agrado.es\/?p=1902"},"modified":"2024-02-27T09:34:07","modified_gmt":"2024-02-27T09:34:07","slug":"nuestros-colores-vuelven-competicion","status":"publish","type":"post","link":"https:\/\/cuadra-agrado.es\/?p=1902","title":{"rendered":"Nuestros colores regresan a competici\u00f3n"},"content":{"rendered":"<p style=\"text-align: justify;\"><a href=\"http:\/\/cuadra-agrado.es\/wp-content\/uploads\/2014\/02\/MONTAJE-2.jpg\" target=\"_blank\" rel=\"noopener noreferrer\"><img loading=\"lazy\" decoding=\"async\" class=\"alignleft  wp-image-865\" alt=\"MONTAJE 2\" src=\"http:\/\/cuadra-agrado.es\/wp-content\/uploads\/2014\/02\/MONTAJE-2.jpg\" width=\"350\" height=\"140\" \/><\/a>En el d\u00eda de hoy nos hemos puesto en contacto con Jockey Club Espa\u00f1ol (JCE) para la tramitaci\u00f3n de toda la documentaci\u00f3n de nuestra cuadra y caballos quedando todo realizado y en orden para reincorporarnos a competici\u00f3n desde este mismo momento. Han sido casi cinco tristes meses sin competir y que nos han servido sobre todo\u00a0 para darnos cuenta cuanto hemos echado de menos este mundo.\u00a0 A partir de hoy, nuestra cuadra vuelve a competici\u00f3n de manera oficial comenzando una nueva andadura con los tres \u00fanicos caballos que a\u00fan contin\u00faan bajo nuestra propiedad despu\u00e9s del eclipse que nos dej\u00f3 en penumbra a comienzos de a\u00f1o. Han sido muchos los aficionados y amigos que han tenido gran parte de la culpa de nuestro regreso, esperamos no defraudarles y volver a contagiarles nuestro cari\u00f1o con todo lo que podamos aportar con nuestros caballos en competici\u00f3n.<br \/>\nTodos ellos permanecer\u00e1n estabulados en el Hip\u00f3dromo de la Zarzuela de Madrid.<\/p>\n<p style=\"text-align: justify;\">Nuestra tres a\u00f1os \u2018High Brooklyn\u2019 sigue en recuperaci\u00f3n de lesi\u00f3n de tend\u00f3n que sufriera en su mano derecha all\u00e1 por el mes de marzo. Despu\u00e9s de la marcha de Eduardo Buz\u00f3n a Marruecos decidimos \u00a0para ella la preparaci\u00f3n de Juan Luis Maroto que fue de los pocos que segu\u00edan trabajando en Madrid este verano pasado y que contin\u00faa desde entonces trabajando a sus \u00f3rdenes. Confiamos que todo siga en progresi\u00f3n y ojal\u00e1 podamos verla en competici\u00f3n a inicios de la pr\u00f3xima temporada o finales de la temporada sevillana. Definitivamente no tuvimos suerte con ella y todo se torci\u00f3 en su edad cl\u00e1sica que desafortunadamente se pierde. Vamos a desear que nos devuelva a sus cuatro a\u00f1os toda la ilusi\u00f3n que pusimos en ella desde el mismo momento de su adquisici\u00f3n en aquella subasta de \u2018Milagro 2013\u2019.<\/p>\n<p style=\"text-align: justify;\">Nuestro querido Rany\u00e1n que llevamos a descanso obligado a nuestra finca el pasado mes de junio estar\u00e1 el pr\u00f3ximo mes de vuelta para comenzar a trabajar con vistas a la temporada de primavera de Madrid. En su nueva reaparici\u00f3n este a\u00f1o nos dio dos segundos\u00a0 a corta cabeza que bien podr\u00edan haber sido victorias en sus dos primeras salidas francesas, pero volvi\u00f3 a sufrir a partir de su cuarta salida en tierras francesas. Seguir\u00e1 su programa habitual de buscar victorias en sus tres-cuatro carreras a comienzos de temporada y retornar al descanso en cuanto vuelva a dolerse de su lesi\u00f3n irreversible de rodilla. Si todo va bien le podremos ver durante toda la temporada de primavera en Madrid.<\/p>\n<p style=\"text-align: justify;\">Valiant Blue regresa de Chantilly ma\u00f1ana mi\u00e9rcoles despu\u00e9s de casi ocho meses defendiendo su nombre como mejor sprinter espa\u00f1ol por tierras galas. Lleg\u00f3 a ganar una Categor\u00eda\u00a0 D con solvencia y disputar todo un grupo3 en Longchamp batiendo a rivales de alto nivel situ\u00e1ndose en valor 41, pero despu\u00e9s de su reaparici\u00f3n hace apenas un mes y su \u00faltima la semana pasada en Fontainebleau le vimos con tristeza muy por debajo de su valor. Decidimos en ese mismo momento devolverle a nuestro turf con la intenci\u00f3n de recuperar el valor que parece haber perdido y volver a disfrutar cerca de \u00e9l. Tras un chequeo obligado inicial para comprobar su estado y condici\u00f3n f\u00edsica, pasar\u00e1 tambi\u00e9n bajo la preparaci\u00f3n de Juan Luis Maroto.<\/p>\n<p style=\"text-align: justify;\">Iniciamos nuestra segunda parte de aquel h\u00e1ndicap que tan tristemente finalizamos a finales del pasado mes de mayo. Seguramente no volvemos con la misma ilusi\u00f3n que cuando empezamos nuestra andadura en 2009, pero si volvemos con ganas de que esa ilusi\u00f3n la podamos encontrar en cada carrera que nuestros caballos disputen en Madrid o en cualquier otro hip\u00f3dromo. Seguiremos aportando nuestro granito de arena a nuestro turf para hacerlo m\u00e1s grande y confiar que esta vez s\u00ed, la ilusi\u00f3n para todos dure muchos, muchos a\u00f1os\u2026<\/p>\n<hr \/>\n<p style=\"text-align: justify;\">\n<!-- AddThis Advanced Settings generic via filter on the_content --><!-- AddThis Share Buttons generic via filter on the_content -->","protected":false},"excerpt":{"rendered":"<p>En el d\u00eda de hoy nos hemos puesto en contacto con Jockey Club Espa\u00f1ol (JCE) para la tramitaci\u00f3n de toda la documentaci\u00f3n de nuestra cuadra y caballos quedando todo realizado y en orden para reincorporarnos a competici\u00f3n desde este mismo momento. Han sido casi cinco tristes meses sin competir y que nos han servido sobre [&hellip;]<!-- AddThis Advanced Settings generic via filter on get_the_excerpt --><!-- AddThis Share Buttons generic via filter on get_the_excerpt --><\/p>\n","protected":false},"author":5,"featured_media":0,"comment_status":"closed","ping_status":"closed","sticky":false,"template":"","format":"gallery","meta":{"_acf_changed":false,"_et_pb_use_builder":"","_et_pb_old_content":"","_et_gb_content_width":"","footnotes":""},"categories":[3],"tags":[],"class_list":["post-1902","post","type-post","status-publish","format-gallery","hentry","category-noticias-cuadra-agrado","post_format-post-format-gallery"],"acf":[],"yoast_head":"<!-- This site is optimized with the Yoast SEO plugin v27.4 - https:\/\/yoast.com\/product\/yoast-seo-wordpress\/ -->\n<title>Nuestros colores regresan a competici\u00f3n - Cuadra Agrado<\/title>\n<meta name=\"robots\" content=\"index, follow, max-snippet:-1, max-image-preview:large, max-video-preview:-1\" \/>\n<link rel=\"canonical\" href=\"https:\/\/cuadra-agrado.es\/?p=1902\" \/>\n<meta property=\"og:locale\" content=\"es_ES\" \/>\n<meta property=\"og:type\" content=\"article\" \/>\n<meta property=\"og:title\" content=\"Nuestros colores regresan a competici\u00f3n - Cuadra Agrado\" \/>\n<meta property=\"og:description\" content=\"En el d\u00eda de hoy nos hemos puesto en contacto con Jockey Club Espa\u00f1ol (JCE) para la tramitaci\u00f3n de toda la documentaci\u00f3n de nuestra cuadra y caballos quedando todo realizado y en orden para reincorporarnos a competici\u00f3n desde este mismo momento. Han sido casi cinco tristes meses sin competir y que nos han servido sobre [&hellip;]\" \/>\n<meta property=\"og:url\" content=\"https:\/\/cuadra-agrado.es\/?p=1902\" \/>\n<meta property=\"og:site_name\" content=\"Cuadra Agrado\" \/>\n<meta property=\"article:published_time\" content=\"2015-10-20T08:16:13+00:00\" \/>\n<meta property=\"article:modified_time\" content=\"2024-02-27T09:34:07+00:00\" \/>\n<meta property=\"og:image\" content=\"http:\/\/cuadra-agrado.es\/wp-content\/uploads\/2014\/02\/MONTAJE-2.jpg\" \/>\n<meta name=\"author\" content=\"Miguel Redondo\" \/>\n<meta name=\"twitter:card\" content=\"summary_large_image\" \/>\n<meta name=\"twitter:creator\" content=\"@AGRADOracing\" \/>\n<meta name=\"twitter:site\" content=\"@AGRADOracing\" \/>\n<meta name=\"twitter:label1\" content=\"Escrito por\" \/>\n\t<meta name=\"twitter:data1\" content=\"Miguel Redondo\" \/>\n\t<meta name=\"twitter:label2\" content=\"Tiempo de lectura\" \/>\n\t<meta name=\"twitter:data2\" content=\"3 minutos\" \/>\n<script type=\"application\/ld+json\" class=\"yoast-schema-graph\">{\"@context\":\"https:\\\/\\\/schema.org\",\"@graph\":[{\"@type\":\"Article\",\"@id\":\"https:\\\/\\\/cuadra-agrado.es\\\/?p=1902#article\",\"isPartOf\":{\"@id\":\"https:\\\/\\\/cuadra-agrado.es\\\/?p=1902\"},\"author\":{\"name\":\"Miguel Redondo\",\"@id\":\"https:\\\/\\\/cuadra-agrado.es\\\/#\\\/schema\\\/person\\\/3aa4f8d2373cf756d93a5526bc72f31b\"},\"headline\":\"Nuestros colores regresan a competici\u00f3n\",\"datePublished\":\"2015-10-20T08:16:13+00:00\",\"dateModified\":\"2024-02-27T09:34:07+00:00\",\"mainEntityOfPage\":{\"@id\":\"https:\\\/\\\/cuadra-agrado.es\\\/?p=1902\"},\"wordCount\":675,\"image\":{\"@id\":\"https:\\\/\\\/cuadra-agrado.es\\\/?p=1902#primaryimage\"},\"thumbnailUrl\":\"http:\\\/\\\/cuadra-agrado.es\\\/wp-content\\\/uploads\\\/2014\\\/02\\\/MONTAJE-2.jpg\",\"articleSection\":[\"Actualidad\"],\"inLanguage\":\"es\"},{\"@type\":\"WebPage\",\"@id\":\"https:\\\/\\\/cuadra-agrado.es\\\/?p=1902\",\"url\":\"https:\\\/\\\/cuadra-agrado.es\\\/?p=1902\",\"name\":\"Nuestros colores regresan a competici\u00f3n - Cuadra Agrado\",\"isPartOf\":{\"@id\":\"https:\\\/\\\/cuadra-agrado.es\\\/#website\"},\"primaryImageOfPage\":{\"@id\":\"https:\\\/\\\/cuadra-agrado.es\\\/?p=1902#primaryimage\"},\"image\":{\"@id\":\"https:\\\/\\\/cuadra-agrado.es\\\/?p=1902#primaryimage\"},\"thumbnailUrl\":\"http:\\\/\\\/cuadra-agrado.es\\\/wp-content\\\/uploads\\\/2014\\\/02\\\/MONTAJE-2.jpg\",\"datePublished\":\"2015-10-20T08:16:13+00:00\",\"dateModified\":\"2024-02-27T09:34:07+00:00\",\"author\":{\"@id\":\"https:\\\/\\\/cuadra-agrado.es\\\/#\\\/schema\\\/person\\\/3aa4f8d2373cf756d93a5526bc72f31b\"},\"breadcrumb\":{\"@id\":\"https:\\\/\\\/cuadra-agrado.es\\\/?p=1902#breadcrumb\"},\"inLanguage\":\"es\",\"potentialAction\":[{\"@type\":\"ReadAction\",\"target\":[\"https:\\\/\\\/cuadra-agrado.es\\\/?p=1902\"]}]},{\"@type\":\"ImageObject\",\"inLanguage\":\"es\",\"@id\":\"https:\\\/\\\/cuadra-agrado.es\\\/?p=1902#primaryimage\",\"url\":\"http:\\\/\\\/cuadra-agrado.es\\\/wp-content\\\/uploads\\\/2014\\\/02\\\/MONTAJE-2.jpg\",\"contentUrl\":\"http:\\\/\\\/cuadra-agrado.es\\\/wp-content\\\/uploads\\\/2014\\\/02\\\/MONTAJE-2.jpg\"},{\"@type\":\"BreadcrumbList\",\"@id\":\"https:\\\/\\\/cuadra-agrado.es\\\/?p=1902#breadcrumb\",\"itemListElement\":[{\"@type\":\"ListItem\",\"position\":1,\"name\":\"Portada\",\"item\":\"https:\\\/\\\/cuadra-agrado.es\\\/\"},{\"@type\":\"ListItem\",\"position\":2,\"name\":\"Nuestros colores regresan a competici\u00f3n\"}]},{\"@type\":\"WebSite\",\"@id\":\"https:\\\/\\\/cuadra-agrado.es\\\/#website\",\"url\":\"https:\\\/\\\/cuadra-agrado.es\\\/\",\"name\":\"Cuadra Agrado\",\"description\":\"En el mundo del Turf desde 2008\",\"potentialAction\":[{\"@type\":\"SearchAction\",\"target\":{\"@type\":\"EntryPoint\",\"urlTemplate\":\"https:\\\/\\\/cuadra-agrado.es\\\/?s={search_term_string}\"},\"query-input\":{\"@type\":\"PropertyValueSpecification\",\"valueRequired\":true,\"valueName\":\"search_term_string\"}}],\"inLanguage\":\"es\"},{\"@type\":\"Person\",\"@id\":\"https:\\\/\\\/cuadra-agrado.es\\\/#\\\/schema\\\/person\\\/3aa4f8d2373cf756d93a5526bc72f31b\",\"name\":\"Miguel Redondo\",\"image\":{\"@type\":\"ImageObject\",\"inLanguage\":\"es\",\"@id\":\"https:\\\/\\\/secure.gravatar.com\\\/avatar\\\/85704fceb4fa34017e3c1344d182da00dbf772fb8856ba2b7726a2df926415b4?s=96&d=mm&r=g\",\"url\":\"https:\\\/\\\/secure.gravatar.com\\\/avatar\\\/85704fceb4fa34017e3c1344d182da00dbf772fb8856ba2b7726a2df926415b4?s=96&d=mm&r=g\",\"contentUrl\":\"https:\\\/\\\/secure.gravatar.com\\\/avatar\\\/85704fceb4fa34017e3c1344d182da00dbf772fb8856ba2b7726a2df926415b4?s=96&d=mm&r=g\",\"caption\":\"Miguel Redondo\"},\"sameAs\":[\"https:\\\/\\\/cuadra-agrado.es\"],\"url\":\"https:\\\/\\\/cuadra-agrado.es\\\/?author=5\"}]}<\/script>\n<!-- \/ Yoast SEO plugin. -->","yoast_head_json":{"title":"Nuestros colores regresan a competici\u00f3n - Cuadra Agrado","robots":{"index":"index","follow":"follow","max-snippet":"max-snippet:-1","max-image-preview":"max-image-preview:large","max-video-preview":"max-video-preview:-1"},"canonical":"https:\/\/cuadra-agrado.es\/?p=1902","og_locale":"es_ES","og_type":"article","og_title":"Nuestros colores regresan a competici\u00f3n - Cuadra Agrado","og_description":"En el d\u00eda de hoy nos hemos puesto en contacto con Jockey Club Espa\u00f1ol (JCE) para la tramitaci\u00f3n de toda la documentaci\u00f3n de nuestra cuadra y caballos quedando todo realizado y en orden para reincorporarnos a competici\u00f3n desde este mismo momento. Han sido casi cinco tristes meses sin competir y que nos han servido sobre [&hellip;]","og_url":"https:\/\/cuadra-agrado.es\/?p=1902","og_site_name":"Cuadra Agrado","article_published_time":"2015-10-20T08:16:13+00:00","article_modified_time":"2024-02-27T09:34:07+00:00","og_image":[{"url":"http:\/\/cuadra-agrado.es\/wp-content\/uploads\/2014\/02\/MONTAJE-2.jpg","type":"","width":"","height":""}],"author":"Miguel Redondo","twitter_card":"summary_large_image","twitter_creator":"@AGRADOracing","twitter_site":"@AGRADOracing","twitter_misc":{"Escrito por":"Miguel Redondo","Tiempo de lectura":"3 minutos"},"schema":{"@context":"https:\/\/schema.org","@graph":[{"@type":"Article","@id":"https:\/\/cuadra-agrado.es\/?p=1902#article","isPartOf":{"@id":"https:\/\/cuadra-agrado.es\/?p=1902"},"author":{"name":"Miguel Redondo","@id":"https:\/\/cuadra-agrado.es\/#\/schema\/person\/3aa4f8d2373cf756d93a5526bc72f31b"},"headline":"Nuestros colores regresan a competici\u00f3n","datePublished":"2015-10-20T08:16:13+00:00","dateModified":"2024-02-27T09:34:07+00:00","mainEntityOfPage":{"@id":"https:\/\/cuadra-agrado.es\/?p=1902"},"wordCount":675,"image":{"@id":"https:\/\/cuadra-agrado.es\/?p=1902#primaryimage"},"thumbnailUrl":"http:\/\/cuadra-agrado.es\/wp-content\/uploads\/2014\/02\/MONTAJE-2.jpg","articleSection":["Actualidad"],"inLanguage":"es"},{"@type":"WebPage","@id":"https:\/\/cuadra-agrado.es\/?p=1902","url":"https:\/\/cuadra-agrado.es\/?p=1902","name":"Nuestros colores regresan a competici\u00f3n - Cuadra Agrado","isPartOf":{"@id":"https:\/\/cuadra-agrado.es\/#website"},"primaryImageOfPage":{"@id":"https:\/\/cuadra-agrado.es\/?p=1902#primaryimage"},"image":{"@id":"https:\/\/cuadra-agrado.es\/?p=1902#primaryimage"},"thumbnailUrl":"http:\/\/cuadra-agrado.es\/wp-content\/uploads\/2014\/02\/MONTAJE-2.jpg","datePublished":"2015-10-20T08:16:13+00:00","dateModified":"2024-02-27T09:34:07+00:00","author":{"@id":"https:\/\/cuadra-agrado.es\/#\/schema\/person\/3aa4f8d2373cf756d93a5526bc72f31b"},"breadcrumb":{"@id":"https:\/\/cuadra-agrado.es\/?p=1902#breadcrumb"},"inLanguage":"es","potentialAction":[{"@type":"ReadAction","target":["https:\/\/cuadra-agrado.es\/?p=1902"]}]},{"@type":"ImageObject","inLanguage":"es","@id":"https:\/\/cuadra-agrado.es\/?p=1902#primaryimage","url":"http:\/\/cuadra-agrado.es\/wp-content\/uploads\/2014\/02\/MONTAJE-2.jpg","contentUrl":"http:\/\/cuadra-agrado.es\/wp-content\/uploads\/2014\/02\/MONTAJE-2.jpg"},{"@type":"BreadcrumbList","@id":"https:\/\/cuadra-agrado.es\/?p=1902#breadcrumb","itemListElement":[{"@type":"ListItem","position":1,"name":"Portada","item":"https:\/\/cuadra-agrado.es\/"},{"@type":"ListItem","position":2,"name":"Nuestros colores regresan a competici\u00f3n"}]},{"@type":"WebSite","@id":"https:\/\/cuadra-agrado.es\/#website","url":"https:\/\/cuadra-agrado.es\/","name":"Cuadra Agrado","description":"En el mundo del Turf desde 2008","potentialAction":[{"@type":"SearchAction","target":{"@type":"EntryPoint","urlTemplate":"https:\/\/cuadra-agrado.es\/?s={search_term_string}"},"query-input":{"@type":"PropertyValueSpecification","valueRequired":true,"valueName":"search_term_string"}}],"inLanguage":"es"},{"@type":"Person","@id":"https:\/\/cuadra-agrado.es\/#\/schema\/person\/3aa4f8d2373cf756d93a5526bc72f31b","name":"Miguel Redondo","image":{"@type":"ImageObject","inLanguage":"es","@id":"https:\/\/secure.gravatar.com\/avatar\/85704fceb4fa34017e3c1344d182da00dbf772fb8856ba2b7726a2df926415b4?s=96&d=mm&r=g","url":"https:\/\/secure.gravatar.com\/avatar\/85704fceb4fa34017e3c1344d182da00dbf772fb8856ba2b7726a2df926415b4?s=96&d=mm&r=g","contentUrl":"https:\/\/secure.gravatar.com\/avatar\/85704fceb4fa34017e3c1344d182da00dbf772fb8856ba2b7726a2df926415b4?s=96&d=mm&r=g","caption":"Miguel Redondo"},"sameAs":["https:\/\/cuadra-agrado.es"],"url":"https:\/\/cuadra-agrado.es\/?author=5"}]}},"_links":{"self":[{"href":"https:\/\/cuadra-agrado.es\/index.php?rest_route=\/wp\/v2\/posts\/1902","targetHints":{"allow":["GET"]}}],"collection":[{"href":"https:\/\/cuadra-agrado.es\/index.php?rest_route=\/wp\/v2\/posts"}],"about":[{"href":"https:\/\/cuadra-agrado.es\/index.php?rest_route=\/wp\/v2\/types\/post"}],"author":[{"embeddable":true,"href":"https:\/\/cuadra-agrado.es\/index.php?rest_route=\/wp\/v2\/users\/5"}],"replies":[{"embeddable":true,"href":"https:\/\/cuadra-agrado.es\/index.php?rest_route=%2Fwp%2Fv2%2Fcomments&post=1902"}],"version-history":[{"count":0,"href":"https:\/\/cuadra-agrado.es\/index.php?rest_route=\/wp\/v2\/posts\/1902\/revisions"}],"wp:attachment":[{"href":"https:\/\/cuadra-agrado.es\/index.php?rest_route=%2Fwp%2Fv2%2Fmedia&parent=1902"}],"wp:term":[{"taxonomy":"category","embeddable":true,"href":"https:\/\/cuadra-agrado.es\/index.php?rest_route=%2Fwp%2Fv2%2Fcategories&post=1902"},{"taxonomy":"post_tag","embeddable":true,"href":"https:\/\/cuadra-agrado.es\/index.php?rest_route=%2Fwp%2Fv2%2Ftags&post=1902"}],"curies":[{"name":"wp","href":"https:\/\/api.w.org\/{rel}","templated":true}]}}