{"id":1897,"date":"2015-09-29T14:15:30","date_gmt":"2015-09-29T13:15:30","guid":{"rendered":"https:\/\/cuadra-agrado.es\/?p=1897"},"modified":"2024-02-27T09:27:54","modified_gmt":"2024-02-27T09:27:54","slug":"valiant-blue-reaparece-despues-de-tres-meses","status":"publish","type":"post","link":"https:\/\/cuadra-agrado.es\/?p=1897","title":{"rendered":"Valiant Blue reaparece en Maisson Laffitte"},"content":{"rendered":"<p style=\"text-align: justify;\"><a href=\"http:\/\/cuadra-agrado.es\/wp-content\/uploads\/2014\/09\/IMG_3313.jpg\" target=\"_blank\" rel=\"noopener noreferrer\"><img loading=\"lazy\" decoding=\"async\" class=\"alignleft  wp-image-1450\" alt=\"IMG_3313\" src=\"http:\/\/cuadra-agrado.es\/wp-content\/uploads\/2014\/09\/IMG_3313.jpg\" width=\"400\" height=\"240\" \/><\/a>Valiant Blue reaparec\u00eda ayer en Maisson Laffitte despu\u00e9s de tres meses de descanso estival que le han servido para recuperarse despu\u00e9s de un duro inicio de a\u00f1o, donde incluso le pudimos ver competir en todo un Grupo3 en Longchamp.<br \/>\nBajo los colores del que fuera nuestro preparador Eduardo Buz\u00f3n, luchaba un reclamar en el Prix L\u00b4express defendido por 32.000 euros en la menor distancia posible; 800 metros en l\u00ednea Recta.<\/p>\n<p style=\"text-align: justify;\">Buena puesta en marcha con una deslucida sexta posici\u00f3n a poco m\u00e1s de 1 cuerpo del ganador que le sirve para ponerse de nuevo en marcha y afrontar nuevos retos inmediatos en Francia o incluso con alguna posibilidad de volver a verle nuevamente en nuestro turf para la pr\u00f3xima temporada. Muy buena salida de cajones como siempre para ponerle en marcha. Estuvo en posiciones delanteras durante gran parte de la recta, pero al final se not\u00f3 su falta de ritmo con respecto a los favoritos en los \u00faltimos 50 metros a\u00f1adido a su escala gravosa de 61 kilos que le sirvieron para terminar cerca de ellos, pero al final del lote. Le seguiremos de cerca para la siguiente\u2026..<\/p>\n<p style=\"text-align: justify;\">Valiant Blue fue alquilado al que fuera nuestro preparador Eduardo Buz\u00f3n despu\u00e9s de su \u00faltima salida con nuestros colores el pasado 31 de Mayo cuando decidimos desmantelar y poner fin a nuestra cuadra. Cuatro meses despu\u00e9s de aquella triste fecha, hemos vuelto a generar nuevas ilusiones que hemos vivido recientemente en las dos primeras jornadas de Madrid. Sin ir m\u00e1s lejos, en la \u00faltima disputada el pasado domingo presenciamos el premio Soudzou que tan fant\u00e1sticamente gan\u00f3 Valiant el pasado a\u00f1o y tuvimos un a\u00f1orada nostalgia de \u00e9l, aunque no creo no fu\u00e9ramos los \u00fanicos que le echamos en falta sobre la hierba. Soberbio \u2018Otro Gintonic\u2019 ganando este primer sprint del a\u00f1o, pero para nosotros fue la carrera m\u00e1s triste de la jornada. A d\u00eda de hoy no sabemos lo que deparar\u00e1 el futuro, pero si finalmente decidimos nuestra vuelta a competici\u00f3n, Valiant Blue estar\u00e1 liderando la segunda parte de nuestra nueva historia. Deseamos a Eduardo Buz\u00f3n y a Carla O\u00b4Halloran como preparadora toda la suerte para buscar una pr\u00f3xima victoria con \u00e9l y retomar conversaciones para su vuelta.<\/p>\n<hr \/>\n<p style=\"text-align: justify;\">\n<!-- AddThis Advanced Settings generic via filter on the_content --><!-- AddThis Share Buttons generic via filter on the_content -->","protected":false},"excerpt":{"rendered":"<p>Valiant Blue reaparec\u00eda ayer en Maisson Laffitte despu\u00e9s de tres meses de descanso estival que le han servido para recuperarse despu\u00e9s de un duro inicio de a\u00f1o, donde incluso le pudimos ver competir en todo un Grupo3 en Longchamp. Bajo los colores del que fuera nuestro preparador Eduardo Buz\u00f3n, luchaba un reclamar en el Prix [&hellip;]<!-- AddThis Advanced Settings generic via filter on get_the_excerpt --><!-- AddThis Share Buttons generic via filter on get_the_excerpt --><\/p>\n","protected":false},"author":5,"featured_media":0,"comment_status":"closed","ping_status":"closed","sticky":false,"template":"","format":"gallery","meta":{"_acf_changed":false,"_et_pb_use_builder":"","_et_pb_old_content":"","_et_gb_content_width":"","footnotes":""},"categories":[3],"tags":[],"class_list":["post-1897","post","type-post","status-publish","format-gallery","hentry","category-noticias-cuadra-agrado","post_format-post-format-gallery"],"acf":[],"yoast_head":"<!-- This site is optimized with the Yoast SEO plugin v27.4 - https:\/\/yoast.com\/product\/yoast-seo-wordpress\/ -->\n<title>Valiant Blue reaparece en Maisson Laffitte - Cuadra Agrado<\/title>\n<meta name=\"robots\" content=\"index, follow, max-snippet:-1, max-image-preview:large, max-video-preview:-1\" \/>\n<link rel=\"canonical\" href=\"https:\/\/cuadra-agrado.es\/?p=1897\" \/>\n<meta property=\"og:locale\" content=\"es_ES\" \/>\n<meta property=\"og:type\" content=\"article\" \/>\n<meta property=\"og:title\" content=\"Valiant Blue reaparece en Maisson Laffitte - Cuadra Agrado\" \/>\n<meta property=\"og:description\" content=\"Valiant Blue reaparec\u00eda ayer en Maisson Laffitte despu\u00e9s de tres meses de descanso estival que le han servido para recuperarse despu\u00e9s de un duro inicio de a\u00f1o, donde incluso le pudimos ver competir en todo un Grupo3 en Longchamp. Bajo los colores del que fuera nuestro preparador Eduardo Buz\u00f3n, luchaba un reclamar en el Prix [&hellip;]\" \/>\n<meta property=\"og:url\" content=\"https:\/\/cuadra-agrado.es\/?p=1897\" \/>\n<meta property=\"og:site_name\" content=\"Cuadra Agrado\" \/>\n<meta property=\"article:published_time\" content=\"2015-09-29T13:15:30+00:00\" \/>\n<meta property=\"article:modified_time\" content=\"2024-02-27T09:27:54+00:00\" \/>\n<meta property=\"og:image\" content=\"http:\/\/cuadra-agrado.es\/wp-content\/uploads\/2014\/09\/IMG_3313.jpg\" \/>\n<meta name=\"author\" content=\"Miguel Redondo\" \/>\n<meta name=\"twitter:card\" content=\"summary_large_image\" \/>\n<meta name=\"twitter:creator\" content=\"@AGRADOracing\" \/>\n<meta name=\"twitter:site\" content=\"@AGRADOracing\" \/>\n<meta name=\"twitter:label1\" content=\"Escrito por\" \/>\n\t<meta name=\"twitter:data1\" content=\"Miguel Redondo\" \/>\n\t<meta name=\"twitter:label2\" content=\"Tiempo de lectura\" \/>\n\t<meta name=\"twitter:data2\" content=\"2 minutos\" \/>\n<script type=\"application\/ld+json\" class=\"yoast-schema-graph\">{\"@context\":\"https:\\\/\\\/schema.org\",\"@graph\":[{\"@type\":\"Article\",\"@id\":\"https:\\\/\\\/cuadra-agrado.es\\\/?p=1897#article\",\"isPartOf\":{\"@id\":\"https:\\\/\\\/cuadra-agrado.es\\\/?p=1897\"},\"author\":{\"name\":\"Miguel Redondo\",\"@id\":\"https:\\\/\\\/cuadra-agrado.es\\\/#\\\/schema\\\/person\\\/3aa4f8d2373cf756d93a5526bc72f31b\"},\"headline\":\"Valiant Blue reaparece en Maisson Laffitte\",\"datePublished\":\"2015-09-29T13:15:30+00:00\",\"dateModified\":\"2024-02-27T09:27:54+00:00\",\"mainEntityOfPage\":{\"@id\":\"https:\\\/\\\/cuadra-agrado.es\\\/?p=1897\"},\"wordCount\":392,\"image\":{\"@id\":\"https:\\\/\\\/cuadra-agrado.es\\\/?p=1897#primaryimage\"},\"thumbnailUrl\":\"http:\\\/\\\/cuadra-agrado.es\\\/wp-content\\\/uploads\\\/2014\\\/09\\\/IMG_3313.jpg\",\"articleSection\":[\"Actualidad\"],\"inLanguage\":\"es\"},{\"@type\":\"WebPage\",\"@id\":\"https:\\\/\\\/cuadra-agrado.es\\\/?p=1897\",\"url\":\"https:\\\/\\\/cuadra-agrado.es\\\/?p=1897\",\"name\":\"Valiant Blue reaparece en Maisson Laffitte - Cuadra Agrado\",\"isPartOf\":{\"@id\":\"https:\\\/\\\/cuadra-agrado.es\\\/#website\"},\"primaryImageOfPage\":{\"@id\":\"https:\\\/\\\/cuadra-agrado.es\\\/?p=1897#primaryimage\"},\"image\":{\"@id\":\"https:\\\/\\\/cuadra-agrado.es\\\/?p=1897#primaryimage\"},\"thumbnailUrl\":\"http:\\\/\\\/cuadra-agrado.es\\\/wp-content\\\/uploads\\\/2014\\\/09\\\/IMG_3313.jpg\",\"datePublished\":\"2015-09-29T13:15:30+00:00\",\"dateModified\":\"2024-02-27T09:27:54+00:00\",\"author\":{\"@id\":\"https:\\\/\\\/cuadra-agrado.es\\\/#\\\/schema\\\/person\\\/3aa4f8d2373cf756d93a5526bc72f31b\"},\"breadcrumb\":{\"@id\":\"https:\\\/\\\/cuadra-agrado.es\\\/?p=1897#breadcrumb\"},\"inLanguage\":\"es\",\"potentialAction\":[{\"@type\":\"ReadAction\",\"target\":[\"https:\\\/\\\/cuadra-agrado.es\\\/?p=1897\"]}]},{\"@type\":\"ImageObject\",\"inLanguage\":\"es\",\"@id\":\"https:\\\/\\\/cuadra-agrado.es\\\/?p=1897#primaryimage\",\"url\":\"http:\\\/\\\/cuadra-agrado.es\\\/wp-content\\\/uploads\\\/2014\\\/09\\\/IMG_3313.jpg\",\"contentUrl\":\"http:\\\/\\\/cuadra-agrado.es\\\/wp-content\\\/uploads\\\/2014\\\/09\\\/IMG_3313.jpg\"},{\"@type\":\"BreadcrumbList\",\"@id\":\"https:\\\/\\\/cuadra-agrado.es\\\/?p=1897#breadcrumb\",\"itemListElement\":[{\"@type\":\"ListItem\",\"position\":1,\"name\":\"Portada\",\"item\":\"https:\\\/\\\/cuadra-agrado.es\\\/\"},{\"@type\":\"ListItem\",\"position\":2,\"name\":\"Valiant Blue reaparece en Maisson Laffitte\"}]},{\"@type\":\"WebSite\",\"@id\":\"https:\\\/\\\/cuadra-agrado.es\\\/#website\",\"url\":\"https:\\\/\\\/cuadra-agrado.es\\\/\",\"name\":\"Cuadra Agrado\",\"description\":\"En el mundo del Turf desde 2008\",\"potentialAction\":[{\"@type\":\"SearchAction\",\"target\":{\"@type\":\"EntryPoint\",\"urlTemplate\":\"https:\\\/\\\/cuadra-agrado.es\\\/?s={search_term_string}\"},\"query-input\":{\"@type\":\"PropertyValueSpecification\",\"valueRequired\":true,\"valueName\":\"search_term_string\"}}],\"inLanguage\":\"es\"},{\"@type\":\"Person\",\"@id\":\"https:\\\/\\\/cuadra-agrado.es\\\/#\\\/schema\\\/person\\\/3aa4f8d2373cf756d93a5526bc72f31b\",\"name\":\"Miguel Redondo\",\"image\":{\"@type\":\"ImageObject\",\"inLanguage\":\"es\",\"@id\":\"https:\\\/\\\/secure.gravatar.com\\\/avatar\\\/85704fceb4fa34017e3c1344d182da00dbf772fb8856ba2b7726a2df926415b4?s=96&d=mm&r=g\",\"url\":\"https:\\\/\\\/secure.gravatar.com\\\/avatar\\\/85704fceb4fa34017e3c1344d182da00dbf772fb8856ba2b7726a2df926415b4?s=96&d=mm&r=g\",\"contentUrl\":\"https:\\\/\\\/secure.gravatar.com\\\/avatar\\\/85704fceb4fa34017e3c1344d182da00dbf772fb8856ba2b7726a2df926415b4?s=96&d=mm&r=g\",\"caption\":\"Miguel Redondo\"},\"sameAs\":[\"https:\\\/\\\/cuadra-agrado.es\"],\"url\":\"https:\\\/\\\/cuadra-agrado.es\\\/?author=5\"}]}<\/script>\n<!-- \/ Yoast SEO plugin. -->","yoast_head_json":{"title":"Valiant Blue reaparece en Maisson Laffitte - Cuadra Agrado","robots":{"index":"index","follow":"follow","max-snippet":"max-snippet:-1","max-image-preview":"max-image-preview:large","max-video-preview":"max-video-preview:-1"},"canonical":"https:\/\/cuadra-agrado.es\/?p=1897","og_locale":"es_ES","og_type":"article","og_title":"Valiant Blue reaparece en Maisson Laffitte - Cuadra Agrado","og_description":"Valiant Blue reaparec\u00eda ayer en Maisson Laffitte despu\u00e9s de tres meses de descanso estival que le han servido para recuperarse despu\u00e9s de un duro inicio de a\u00f1o, donde incluso le pudimos ver competir en todo un Grupo3 en Longchamp. Bajo los colores del que fuera nuestro preparador Eduardo Buz\u00f3n, luchaba un reclamar en el Prix [&hellip;]","og_url":"https:\/\/cuadra-agrado.es\/?p=1897","og_site_name":"Cuadra Agrado","article_published_time":"2015-09-29T13:15:30+00:00","article_modified_time":"2024-02-27T09:27:54+00:00","og_image":[{"url":"http:\/\/cuadra-agrado.es\/wp-content\/uploads\/2014\/09\/IMG_3313.jpg","type":"","width":"","height":""}],"author":"Miguel Redondo","twitter_card":"summary_large_image","twitter_creator":"@AGRADOracing","twitter_site":"@AGRADOracing","twitter_misc":{"Escrito por":"Miguel Redondo","Tiempo de lectura":"2 minutos"},"schema":{"@context":"https:\/\/schema.org","@graph":[{"@type":"Article","@id":"https:\/\/cuadra-agrado.es\/?p=1897#article","isPartOf":{"@id":"https:\/\/cuadra-agrado.es\/?p=1897"},"author":{"name":"Miguel Redondo","@id":"https:\/\/cuadra-agrado.es\/#\/schema\/person\/3aa4f8d2373cf756d93a5526bc72f31b"},"headline":"Valiant Blue reaparece en Maisson Laffitte","datePublished":"2015-09-29T13:15:30+00:00","dateModified":"2024-02-27T09:27:54+00:00","mainEntityOfPage":{"@id":"https:\/\/cuadra-agrado.es\/?p=1897"},"wordCount":392,"image":{"@id":"https:\/\/cuadra-agrado.es\/?p=1897#primaryimage"},"thumbnailUrl":"http:\/\/cuadra-agrado.es\/wp-content\/uploads\/2014\/09\/IMG_3313.jpg","articleSection":["Actualidad"],"inLanguage":"es"},{"@type":"WebPage","@id":"https:\/\/cuadra-agrado.es\/?p=1897","url":"https:\/\/cuadra-agrado.es\/?p=1897","name":"Valiant Blue reaparece en Maisson Laffitte - Cuadra Agrado","isPartOf":{"@id":"https:\/\/cuadra-agrado.es\/#website"},"primaryImageOfPage":{"@id":"https:\/\/cuadra-agrado.es\/?p=1897#primaryimage"},"image":{"@id":"https:\/\/cuadra-agrado.es\/?p=1897#primaryimage"},"thumbnailUrl":"http:\/\/cuadra-agrado.es\/wp-content\/uploads\/2014\/09\/IMG_3313.jpg","datePublished":"2015-09-29T13:15:30+00:00","dateModified":"2024-02-27T09:27:54+00:00","author":{"@id":"https:\/\/cuadra-agrado.es\/#\/schema\/person\/3aa4f8d2373cf756d93a5526bc72f31b"},"breadcrumb":{"@id":"https:\/\/cuadra-agrado.es\/?p=1897#breadcrumb"},"inLanguage":"es","potentialAction":[{"@type":"ReadAction","target":["https:\/\/cuadra-agrado.es\/?p=1897"]}]},{"@type":"ImageObject","inLanguage":"es","@id":"https:\/\/cuadra-agrado.es\/?p=1897#primaryimage","url":"http:\/\/cuadra-agrado.es\/wp-content\/uploads\/2014\/09\/IMG_3313.jpg","contentUrl":"http:\/\/cuadra-agrado.es\/wp-content\/uploads\/2014\/09\/IMG_3313.jpg"},{"@type":"BreadcrumbList","@id":"https:\/\/cuadra-agrado.es\/?p=1897#breadcrumb","itemListElement":[{"@type":"ListItem","position":1,"name":"Portada","item":"https:\/\/cuadra-agrado.es\/"},{"@type":"ListItem","position":2,"name":"Valiant Blue reaparece en Maisson Laffitte"}]},{"@type":"WebSite","@id":"https:\/\/cuadra-agrado.es\/#website","url":"https:\/\/cuadra-agrado.es\/","name":"Cuadra Agrado","description":"En el mundo del Turf desde 2008","potentialAction":[{"@type":"SearchAction","target":{"@type":"EntryPoint","urlTemplate":"https:\/\/cuadra-agrado.es\/?s={search_term_string}"},"query-input":{"@type":"PropertyValueSpecification","valueRequired":true,"valueName":"search_term_string"}}],"inLanguage":"es"},{"@type":"Person","@id":"https:\/\/cuadra-agrado.es\/#\/schema\/person\/3aa4f8d2373cf756d93a5526bc72f31b","name":"Miguel Redondo","image":{"@type":"ImageObject","inLanguage":"es","@id":"https:\/\/secure.gravatar.com\/avatar\/85704fceb4fa34017e3c1344d182da00dbf772fb8856ba2b7726a2df926415b4?s=96&d=mm&r=g","url":"https:\/\/secure.gravatar.com\/avatar\/85704fceb4fa34017e3c1344d182da00dbf772fb8856ba2b7726a2df926415b4?s=96&d=mm&r=g","contentUrl":"https:\/\/secure.gravatar.com\/avatar\/85704fceb4fa34017e3c1344d182da00dbf772fb8856ba2b7726a2df926415b4?s=96&d=mm&r=g","caption":"Miguel Redondo"},"sameAs":["https:\/\/cuadra-agrado.es"],"url":"https:\/\/cuadra-agrado.es\/?author=5"}]}},"_links":{"self":[{"href":"https:\/\/cuadra-agrado.es\/index.php?rest_route=\/wp\/v2\/posts\/1897","targetHints":{"allow":["GET"]}}],"collection":[{"href":"https:\/\/cuadra-agrado.es\/index.php?rest_route=\/wp\/v2\/posts"}],"about":[{"href":"https:\/\/cuadra-agrado.es\/index.php?rest_route=\/wp\/v2\/types\/post"}],"author":[{"embeddable":true,"href":"https:\/\/cuadra-agrado.es\/index.php?rest_route=\/wp\/v2\/users\/5"}],"replies":[{"embeddable":true,"href":"https:\/\/cuadra-agrado.es\/index.php?rest_route=%2Fwp%2Fv2%2Fcomments&post=1897"}],"version-history":[{"count":0,"href":"https:\/\/cuadra-agrado.es\/index.php?rest_route=\/wp\/v2\/posts\/1897\/revisions"}],"wp:attachment":[{"href":"https:\/\/cuadra-agrado.es\/index.php?rest_route=%2Fwp%2Fv2%2Fmedia&parent=1897"}],"wp:term":[{"taxonomy":"category","embeddable":true,"href":"https:\/\/cuadra-agrado.es\/index.php?rest_route=%2Fwp%2Fv2%2Fcategories&post=1897"},{"taxonomy":"post_tag","embeddable":true,"href":"https:\/\/cuadra-agrado.es\/index.php?rest_route=%2Fwp%2Fv2%2Ftags&post=1897"}],"curies":[{"name":"wp","href":"https:\/\/api.w.org\/{rel}","templated":true}]}}