{"id":1864,"date":"2015-09-15T21:06:54","date_gmt":"2015-09-15T20:06:54","guid":{"rendered":"https:\/\/cuadra-agrado.es\/?p=1864"},"modified":"2024-02-27T09:27:55","modified_gmt":"2024-02-27T09:27:55","slug":"la-zarzuela-se-reencuentra-con-el-turf","status":"publish","type":"post","link":"https:\/\/cuadra-agrado.es\/?p=1864","title":{"rendered":"La Zarzuela se reencuentra con el turf"},"content":{"rendered":"<p style=\"text-align: justify;\"><a href=\"http:\/\/cuadra-agrado.es\/wp-content\/uploads\/2015\/09\/web-4.jpg\" target=\"_blank\" rel=\"noopener noreferrer\"><img loading=\"lazy\" decoding=\"async\" class=\"alignleft  wp-image-1865\" alt=\"web-4\" src=\"http:\/\/cuadra-agrado.es\/wp-content\/uploads\/2015\/09\/web-4.jpg\" width=\"350\" height=\"220\" \/><\/a>El pr\u00f3ximo domingo 20 de Septiembre llegar\u00e1 el momento tan deseado y esperado por muchos aficionados y profesionales del turf desde hace casi diez meses: \u201c Las carreras de caballos vuelven a Madrid\u201d.<br \/>\nY comenzar\u00e1n con la mejor carrera posible, el I Premio Pablo Font. Sin duda un reconocimiento muy especial a un hombre de turf que nos dej\u00f3 hace poco m\u00e1s de un a\u00f1o, y que no creo que sea casualidad que la primera carrera en Madrid, haga referencia a la persona m\u00e1s integra, honesta y respetuosa del turf en los \u00faltimos tiempos, atributos estos que desgraciadamente hemos echado mucho en falta durante el conflicto.<\/p>\n<p style=\"text-align: justify;\">Es momento de volver a empezar todos con humildad e intentar olvidar rencores, desavenencias y enfrentamientos pasados que me temo no conducir\u00edan a la meta marcada. Todo pasa por estar unidos en el re-estreno del hip\u00f3dromo m\u00e1s importante de Espa\u00f1a y para m\u00ed, uno de los m\u00e1s atractivos de Europa.\u00a0 Es por ello que simplemente queremos desear la mejor de las suertes en esta reaparici\u00f3n a pista despu\u00e9s de un exasperante y enfermizo ciclo que se llev\u00f3 por delante demasiadas ilusiones, y que solamente el tiempo nos dir\u00e1 si realmente mereci\u00f3 la pena.<\/p>\n<p style=\"text-align: justify;\">Nosotros volveremos con un nuevo rol inicial de aficionado para disfrutar de nuevo del galope de un caballo de carreras e intentar buscar esas ilusiones perdidas que poco a poco nos vayan adentrando en revivir recuerdos inolvidables que nos permitan volver a poner nuestros colores en pista. Ver a Rany\u00e1n en la foto que HZ publicita en la \u00abGran inauguraci\u00f3n\u00bb ya nos invita a resucitar aquellos grandes recuerdos&#8230;..<\/p>\n<p style=\"text-align: justify;\">Estaremos muy \u00a0atentos este primer d\u00eda a esta nueva apuesta de Hip\u00f3dromo de la Zarzuela que tanto ha costado y al ambiente reinante de un soleado domingo. Queremos ver c\u00f3mo responde la afici\u00f3n, c\u00f3mo responden los responsables de nuestro turf, y de si realmente merece la pena apostar de nuevo nuestra ilusi\u00f3n por este apasionante mundo con un nuevo formato actualizado, pero a\u00fan pendiente de una primera auditoria obligada. Nada nos gustar\u00eda m\u00e1s que volver a contribuir a dar forma a este nuevo turf, deseando que todo vaya en buena armon\u00eda y que pronto dejemos atr\u00e1s pero sin olvidar, esta desaventurada etapa.<\/p>\n<p style=\"text-align: justify;\">Nos alegramos sobre todo por los profesionales de este mundo. Hemos vivido su drama muy de cerca en muchos casos, y aunque algunos desgraciadamente ya no est\u00e9n en nuestro turf, estoy seguro de que se alegrar\u00e1n por los que a partir del domingo vuelven de nuevo a tener esa parte de su vida resuelta de trabajo, de entrega y de satisfacci\u00f3n. Volved a disfrutar, os lo merec\u00e9is!!!<\/p>\n<p style=\"text-align: justify;\">Enhorabuena para tod@s \u00a0y mucha suerte!!<\/p>\n<hr \/>\n<p style=\"text-align: justify;\">\n<!-- AddThis Advanced Settings generic via filter on the_content --><!-- AddThis Share Buttons generic via filter on the_content -->","protected":false},"excerpt":{"rendered":"<p>El pr\u00f3ximo domingo 20 de Septiembre llegar\u00e1 el momento tan deseado y esperado por muchos aficionados y profesionales del turf desde hace casi diez meses: \u201c Las carreras de caballos vuelven a Madrid\u201d. Y comenzar\u00e1n con la mejor carrera posible, el I Premio Pablo Font. Sin duda un reconocimiento muy especial a un hombre de [&hellip;]<!-- AddThis Advanced Settings generic via filter on get_the_excerpt --><!-- AddThis Share Buttons generic via filter on get_the_excerpt --><\/p>\n","protected":false},"author":5,"featured_media":0,"comment_status":"closed","ping_status":"closed","sticky":false,"template":"","format":"gallery","meta":{"_acf_changed":false,"_et_pb_use_builder":"","_et_pb_old_content":"","_et_gb_content_width":"","footnotes":""},"categories":[3],"tags":[],"class_list":["post-1864","post","type-post","status-publish","format-gallery","hentry","category-noticias-cuadra-agrado","post_format-post-format-gallery"],"acf":[],"yoast_head":"<!-- This site is optimized with the Yoast SEO plugin v27.4 - https:\/\/yoast.com\/product\/yoast-seo-wordpress\/ -->\n<title>La Zarzuela se reencuentra con el turf - Cuadra Agrado<\/title>\n<meta name=\"robots\" content=\"index, follow, max-snippet:-1, max-image-preview:large, max-video-preview:-1\" \/>\n<link rel=\"canonical\" href=\"https:\/\/cuadra-agrado.es\/?p=1864\" \/>\n<meta property=\"og:locale\" content=\"es_ES\" \/>\n<meta property=\"og:type\" content=\"article\" \/>\n<meta property=\"og:title\" content=\"La Zarzuela se reencuentra con el turf - Cuadra Agrado\" \/>\n<meta property=\"og:description\" content=\"El pr\u00f3ximo domingo 20 de Septiembre llegar\u00e1 el momento tan deseado y esperado por muchos aficionados y profesionales del turf desde hace casi diez meses: \u201c Las carreras de caballos vuelven a Madrid\u201d. Y comenzar\u00e1n con la mejor carrera posible, el I Premio Pablo Font. Sin duda un reconocimiento muy especial a un hombre de [&hellip;]\" \/>\n<meta property=\"og:url\" content=\"https:\/\/cuadra-agrado.es\/?p=1864\" \/>\n<meta property=\"og:site_name\" content=\"Cuadra Agrado\" \/>\n<meta property=\"article:published_time\" content=\"2015-09-15T20:06:54+00:00\" \/>\n<meta property=\"article:modified_time\" content=\"2024-02-27T09:27:55+00:00\" \/>\n<meta property=\"og:image\" content=\"http:\/\/cuadra-agrado.es\/wp-content\/uploads\/2015\/09\/web-4.jpg\" \/>\n<meta name=\"author\" content=\"Miguel Redondo\" \/>\n<meta name=\"twitter:card\" content=\"summary_large_image\" \/>\n<meta name=\"twitter:creator\" content=\"@AGRADOracing\" \/>\n<meta name=\"twitter:site\" content=\"@AGRADOracing\" \/>\n<meta name=\"twitter:label1\" content=\"Escrito por\" \/>\n\t<meta name=\"twitter:data1\" content=\"Miguel Redondo\" \/>\n\t<meta name=\"twitter:label2\" content=\"Tiempo de lectura\" \/>\n\t<meta name=\"twitter:data2\" content=\"2 minutos\" \/>\n<script type=\"application\/ld+json\" class=\"yoast-schema-graph\">{\"@context\":\"https:\\\/\\\/schema.org\",\"@graph\":[{\"@type\":\"Article\",\"@id\":\"https:\\\/\\\/cuadra-agrado.es\\\/?p=1864#article\",\"isPartOf\":{\"@id\":\"https:\\\/\\\/cuadra-agrado.es\\\/?p=1864\"},\"author\":{\"name\":\"Miguel Redondo\",\"@id\":\"https:\\\/\\\/cuadra-agrado.es\\\/#\\\/schema\\\/person\\\/3aa4f8d2373cf756d93a5526bc72f31b\"},\"headline\":\"La Zarzuela se reencuentra con el turf\",\"datePublished\":\"2015-09-15T20:06:54+00:00\",\"dateModified\":\"2024-02-27T09:27:55+00:00\",\"mainEntityOfPage\":{\"@id\":\"https:\\\/\\\/cuadra-agrado.es\\\/?p=1864\"},\"wordCount\":477,\"image\":{\"@id\":\"https:\\\/\\\/cuadra-agrado.es\\\/?p=1864#primaryimage\"},\"thumbnailUrl\":\"http:\\\/\\\/cuadra-agrado.es\\\/wp-content\\\/uploads\\\/2015\\\/09\\\/web-4.jpg\",\"articleSection\":[\"Actualidad\"],\"inLanguage\":\"es\"},{\"@type\":\"WebPage\",\"@id\":\"https:\\\/\\\/cuadra-agrado.es\\\/?p=1864\",\"url\":\"https:\\\/\\\/cuadra-agrado.es\\\/?p=1864\",\"name\":\"La Zarzuela se reencuentra con el turf - Cuadra Agrado\",\"isPartOf\":{\"@id\":\"https:\\\/\\\/cuadra-agrado.es\\\/#website\"},\"primaryImageOfPage\":{\"@id\":\"https:\\\/\\\/cuadra-agrado.es\\\/?p=1864#primaryimage\"},\"image\":{\"@id\":\"https:\\\/\\\/cuadra-agrado.es\\\/?p=1864#primaryimage\"},\"thumbnailUrl\":\"http:\\\/\\\/cuadra-agrado.es\\\/wp-content\\\/uploads\\\/2015\\\/09\\\/web-4.jpg\",\"datePublished\":\"2015-09-15T20:06:54+00:00\",\"dateModified\":\"2024-02-27T09:27:55+00:00\",\"author\":{\"@id\":\"https:\\\/\\\/cuadra-agrado.es\\\/#\\\/schema\\\/person\\\/3aa4f8d2373cf756d93a5526bc72f31b\"},\"breadcrumb\":{\"@id\":\"https:\\\/\\\/cuadra-agrado.es\\\/?p=1864#breadcrumb\"},\"inLanguage\":\"es\",\"potentialAction\":[{\"@type\":\"ReadAction\",\"target\":[\"https:\\\/\\\/cuadra-agrado.es\\\/?p=1864\"]}]},{\"@type\":\"ImageObject\",\"inLanguage\":\"es\",\"@id\":\"https:\\\/\\\/cuadra-agrado.es\\\/?p=1864#primaryimage\",\"url\":\"http:\\\/\\\/cuadra-agrado.es\\\/wp-content\\\/uploads\\\/2015\\\/09\\\/web-4.jpg\",\"contentUrl\":\"http:\\\/\\\/cuadra-agrado.es\\\/wp-content\\\/uploads\\\/2015\\\/09\\\/web-4.jpg\"},{\"@type\":\"BreadcrumbList\",\"@id\":\"https:\\\/\\\/cuadra-agrado.es\\\/?p=1864#breadcrumb\",\"itemListElement\":[{\"@type\":\"ListItem\",\"position\":1,\"name\":\"Portada\",\"item\":\"https:\\\/\\\/cuadra-agrado.es\\\/\"},{\"@type\":\"ListItem\",\"position\":2,\"name\":\"La Zarzuela se reencuentra con el turf\"}]},{\"@type\":\"WebSite\",\"@id\":\"https:\\\/\\\/cuadra-agrado.es\\\/#website\",\"url\":\"https:\\\/\\\/cuadra-agrado.es\\\/\",\"name\":\"Cuadra Agrado\",\"description\":\"En el mundo del Turf desde 2008\",\"potentialAction\":[{\"@type\":\"SearchAction\",\"target\":{\"@type\":\"EntryPoint\",\"urlTemplate\":\"https:\\\/\\\/cuadra-agrado.es\\\/?s={search_term_string}\"},\"query-input\":{\"@type\":\"PropertyValueSpecification\",\"valueRequired\":true,\"valueName\":\"search_term_string\"}}],\"inLanguage\":\"es\"},{\"@type\":\"Person\",\"@id\":\"https:\\\/\\\/cuadra-agrado.es\\\/#\\\/schema\\\/person\\\/3aa4f8d2373cf756d93a5526bc72f31b\",\"name\":\"Miguel Redondo\",\"image\":{\"@type\":\"ImageObject\",\"inLanguage\":\"es\",\"@id\":\"https:\\\/\\\/secure.gravatar.com\\\/avatar\\\/85704fceb4fa34017e3c1344d182da00dbf772fb8856ba2b7726a2df926415b4?s=96&d=mm&r=g\",\"url\":\"https:\\\/\\\/secure.gravatar.com\\\/avatar\\\/85704fceb4fa34017e3c1344d182da00dbf772fb8856ba2b7726a2df926415b4?s=96&d=mm&r=g\",\"contentUrl\":\"https:\\\/\\\/secure.gravatar.com\\\/avatar\\\/85704fceb4fa34017e3c1344d182da00dbf772fb8856ba2b7726a2df926415b4?s=96&d=mm&r=g\",\"caption\":\"Miguel Redondo\"},\"sameAs\":[\"https:\\\/\\\/cuadra-agrado.es\"],\"url\":\"https:\\\/\\\/cuadra-agrado.es\\\/?author=5\"}]}<\/script>\n<!-- \/ Yoast SEO plugin. -->","yoast_head_json":{"title":"La Zarzuela se reencuentra con el turf - Cuadra Agrado","robots":{"index":"index","follow":"follow","max-snippet":"max-snippet:-1","max-image-preview":"max-image-preview:large","max-video-preview":"max-video-preview:-1"},"canonical":"https:\/\/cuadra-agrado.es\/?p=1864","og_locale":"es_ES","og_type":"article","og_title":"La Zarzuela se reencuentra con el turf - Cuadra Agrado","og_description":"El pr\u00f3ximo domingo 20 de Septiembre llegar\u00e1 el momento tan deseado y esperado por muchos aficionados y profesionales del turf desde hace casi diez meses: \u201c Las carreras de caballos vuelven a Madrid\u201d. Y comenzar\u00e1n con la mejor carrera posible, el I Premio Pablo Font. Sin duda un reconocimiento muy especial a un hombre de [&hellip;]","og_url":"https:\/\/cuadra-agrado.es\/?p=1864","og_site_name":"Cuadra Agrado","article_published_time":"2015-09-15T20:06:54+00:00","article_modified_time":"2024-02-27T09:27:55+00:00","og_image":[{"url":"http:\/\/cuadra-agrado.es\/wp-content\/uploads\/2015\/09\/web-4.jpg","type":"","width":"","height":""}],"author":"Miguel Redondo","twitter_card":"summary_large_image","twitter_creator":"@AGRADOracing","twitter_site":"@AGRADOracing","twitter_misc":{"Escrito por":"Miguel Redondo","Tiempo de lectura":"2 minutos"},"schema":{"@context":"https:\/\/schema.org","@graph":[{"@type":"Article","@id":"https:\/\/cuadra-agrado.es\/?p=1864#article","isPartOf":{"@id":"https:\/\/cuadra-agrado.es\/?p=1864"},"author":{"name":"Miguel Redondo","@id":"https:\/\/cuadra-agrado.es\/#\/schema\/person\/3aa4f8d2373cf756d93a5526bc72f31b"},"headline":"La Zarzuela se reencuentra con el turf","datePublished":"2015-09-15T20:06:54+00:00","dateModified":"2024-02-27T09:27:55+00:00","mainEntityOfPage":{"@id":"https:\/\/cuadra-agrado.es\/?p=1864"},"wordCount":477,"image":{"@id":"https:\/\/cuadra-agrado.es\/?p=1864#primaryimage"},"thumbnailUrl":"http:\/\/cuadra-agrado.es\/wp-content\/uploads\/2015\/09\/web-4.jpg","articleSection":["Actualidad"],"inLanguage":"es"},{"@type":"WebPage","@id":"https:\/\/cuadra-agrado.es\/?p=1864","url":"https:\/\/cuadra-agrado.es\/?p=1864","name":"La Zarzuela se reencuentra con el turf - Cuadra Agrado","isPartOf":{"@id":"https:\/\/cuadra-agrado.es\/#website"},"primaryImageOfPage":{"@id":"https:\/\/cuadra-agrado.es\/?p=1864#primaryimage"},"image":{"@id":"https:\/\/cuadra-agrado.es\/?p=1864#primaryimage"},"thumbnailUrl":"http:\/\/cuadra-agrado.es\/wp-content\/uploads\/2015\/09\/web-4.jpg","datePublished":"2015-09-15T20:06:54+00:00","dateModified":"2024-02-27T09:27:55+00:00","author":{"@id":"https:\/\/cuadra-agrado.es\/#\/schema\/person\/3aa4f8d2373cf756d93a5526bc72f31b"},"breadcrumb":{"@id":"https:\/\/cuadra-agrado.es\/?p=1864#breadcrumb"},"inLanguage":"es","potentialAction":[{"@type":"ReadAction","target":["https:\/\/cuadra-agrado.es\/?p=1864"]}]},{"@type":"ImageObject","inLanguage":"es","@id":"https:\/\/cuadra-agrado.es\/?p=1864#primaryimage","url":"http:\/\/cuadra-agrado.es\/wp-content\/uploads\/2015\/09\/web-4.jpg","contentUrl":"http:\/\/cuadra-agrado.es\/wp-content\/uploads\/2015\/09\/web-4.jpg"},{"@type":"BreadcrumbList","@id":"https:\/\/cuadra-agrado.es\/?p=1864#breadcrumb","itemListElement":[{"@type":"ListItem","position":1,"name":"Portada","item":"https:\/\/cuadra-agrado.es\/"},{"@type":"ListItem","position":2,"name":"La Zarzuela se reencuentra con el turf"}]},{"@type":"WebSite","@id":"https:\/\/cuadra-agrado.es\/#website","url":"https:\/\/cuadra-agrado.es\/","name":"Cuadra Agrado","description":"En el mundo del Turf desde 2008","potentialAction":[{"@type":"SearchAction","target":{"@type":"EntryPoint","urlTemplate":"https:\/\/cuadra-agrado.es\/?s={search_term_string}"},"query-input":{"@type":"PropertyValueSpecification","valueRequired":true,"valueName":"search_term_string"}}],"inLanguage":"es"},{"@type":"Person","@id":"https:\/\/cuadra-agrado.es\/#\/schema\/person\/3aa4f8d2373cf756d93a5526bc72f31b","name":"Miguel Redondo","image":{"@type":"ImageObject","inLanguage":"es","@id":"https:\/\/secure.gravatar.com\/avatar\/85704fceb4fa34017e3c1344d182da00dbf772fb8856ba2b7726a2df926415b4?s=96&d=mm&r=g","url":"https:\/\/secure.gravatar.com\/avatar\/85704fceb4fa34017e3c1344d182da00dbf772fb8856ba2b7726a2df926415b4?s=96&d=mm&r=g","contentUrl":"https:\/\/secure.gravatar.com\/avatar\/85704fceb4fa34017e3c1344d182da00dbf772fb8856ba2b7726a2df926415b4?s=96&d=mm&r=g","caption":"Miguel Redondo"},"sameAs":["https:\/\/cuadra-agrado.es"],"url":"https:\/\/cuadra-agrado.es\/?author=5"}]}},"_links":{"self":[{"href":"https:\/\/cuadra-agrado.es\/index.php?rest_route=\/wp\/v2\/posts\/1864","targetHints":{"allow":["GET"]}}],"collection":[{"href":"https:\/\/cuadra-agrado.es\/index.php?rest_route=\/wp\/v2\/posts"}],"about":[{"href":"https:\/\/cuadra-agrado.es\/index.php?rest_route=\/wp\/v2\/types\/post"}],"author":[{"embeddable":true,"href":"https:\/\/cuadra-agrado.es\/index.php?rest_route=\/wp\/v2\/users\/5"}],"replies":[{"embeddable":true,"href":"https:\/\/cuadra-agrado.es\/index.php?rest_route=%2Fwp%2Fv2%2Fcomments&post=1864"}],"version-history":[{"count":0,"href":"https:\/\/cuadra-agrado.es\/index.php?rest_route=\/wp\/v2\/posts\/1864\/revisions"}],"wp:attachment":[{"href":"https:\/\/cuadra-agrado.es\/index.php?rest_route=%2Fwp%2Fv2%2Fmedia&parent=1864"}],"wp:term":[{"taxonomy":"category","embeddable":true,"href":"https:\/\/cuadra-agrado.es\/index.php?rest_route=%2Fwp%2Fv2%2Fcategories&post=1864"},{"taxonomy":"post_tag","embeddable":true,"href":"https:\/\/cuadra-agrado.es\/index.php?rest_route=%2Fwp%2Fv2%2Ftags&post=1864"}],"curies":[{"name":"wp","href":"https:\/\/api.w.org\/{rel}","templated":true}]}}