{"id":1856,"date":"2015-05-28T08:55:06","date_gmt":"2015-05-28T07:55:06","guid":{"rendered":"https:\/\/cuadra-agrado.es\/?p=1856"},"modified":"2024-02-27T09:27:55","modified_gmt":"2024-02-27T09:27:55","slug":"infinitas-gracias-y-hasta-siempre","status":"publish","type":"post","link":"https:\/\/cuadra-agrado.es\/?p=1856","title":{"rendered":"Infinitas gracias y hasta siempre!!!!"},"content":{"rendered":"<p style=\"text-align: justify;\"><a href=\"http:\/\/cuadra-agrado.es\/wp-content\/uploads\/2014\/06\/valiant-urquijo.jpg\" target=\"_blank\" rel=\"noopener noreferrer\"><img loading=\"lazy\" decoding=\"async\" class=\"alignleft  wp-image-1315\" alt=\"valiant urquijo\" src=\"http:\/\/cuadra-agrado.es\/wp-content\/uploads\/2014\/06\/valiant-urquijo.jpg\" width=\"400\" height=\"250\" \/><\/a>Lleg\u00f3 la triste hora de nuestra despedida definitiva del turf. Han sido seis inolvidables a\u00f1os donde hemos podido vivir toda la pasi\u00f3n que ofrece el galope de un pura sangre en competici\u00f3n. Experiencia plena de satisfacci\u00f3n, de momentos para recordar toda la vida, de sensaciones dif\u00edcilmente descriptibles, que solamente se pueden sentir desde dentro, como propietario.<\/p>\n<p style=\"text-align: justify;\">Son muchas las personas con las que hemos compartido y vivido toda esta experiencia y ser\u00eda complicado agradecer a todas y cada una de ellas sin que se pudiera quedar alguna en el tintero del olvido. En primer lugar agradecer a \u201cLA AFICI\u00d3N\u201d todo el apoyo y muestras de cari\u00f1o recibidas durante toda nuestra vida en el turf. Hemos conocido a grandes aficionados que merecen mucho la pena como meros aficionados y sobre todo como personas. Por supuesto que hemos sido criticados en alg\u00fan momento, pero hemos sabido aprender de esas cr\u00edticas y dar a la afici\u00f3n esa peque\u00f1a parte que quedar\u00e1 para la historia de nuestro turf. Ahora estaremos mucho m\u00e1s cerca de vosotros como aficionados tambi\u00e9n que seremos\u2026. Hemos sabido estar siempre muy pr\u00f3ximos, ofreciendo lo que cualquier aficionado busca, informaci\u00f3n, cercan\u00eda y poner en pista caballos para su disfrute. Ojal\u00e1 nunca nadie se haya sentido defraudado con nosotros\u2026.<\/p>\n<p style=\"text-align: justify;\">Agradecimiento a todos los profesionales con los que hemos compartido esta experiencia y que son los primeros part\u00edcipes de nuestra aventura. Hemos tenido la fortuna de contar con dos grandes y j\u00f3venes entrenadores que a buen seguro ser\u00e1n el futuro de nuestro turf; Teo Callejo puso en marcha nuestras ilusiones y supo ofrecernos lo mejor de su talento con m\u00e1s de una docena de victorias para nuestros colores. Eduardo Buz\u00f3n se desvivi\u00f3 con nosotros desde su llegada a Madrid y nos demostr\u00f3 su buen hacer y capacidad basadas en la experiencia francesa anterior, brind\u00e1ndonos un ciclo inolvidable de victorias con \u201cValiant Blue\u201d. Nos abri\u00f3 la puerta del turf franc\u00e9s para que nuestro nombre sonara tambi\u00e9n por aquellas tierras. \u00a1Muchas gracias a ambos! Orgullosos de haber contado con vosotros, os deseamos todos los mejores \u00e9xitos profesionales para el futuro.<\/p>\n<p style=\"text-align: justify;\">Grandes Jockeys a los que queremos agradecer personalmente su dedicaci\u00f3n defendiendo nuestra chaquetilla granate con mangas azules. JC Cerqueira fue de los primeros en ponerse esta chaquetilla al que recordaremos siempre por su generosidad y dedicaci\u00f3n. Despu\u00e9s el gran Paquito Jim\u00e9nez con el que quedar\u00e1 de por vida una amistad duradera, V\u00e1clav Jan\u00e1cek nos ofreci\u00f3 su mejor versi\u00f3n enganchando victoria tras victoria en 2013. Y por \u00faltimo Borja Fayos, que nos ofreci\u00f3 su enorme empuje, talento y ganas para llevar al gran\u201d Valiant Blue\u201d a lo m\u00e1s alto del turf espa\u00f1ol. A todos vosotros, \u00a1much\u00edsimas gracias! \u00a0Os deseamos toda la suerte en vuestro futuro a nivel personal y profesional.<\/p>\n<p style=\"text-align: justify;\">Nos vamos con la cabeza muy alta, con 25 victorias en nuestro haber, dos veces en el top 10 de la estad\u00edstica de propietarios en Espa\u00f1a y con una enorme y gratificante experiencia vivida. Quiz\u00e1s sea uno de los momentos m\u00e1s tristes de nuestra vida porque nuestra marcha trunca nuestra ilusi\u00f3n, pero nunca podr\u00e1 borrar todos aquellos momentos vividos que quedar\u00e1n en el recuerdo. Siempre recordaremos momentos de \u00e9xtasis y pasi\u00f3n como nuestra primera victoria lograda con Orlov en su segunda carrera, y que ofreci\u00f3 en taquilla un dividendo de 80\/1 con el gran Bienvenido Moreno encima. Dif\u00edcil olvidar aquel segundo del Villamejor con Rany\u00e1n y con Paquito a la monta. No podremos olvidar aquellas dos fant\u00e1sticas victorias en las vallas madrile\u00f1as con Orlov al que hoy seguimos mimando en su retiro, o la \u00faltima experiencia de Valiant Blue en Longchamp participando en todo un Grupo III en el d\u00eda de las Poules francesas. Hemos participado y ganado en h\u00e1ndicaps, en preparatorias a Grandes Premios, hemos disputado el Gobierno Vasco, el Hispanidad, el Memorial, el Claudio Carudel, hemos ganado en las malogradas pruebas de vallas, hemos ganado tambi\u00e9n en Francia, hemos corrido un Grupo III, pruebas listed nacional y francesa, hemos tenido el honor de que un tal \u201cSoumillon\u201d defendiera nuestros colores en Chantilly, hemos tocado casi la gloria en muy poquito tiempo\u2026.. Por supuesto, tambi\u00e9n hemos vivido momentos muy tristes que tambi\u00e9n quedar\u00e1n para el recuerdo como aquel d\u00eda en que Orlov se despidi\u00f3 de la competici\u00f3n con aquella lesi\u00f3n irreversible en la pen\u00faltima valla, o aquel fat\u00eddico d\u00eda donde supimos de la muerte de todo un se\u00f1or y amigo como era Pablo Font. Siempre permanecer\u00e1 en mi recuerdo aquellos almuerzos con Pablo en \u201cZythum\u201d junto a aquel grupo de \u201czumbados\u201d por el turf donde solo estaba permitido hablar de caballos\u2026.<\/p>\n<p style=\"text-align: justify;\">Tambi\u00e9n, recuerdo especial a todos esos amigos y grandes propietarios que he tenido la fortuna de conocer como persona. Menci\u00f3n especial a I\u00f1igo Ram\u00edrez, Fernando Mor\u00e1n (Cholaica), \u00c1ngel de las Heras (Hisp\u00e1nica), Luis y Rafael Salvador (Salvador M\u00e1rquez), Reza Pazoki, Arturo San Jos\u00e9, Juan Carlos Bola\u00f1os (Grupo Bola\u00f1os), etc\u2026\u00a0 Hab\u00e9is sido m\u00e1s fuertes que nosotros y os deseo que vuestra ilusi\u00f3n nunca decaiga y teng\u00e1is los mejores \u00e9xitos en el futuro.<\/p>\n<p style=\"text-align: justify;\">Y ser\u00edan interminables los agradecimientos, pero tampoco puedo dejar pasar por agradecer a las dos personas y grandes amigos que hicieron que el turf corriera por mis venas en dosis altas: Lorenzo Sanz y Rafael M\u00e1rquez fueron los culpables de que en mi vida entrara esta bendita afici\u00f3n. Muchas gracias amigos, eternamente agradecido.<\/p>\n<p style=\"text-align: justify;\">Nos vamos como vinimos, sin hacer demasiado ruido y agradeciendo a todos los estamentos de nuestro turf por habernos dejado disfrutar de esta afici\u00f3n que se quedar\u00e1 de por vida con nosotros. Sin cr\u00edtica a unos ni a otros por su est\u00e9ril lucha que ha emborronado las mejores p\u00e1ginas de nuestro turf. Nos hemos despedido personalmente de HZ y de SFCCE dese\u00e1ndoles lo mejor para ambos en el futuro. Nos hemos despedido y agradecido por toda la atenci\u00f3n que han tenido con nosotros todos los hip\u00f3dromos donde hemos participado: Madrid, Sevilla, Lasarte, Sanl\u00facar, Longchamp, Saint Cloud, Fontainebleau, La Teste, Maison Laffitte, Chantilly\u2026 todos ellos nos han hecho un min\u00fasculo hueco en su historia que para nosotros ser\u00e1 enorme en el recuerdo. Nos hemos despedido personalmente de la Asociaci\u00f3n de Propietarios, de veterinarios, herradores, mozos, etc\u2026 Seguro que nos hemos dejado a alguien\u2026 disculpas por ello, pero s\u00ed me gustar\u00eda tener una menci\u00f3n especial y abierta a Gerardo Torres, un hombre de TURF al que deseo todo lo mejor en el futuro.<\/p>\n<p style=\"text-align: justify;\">Cruzamos el poste de meta en nuestra primera parte del H\u00e1ndicap y qui\u00e9n sabe si habr\u00e1 una segunda parte en el futuro. Los motivos de nuestra marcha son \u00fanicamente nuestra desgraciada p\u00e9rdida de ilusi\u00f3n. En una afici\u00f3n donde siempre hemos estado disfrutando, se nos hace muy cuesta arriba sufrir y angustiarnos por ello, en ning\u00fan caso queremos llevarnos este triste recuerdo despu\u00e9s de toda la grandeza vivida. La suspensi\u00f3n de las carreras en Espa\u00f1a encendi\u00f3 la mecha y el largo tiempo en la misma v\u00eda muerta hizo el resto\u2026 Lejos de nuestros caballos y de nuestros profesionales, las relaciones se enfriaron y se volvieron demasiado fr\u00e1giles para continuar aguantando un sufrimiento inmerecido. Hemos recibido en estos \u00faltimos d\u00edas muchas muestras de cari\u00f1o y de agradecimiento a trav\u00e9s de las redes sociales y personales, las cuales agradecemos de coraz\u00f3n y guardamos en el ba\u00fal de los grand\u00edsimos recuerdos.<\/p>\n<p style=\"text-align: justify;\">Seguiremos muy de cerca el turf como aficionados que seremos ya para siempre. Ahora nos toca vivir esa otra parte que nunca vivimos anteriormente y que seguro nos ofrecer\u00e1 tambi\u00e9n su preciada recompensa. Nuestro \u00fanico deseo ahora es que la situaci\u00f3n vuelva al punto desde donde nunca deber\u00eda haber partido, y que la competici\u00f3n se reinicie lo antes posible por el bien del turf, por el bien de los profesionales y por el bien de una afici\u00f3n que nunca mereci\u00f3 este enorme castigo.<\/p>\n<p style=\"text-align: justify;\">Un abrazo para todos, infinitas gracias y hasta siempre!!!<br \/>\nMiguel Redondo\/Propietario Cuadra Agrado<\/p>\n<hr \/>\n<p>&nbsp;<\/p>\n<!-- AddThis Advanced Settings generic via filter on the_content --><!-- AddThis Share Buttons generic via filter on the_content -->","protected":false},"excerpt":{"rendered":"<p>Lleg\u00f3 la triste hora de nuestra despedida definitiva del turf. Han sido seis inolvidables a\u00f1os donde hemos podido vivir toda la pasi\u00f3n que ofrece el galope de un pura sangre en competici\u00f3n. Experiencia plena de satisfacci\u00f3n, de momentos para recordar toda la vida, de sensaciones dif\u00edcilmente descriptibles, que solamente se pueden sentir desde dentro, como [&hellip;]<!-- AddThis Advanced Settings generic via filter on get_the_excerpt --><!-- AddThis Share Buttons generic via filter on get_the_excerpt --><\/p>\n","protected":false},"author":5,"featured_media":0,"comment_status":"closed","ping_status":"closed","sticky":false,"template":"","format":"gallery","meta":{"_acf_changed":false,"_et_pb_use_builder":"","_et_pb_old_content":"","_et_gb_content_width":"","footnotes":""},"categories":[3],"tags":[],"class_list":["post-1856","post","type-post","status-publish","format-gallery","hentry","category-noticias-cuadra-agrado","post_format-post-format-gallery"],"acf":[],"yoast_head":"<!-- This site is optimized with the Yoast SEO plugin v27.4 - https:\/\/yoast.com\/product\/yoast-seo-wordpress\/ -->\n<title>Infinitas gracias y hasta siempre!!!! - Cuadra Agrado<\/title>\n<meta name=\"robots\" content=\"index, follow, max-snippet:-1, max-image-preview:large, max-video-preview:-1\" \/>\n<link rel=\"canonical\" href=\"https:\/\/cuadra-agrado.es\/?p=1856\" \/>\n<meta property=\"og:locale\" content=\"es_ES\" \/>\n<meta property=\"og:type\" content=\"article\" \/>\n<meta property=\"og:title\" content=\"Infinitas gracias y hasta siempre!!!! - Cuadra Agrado\" \/>\n<meta property=\"og:description\" content=\"Lleg\u00f3 la triste hora de nuestra despedida definitiva del turf. Han sido seis inolvidables a\u00f1os donde hemos podido vivir toda la pasi\u00f3n que ofrece el galope de un pura sangre en competici\u00f3n. Experiencia plena de satisfacci\u00f3n, de momentos para recordar toda la vida, de sensaciones dif\u00edcilmente descriptibles, que solamente se pueden sentir desde dentro, como [&hellip;]\" \/>\n<meta property=\"og:url\" content=\"https:\/\/cuadra-agrado.es\/?p=1856\" \/>\n<meta property=\"og:site_name\" content=\"Cuadra Agrado\" \/>\n<meta property=\"article:published_time\" content=\"2015-05-28T07:55:06+00:00\" \/>\n<meta property=\"article:modified_time\" content=\"2024-02-27T09:27:55+00:00\" \/>\n<meta property=\"og:image\" content=\"http:\/\/cuadra-agrado.es\/wp-content\/uploads\/2014\/06\/valiant-urquijo.jpg\" \/>\n<meta name=\"author\" content=\"Miguel Redondo\" \/>\n<meta name=\"twitter:card\" content=\"summary_large_image\" \/>\n<meta name=\"twitter:creator\" content=\"@AGRADOracing\" \/>\n<meta name=\"twitter:site\" content=\"@AGRADOracing\" \/>\n<meta name=\"twitter:label1\" content=\"Escrito por\" \/>\n\t<meta name=\"twitter:data1\" content=\"Miguel Redondo\" \/>\n\t<meta name=\"twitter:label2\" content=\"Tiempo de lectura\" \/>\n\t<meta name=\"twitter:data2\" content=\"7 minutos\" \/>\n<script type=\"application\/ld+json\" class=\"yoast-schema-graph\">{\"@context\":\"https:\\\/\\\/schema.org\",\"@graph\":[{\"@type\":\"Article\",\"@id\":\"https:\\\/\\\/cuadra-agrado.es\\\/?p=1856#article\",\"isPartOf\":{\"@id\":\"https:\\\/\\\/cuadra-agrado.es\\\/?p=1856\"},\"author\":{\"name\":\"Miguel Redondo\",\"@id\":\"https:\\\/\\\/cuadra-agrado.es\\\/#\\\/schema\\\/person\\\/3aa4f8d2373cf756d93a5526bc72f31b\"},\"headline\":\"Infinitas gracias y hasta siempre!!!!\",\"datePublished\":\"2015-05-28T07:55:06+00:00\",\"dateModified\":\"2024-02-27T09:27:55+00:00\",\"mainEntityOfPage\":{\"@id\":\"https:\\\/\\\/cuadra-agrado.es\\\/?p=1856\"},\"wordCount\":1406,\"image\":{\"@id\":\"https:\\\/\\\/cuadra-agrado.es\\\/?p=1856#primaryimage\"},\"thumbnailUrl\":\"http:\\\/\\\/cuadra-agrado.es\\\/wp-content\\\/uploads\\\/2014\\\/06\\\/valiant-urquijo.jpg\",\"articleSection\":[\"Actualidad\"],\"inLanguage\":\"es\"},{\"@type\":\"WebPage\",\"@id\":\"https:\\\/\\\/cuadra-agrado.es\\\/?p=1856\",\"url\":\"https:\\\/\\\/cuadra-agrado.es\\\/?p=1856\",\"name\":\"Infinitas gracias y hasta siempre!!!! - Cuadra Agrado\",\"isPartOf\":{\"@id\":\"https:\\\/\\\/cuadra-agrado.es\\\/#website\"},\"primaryImageOfPage\":{\"@id\":\"https:\\\/\\\/cuadra-agrado.es\\\/?p=1856#primaryimage\"},\"image\":{\"@id\":\"https:\\\/\\\/cuadra-agrado.es\\\/?p=1856#primaryimage\"},\"thumbnailUrl\":\"http:\\\/\\\/cuadra-agrado.es\\\/wp-content\\\/uploads\\\/2014\\\/06\\\/valiant-urquijo.jpg\",\"datePublished\":\"2015-05-28T07:55:06+00:00\",\"dateModified\":\"2024-02-27T09:27:55+00:00\",\"author\":{\"@id\":\"https:\\\/\\\/cuadra-agrado.es\\\/#\\\/schema\\\/person\\\/3aa4f8d2373cf756d93a5526bc72f31b\"},\"breadcrumb\":{\"@id\":\"https:\\\/\\\/cuadra-agrado.es\\\/?p=1856#breadcrumb\"},\"inLanguage\":\"es\",\"potentialAction\":[{\"@type\":\"ReadAction\",\"target\":[\"https:\\\/\\\/cuadra-agrado.es\\\/?p=1856\"]}]},{\"@type\":\"ImageObject\",\"inLanguage\":\"es\",\"@id\":\"https:\\\/\\\/cuadra-agrado.es\\\/?p=1856#primaryimage\",\"url\":\"http:\\\/\\\/cuadra-agrado.es\\\/wp-content\\\/uploads\\\/2014\\\/06\\\/valiant-urquijo.jpg\",\"contentUrl\":\"http:\\\/\\\/cuadra-agrado.es\\\/wp-content\\\/uploads\\\/2014\\\/06\\\/valiant-urquijo.jpg\"},{\"@type\":\"BreadcrumbList\",\"@id\":\"https:\\\/\\\/cuadra-agrado.es\\\/?p=1856#breadcrumb\",\"itemListElement\":[{\"@type\":\"ListItem\",\"position\":1,\"name\":\"Portada\",\"item\":\"https:\\\/\\\/cuadra-agrado.es\\\/\"},{\"@type\":\"ListItem\",\"position\":2,\"name\":\"Infinitas gracias y hasta siempre!!!!\"}]},{\"@type\":\"WebSite\",\"@id\":\"https:\\\/\\\/cuadra-agrado.es\\\/#website\",\"url\":\"https:\\\/\\\/cuadra-agrado.es\\\/\",\"name\":\"Cuadra Agrado\",\"description\":\"En el mundo del Turf desde 2008\",\"potentialAction\":[{\"@type\":\"SearchAction\",\"target\":{\"@type\":\"EntryPoint\",\"urlTemplate\":\"https:\\\/\\\/cuadra-agrado.es\\\/?s={search_term_string}\"},\"query-input\":{\"@type\":\"PropertyValueSpecification\",\"valueRequired\":true,\"valueName\":\"search_term_string\"}}],\"inLanguage\":\"es\"},{\"@type\":\"Person\",\"@id\":\"https:\\\/\\\/cuadra-agrado.es\\\/#\\\/schema\\\/person\\\/3aa4f8d2373cf756d93a5526bc72f31b\",\"name\":\"Miguel Redondo\",\"image\":{\"@type\":\"ImageObject\",\"inLanguage\":\"es\",\"@id\":\"https:\\\/\\\/secure.gravatar.com\\\/avatar\\\/85704fceb4fa34017e3c1344d182da00dbf772fb8856ba2b7726a2df926415b4?s=96&d=mm&r=g\",\"url\":\"https:\\\/\\\/secure.gravatar.com\\\/avatar\\\/85704fceb4fa34017e3c1344d182da00dbf772fb8856ba2b7726a2df926415b4?s=96&d=mm&r=g\",\"contentUrl\":\"https:\\\/\\\/secure.gravatar.com\\\/avatar\\\/85704fceb4fa34017e3c1344d182da00dbf772fb8856ba2b7726a2df926415b4?s=96&d=mm&r=g\",\"caption\":\"Miguel Redondo\"},\"sameAs\":[\"https:\\\/\\\/cuadra-agrado.es\"],\"url\":\"https:\\\/\\\/cuadra-agrado.es\\\/?author=5\"}]}<\/script>\n<!-- \/ Yoast SEO plugin. -->","yoast_head_json":{"title":"Infinitas gracias y hasta siempre!!!! - Cuadra Agrado","robots":{"index":"index","follow":"follow","max-snippet":"max-snippet:-1","max-image-preview":"max-image-preview:large","max-video-preview":"max-video-preview:-1"},"canonical":"https:\/\/cuadra-agrado.es\/?p=1856","og_locale":"es_ES","og_type":"article","og_title":"Infinitas gracias y hasta siempre!!!! - Cuadra Agrado","og_description":"Lleg\u00f3 la triste hora de nuestra despedida definitiva del turf. Han sido seis inolvidables a\u00f1os donde hemos podido vivir toda la pasi\u00f3n que ofrece el galope de un pura sangre en competici\u00f3n. Experiencia plena de satisfacci\u00f3n, de momentos para recordar toda la vida, de sensaciones dif\u00edcilmente descriptibles, que solamente se pueden sentir desde dentro, como [&hellip;]","og_url":"https:\/\/cuadra-agrado.es\/?p=1856","og_site_name":"Cuadra Agrado","article_published_time":"2015-05-28T07:55:06+00:00","article_modified_time":"2024-02-27T09:27:55+00:00","og_image":[{"url":"http:\/\/cuadra-agrado.es\/wp-content\/uploads\/2014\/06\/valiant-urquijo.jpg","type":"","width":"","height":""}],"author":"Miguel Redondo","twitter_card":"summary_large_image","twitter_creator":"@AGRADOracing","twitter_site":"@AGRADOracing","twitter_misc":{"Escrito por":"Miguel Redondo","Tiempo de lectura":"7 minutos"},"schema":{"@context":"https:\/\/schema.org","@graph":[{"@type":"Article","@id":"https:\/\/cuadra-agrado.es\/?p=1856#article","isPartOf":{"@id":"https:\/\/cuadra-agrado.es\/?p=1856"},"author":{"name":"Miguel Redondo","@id":"https:\/\/cuadra-agrado.es\/#\/schema\/person\/3aa4f8d2373cf756d93a5526bc72f31b"},"headline":"Infinitas gracias y hasta siempre!!!!","datePublished":"2015-05-28T07:55:06+00:00","dateModified":"2024-02-27T09:27:55+00:00","mainEntityOfPage":{"@id":"https:\/\/cuadra-agrado.es\/?p=1856"},"wordCount":1406,"image":{"@id":"https:\/\/cuadra-agrado.es\/?p=1856#primaryimage"},"thumbnailUrl":"http:\/\/cuadra-agrado.es\/wp-content\/uploads\/2014\/06\/valiant-urquijo.jpg","articleSection":["Actualidad"],"inLanguage":"es"},{"@type":"WebPage","@id":"https:\/\/cuadra-agrado.es\/?p=1856","url":"https:\/\/cuadra-agrado.es\/?p=1856","name":"Infinitas gracias y hasta siempre!!!! - Cuadra Agrado","isPartOf":{"@id":"https:\/\/cuadra-agrado.es\/#website"},"primaryImageOfPage":{"@id":"https:\/\/cuadra-agrado.es\/?p=1856#primaryimage"},"image":{"@id":"https:\/\/cuadra-agrado.es\/?p=1856#primaryimage"},"thumbnailUrl":"http:\/\/cuadra-agrado.es\/wp-content\/uploads\/2014\/06\/valiant-urquijo.jpg","datePublished":"2015-05-28T07:55:06+00:00","dateModified":"2024-02-27T09:27:55+00:00","author":{"@id":"https:\/\/cuadra-agrado.es\/#\/schema\/person\/3aa4f8d2373cf756d93a5526bc72f31b"},"breadcrumb":{"@id":"https:\/\/cuadra-agrado.es\/?p=1856#breadcrumb"},"inLanguage":"es","potentialAction":[{"@type":"ReadAction","target":["https:\/\/cuadra-agrado.es\/?p=1856"]}]},{"@type":"ImageObject","inLanguage":"es","@id":"https:\/\/cuadra-agrado.es\/?p=1856#primaryimage","url":"http:\/\/cuadra-agrado.es\/wp-content\/uploads\/2014\/06\/valiant-urquijo.jpg","contentUrl":"http:\/\/cuadra-agrado.es\/wp-content\/uploads\/2014\/06\/valiant-urquijo.jpg"},{"@type":"BreadcrumbList","@id":"https:\/\/cuadra-agrado.es\/?p=1856#breadcrumb","itemListElement":[{"@type":"ListItem","position":1,"name":"Portada","item":"https:\/\/cuadra-agrado.es\/"},{"@type":"ListItem","position":2,"name":"Infinitas gracias y hasta siempre!!!!"}]},{"@type":"WebSite","@id":"https:\/\/cuadra-agrado.es\/#website","url":"https:\/\/cuadra-agrado.es\/","name":"Cuadra Agrado","description":"En el mundo del Turf desde 2008","potentialAction":[{"@type":"SearchAction","target":{"@type":"EntryPoint","urlTemplate":"https:\/\/cuadra-agrado.es\/?s={search_term_string}"},"query-input":{"@type":"PropertyValueSpecification","valueRequired":true,"valueName":"search_term_string"}}],"inLanguage":"es"},{"@type":"Person","@id":"https:\/\/cuadra-agrado.es\/#\/schema\/person\/3aa4f8d2373cf756d93a5526bc72f31b","name":"Miguel Redondo","image":{"@type":"ImageObject","inLanguage":"es","@id":"https:\/\/secure.gravatar.com\/avatar\/85704fceb4fa34017e3c1344d182da00dbf772fb8856ba2b7726a2df926415b4?s=96&d=mm&r=g","url":"https:\/\/secure.gravatar.com\/avatar\/85704fceb4fa34017e3c1344d182da00dbf772fb8856ba2b7726a2df926415b4?s=96&d=mm&r=g","contentUrl":"https:\/\/secure.gravatar.com\/avatar\/85704fceb4fa34017e3c1344d182da00dbf772fb8856ba2b7726a2df926415b4?s=96&d=mm&r=g","caption":"Miguel Redondo"},"sameAs":["https:\/\/cuadra-agrado.es"],"url":"https:\/\/cuadra-agrado.es\/?author=5"}]}},"_links":{"self":[{"href":"https:\/\/cuadra-agrado.es\/index.php?rest_route=\/wp\/v2\/posts\/1856","targetHints":{"allow":["GET"]}}],"collection":[{"href":"https:\/\/cuadra-agrado.es\/index.php?rest_route=\/wp\/v2\/posts"}],"about":[{"href":"https:\/\/cuadra-agrado.es\/index.php?rest_route=\/wp\/v2\/types\/post"}],"author":[{"embeddable":true,"href":"https:\/\/cuadra-agrado.es\/index.php?rest_route=\/wp\/v2\/users\/5"}],"replies":[{"embeddable":true,"href":"https:\/\/cuadra-agrado.es\/index.php?rest_route=%2Fwp%2Fv2%2Fcomments&post=1856"}],"version-history":[{"count":0,"href":"https:\/\/cuadra-agrado.es\/index.php?rest_route=\/wp\/v2\/posts\/1856\/revisions"}],"wp:attachment":[{"href":"https:\/\/cuadra-agrado.es\/index.php?rest_route=%2Fwp%2Fv2%2Fmedia&parent=1856"}],"wp:term":[{"taxonomy":"category","embeddable":true,"href":"https:\/\/cuadra-agrado.es\/index.php?rest_route=%2Fwp%2Fv2%2Fcategories&post=1856"},{"taxonomy":"post_tag","embeddable":true,"href":"https:\/\/cuadra-agrado.es\/index.php?rest_route=%2Fwp%2Fv2%2Ftags&post=1856"}],"curies":[{"name":"wp","href":"https:\/\/api.w.org\/{rel}","templated":true}]}}