{"id":1840,"date":"2015-05-18T09:04:00","date_gmt":"2015-05-18T08:04:00","guid":{"rendered":"https:\/\/cuadra-agrado.es\/?p=1840"},"modified":"2024-02-27T09:27:56","modified_gmt":"2024-02-27T09:27:56","slug":"valiant-blue-y-ranyan-despediran-nuestros-colores","status":"publish","type":"post","link":"https:\/\/cuadra-agrado.es\/?p=1840","title":{"rendered":"Valiant Blue y Rany\u00e1n despedir\u00e1n nuestros colores!!!"},"content":{"rendered":"<p style=\"text-align: justify;\"><a href=\"http:\/\/cuadra-agrado.es\/wp-content\/uploads\/2014\/02\/MONTAJE-2.jpg\" target=\"_blank\" rel=\"noopener noreferrer\"><img loading=\"lazy\" decoding=\"async\" class=\"alignleft  wp-image-865\" alt=\"MONTAJE 2\" src=\"http:\/\/cuadra-agrado.es\/wp-content\/uploads\/2014\/02\/MONTAJE-2.jpg\" width=\"340\" height=\"200\" \/><\/a>Siguiendo con nuestro triste pero meditado plan de desmantelaci\u00f3n de nuestra cuadra con la retirada ya efectiva de competici\u00f3n de \u2018Il Presuntuoso\u2019, \u2018High Brooklyn\u2019 y \u2018Zambeze\u2019 ya solo nos quedan en competici\u00f3n nuestros inseparables estandartes: \u2018Valiant Blue\u2019 y \u2018Rany\u00e1n\u2019, que ser\u00e1n los \u00faltimos en defender nuestros colores este mismo mes en tierras galas. Con ellos terminar\u00e1 nuestro periplo franc\u00e9s y lamentablemente nuestra primera parte de una muy bonita historia de turf vivida durante seis a\u00f1os.<\/p>\n<p style=\"text-align: justify;\">\u2018Rany\u00e1n\u2019 disputar\u00e1 su \u00faltima este pr\u00f3ximo domingo 24 de mayo en el mejor hip\u00f3dromo posible para su despedida: \u2018Longchamp\u2019. Un reclamar en distancia de 3.100 metros (Prix de la Providence) donde intentar\u00e1 brindarnos una \u00faltima victoria y dejarnos dentro de lo posible el mejor sabor de boca. Despu\u00e9s de su \u00faltima donde no quiso saber nada de la pista y del recorrido, volvemos a confiar en la monta de Lefebvre con la certeza que estar\u00e1 para luchar su mejor y m\u00e1s recordada victoria. No habr\u00e1 defensa por nuestra parte en caso de reclamaci\u00f3n, nuestra cuadra abandona, pero no ser\u00eda justo que \u00e9l abandonara tambi\u00e9n. Por un lado nos gustar\u00eda que no figurase en la llegada para que no hubiera reclamaci\u00f3n y volviera con nosotros a nuestra finca, pero por otro lado, queremos que siga disfrutando de lo que m\u00e1s le gusta\u2026. Competir y galopar!!!<\/p>\n<p style=\"text-align: justify;\">\u2018Valiant Blue\u2019 correr\u00e1 su \u00faltima con nosotros el pr\u00f3ximo 28 de Mayo en la quint\u00e9 del d\u00eda en otro hip\u00f3dromo por excelencia: Maison Laffitte. Un h\u00e1ndicap de 1.000 metros en l\u00ednea recta con un bonito nombre (Prix de Newmarket). Despu\u00e9s de su muy digna participaci\u00f3n en un Grupo III, tenemos mucha confianza en que en esta nos pudiera brindar su \u00faltima victoria para nuestros colores en su mejor momento de forma. El futuro de \u2018Valiant Blue\u2019 despu\u00e9s de esta pasa por un traspaso a un nuevo propietario, a\u00fan sin confirmar. Estamos pendientes de nuestro entrenador para ver si hay posibilidad de que pueda quedarse en su mismo patio en funci\u00f3n de la decisi\u00f3n definitiva que \u00e9l pueda tomar y que tambi\u00e9n est\u00e1 meditando. Nuestra intenci\u00f3n era conseguir ese buscado \u2018black type\u2019 que le permitiera quedarse como semental en Espa\u00f1a, pero desgraciadamente no nos va a dar tiempo conseguir esa bonita haza\u00f1a, y tampoco queremos truncarle su vida priv\u00e1ndole de la competici\u00f3n ahora que se ha consagrado como el mejor sprinter espa\u00f1ol del momento y con un pr\u00f3spero futuro en la competici\u00f3n continental.<\/p>\n<p style=\"text-align: justify;\">Seguimos sin querer despedirnos todav\u00eda\u2026. a\u00fan nos queda disfrutar un poco m\u00e1s de este apasionante mundo. Se nos hace muy cuesta arriba saber que tan solo nos quedan dos salidas a pista y que es posible que no podamos estar presentes en ninguna de las dos. Un triste final que seguro nos costar\u00e1 asimilar. Mucha suerte \u2018Eduardo\u2019, y muchas gracias por todo!!!!<\/p>\n<hr \/>\n<p style=\"text-align: justify;\">\n<!-- AddThis Advanced Settings generic via filter on the_content --><!-- AddThis Share Buttons generic via filter on the_content -->","protected":false},"excerpt":{"rendered":"<p>Siguiendo con nuestro triste pero meditado plan de desmantelaci\u00f3n de nuestra cuadra con la retirada ya efectiva de competici\u00f3n de \u2018Il Presuntuoso\u2019, \u2018High Brooklyn\u2019 y \u2018Zambeze\u2019 ya solo nos quedan en competici\u00f3n nuestros inseparables estandartes: \u2018Valiant Blue\u2019 y \u2018Rany\u00e1n\u2019, que ser\u00e1n los \u00faltimos en defender nuestros colores este mismo mes en tierras galas. Con ellos [&hellip;]<!-- AddThis Advanced Settings generic via filter on get_the_excerpt --><!-- AddThis Share Buttons generic via filter on get_the_excerpt --><\/p>\n","protected":false},"author":5,"featured_media":0,"comment_status":"closed","ping_status":"closed","sticky":false,"template":"","format":"gallery","meta":{"_acf_changed":false,"_et_pb_use_builder":"","_et_pb_old_content":"","_et_gb_content_width":"","footnotes":""},"categories":[3],"tags":[],"class_list":["post-1840","post","type-post","status-publish","format-gallery","hentry","category-noticias-cuadra-agrado","post_format-post-format-gallery"],"acf":[],"yoast_head":"<!-- This site is optimized with the Yoast SEO plugin v27.4 - https:\/\/yoast.com\/product\/yoast-seo-wordpress\/ -->\n<title>Valiant Blue y Rany\u00e1n despedir\u00e1n nuestros colores!!! - Cuadra Agrado<\/title>\n<meta name=\"robots\" content=\"index, follow, max-snippet:-1, max-image-preview:large, max-video-preview:-1\" \/>\n<link rel=\"canonical\" href=\"https:\/\/cuadra-agrado.es\/?p=1840\" \/>\n<meta property=\"og:locale\" content=\"es_ES\" \/>\n<meta property=\"og:type\" content=\"article\" \/>\n<meta property=\"og:title\" content=\"Valiant Blue y Rany\u00e1n despedir\u00e1n nuestros colores!!! - Cuadra Agrado\" \/>\n<meta property=\"og:description\" content=\"Siguiendo con nuestro triste pero meditado plan de desmantelaci\u00f3n de nuestra cuadra con la retirada ya efectiva de competici\u00f3n de \u2018Il Presuntuoso\u2019, \u2018High Brooklyn\u2019 y \u2018Zambeze\u2019 ya solo nos quedan en competici\u00f3n nuestros inseparables estandartes: \u2018Valiant Blue\u2019 y \u2018Rany\u00e1n\u2019, que ser\u00e1n los \u00faltimos en defender nuestros colores este mismo mes en tierras galas. Con ellos [&hellip;]\" \/>\n<meta property=\"og:url\" content=\"https:\/\/cuadra-agrado.es\/?p=1840\" \/>\n<meta property=\"og:site_name\" content=\"Cuadra Agrado\" \/>\n<meta property=\"article:published_time\" content=\"2015-05-18T08:04:00+00:00\" \/>\n<meta property=\"article:modified_time\" content=\"2024-02-27T09:27:56+00:00\" \/>\n<meta property=\"og:image\" content=\"http:\/\/cuadra-agrado.es\/wp-content\/uploads\/2014\/02\/MONTAJE-2.jpg\" \/>\n<meta name=\"author\" content=\"Miguel Redondo\" \/>\n<meta name=\"twitter:card\" content=\"summary_large_image\" \/>\n<meta name=\"twitter:creator\" content=\"@AGRADOracing\" \/>\n<meta name=\"twitter:site\" content=\"@AGRADOracing\" \/>\n<meta name=\"twitter:label1\" content=\"Escrito por\" \/>\n\t<meta name=\"twitter:data1\" content=\"Miguel Redondo\" \/>\n\t<meta name=\"twitter:label2\" content=\"Tiempo de lectura\" \/>\n\t<meta name=\"twitter:data2\" content=\"3 minutos\" \/>\n<script type=\"application\/ld+json\" class=\"yoast-schema-graph\">{\"@context\":\"https:\\\/\\\/schema.org\",\"@graph\":[{\"@type\":\"Article\",\"@id\":\"https:\\\/\\\/cuadra-agrado.es\\\/?p=1840#article\",\"isPartOf\":{\"@id\":\"https:\\\/\\\/cuadra-agrado.es\\\/?p=1840\"},\"author\":{\"name\":\"Miguel Redondo\",\"@id\":\"https:\\\/\\\/cuadra-agrado.es\\\/#\\\/schema\\\/person\\\/3aa4f8d2373cf756d93a5526bc72f31b\"},\"headline\":\"Valiant Blue y Rany\u00e1n despedir\u00e1n nuestros colores!!!\",\"datePublished\":\"2015-05-18T08:04:00+00:00\",\"dateModified\":\"2024-02-27T09:27:56+00:00\",\"mainEntityOfPage\":{\"@id\":\"https:\\\/\\\/cuadra-agrado.es\\\/?p=1840\"},\"wordCount\":509,\"image\":{\"@id\":\"https:\\\/\\\/cuadra-agrado.es\\\/?p=1840#primaryimage\"},\"thumbnailUrl\":\"http:\\\/\\\/cuadra-agrado.es\\\/wp-content\\\/uploads\\\/2014\\\/02\\\/MONTAJE-2.jpg\",\"articleSection\":[\"Actualidad\"],\"inLanguage\":\"es\"},{\"@type\":\"WebPage\",\"@id\":\"https:\\\/\\\/cuadra-agrado.es\\\/?p=1840\",\"url\":\"https:\\\/\\\/cuadra-agrado.es\\\/?p=1840\",\"name\":\"Valiant Blue y Rany\u00e1n despedir\u00e1n nuestros colores!!! - Cuadra Agrado\",\"isPartOf\":{\"@id\":\"https:\\\/\\\/cuadra-agrado.es\\\/#website\"},\"primaryImageOfPage\":{\"@id\":\"https:\\\/\\\/cuadra-agrado.es\\\/?p=1840#primaryimage\"},\"image\":{\"@id\":\"https:\\\/\\\/cuadra-agrado.es\\\/?p=1840#primaryimage\"},\"thumbnailUrl\":\"http:\\\/\\\/cuadra-agrado.es\\\/wp-content\\\/uploads\\\/2014\\\/02\\\/MONTAJE-2.jpg\",\"datePublished\":\"2015-05-18T08:04:00+00:00\",\"dateModified\":\"2024-02-27T09:27:56+00:00\",\"author\":{\"@id\":\"https:\\\/\\\/cuadra-agrado.es\\\/#\\\/schema\\\/person\\\/3aa4f8d2373cf756d93a5526bc72f31b\"},\"breadcrumb\":{\"@id\":\"https:\\\/\\\/cuadra-agrado.es\\\/?p=1840#breadcrumb\"},\"inLanguage\":\"es\",\"potentialAction\":[{\"@type\":\"ReadAction\",\"target\":[\"https:\\\/\\\/cuadra-agrado.es\\\/?p=1840\"]}]},{\"@type\":\"ImageObject\",\"inLanguage\":\"es\",\"@id\":\"https:\\\/\\\/cuadra-agrado.es\\\/?p=1840#primaryimage\",\"url\":\"http:\\\/\\\/cuadra-agrado.es\\\/wp-content\\\/uploads\\\/2014\\\/02\\\/MONTAJE-2.jpg\",\"contentUrl\":\"http:\\\/\\\/cuadra-agrado.es\\\/wp-content\\\/uploads\\\/2014\\\/02\\\/MONTAJE-2.jpg\"},{\"@type\":\"BreadcrumbList\",\"@id\":\"https:\\\/\\\/cuadra-agrado.es\\\/?p=1840#breadcrumb\",\"itemListElement\":[{\"@type\":\"ListItem\",\"position\":1,\"name\":\"Portada\",\"item\":\"https:\\\/\\\/cuadra-agrado.es\\\/\"},{\"@type\":\"ListItem\",\"position\":2,\"name\":\"Valiant Blue y Rany\u00e1n despedir\u00e1n nuestros colores!!!\"}]},{\"@type\":\"WebSite\",\"@id\":\"https:\\\/\\\/cuadra-agrado.es\\\/#website\",\"url\":\"https:\\\/\\\/cuadra-agrado.es\\\/\",\"name\":\"Cuadra Agrado\",\"description\":\"En el mundo del Turf desde 2008\",\"potentialAction\":[{\"@type\":\"SearchAction\",\"target\":{\"@type\":\"EntryPoint\",\"urlTemplate\":\"https:\\\/\\\/cuadra-agrado.es\\\/?s={search_term_string}\"},\"query-input\":{\"@type\":\"PropertyValueSpecification\",\"valueRequired\":true,\"valueName\":\"search_term_string\"}}],\"inLanguage\":\"es\"},{\"@type\":\"Person\",\"@id\":\"https:\\\/\\\/cuadra-agrado.es\\\/#\\\/schema\\\/person\\\/3aa4f8d2373cf756d93a5526bc72f31b\",\"name\":\"Miguel Redondo\",\"image\":{\"@type\":\"ImageObject\",\"inLanguage\":\"es\",\"@id\":\"https:\\\/\\\/secure.gravatar.com\\\/avatar\\\/85704fceb4fa34017e3c1344d182da00dbf772fb8856ba2b7726a2df926415b4?s=96&d=mm&r=g\",\"url\":\"https:\\\/\\\/secure.gravatar.com\\\/avatar\\\/85704fceb4fa34017e3c1344d182da00dbf772fb8856ba2b7726a2df926415b4?s=96&d=mm&r=g\",\"contentUrl\":\"https:\\\/\\\/secure.gravatar.com\\\/avatar\\\/85704fceb4fa34017e3c1344d182da00dbf772fb8856ba2b7726a2df926415b4?s=96&d=mm&r=g\",\"caption\":\"Miguel Redondo\"},\"sameAs\":[\"https:\\\/\\\/cuadra-agrado.es\"],\"url\":\"https:\\\/\\\/cuadra-agrado.es\\\/?author=5\"}]}<\/script>\n<!-- \/ Yoast SEO plugin. -->","yoast_head_json":{"title":"Valiant Blue y Rany\u00e1n despedir\u00e1n nuestros colores!!! - Cuadra Agrado","robots":{"index":"index","follow":"follow","max-snippet":"max-snippet:-1","max-image-preview":"max-image-preview:large","max-video-preview":"max-video-preview:-1"},"canonical":"https:\/\/cuadra-agrado.es\/?p=1840","og_locale":"es_ES","og_type":"article","og_title":"Valiant Blue y Rany\u00e1n despedir\u00e1n nuestros colores!!! - Cuadra Agrado","og_description":"Siguiendo con nuestro triste pero meditado plan de desmantelaci\u00f3n de nuestra cuadra con la retirada ya efectiva de competici\u00f3n de \u2018Il Presuntuoso\u2019, \u2018High Brooklyn\u2019 y \u2018Zambeze\u2019 ya solo nos quedan en competici\u00f3n nuestros inseparables estandartes: \u2018Valiant Blue\u2019 y \u2018Rany\u00e1n\u2019, que ser\u00e1n los \u00faltimos en defender nuestros colores este mismo mes en tierras galas. Con ellos [&hellip;]","og_url":"https:\/\/cuadra-agrado.es\/?p=1840","og_site_name":"Cuadra Agrado","article_published_time":"2015-05-18T08:04:00+00:00","article_modified_time":"2024-02-27T09:27:56+00:00","og_image":[{"url":"http:\/\/cuadra-agrado.es\/wp-content\/uploads\/2014\/02\/MONTAJE-2.jpg","type":"","width":"","height":""}],"author":"Miguel Redondo","twitter_card":"summary_large_image","twitter_creator":"@AGRADOracing","twitter_site":"@AGRADOracing","twitter_misc":{"Escrito por":"Miguel Redondo","Tiempo de lectura":"3 minutos"},"schema":{"@context":"https:\/\/schema.org","@graph":[{"@type":"Article","@id":"https:\/\/cuadra-agrado.es\/?p=1840#article","isPartOf":{"@id":"https:\/\/cuadra-agrado.es\/?p=1840"},"author":{"name":"Miguel Redondo","@id":"https:\/\/cuadra-agrado.es\/#\/schema\/person\/3aa4f8d2373cf756d93a5526bc72f31b"},"headline":"Valiant Blue y Rany\u00e1n despedir\u00e1n nuestros colores!!!","datePublished":"2015-05-18T08:04:00+00:00","dateModified":"2024-02-27T09:27:56+00:00","mainEntityOfPage":{"@id":"https:\/\/cuadra-agrado.es\/?p=1840"},"wordCount":509,"image":{"@id":"https:\/\/cuadra-agrado.es\/?p=1840#primaryimage"},"thumbnailUrl":"http:\/\/cuadra-agrado.es\/wp-content\/uploads\/2014\/02\/MONTAJE-2.jpg","articleSection":["Actualidad"],"inLanguage":"es"},{"@type":"WebPage","@id":"https:\/\/cuadra-agrado.es\/?p=1840","url":"https:\/\/cuadra-agrado.es\/?p=1840","name":"Valiant Blue y Rany\u00e1n despedir\u00e1n nuestros colores!!! - Cuadra Agrado","isPartOf":{"@id":"https:\/\/cuadra-agrado.es\/#website"},"primaryImageOfPage":{"@id":"https:\/\/cuadra-agrado.es\/?p=1840#primaryimage"},"image":{"@id":"https:\/\/cuadra-agrado.es\/?p=1840#primaryimage"},"thumbnailUrl":"http:\/\/cuadra-agrado.es\/wp-content\/uploads\/2014\/02\/MONTAJE-2.jpg","datePublished":"2015-05-18T08:04:00+00:00","dateModified":"2024-02-27T09:27:56+00:00","author":{"@id":"https:\/\/cuadra-agrado.es\/#\/schema\/person\/3aa4f8d2373cf756d93a5526bc72f31b"},"breadcrumb":{"@id":"https:\/\/cuadra-agrado.es\/?p=1840#breadcrumb"},"inLanguage":"es","potentialAction":[{"@type":"ReadAction","target":["https:\/\/cuadra-agrado.es\/?p=1840"]}]},{"@type":"ImageObject","inLanguage":"es","@id":"https:\/\/cuadra-agrado.es\/?p=1840#primaryimage","url":"http:\/\/cuadra-agrado.es\/wp-content\/uploads\/2014\/02\/MONTAJE-2.jpg","contentUrl":"http:\/\/cuadra-agrado.es\/wp-content\/uploads\/2014\/02\/MONTAJE-2.jpg"},{"@type":"BreadcrumbList","@id":"https:\/\/cuadra-agrado.es\/?p=1840#breadcrumb","itemListElement":[{"@type":"ListItem","position":1,"name":"Portada","item":"https:\/\/cuadra-agrado.es\/"},{"@type":"ListItem","position":2,"name":"Valiant Blue y Rany\u00e1n despedir\u00e1n nuestros colores!!!"}]},{"@type":"WebSite","@id":"https:\/\/cuadra-agrado.es\/#website","url":"https:\/\/cuadra-agrado.es\/","name":"Cuadra Agrado","description":"En el mundo del Turf desde 2008","potentialAction":[{"@type":"SearchAction","target":{"@type":"EntryPoint","urlTemplate":"https:\/\/cuadra-agrado.es\/?s={search_term_string}"},"query-input":{"@type":"PropertyValueSpecification","valueRequired":true,"valueName":"search_term_string"}}],"inLanguage":"es"},{"@type":"Person","@id":"https:\/\/cuadra-agrado.es\/#\/schema\/person\/3aa4f8d2373cf756d93a5526bc72f31b","name":"Miguel Redondo","image":{"@type":"ImageObject","inLanguage":"es","@id":"https:\/\/secure.gravatar.com\/avatar\/85704fceb4fa34017e3c1344d182da00dbf772fb8856ba2b7726a2df926415b4?s=96&d=mm&r=g","url":"https:\/\/secure.gravatar.com\/avatar\/85704fceb4fa34017e3c1344d182da00dbf772fb8856ba2b7726a2df926415b4?s=96&d=mm&r=g","contentUrl":"https:\/\/secure.gravatar.com\/avatar\/85704fceb4fa34017e3c1344d182da00dbf772fb8856ba2b7726a2df926415b4?s=96&d=mm&r=g","caption":"Miguel Redondo"},"sameAs":["https:\/\/cuadra-agrado.es"],"url":"https:\/\/cuadra-agrado.es\/?author=5"}]}},"_links":{"self":[{"href":"https:\/\/cuadra-agrado.es\/index.php?rest_route=\/wp\/v2\/posts\/1840","targetHints":{"allow":["GET"]}}],"collection":[{"href":"https:\/\/cuadra-agrado.es\/index.php?rest_route=\/wp\/v2\/posts"}],"about":[{"href":"https:\/\/cuadra-agrado.es\/index.php?rest_route=\/wp\/v2\/types\/post"}],"author":[{"embeddable":true,"href":"https:\/\/cuadra-agrado.es\/index.php?rest_route=\/wp\/v2\/users\/5"}],"replies":[{"embeddable":true,"href":"https:\/\/cuadra-agrado.es\/index.php?rest_route=%2Fwp%2Fv2%2Fcomments&post=1840"}],"version-history":[{"count":0,"href":"https:\/\/cuadra-agrado.es\/index.php?rest_route=\/wp\/v2\/posts\/1840\/revisions"}],"wp:attachment":[{"href":"https:\/\/cuadra-agrado.es\/index.php?rest_route=%2Fwp%2Fv2%2Fmedia&parent=1840"}],"wp:term":[{"taxonomy":"category","embeddable":true,"href":"https:\/\/cuadra-agrado.es\/index.php?rest_route=%2Fwp%2Fv2%2Fcategories&post=1840"},{"taxonomy":"post_tag","embeddable":true,"href":"https:\/\/cuadra-agrado.es\/index.php?rest_route=%2Fwp%2Fv2%2Ftags&post=1840"}],"curies":[{"name":"wp","href":"https:\/\/api.w.org\/{rel}","templated":true}]}}