{"id":1832,"date":"2015-05-12T20:26:12","date_gmt":"2015-05-12T19:26:12","guid":{"rendered":"https:\/\/cuadra-agrado.es\/?p=1832"},"modified":"2024-02-27T09:27:56","modified_gmt":"2024-02-27T09:27:56","slug":"un-mazazo-casi-definitivo-para-nuestra-cuadra","status":"publish","type":"post","link":"https:\/\/cuadra-agrado.es\/?p=1832","title":{"rendered":"Un mazazo casi definitivo para nuestra cuadra!!"},"content":{"rendered":"<p style=\"text-align: justify;\"><a href=\"http:\/\/cuadra-agrado.es\/wp-content\/uploads\/2013\/04\/colores.gif\" target=\"_blank\" rel=\"noopener noreferrer\"><img loading=\"lazy\" decoding=\"async\" class=\"alignleft  wp-image-301\" alt=\"colores\" src=\"http:\/\/cuadra-agrado.es\/wp-content\/uploads\/2013\/04\/colores.gif\" width=\"200\" height=\"200\" \/><\/a>Mazazo tremendo el recibido hoy para nuestro turf con la \u201cno aprobaci\u00f3n\u201d por parte de la comisi\u00f3n delegada de la RFHE del C\u00f3digo de carreras y programa oficial de primavera y verano en Madrid y San Sebasti\u00e1n. Este hecho prorroga la condena a nuestro turf hasta qui\u00e9n sabe cu\u00e1nto m\u00e1s tiempo, y mucho me temo que es un \u00faltimo escal\u00f3n antes del abismo.<\/p>\n<p style=\"text-align: justify;\">Muchas cr\u00edticas y petici\u00f3n de dimisiones se han visto reproducidas hoy en diferentes canales de comunicaci\u00f3n, pero no soluciona nada m\u00e1s que el desahogo impotente de cada uno. Lamentablemente, no hay una \u00fanica parte responsable de todo el conflicto, sino un c\u00famulo de desprop\u00f3sitos que han ido escribiendo d\u00eda a d\u00eda un aut\u00e9ntico cuento de desdichas, de ambiciones y de rencores, nada recomendable como ejemplo para una nueva generaci\u00f3n que nos sigue detr\u00e1s. De poco nos vale a estas alturas pedir responsabilidades a una u a otra parte, ninguna de las dos nos va a poder pagar el enorme valor de la ilusi\u00f3n perdida.<\/p>\n<p style=\"text-align: justify;\">El arma de la \u2018legalidad\u2019 que utiliz\u00f3 Hip\u00f3dromo de la Zarzuela a finales de Noviembre para desbancar a una Sociedad \u2018desfomentada\u2019 y sin futuro alguno, se ha vuelto en contra y casi cinco meses despu\u00e9s esa misma arma, en muchos casos muy complicada de manejar, es la que utiliza SFCCE para defender su orgullo. Nada que reprochar a ninguna parte, los dos atacan y se defienden en una lucha tit\u00e1nica donde el \u00fanico perdedor seguro es el turf y sobre todo sus enormes profesionales, los \u00fanicos que han estado a la altura en todo el conflicto.<br \/>\nLa situaci\u00f3n es clara, no habr\u00e1 carreras hasta que SFCCE muera y desaparezca, y quiz\u00e1s ser\u00e1 demasiado tarde para reiniciar la competici\u00f3n, aunque como dice el refr\u00e1n: nunca es tarde si la dicha es buena&#8230; Tal y como dijimos en uno de nuestros primeros comunicados all\u00e1 por diciembre, la Administraci\u00f3n no va a subvencionar un solo euro mientras SFCCE sea el ente regulador. Las subvenciones de la Administraci\u00f3n cuentan siempre con un lado oscuro y nuestro turf lo est\u00e1 viviendo en sus carnes. A d\u00eda de hoy SFCCE sigue siendo el regulador oficial, eso es evidente, al menos para los ojos de la IFHA, pero lamentablemente con esto solo es posible correr fuera de Espa\u00f1a. Parece una perversa iron\u00eda, pero as\u00ed de cruda es la realidad.<\/p>\n<p style=\"text-align: justify;\">Este \u00faltimo mazazo nos ha matado, la ilusi\u00f3n generada en la \u00faltima semana se ha vuelto a desvanecer y apenas nos queda un anhelo de esperanza para seguir en esta carrera hacia ning\u00fan lado. Tristemente, hoy hemos tomado la decisi\u00f3n de abandonar y desmantelar nuestra cuadra en una transici\u00f3n serena y calmada, tal y como se deben hacer las cosas importantes en la vida. Nos marchamos igual que vinimos hace apenas 6 a\u00f1os, con tranquilidad, sin hacer demasiado ruido y con la cabeza muy alta de haber contribuido a un apasionante espect\u00e1culo como son las carreras de caballos. No sabemos si ser\u00e1 un adi\u00f3s definitivo, ojala no lo sea y haya tiempo de rectificar, nada nos gustar\u00eda m\u00e1s!!!. Nunca fue nuestra ilusi\u00f3n mantener una cuadra en Francia, nunca fue nuestro prop\u00f3sito estar lejos de nuestros caballos. Nuestra ilusi\u00f3n era competir en nuestro turf, compartiendo ese d\u00eda, esa tarde, en Madrid, en Sevilla o San Sebasti\u00e1n siempre junto a los nuestros. Esa era nuestra recompensa, nuestra fantas\u00eda, nuestro sue\u00f1o hoy truncado.<br \/>\nEsta misma tarde hemos trasladado a nuestro entrenador Eduardo Buz\u00f3n nuestra triste y meditada decisi\u00f3n, y en esta misma semana \u2018Il Presuntuoso y Zambeze\u2019 volver\u00e1n a nuestra finca como retiro de competici\u00f3n al igual que nuestra ilusionante High Brooklyn con la que apenas pudimos disfrutar de ella. Los \u00fanicos que permanecer\u00e1n un mes m\u00e1s en Chantilly ser\u00e1n Valiant Blue y Rany\u00e1n, a los que queremos despedir de competici\u00f3n con nuestros colores como ellos se merecen.<\/p>\n<p style=\"text-align: justify;\">Nos guardamos los agradecimientos y la despedida final para un \u00faltimo comunicado, son muchas las personas a las que queremos agradecer por todo lo que maravillosamente hemos vivido en este tiempo. Y no queremos despedirnos sin dar nuestro \u00e1nimo y aliento a todos los profesionales que son los que m\u00e1s pierden con todo esto. Ojal\u00e1 todos y cada uno de ellos pueda encontrar una salida digna que les permita seguir viviendo muy cerca de lo que m\u00e1s aman, los caballos de carreras.<\/p>\n<hr \/>\n<p>&nbsp;<\/p>\n<!-- AddThis Advanced Settings generic via filter on the_content --><!-- AddThis Share Buttons generic via filter on the_content -->","protected":false},"excerpt":{"rendered":"<p>Mazazo tremendo el recibido hoy para nuestro turf con la \u201cno aprobaci\u00f3n\u201d por parte de la comisi\u00f3n delegada de la RFHE del C\u00f3digo de carreras y programa oficial de primavera y verano en Madrid y San Sebasti\u00e1n. Este hecho prorroga la condena a nuestro turf hasta qui\u00e9n sabe cu\u00e1nto m\u00e1s tiempo, y mucho me temo [&hellip;]<!-- AddThis Advanced Settings generic via filter on get_the_excerpt --><!-- AddThis Share Buttons generic via filter on get_the_excerpt --><\/p>\n","protected":false},"author":5,"featured_media":0,"comment_status":"closed","ping_status":"closed","sticky":false,"template":"","format":"gallery","meta":{"_acf_changed":false,"_et_pb_use_builder":"","_et_pb_old_content":"","_et_gb_content_width":"","footnotes":""},"categories":[3],"tags":[],"class_list":["post-1832","post","type-post","status-publish","format-gallery","hentry","category-noticias-cuadra-agrado","post_format-post-format-gallery"],"acf":[],"yoast_head":"<!-- This site is optimized with the Yoast SEO plugin v27.4 - https:\/\/yoast.com\/product\/yoast-seo-wordpress\/ -->\n<title>Un mazazo casi definitivo para nuestra cuadra!! - Cuadra Agrado<\/title>\n<meta name=\"robots\" content=\"index, follow, max-snippet:-1, max-image-preview:large, max-video-preview:-1\" \/>\n<link rel=\"canonical\" href=\"https:\/\/cuadra-agrado.es\/?p=1832\" \/>\n<meta property=\"og:locale\" content=\"es_ES\" \/>\n<meta property=\"og:type\" content=\"article\" \/>\n<meta property=\"og:title\" content=\"Un mazazo casi definitivo para nuestra cuadra!! - Cuadra Agrado\" \/>\n<meta property=\"og:description\" content=\"Mazazo tremendo el recibido hoy para nuestro turf con la \u201cno aprobaci\u00f3n\u201d por parte de la comisi\u00f3n delegada de la RFHE del C\u00f3digo de carreras y programa oficial de primavera y verano en Madrid y San Sebasti\u00e1n. Este hecho prorroga la condena a nuestro turf hasta qui\u00e9n sabe cu\u00e1nto m\u00e1s tiempo, y mucho me temo [&hellip;]\" \/>\n<meta property=\"og:url\" content=\"https:\/\/cuadra-agrado.es\/?p=1832\" \/>\n<meta property=\"og:site_name\" content=\"Cuadra Agrado\" \/>\n<meta property=\"article:published_time\" content=\"2015-05-12T19:26:12+00:00\" \/>\n<meta property=\"article:modified_time\" content=\"2024-02-27T09:27:56+00:00\" \/>\n<meta property=\"og:image\" content=\"http:\/\/cuadra-agrado.es\/wp-content\/uploads\/2013\/04\/colores.gif\" \/>\n<meta name=\"author\" content=\"Miguel Redondo\" \/>\n<meta name=\"twitter:card\" content=\"summary_large_image\" \/>\n<meta name=\"twitter:creator\" content=\"@AGRADOracing\" \/>\n<meta name=\"twitter:site\" content=\"@AGRADOracing\" \/>\n<meta name=\"twitter:label1\" content=\"Escrito por\" \/>\n\t<meta name=\"twitter:data1\" content=\"Miguel Redondo\" \/>\n\t<meta name=\"twitter:label2\" content=\"Tiempo de lectura\" \/>\n\t<meta name=\"twitter:data2\" content=\"4 minutos\" \/>\n<script type=\"application\/ld+json\" class=\"yoast-schema-graph\">{\"@context\":\"https:\\\/\\\/schema.org\",\"@graph\":[{\"@type\":\"Article\",\"@id\":\"https:\\\/\\\/cuadra-agrado.es\\\/?p=1832#article\",\"isPartOf\":{\"@id\":\"https:\\\/\\\/cuadra-agrado.es\\\/?p=1832\"},\"author\":{\"name\":\"Miguel Redondo\",\"@id\":\"https:\\\/\\\/cuadra-agrado.es\\\/#\\\/schema\\\/person\\\/3aa4f8d2373cf756d93a5526bc72f31b\"},\"headline\":\"Un mazazo casi definitivo para nuestra cuadra!!\",\"datePublished\":\"2015-05-12T19:26:12+00:00\",\"dateModified\":\"2024-02-27T09:27:56+00:00\",\"mainEntityOfPage\":{\"@id\":\"https:\\\/\\\/cuadra-agrado.es\\\/?p=1832\"},\"wordCount\":782,\"image\":{\"@id\":\"https:\\\/\\\/cuadra-agrado.es\\\/?p=1832#primaryimage\"},\"thumbnailUrl\":\"http:\\\/\\\/cuadra-agrado.es\\\/wp-content\\\/uploads\\\/2013\\\/04\\\/colores.gif\",\"articleSection\":[\"Actualidad\"],\"inLanguage\":\"es\"},{\"@type\":\"WebPage\",\"@id\":\"https:\\\/\\\/cuadra-agrado.es\\\/?p=1832\",\"url\":\"https:\\\/\\\/cuadra-agrado.es\\\/?p=1832\",\"name\":\"Un mazazo casi definitivo para nuestra cuadra!! - Cuadra Agrado\",\"isPartOf\":{\"@id\":\"https:\\\/\\\/cuadra-agrado.es\\\/#website\"},\"primaryImageOfPage\":{\"@id\":\"https:\\\/\\\/cuadra-agrado.es\\\/?p=1832#primaryimage\"},\"image\":{\"@id\":\"https:\\\/\\\/cuadra-agrado.es\\\/?p=1832#primaryimage\"},\"thumbnailUrl\":\"http:\\\/\\\/cuadra-agrado.es\\\/wp-content\\\/uploads\\\/2013\\\/04\\\/colores.gif\",\"datePublished\":\"2015-05-12T19:26:12+00:00\",\"dateModified\":\"2024-02-27T09:27:56+00:00\",\"author\":{\"@id\":\"https:\\\/\\\/cuadra-agrado.es\\\/#\\\/schema\\\/person\\\/3aa4f8d2373cf756d93a5526bc72f31b\"},\"breadcrumb\":{\"@id\":\"https:\\\/\\\/cuadra-agrado.es\\\/?p=1832#breadcrumb\"},\"inLanguage\":\"es\",\"potentialAction\":[{\"@type\":\"ReadAction\",\"target\":[\"https:\\\/\\\/cuadra-agrado.es\\\/?p=1832\"]}]},{\"@type\":\"ImageObject\",\"inLanguage\":\"es\",\"@id\":\"https:\\\/\\\/cuadra-agrado.es\\\/?p=1832#primaryimage\",\"url\":\"http:\\\/\\\/cuadra-agrado.es\\\/wp-content\\\/uploads\\\/2013\\\/04\\\/colores.gif\",\"contentUrl\":\"http:\\\/\\\/cuadra-agrado.es\\\/wp-content\\\/uploads\\\/2013\\\/04\\\/colores.gif\"},{\"@type\":\"BreadcrumbList\",\"@id\":\"https:\\\/\\\/cuadra-agrado.es\\\/?p=1832#breadcrumb\",\"itemListElement\":[{\"@type\":\"ListItem\",\"position\":1,\"name\":\"Portada\",\"item\":\"https:\\\/\\\/cuadra-agrado.es\\\/\"},{\"@type\":\"ListItem\",\"position\":2,\"name\":\"Un mazazo casi definitivo para nuestra cuadra!!\"}]},{\"@type\":\"WebSite\",\"@id\":\"https:\\\/\\\/cuadra-agrado.es\\\/#website\",\"url\":\"https:\\\/\\\/cuadra-agrado.es\\\/\",\"name\":\"Cuadra Agrado\",\"description\":\"En el mundo del Turf desde 2008\",\"potentialAction\":[{\"@type\":\"SearchAction\",\"target\":{\"@type\":\"EntryPoint\",\"urlTemplate\":\"https:\\\/\\\/cuadra-agrado.es\\\/?s={search_term_string}\"},\"query-input\":{\"@type\":\"PropertyValueSpecification\",\"valueRequired\":true,\"valueName\":\"search_term_string\"}}],\"inLanguage\":\"es\"},{\"@type\":\"Person\",\"@id\":\"https:\\\/\\\/cuadra-agrado.es\\\/#\\\/schema\\\/person\\\/3aa4f8d2373cf756d93a5526bc72f31b\",\"name\":\"Miguel Redondo\",\"image\":{\"@type\":\"ImageObject\",\"inLanguage\":\"es\",\"@id\":\"https:\\\/\\\/secure.gravatar.com\\\/avatar\\\/85704fceb4fa34017e3c1344d182da00dbf772fb8856ba2b7726a2df926415b4?s=96&d=mm&r=g\",\"url\":\"https:\\\/\\\/secure.gravatar.com\\\/avatar\\\/85704fceb4fa34017e3c1344d182da00dbf772fb8856ba2b7726a2df926415b4?s=96&d=mm&r=g\",\"contentUrl\":\"https:\\\/\\\/secure.gravatar.com\\\/avatar\\\/85704fceb4fa34017e3c1344d182da00dbf772fb8856ba2b7726a2df926415b4?s=96&d=mm&r=g\",\"caption\":\"Miguel Redondo\"},\"sameAs\":[\"https:\\\/\\\/cuadra-agrado.es\"],\"url\":\"https:\\\/\\\/cuadra-agrado.es\\\/?author=5\"}]}<\/script>\n<!-- \/ Yoast SEO plugin. -->","yoast_head_json":{"title":"Un mazazo casi definitivo para nuestra cuadra!! - Cuadra Agrado","robots":{"index":"index","follow":"follow","max-snippet":"max-snippet:-1","max-image-preview":"max-image-preview:large","max-video-preview":"max-video-preview:-1"},"canonical":"https:\/\/cuadra-agrado.es\/?p=1832","og_locale":"es_ES","og_type":"article","og_title":"Un mazazo casi definitivo para nuestra cuadra!! - Cuadra Agrado","og_description":"Mazazo tremendo el recibido hoy para nuestro turf con la \u201cno aprobaci\u00f3n\u201d por parte de la comisi\u00f3n delegada de la RFHE del C\u00f3digo de carreras y programa oficial de primavera y verano en Madrid y San Sebasti\u00e1n. Este hecho prorroga la condena a nuestro turf hasta qui\u00e9n sabe cu\u00e1nto m\u00e1s tiempo, y mucho me temo [&hellip;]","og_url":"https:\/\/cuadra-agrado.es\/?p=1832","og_site_name":"Cuadra Agrado","article_published_time":"2015-05-12T19:26:12+00:00","article_modified_time":"2024-02-27T09:27:56+00:00","og_image":[{"url":"http:\/\/cuadra-agrado.es\/wp-content\/uploads\/2013\/04\/colores.gif","type":"","width":"","height":""}],"author":"Miguel Redondo","twitter_card":"summary_large_image","twitter_creator":"@AGRADOracing","twitter_site":"@AGRADOracing","twitter_misc":{"Escrito por":"Miguel Redondo","Tiempo de lectura":"4 minutos"},"schema":{"@context":"https:\/\/schema.org","@graph":[{"@type":"Article","@id":"https:\/\/cuadra-agrado.es\/?p=1832#article","isPartOf":{"@id":"https:\/\/cuadra-agrado.es\/?p=1832"},"author":{"name":"Miguel Redondo","@id":"https:\/\/cuadra-agrado.es\/#\/schema\/person\/3aa4f8d2373cf756d93a5526bc72f31b"},"headline":"Un mazazo casi definitivo para nuestra cuadra!!","datePublished":"2015-05-12T19:26:12+00:00","dateModified":"2024-02-27T09:27:56+00:00","mainEntityOfPage":{"@id":"https:\/\/cuadra-agrado.es\/?p=1832"},"wordCount":782,"image":{"@id":"https:\/\/cuadra-agrado.es\/?p=1832#primaryimage"},"thumbnailUrl":"http:\/\/cuadra-agrado.es\/wp-content\/uploads\/2013\/04\/colores.gif","articleSection":["Actualidad"],"inLanguage":"es"},{"@type":"WebPage","@id":"https:\/\/cuadra-agrado.es\/?p=1832","url":"https:\/\/cuadra-agrado.es\/?p=1832","name":"Un mazazo casi definitivo para nuestra cuadra!! - Cuadra Agrado","isPartOf":{"@id":"https:\/\/cuadra-agrado.es\/#website"},"primaryImageOfPage":{"@id":"https:\/\/cuadra-agrado.es\/?p=1832#primaryimage"},"image":{"@id":"https:\/\/cuadra-agrado.es\/?p=1832#primaryimage"},"thumbnailUrl":"http:\/\/cuadra-agrado.es\/wp-content\/uploads\/2013\/04\/colores.gif","datePublished":"2015-05-12T19:26:12+00:00","dateModified":"2024-02-27T09:27:56+00:00","author":{"@id":"https:\/\/cuadra-agrado.es\/#\/schema\/person\/3aa4f8d2373cf756d93a5526bc72f31b"},"breadcrumb":{"@id":"https:\/\/cuadra-agrado.es\/?p=1832#breadcrumb"},"inLanguage":"es","potentialAction":[{"@type":"ReadAction","target":["https:\/\/cuadra-agrado.es\/?p=1832"]}]},{"@type":"ImageObject","inLanguage":"es","@id":"https:\/\/cuadra-agrado.es\/?p=1832#primaryimage","url":"http:\/\/cuadra-agrado.es\/wp-content\/uploads\/2013\/04\/colores.gif","contentUrl":"http:\/\/cuadra-agrado.es\/wp-content\/uploads\/2013\/04\/colores.gif"},{"@type":"BreadcrumbList","@id":"https:\/\/cuadra-agrado.es\/?p=1832#breadcrumb","itemListElement":[{"@type":"ListItem","position":1,"name":"Portada","item":"https:\/\/cuadra-agrado.es\/"},{"@type":"ListItem","position":2,"name":"Un mazazo casi definitivo para nuestra cuadra!!"}]},{"@type":"WebSite","@id":"https:\/\/cuadra-agrado.es\/#website","url":"https:\/\/cuadra-agrado.es\/","name":"Cuadra Agrado","description":"En el mundo del Turf desde 2008","potentialAction":[{"@type":"SearchAction","target":{"@type":"EntryPoint","urlTemplate":"https:\/\/cuadra-agrado.es\/?s={search_term_string}"},"query-input":{"@type":"PropertyValueSpecification","valueRequired":true,"valueName":"search_term_string"}}],"inLanguage":"es"},{"@type":"Person","@id":"https:\/\/cuadra-agrado.es\/#\/schema\/person\/3aa4f8d2373cf756d93a5526bc72f31b","name":"Miguel Redondo","image":{"@type":"ImageObject","inLanguage":"es","@id":"https:\/\/secure.gravatar.com\/avatar\/85704fceb4fa34017e3c1344d182da00dbf772fb8856ba2b7726a2df926415b4?s=96&d=mm&r=g","url":"https:\/\/secure.gravatar.com\/avatar\/85704fceb4fa34017e3c1344d182da00dbf772fb8856ba2b7726a2df926415b4?s=96&d=mm&r=g","contentUrl":"https:\/\/secure.gravatar.com\/avatar\/85704fceb4fa34017e3c1344d182da00dbf772fb8856ba2b7726a2df926415b4?s=96&d=mm&r=g","caption":"Miguel Redondo"},"sameAs":["https:\/\/cuadra-agrado.es"],"url":"https:\/\/cuadra-agrado.es\/?author=5"}]}},"_links":{"self":[{"href":"https:\/\/cuadra-agrado.es\/index.php?rest_route=\/wp\/v2\/posts\/1832","targetHints":{"allow":["GET"]}}],"collection":[{"href":"https:\/\/cuadra-agrado.es\/index.php?rest_route=\/wp\/v2\/posts"}],"about":[{"href":"https:\/\/cuadra-agrado.es\/index.php?rest_route=\/wp\/v2\/types\/post"}],"author":[{"embeddable":true,"href":"https:\/\/cuadra-agrado.es\/index.php?rest_route=\/wp\/v2\/users\/5"}],"replies":[{"embeddable":true,"href":"https:\/\/cuadra-agrado.es\/index.php?rest_route=%2Fwp%2Fv2%2Fcomments&post=1832"}],"version-history":[{"count":0,"href":"https:\/\/cuadra-agrado.es\/index.php?rest_route=\/wp\/v2\/posts\/1832\/revisions"}],"wp:attachment":[{"href":"https:\/\/cuadra-agrado.es\/index.php?rest_route=%2Fwp%2Fv2%2Fmedia&parent=1832"}],"wp:term":[{"taxonomy":"category","embeddable":true,"href":"https:\/\/cuadra-agrado.es\/index.php?rest_route=%2Fwp%2Fv2%2Fcategories&post=1832"},{"taxonomy":"post_tag","embeddable":true,"href":"https:\/\/cuadra-agrado.es\/index.php?rest_route=%2Fwp%2Fv2%2Ftags&post=1832"}],"curies":[{"name":"wp","href":"https:\/\/api.w.org\/{rel}","templated":true}]}}