{"id":1796,"date":"2015-04-29T18:46:07","date_gmt":"2015-04-29T17:46:07","guid":{"rendered":"https:\/\/cuadra-agrado.es\/?p=1796"},"modified":"2024-02-27T09:27:57","modified_gmt":"2024-02-27T09:27:57","slug":"otra-de-cal-para-il-presuntuoso","status":"publish","type":"post","link":"https:\/\/cuadra-agrado.es\/?p=1796","title":{"rendered":"Otra de Cal para Il Presuntuoso!!!"},"content":{"rendered":"<p style=\"text-align: justify;\"><a href=\"http:\/\/cuadra-agrado.es\/wp-content\/uploads\/2015\/04\/Ilpre.png\" target=\"_blank\" rel=\"noopener noreferrer\"><img loading=\"lazy\" decoding=\"async\" class=\"alignleft  wp-image-1797\" alt=\"Ilpre\" src=\"http:\/\/cuadra-agrado.es\/wp-content\/uploads\/2015\/04\/Ilpre.png\" width=\"360\" height=\"230\" \/><\/a>Otra de cal para nuestro Il Presuntuoso que hoy en la prestigiosa pista de Longchamp no ha podido ser m\u00e1s que s\u00e9ptimo en el \u2018Prix de Village\u00b4 sobre distancia de 1.600 metros.<\/p>\n<p style=\"text-align: justify;\">No tuvo en absoluto mal recorrido, muy limpio y siempre en puestos de cabeza, siguiendo la joven monta las \u00f3rdenes del prepa al dedillo, pero a la hora de luchar los \u00faltimos 300 metros no tuvo ni de lejos la m\u00e1s m\u00ednima opci\u00f3n de marcharse con los que quer\u00edan ganar esa carrera, finalizando en cabeza de un segundo grupo a m\u00e1s de 4 cuerpos del ganador.<br \/>\nNo hay muchas excusas, el lote era muy asequible para haber estado en la lucha, y en una prueba para aprendices los valores altos se igualan todav\u00eda m\u00e1s, pero bien es cierto que la condici\u00f3n del caballo ha ido bajando progresivamente desde su llegada a Chantilly. Nos ha dado un tercero y un cuarto puesto de sus cinco partants en su periplo franc\u00e9s, pero ha sucumbido en las \u00faltimas salidas aquejado seguramente de su problema de dorso. Este problema se trataba en Madrid con un equipo de ultrasonido que semanalmente le ven\u00eda muy bien, sobre todo para eliminar sus molestias y emplearse en trabajos y posterior carrera, pero que no ha podido contar con este alivio all\u00ed.<\/p>\n<p style=\"text-align: justify;\">Toca descanso \u00a0y comenzar nuevamente pasada una obligada cuarentena volviendo a ganar gl\u00f3bulos rojos y sanando heridas. Nuestras ilusiones con \u00e9l pasaban por reaparecer nuevamente en el mes de Junio ya en casa, pero las \u00faltimas noticias sobre una posible y en\u00e9sima pr\u00f3rroga para el reinicio de nuestras carreras nos deja en punto muerto y sin saber qu\u00e9 hacer. El coste de mantenimiento mensual en Francia es considerablemente m\u00e1s elevado que en Espa\u00f1a y tener un caballo en standby all\u00ed durante dos meses sin posibilidad de correr se nos hace muy cuesta arriba. Es incre\u00edblemente complicado seguir en este callej\u00f3n sin salida y apenas ya sin luz, pero vamos a seguir aguantando y esperando por algo que se ha convertido casi ya en un sue\u00f1o&#8230;.. volver a correr en Espa\u00f1a!!<\/p>\n<p style=\"text-align: justify;\">Aunque no debi\u00e9ramos suplicar por algo en lo que no hemos sido en absoluto responsables, no se nos caen los anillos y <b>\u2018suplicamos\u2019; \u00a0<\/b>que Hip\u00f3dromo de la Zarzuela ( y no otro organismo) \u00a0informe de manera urgente y abiertamente a todo el sector del turf a trav\u00e9s de su web o a trav\u00e9s de reuni\u00f3n informativa, <b>en el punto real en el que estamos y de las previsiones realistas del reinicio definitivo de la competici\u00f3n<\/b>, ya sean 15 d\u00edas o 6 meses. Hasta la fecha hemos podido entender que sin atar todos los cabos sueltos que se han ido deshilachando en el tiempo HZ haya optado por ser prudente en sus comunicados, pero la situaci\u00f3n actual es extremadamente m\u00e1s grave que meses atr\u00e1s y se requiere de un obligado aliento y ayuda de la empresa responsable para que cada profesional, aficionado o propietario marque su calendario y su ruta futura como crean necesario.<br \/>\nTodo el turf espera por ustedes\u2026..<\/p>\n<hr \/>\n<p style=\"text-align: justify;\">\n<!-- AddThis Advanced Settings generic via filter on the_content --><!-- AddThis Share Buttons generic via filter on the_content -->","protected":false},"excerpt":{"rendered":"<p>Otra de cal para nuestro Il Presuntuoso que hoy en la prestigiosa pista de Longchamp no ha podido ser m\u00e1s que s\u00e9ptimo en el \u2018Prix de Village\u00b4 sobre distancia de 1.600 metros. No tuvo en absoluto mal recorrido, muy limpio y siempre en puestos de cabeza, siguiendo la joven monta las \u00f3rdenes del prepa al [&hellip;]<!-- AddThis Advanced Settings generic via filter on get_the_excerpt --><!-- AddThis Share Buttons generic via filter on get_the_excerpt --><\/p>\n","protected":false},"author":5,"featured_media":0,"comment_status":"closed","ping_status":"closed","sticky":false,"template":"","format":"gallery","meta":{"_acf_changed":false,"_et_pb_use_builder":"","_et_pb_old_content":"","_et_gb_content_width":"","footnotes":""},"categories":[3],"tags":[],"class_list":["post-1796","post","type-post","status-publish","format-gallery","hentry","category-noticias-cuadra-agrado","post_format-post-format-gallery"],"acf":[],"yoast_head":"<!-- This site is optimized with the Yoast SEO plugin v27.4 - https:\/\/yoast.com\/product\/yoast-seo-wordpress\/ -->\n<title>Otra de Cal para Il Presuntuoso!!! - Cuadra Agrado<\/title>\n<meta name=\"robots\" content=\"index, follow, max-snippet:-1, max-image-preview:large, max-video-preview:-1\" \/>\n<link rel=\"canonical\" href=\"https:\/\/cuadra-agrado.es\/?p=1796\" \/>\n<meta property=\"og:locale\" content=\"es_ES\" \/>\n<meta property=\"og:type\" content=\"article\" \/>\n<meta property=\"og:title\" content=\"Otra de Cal para Il Presuntuoso!!! - Cuadra Agrado\" \/>\n<meta property=\"og:description\" content=\"Otra de cal para nuestro Il Presuntuoso que hoy en la prestigiosa pista de Longchamp no ha podido ser m\u00e1s que s\u00e9ptimo en el \u2018Prix de Village\u00b4 sobre distancia de 1.600 metros. No tuvo en absoluto mal recorrido, muy limpio y siempre en puestos de cabeza, siguiendo la joven monta las \u00f3rdenes del prepa al [&hellip;]\" \/>\n<meta property=\"og:url\" content=\"https:\/\/cuadra-agrado.es\/?p=1796\" \/>\n<meta property=\"og:site_name\" content=\"Cuadra Agrado\" \/>\n<meta property=\"article:published_time\" content=\"2015-04-29T17:46:07+00:00\" \/>\n<meta property=\"article:modified_time\" content=\"2024-02-27T09:27:57+00:00\" \/>\n<meta property=\"og:image\" content=\"http:\/\/cuadra-agrado.es\/wp-content\/uploads\/2015\/04\/Ilpre.png\" \/>\n<meta name=\"author\" content=\"Miguel Redondo\" \/>\n<meta name=\"twitter:card\" content=\"summary_large_image\" \/>\n<meta name=\"twitter:creator\" content=\"@AGRADOracing\" \/>\n<meta name=\"twitter:site\" content=\"@AGRADOracing\" \/>\n<meta name=\"twitter:label1\" content=\"Escrito por\" \/>\n\t<meta name=\"twitter:data1\" content=\"Miguel Redondo\" \/>\n\t<meta name=\"twitter:label2\" content=\"Tiempo de lectura\" \/>\n\t<meta name=\"twitter:data2\" content=\"3 minutos\" \/>\n<script type=\"application\/ld+json\" class=\"yoast-schema-graph\">{\"@context\":\"https:\\\/\\\/schema.org\",\"@graph\":[{\"@type\":\"Article\",\"@id\":\"https:\\\/\\\/cuadra-agrado.es\\\/?p=1796#article\",\"isPartOf\":{\"@id\":\"https:\\\/\\\/cuadra-agrado.es\\\/?p=1796\"},\"author\":{\"name\":\"Miguel Redondo\",\"@id\":\"https:\\\/\\\/cuadra-agrado.es\\\/#\\\/schema\\\/person\\\/3aa4f8d2373cf756d93a5526bc72f31b\"},\"headline\":\"Otra de Cal para Il Presuntuoso!!!\",\"datePublished\":\"2015-04-29T17:46:07+00:00\",\"dateModified\":\"2024-02-27T09:27:57+00:00\",\"mainEntityOfPage\":{\"@id\":\"https:\\\/\\\/cuadra-agrado.es\\\/?p=1796\"},\"wordCount\":535,\"image\":{\"@id\":\"https:\\\/\\\/cuadra-agrado.es\\\/?p=1796#primaryimage\"},\"thumbnailUrl\":\"http:\\\/\\\/cuadra-agrado.es\\\/wp-content\\\/uploads\\\/2015\\\/04\\\/Ilpre.png\",\"articleSection\":[\"Actualidad\"],\"inLanguage\":\"es\"},{\"@type\":\"WebPage\",\"@id\":\"https:\\\/\\\/cuadra-agrado.es\\\/?p=1796\",\"url\":\"https:\\\/\\\/cuadra-agrado.es\\\/?p=1796\",\"name\":\"Otra de Cal para Il Presuntuoso!!! - Cuadra Agrado\",\"isPartOf\":{\"@id\":\"https:\\\/\\\/cuadra-agrado.es\\\/#website\"},\"primaryImageOfPage\":{\"@id\":\"https:\\\/\\\/cuadra-agrado.es\\\/?p=1796#primaryimage\"},\"image\":{\"@id\":\"https:\\\/\\\/cuadra-agrado.es\\\/?p=1796#primaryimage\"},\"thumbnailUrl\":\"http:\\\/\\\/cuadra-agrado.es\\\/wp-content\\\/uploads\\\/2015\\\/04\\\/Ilpre.png\",\"datePublished\":\"2015-04-29T17:46:07+00:00\",\"dateModified\":\"2024-02-27T09:27:57+00:00\",\"author\":{\"@id\":\"https:\\\/\\\/cuadra-agrado.es\\\/#\\\/schema\\\/person\\\/3aa4f8d2373cf756d93a5526bc72f31b\"},\"breadcrumb\":{\"@id\":\"https:\\\/\\\/cuadra-agrado.es\\\/?p=1796#breadcrumb\"},\"inLanguage\":\"es\",\"potentialAction\":[{\"@type\":\"ReadAction\",\"target\":[\"https:\\\/\\\/cuadra-agrado.es\\\/?p=1796\"]}]},{\"@type\":\"ImageObject\",\"inLanguage\":\"es\",\"@id\":\"https:\\\/\\\/cuadra-agrado.es\\\/?p=1796#primaryimage\",\"url\":\"http:\\\/\\\/cuadra-agrado.es\\\/wp-content\\\/uploads\\\/2015\\\/04\\\/Ilpre.png\",\"contentUrl\":\"http:\\\/\\\/cuadra-agrado.es\\\/wp-content\\\/uploads\\\/2015\\\/04\\\/Ilpre.png\"},{\"@type\":\"BreadcrumbList\",\"@id\":\"https:\\\/\\\/cuadra-agrado.es\\\/?p=1796#breadcrumb\",\"itemListElement\":[{\"@type\":\"ListItem\",\"position\":1,\"name\":\"Portada\",\"item\":\"https:\\\/\\\/cuadra-agrado.es\\\/\"},{\"@type\":\"ListItem\",\"position\":2,\"name\":\"Otra de Cal para Il Presuntuoso!!!\"}]},{\"@type\":\"WebSite\",\"@id\":\"https:\\\/\\\/cuadra-agrado.es\\\/#website\",\"url\":\"https:\\\/\\\/cuadra-agrado.es\\\/\",\"name\":\"Cuadra Agrado\",\"description\":\"En el mundo del Turf desde 2008\",\"potentialAction\":[{\"@type\":\"SearchAction\",\"target\":{\"@type\":\"EntryPoint\",\"urlTemplate\":\"https:\\\/\\\/cuadra-agrado.es\\\/?s={search_term_string}\"},\"query-input\":{\"@type\":\"PropertyValueSpecification\",\"valueRequired\":true,\"valueName\":\"search_term_string\"}}],\"inLanguage\":\"es\"},{\"@type\":\"Person\",\"@id\":\"https:\\\/\\\/cuadra-agrado.es\\\/#\\\/schema\\\/person\\\/3aa4f8d2373cf756d93a5526bc72f31b\",\"name\":\"Miguel Redondo\",\"image\":{\"@type\":\"ImageObject\",\"inLanguage\":\"es\",\"@id\":\"https:\\\/\\\/secure.gravatar.com\\\/avatar\\\/85704fceb4fa34017e3c1344d182da00dbf772fb8856ba2b7726a2df926415b4?s=96&d=mm&r=g\",\"url\":\"https:\\\/\\\/secure.gravatar.com\\\/avatar\\\/85704fceb4fa34017e3c1344d182da00dbf772fb8856ba2b7726a2df926415b4?s=96&d=mm&r=g\",\"contentUrl\":\"https:\\\/\\\/secure.gravatar.com\\\/avatar\\\/85704fceb4fa34017e3c1344d182da00dbf772fb8856ba2b7726a2df926415b4?s=96&d=mm&r=g\",\"caption\":\"Miguel Redondo\"},\"sameAs\":[\"https:\\\/\\\/cuadra-agrado.es\"],\"url\":\"https:\\\/\\\/cuadra-agrado.es\\\/?author=5\"}]}<\/script>\n<!-- \/ Yoast SEO plugin. -->","yoast_head_json":{"title":"Otra de Cal para Il Presuntuoso!!! - Cuadra Agrado","robots":{"index":"index","follow":"follow","max-snippet":"max-snippet:-1","max-image-preview":"max-image-preview:large","max-video-preview":"max-video-preview:-1"},"canonical":"https:\/\/cuadra-agrado.es\/?p=1796","og_locale":"es_ES","og_type":"article","og_title":"Otra de Cal para Il Presuntuoso!!! - Cuadra Agrado","og_description":"Otra de cal para nuestro Il Presuntuoso que hoy en la prestigiosa pista de Longchamp no ha podido ser m\u00e1s que s\u00e9ptimo en el \u2018Prix de Village\u00b4 sobre distancia de 1.600 metros. No tuvo en absoluto mal recorrido, muy limpio y siempre en puestos de cabeza, siguiendo la joven monta las \u00f3rdenes del prepa al [&hellip;]","og_url":"https:\/\/cuadra-agrado.es\/?p=1796","og_site_name":"Cuadra Agrado","article_published_time":"2015-04-29T17:46:07+00:00","article_modified_time":"2024-02-27T09:27:57+00:00","og_image":[{"url":"http:\/\/cuadra-agrado.es\/wp-content\/uploads\/2015\/04\/Ilpre.png","type":"","width":"","height":""}],"author":"Miguel Redondo","twitter_card":"summary_large_image","twitter_creator":"@AGRADOracing","twitter_site":"@AGRADOracing","twitter_misc":{"Escrito por":"Miguel Redondo","Tiempo de lectura":"3 minutos"},"schema":{"@context":"https:\/\/schema.org","@graph":[{"@type":"Article","@id":"https:\/\/cuadra-agrado.es\/?p=1796#article","isPartOf":{"@id":"https:\/\/cuadra-agrado.es\/?p=1796"},"author":{"name":"Miguel Redondo","@id":"https:\/\/cuadra-agrado.es\/#\/schema\/person\/3aa4f8d2373cf756d93a5526bc72f31b"},"headline":"Otra de Cal para Il Presuntuoso!!!","datePublished":"2015-04-29T17:46:07+00:00","dateModified":"2024-02-27T09:27:57+00:00","mainEntityOfPage":{"@id":"https:\/\/cuadra-agrado.es\/?p=1796"},"wordCount":535,"image":{"@id":"https:\/\/cuadra-agrado.es\/?p=1796#primaryimage"},"thumbnailUrl":"http:\/\/cuadra-agrado.es\/wp-content\/uploads\/2015\/04\/Ilpre.png","articleSection":["Actualidad"],"inLanguage":"es"},{"@type":"WebPage","@id":"https:\/\/cuadra-agrado.es\/?p=1796","url":"https:\/\/cuadra-agrado.es\/?p=1796","name":"Otra de Cal para Il Presuntuoso!!! - Cuadra Agrado","isPartOf":{"@id":"https:\/\/cuadra-agrado.es\/#website"},"primaryImageOfPage":{"@id":"https:\/\/cuadra-agrado.es\/?p=1796#primaryimage"},"image":{"@id":"https:\/\/cuadra-agrado.es\/?p=1796#primaryimage"},"thumbnailUrl":"http:\/\/cuadra-agrado.es\/wp-content\/uploads\/2015\/04\/Ilpre.png","datePublished":"2015-04-29T17:46:07+00:00","dateModified":"2024-02-27T09:27:57+00:00","author":{"@id":"https:\/\/cuadra-agrado.es\/#\/schema\/person\/3aa4f8d2373cf756d93a5526bc72f31b"},"breadcrumb":{"@id":"https:\/\/cuadra-agrado.es\/?p=1796#breadcrumb"},"inLanguage":"es","potentialAction":[{"@type":"ReadAction","target":["https:\/\/cuadra-agrado.es\/?p=1796"]}]},{"@type":"ImageObject","inLanguage":"es","@id":"https:\/\/cuadra-agrado.es\/?p=1796#primaryimage","url":"http:\/\/cuadra-agrado.es\/wp-content\/uploads\/2015\/04\/Ilpre.png","contentUrl":"http:\/\/cuadra-agrado.es\/wp-content\/uploads\/2015\/04\/Ilpre.png"},{"@type":"BreadcrumbList","@id":"https:\/\/cuadra-agrado.es\/?p=1796#breadcrumb","itemListElement":[{"@type":"ListItem","position":1,"name":"Portada","item":"https:\/\/cuadra-agrado.es\/"},{"@type":"ListItem","position":2,"name":"Otra de Cal para Il Presuntuoso!!!"}]},{"@type":"WebSite","@id":"https:\/\/cuadra-agrado.es\/#website","url":"https:\/\/cuadra-agrado.es\/","name":"Cuadra Agrado","description":"En el mundo del Turf desde 2008","potentialAction":[{"@type":"SearchAction","target":{"@type":"EntryPoint","urlTemplate":"https:\/\/cuadra-agrado.es\/?s={search_term_string}"},"query-input":{"@type":"PropertyValueSpecification","valueRequired":true,"valueName":"search_term_string"}}],"inLanguage":"es"},{"@type":"Person","@id":"https:\/\/cuadra-agrado.es\/#\/schema\/person\/3aa4f8d2373cf756d93a5526bc72f31b","name":"Miguel Redondo","image":{"@type":"ImageObject","inLanguage":"es","@id":"https:\/\/secure.gravatar.com\/avatar\/85704fceb4fa34017e3c1344d182da00dbf772fb8856ba2b7726a2df926415b4?s=96&d=mm&r=g","url":"https:\/\/secure.gravatar.com\/avatar\/85704fceb4fa34017e3c1344d182da00dbf772fb8856ba2b7726a2df926415b4?s=96&d=mm&r=g","contentUrl":"https:\/\/secure.gravatar.com\/avatar\/85704fceb4fa34017e3c1344d182da00dbf772fb8856ba2b7726a2df926415b4?s=96&d=mm&r=g","caption":"Miguel Redondo"},"sameAs":["https:\/\/cuadra-agrado.es"],"url":"https:\/\/cuadra-agrado.es\/?author=5"}]}},"_links":{"self":[{"href":"https:\/\/cuadra-agrado.es\/index.php?rest_route=\/wp\/v2\/posts\/1796","targetHints":{"allow":["GET"]}}],"collection":[{"href":"https:\/\/cuadra-agrado.es\/index.php?rest_route=\/wp\/v2\/posts"}],"about":[{"href":"https:\/\/cuadra-agrado.es\/index.php?rest_route=\/wp\/v2\/types\/post"}],"author":[{"embeddable":true,"href":"https:\/\/cuadra-agrado.es\/index.php?rest_route=\/wp\/v2\/users\/5"}],"replies":[{"embeddable":true,"href":"https:\/\/cuadra-agrado.es\/index.php?rest_route=%2Fwp%2Fv2%2Fcomments&post=1796"}],"version-history":[{"count":0,"href":"https:\/\/cuadra-agrado.es\/index.php?rest_route=\/wp\/v2\/posts\/1796\/revisions"}],"wp:attachment":[{"href":"https:\/\/cuadra-agrado.es\/index.php?rest_route=%2Fwp%2Fv2%2Fmedia&parent=1796"}],"wp:term":[{"taxonomy":"category","embeddable":true,"href":"https:\/\/cuadra-agrado.es\/index.php?rest_route=%2Fwp%2Fv2%2Fcategories&post=1796"},{"taxonomy":"post_tag","embeddable":true,"href":"https:\/\/cuadra-agrado.es\/index.php?rest_route=%2Fwp%2Fv2%2Ftags&post=1796"}],"curies":[{"name":"wp","href":"https:\/\/api.w.org\/{rel}","templated":true}]}}