{"id":1792,"date":"2015-04-27T11:32:31","date_gmt":"2015-04-27T10:32:31","guid":{"rendered":"https:\/\/cuadra-agrado.es\/?p=1792"},"modified":"2024-02-27T09:27:58","modified_gmt":"2024-02-27T09:27:58","slug":"turno-para-il-presuntuoso-en-longchamp","status":"publish","type":"post","link":"https:\/\/cuadra-agrado.es\/?p=1792","title":{"rendered":"Turno para Il Presuntuoso en Longchamp!!!"},"content":{"rendered":"<p style=\"text-align: justify;\"><a href=\"http:\/\/cuadra-agrado.es\/wp-content\/uploads\/2015\/03\/ILPRE.jpg-large.png\" target=\"_blank\" rel=\"noopener noreferrer\"><img loading=\"lazy\" decoding=\"async\" class=\" wp-image-1686 alignright\" alt=\"ILPRE.jpg-large\" src=\"http:\/\/cuadra-agrado.es\/wp-content\/uploads\/2015\/03\/ILPRE.jpg-large.png\" width=\"350\" height=\"200\" \/><\/a>Nuestro cuatro a\u00f1os &#8216;Il Presuntuoso&#8217; ser\u00e1 nuevamente partant este pr\u00f3ximo mi\u00e9rcoles en la pista de Longchamp en el Prix du Village, un reclamar para aprendices sobre distancia de 1.600 metros con 11 participantes (16:25h).<\/p>\n<p style=\"text-align: justify;\">Repetimos en la distancia de la milla despu\u00e9s de su mala actuaci\u00f3n en la anterior donde con un mal recorrido no pudo figurar en la lucha. Vuelve a correr a mano derecha donde ha estado colocado en sus dos anteriores salidas y que parece le viene mejor en su acci\u00f3n, por el contrario, las dos actuaciones donde no estuvo a la altura coinciden que fue a mano izquierda, este es sin duda un buen dato para confiar en sus opciones. Esta ser\u00e1 su quinta salida a pista desde su reaparici\u00f3n en este a\u00f1o y quiz\u00e1s podr\u00eda ser la \u00faltima antes de un descanso que parece nos va pidiendo este hijo de &#8216;Orpen&#8217; tras un cargado inicio donde ha estado dos veces en el dinero con un tercero y un cuarto puesto en su periplo franc\u00e9s.<\/p>\n<p style=\"text-align: justify;\">Il Presuntuoso tiene un peque\u00f1o problema de dorso que le limita en sus trabajos continuados y que necesita de un puntual descanso despu\u00e9s de un tiempo para volver a emplearse en \u00f3ptimas condiciones. Su condici\u00f3n f\u00edsica es inmejorable en estos momentos, pero ese peque\u00f1o problema de salud nos obliga a bajar nuevamente la distancia y poder darle un merecido descanso despu\u00e9s de esta. Si finalmente todo el conflicto se resuelve en Espa\u00f1a, podr\u00edamos verle de nuevo en Madrid a mediados de Junio.<br \/>\nLa monta, al ser una prueba de aprendices la confiamos a &#8216;Thibault Speicher&#8217; un joven franc\u00e9s que ya es ganador en este a\u00f1o en la pista de Nancy y que parece va escalando muy r\u00e1pidamente en su carrera. Vamos a intentar seguir sumando en este exigente turf y vamos a ver si esta \u00faltima salida de su etapa de primavera nos proporciona un nuevo bal\u00f3n de oxigeno para seguir luchando a la espera de ansiados acontecimientos en Madrid.<\/p>\n<p style=\"text-align: justify;\">Con un valor medio en este lote para el nuestro (hcp31), nuestros rivales podr\u00edan ser los que -a priori- cuentan con un valor superior al nuestro como es el caso de &#8216;Silver Treasure&#8217; (38,5) que ya ha reaparecido este a\u00f1o y que lleg\u00f3 a dar un valor 43 el pasado a\u00f1o con un segundo puesto en categoria D sobre la milla. Retorna de nuevo a esta distancia despu\u00e9s de hacer un intento en pruebas de sprint que parece no ha cuajado. Otro rival a tener en cuenta puede ser &#8216;Nova Valorem&#8217; \u00a0con un valor 34,5 y que es reciente ganador en la distancia el pasado mes.<\/p>\n<hr \/>\n<p style=\"text-align: justify;\">\n<!-- AddThis Advanced Settings generic via filter on the_content --><!-- AddThis Share Buttons generic via filter on the_content -->","protected":false},"excerpt":{"rendered":"<p>Nuestro cuatro a\u00f1os &#8216;Il Presuntuoso&#8217; ser\u00e1 nuevamente partant este pr\u00f3ximo mi\u00e9rcoles en la pista de Longchamp en el Prix du Village, un reclamar para aprendices sobre distancia de 1.600 metros con 11 participantes (16:25h). Repetimos en la distancia de la milla despu\u00e9s de su mala actuaci\u00f3n en la anterior donde con un mal recorrido no [&hellip;]<!-- AddThis Advanced Settings generic via filter on get_the_excerpt --><!-- AddThis Share Buttons generic via filter on get_the_excerpt --><\/p>\n","protected":false},"author":5,"featured_media":0,"comment_status":"closed","ping_status":"closed","sticky":false,"template":"","format":"gallery","meta":{"_acf_changed":false,"_et_pb_use_builder":"","_et_pb_old_content":"","_et_gb_content_width":"","footnotes":""},"categories":[3],"tags":[],"class_list":["post-1792","post","type-post","status-publish","format-gallery","hentry","category-noticias-cuadra-agrado","post_format-post-format-gallery"],"acf":[],"yoast_head":"<!-- This site is optimized with the Yoast SEO plugin v27.4 - https:\/\/yoast.com\/product\/yoast-seo-wordpress\/ -->\n<title>Turno para Il Presuntuoso en Longchamp!!! - Cuadra Agrado<\/title>\n<meta name=\"robots\" content=\"index, follow, max-snippet:-1, max-image-preview:large, max-video-preview:-1\" \/>\n<link rel=\"canonical\" href=\"https:\/\/cuadra-agrado.es\/?p=1792\" \/>\n<meta property=\"og:locale\" content=\"es_ES\" \/>\n<meta property=\"og:type\" content=\"article\" \/>\n<meta property=\"og:title\" content=\"Turno para Il Presuntuoso en Longchamp!!! - Cuadra Agrado\" \/>\n<meta property=\"og:description\" content=\"Nuestro cuatro a\u00f1os &#8216;Il Presuntuoso&#8217; ser\u00e1 nuevamente partant este pr\u00f3ximo mi\u00e9rcoles en la pista de Longchamp en el Prix du Village, un reclamar para aprendices sobre distancia de 1.600 metros con 11 participantes (16:25h). Repetimos en la distancia de la milla despu\u00e9s de su mala actuaci\u00f3n en la anterior donde con un mal recorrido no [&hellip;]\" \/>\n<meta property=\"og:url\" content=\"https:\/\/cuadra-agrado.es\/?p=1792\" \/>\n<meta property=\"og:site_name\" content=\"Cuadra Agrado\" \/>\n<meta property=\"article:published_time\" content=\"2015-04-27T10:32:31+00:00\" \/>\n<meta property=\"article:modified_time\" content=\"2024-02-27T09:27:58+00:00\" \/>\n<meta property=\"og:image\" content=\"http:\/\/cuadra-agrado.es\/wp-content\/uploads\/2015\/03\/ILPRE.jpg-large.png\" \/>\n<meta name=\"author\" content=\"Miguel Redondo\" \/>\n<meta name=\"twitter:card\" content=\"summary_large_image\" \/>\n<meta name=\"twitter:creator\" content=\"@AGRADOracing\" \/>\n<meta name=\"twitter:site\" content=\"@AGRADOracing\" \/>\n<meta name=\"twitter:label1\" content=\"Escrito por\" \/>\n\t<meta name=\"twitter:data1\" content=\"Miguel Redondo\" \/>\n\t<meta name=\"twitter:label2\" content=\"Tiempo de lectura\" \/>\n\t<meta name=\"twitter:data2\" content=\"2 minutos\" \/>\n<script type=\"application\/ld+json\" class=\"yoast-schema-graph\">{\"@context\":\"https:\\\/\\\/schema.org\",\"@graph\":[{\"@type\":\"Article\",\"@id\":\"https:\\\/\\\/cuadra-agrado.es\\\/?p=1792#article\",\"isPartOf\":{\"@id\":\"https:\\\/\\\/cuadra-agrado.es\\\/?p=1792\"},\"author\":{\"name\":\"Miguel Redondo\",\"@id\":\"https:\\\/\\\/cuadra-agrado.es\\\/#\\\/schema\\\/person\\\/3aa4f8d2373cf756d93a5526bc72f31b\"},\"headline\":\"Turno para Il Presuntuoso en Longchamp!!!\",\"datePublished\":\"2015-04-27T10:32:31+00:00\",\"dateModified\":\"2024-02-27T09:27:58+00:00\",\"mainEntityOfPage\":{\"@id\":\"https:\\\/\\\/cuadra-agrado.es\\\/?p=1792\"},\"wordCount\":463,\"image\":{\"@id\":\"https:\\\/\\\/cuadra-agrado.es\\\/?p=1792#primaryimage\"},\"thumbnailUrl\":\"http:\\\/\\\/cuadra-agrado.es\\\/wp-content\\\/uploads\\\/2015\\\/03\\\/ILPRE.jpg-large.png\",\"articleSection\":[\"Actualidad\"],\"inLanguage\":\"es\"},{\"@type\":\"WebPage\",\"@id\":\"https:\\\/\\\/cuadra-agrado.es\\\/?p=1792\",\"url\":\"https:\\\/\\\/cuadra-agrado.es\\\/?p=1792\",\"name\":\"Turno para Il Presuntuoso en Longchamp!!! - Cuadra Agrado\",\"isPartOf\":{\"@id\":\"https:\\\/\\\/cuadra-agrado.es\\\/#website\"},\"primaryImageOfPage\":{\"@id\":\"https:\\\/\\\/cuadra-agrado.es\\\/?p=1792#primaryimage\"},\"image\":{\"@id\":\"https:\\\/\\\/cuadra-agrado.es\\\/?p=1792#primaryimage\"},\"thumbnailUrl\":\"http:\\\/\\\/cuadra-agrado.es\\\/wp-content\\\/uploads\\\/2015\\\/03\\\/ILPRE.jpg-large.png\",\"datePublished\":\"2015-04-27T10:32:31+00:00\",\"dateModified\":\"2024-02-27T09:27:58+00:00\",\"author\":{\"@id\":\"https:\\\/\\\/cuadra-agrado.es\\\/#\\\/schema\\\/person\\\/3aa4f8d2373cf756d93a5526bc72f31b\"},\"breadcrumb\":{\"@id\":\"https:\\\/\\\/cuadra-agrado.es\\\/?p=1792#breadcrumb\"},\"inLanguage\":\"es\",\"potentialAction\":[{\"@type\":\"ReadAction\",\"target\":[\"https:\\\/\\\/cuadra-agrado.es\\\/?p=1792\"]}]},{\"@type\":\"ImageObject\",\"inLanguage\":\"es\",\"@id\":\"https:\\\/\\\/cuadra-agrado.es\\\/?p=1792#primaryimage\",\"url\":\"http:\\\/\\\/cuadra-agrado.es\\\/wp-content\\\/uploads\\\/2015\\\/03\\\/ILPRE.jpg-large.png\",\"contentUrl\":\"http:\\\/\\\/cuadra-agrado.es\\\/wp-content\\\/uploads\\\/2015\\\/03\\\/ILPRE.jpg-large.png\"},{\"@type\":\"BreadcrumbList\",\"@id\":\"https:\\\/\\\/cuadra-agrado.es\\\/?p=1792#breadcrumb\",\"itemListElement\":[{\"@type\":\"ListItem\",\"position\":1,\"name\":\"Portada\",\"item\":\"https:\\\/\\\/cuadra-agrado.es\\\/\"},{\"@type\":\"ListItem\",\"position\":2,\"name\":\"Turno para Il Presuntuoso en Longchamp!!!\"}]},{\"@type\":\"WebSite\",\"@id\":\"https:\\\/\\\/cuadra-agrado.es\\\/#website\",\"url\":\"https:\\\/\\\/cuadra-agrado.es\\\/\",\"name\":\"Cuadra Agrado\",\"description\":\"En el mundo del Turf desde 2008\",\"potentialAction\":[{\"@type\":\"SearchAction\",\"target\":{\"@type\":\"EntryPoint\",\"urlTemplate\":\"https:\\\/\\\/cuadra-agrado.es\\\/?s={search_term_string}\"},\"query-input\":{\"@type\":\"PropertyValueSpecification\",\"valueRequired\":true,\"valueName\":\"search_term_string\"}}],\"inLanguage\":\"es\"},{\"@type\":\"Person\",\"@id\":\"https:\\\/\\\/cuadra-agrado.es\\\/#\\\/schema\\\/person\\\/3aa4f8d2373cf756d93a5526bc72f31b\",\"name\":\"Miguel Redondo\",\"image\":{\"@type\":\"ImageObject\",\"inLanguage\":\"es\",\"@id\":\"https:\\\/\\\/secure.gravatar.com\\\/avatar\\\/85704fceb4fa34017e3c1344d182da00dbf772fb8856ba2b7726a2df926415b4?s=96&d=mm&r=g\",\"url\":\"https:\\\/\\\/secure.gravatar.com\\\/avatar\\\/85704fceb4fa34017e3c1344d182da00dbf772fb8856ba2b7726a2df926415b4?s=96&d=mm&r=g\",\"contentUrl\":\"https:\\\/\\\/secure.gravatar.com\\\/avatar\\\/85704fceb4fa34017e3c1344d182da00dbf772fb8856ba2b7726a2df926415b4?s=96&d=mm&r=g\",\"caption\":\"Miguel Redondo\"},\"sameAs\":[\"https:\\\/\\\/cuadra-agrado.es\"],\"url\":\"https:\\\/\\\/cuadra-agrado.es\\\/?author=5\"}]}<\/script>\n<!-- \/ Yoast SEO plugin. -->","yoast_head_json":{"title":"Turno para Il Presuntuoso en Longchamp!!! - Cuadra Agrado","robots":{"index":"index","follow":"follow","max-snippet":"max-snippet:-1","max-image-preview":"max-image-preview:large","max-video-preview":"max-video-preview:-1"},"canonical":"https:\/\/cuadra-agrado.es\/?p=1792","og_locale":"es_ES","og_type":"article","og_title":"Turno para Il Presuntuoso en Longchamp!!! - Cuadra Agrado","og_description":"Nuestro cuatro a\u00f1os &#8216;Il Presuntuoso&#8217; ser\u00e1 nuevamente partant este pr\u00f3ximo mi\u00e9rcoles en la pista de Longchamp en el Prix du Village, un reclamar para aprendices sobre distancia de 1.600 metros con 11 participantes (16:25h). Repetimos en la distancia de la milla despu\u00e9s de su mala actuaci\u00f3n en la anterior donde con un mal recorrido no [&hellip;]","og_url":"https:\/\/cuadra-agrado.es\/?p=1792","og_site_name":"Cuadra Agrado","article_published_time":"2015-04-27T10:32:31+00:00","article_modified_time":"2024-02-27T09:27:58+00:00","og_image":[{"url":"http:\/\/cuadra-agrado.es\/wp-content\/uploads\/2015\/03\/ILPRE.jpg-large.png","type":"","width":"","height":""}],"author":"Miguel Redondo","twitter_card":"summary_large_image","twitter_creator":"@AGRADOracing","twitter_site":"@AGRADOracing","twitter_misc":{"Escrito por":"Miguel Redondo","Tiempo de lectura":"2 minutos"},"schema":{"@context":"https:\/\/schema.org","@graph":[{"@type":"Article","@id":"https:\/\/cuadra-agrado.es\/?p=1792#article","isPartOf":{"@id":"https:\/\/cuadra-agrado.es\/?p=1792"},"author":{"name":"Miguel Redondo","@id":"https:\/\/cuadra-agrado.es\/#\/schema\/person\/3aa4f8d2373cf756d93a5526bc72f31b"},"headline":"Turno para Il Presuntuoso en Longchamp!!!","datePublished":"2015-04-27T10:32:31+00:00","dateModified":"2024-02-27T09:27:58+00:00","mainEntityOfPage":{"@id":"https:\/\/cuadra-agrado.es\/?p=1792"},"wordCount":463,"image":{"@id":"https:\/\/cuadra-agrado.es\/?p=1792#primaryimage"},"thumbnailUrl":"http:\/\/cuadra-agrado.es\/wp-content\/uploads\/2015\/03\/ILPRE.jpg-large.png","articleSection":["Actualidad"],"inLanguage":"es"},{"@type":"WebPage","@id":"https:\/\/cuadra-agrado.es\/?p=1792","url":"https:\/\/cuadra-agrado.es\/?p=1792","name":"Turno para Il Presuntuoso en Longchamp!!! - Cuadra Agrado","isPartOf":{"@id":"https:\/\/cuadra-agrado.es\/#website"},"primaryImageOfPage":{"@id":"https:\/\/cuadra-agrado.es\/?p=1792#primaryimage"},"image":{"@id":"https:\/\/cuadra-agrado.es\/?p=1792#primaryimage"},"thumbnailUrl":"http:\/\/cuadra-agrado.es\/wp-content\/uploads\/2015\/03\/ILPRE.jpg-large.png","datePublished":"2015-04-27T10:32:31+00:00","dateModified":"2024-02-27T09:27:58+00:00","author":{"@id":"https:\/\/cuadra-agrado.es\/#\/schema\/person\/3aa4f8d2373cf756d93a5526bc72f31b"},"breadcrumb":{"@id":"https:\/\/cuadra-agrado.es\/?p=1792#breadcrumb"},"inLanguage":"es","potentialAction":[{"@type":"ReadAction","target":["https:\/\/cuadra-agrado.es\/?p=1792"]}]},{"@type":"ImageObject","inLanguage":"es","@id":"https:\/\/cuadra-agrado.es\/?p=1792#primaryimage","url":"http:\/\/cuadra-agrado.es\/wp-content\/uploads\/2015\/03\/ILPRE.jpg-large.png","contentUrl":"http:\/\/cuadra-agrado.es\/wp-content\/uploads\/2015\/03\/ILPRE.jpg-large.png"},{"@type":"BreadcrumbList","@id":"https:\/\/cuadra-agrado.es\/?p=1792#breadcrumb","itemListElement":[{"@type":"ListItem","position":1,"name":"Portada","item":"https:\/\/cuadra-agrado.es\/"},{"@type":"ListItem","position":2,"name":"Turno para Il Presuntuoso en Longchamp!!!"}]},{"@type":"WebSite","@id":"https:\/\/cuadra-agrado.es\/#website","url":"https:\/\/cuadra-agrado.es\/","name":"Cuadra Agrado","description":"En el mundo del Turf desde 2008","potentialAction":[{"@type":"SearchAction","target":{"@type":"EntryPoint","urlTemplate":"https:\/\/cuadra-agrado.es\/?s={search_term_string}"},"query-input":{"@type":"PropertyValueSpecification","valueRequired":true,"valueName":"search_term_string"}}],"inLanguage":"es"},{"@type":"Person","@id":"https:\/\/cuadra-agrado.es\/#\/schema\/person\/3aa4f8d2373cf756d93a5526bc72f31b","name":"Miguel Redondo","image":{"@type":"ImageObject","inLanguage":"es","@id":"https:\/\/secure.gravatar.com\/avatar\/85704fceb4fa34017e3c1344d182da00dbf772fb8856ba2b7726a2df926415b4?s=96&d=mm&r=g","url":"https:\/\/secure.gravatar.com\/avatar\/85704fceb4fa34017e3c1344d182da00dbf772fb8856ba2b7726a2df926415b4?s=96&d=mm&r=g","contentUrl":"https:\/\/secure.gravatar.com\/avatar\/85704fceb4fa34017e3c1344d182da00dbf772fb8856ba2b7726a2df926415b4?s=96&d=mm&r=g","caption":"Miguel Redondo"},"sameAs":["https:\/\/cuadra-agrado.es"],"url":"https:\/\/cuadra-agrado.es\/?author=5"}]}},"_links":{"self":[{"href":"https:\/\/cuadra-agrado.es\/index.php?rest_route=\/wp\/v2\/posts\/1792","targetHints":{"allow":["GET"]}}],"collection":[{"href":"https:\/\/cuadra-agrado.es\/index.php?rest_route=\/wp\/v2\/posts"}],"about":[{"href":"https:\/\/cuadra-agrado.es\/index.php?rest_route=\/wp\/v2\/types\/post"}],"author":[{"embeddable":true,"href":"https:\/\/cuadra-agrado.es\/index.php?rest_route=\/wp\/v2\/users\/5"}],"replies":[{"embeddable":true,"href":"https:\/\/cuadra-agrado.es\/index.php?rest_route=%2Fwp%2Fv2%2Fcomments&post=1792"}],"version-history":[{"count":0,"href":"https:\/\/cuadra-agrado.es\/index.php?rest_route=\/wp\/v2\/posts\/1792\/revisions"}],"wp:attachment":[{"href":"https:\/\/cuadra-agrado.es\/index.php?rest_route=%2Fwp%2Fv2%2Fmedia&parent=1792"}],"wp:term":[{"taxonomy":"category","embeddable":true,"href":"https:\/\/cuadra-agrado.es\/index.php?rest_route=%2Fwp%2Fv2%2Fcategories&post=1792"},{"taxonomy":"post_tag","embeddable":true,"href":"https:\/\/cuadra-agrado.es\/index.php?rest_route=%2Fwp%2Fv2%2Ftags&post=1792"}],"curies":[{"name":"wp","href":"https:\/\/api.w.org\/{rel}","templated":true}]}}