{"id":1765,"date":"2015-04-23T10:42:29","date_gmt":"2015-04-23T09:42:29","guid":{"rendered":"https:\/\/cuadra-agrado.es\/?p=1765"},"modified":"2024-02-27T09:27:58","modified_gmt":"2024-02-27T09:27:58","slug":"valiant-blue-regresa-al-sprint","status":"publish","type":"post","link":"https:\/\/cuadra-agrado.es\/?p=1765","title":{"rendered":"Valiant Blue regresa al sprint!!!"},"content":{"rendered":"<p style=\"text-align: justify;\"><a href=\"http:\/\/cuadra-agrado.es\/wp-content\/uploads\/2014\/09\/IMG_3313.jpg\" target=\"_blank\" rel=\"noopener noreferrer\"><img loading=\"lazy\" decoding=\"async\" class=\"alignleft  wp-image-1450\" alt=\"IMG_3313\" src=\"http:\/\/cuadra-agrado.es\/wp-content\/uploads\/2014\/09\/IMG_3313.jpg\" width=\"300\" height=\"250\" \/><\/a>Nuestro sprinter &#8216;Valiant Blue&#8217; disputar\u00e1 su segunda carrera de 2015 este viernes (13:50 h) en el hip\u00f3dromo franc\u00e9s de Fontainebleau (Prix Chapelle la Reine) una categor\u00eda D sobre distancia de 1.100 metros.<\/p>\n<p style=\"text-align: justify;\">Despu\u00e9s de su reaparici\u00f3n en una exigente B donde apenas pudo dar alg\u00fan destello de calidad en los \u00faltimos 300 metros, llega a esta con una mejor condici\u00f3n f\u00edsica. No es esta tampoco nuestro objetivo, pero s\u00ed que debemos estar para luchar con los favoritos debido a su mejora de 3\/4 kilos de valor desde la \u00faltima. Es la distancia perfecta para \u00e9l donde sigue manteniendo su record de los 1.100 metros en Espa\u00f1a en l\u00ednea recta. No hemos tenido suerte en el sorteo de cajones (caj\u00f3n 13), pero una brillante salida como en \u00e9l es habitual nos evitar\u00eda problemas de recorrido despu\u00e9s en un corto sprint.<\/p>\n<p style=\"text-align: justify;\">Ser\u00e1 la primera vez despu\u00e9s de m\u00e1s de un a\u00f1o que no tendr\u00e1 como monta a su gran amigo &#8216;Borja Fayos&#8217;, se nos hace muy extra\u00f1o y nos da cierta nostalgia, pero como propietarios debemos asumir ordenes del prepa y confiar en otra monta de garant\u00edas como Fabien Lefebvre que conoce al caballo de los trabajos matutinos desde que Borja abandon\u00f3 tierras galas. Vamos por tanto a intentar seguir progresando con \u00e9l en esta su segunda salida y afinando su condici\u00f3n de sprinter para una pr\u00f3xima en el mes de Mayo donde s\u00ed tenemos puesto nuestro principal objetivo. Aunque se trata de una categor\u00eda D, el numeroso lote (16 partants) cuenta con varios especialistas en la distancia corta muy contrastados y con un alto valor. Nuestros principales rivales pasan por <b>&#8216;Blue Soave&#8217;<\/b> que reaparece, pero que gan\u00f3 con autoridad su \u00faltima y es colocado de G3 a finales de la pasada temporada con una valor de 46,5. Otro que seguro estar\u00e1 en la lucha ser\u00e1 <b>&#8216;Amadeus Wolfe&#8217;<\/b> que lleva ya tres en este a\u00f1o con dos colocaciones y un valor 40 aunque parece la \u00faltima no fue su mejor salida, al igual que<b> &#8216;Bajan Tryst&#8217;<\/b> con similar valor y que ya reapareci\u00f3 el pasado mes con un tercero.<\/p>\n<p style=\"text-align: justify;\">Deseamos por tanto mucha suerte a la nueva dupla Buz\u00f3n-Lefebvre en su nueva andadura francesa y confiamos en las opciones de Valiant. Volviendo a nuestro turf, las \u00faltimas noticias sobre el lastimoso conflicto, no albergan demasiadas expectativas de un pronto retorno a la competici\u00f3n por lo que, tal y como inform\u00e1bamos el mes pasado, esto nos obliga a programar en Chantilly tambi\u00e9n todo el mes de Mayo y seguir esperando que siga madurando la fruta en el \u00e1rbol. Una y otra vez las perspectivas de las fechas de reanudaci\u00f3n siguen quedando en un tintero apenas sin tinta, lo que se traduce en que la situaci\u00f3n es desesperadamente m\u00e1s grave de lo que inicialmente todo parec\u00eda acontecer. Por nuestra parte vamos a aguantar el sexto mes consecutivo sin competir donde realmente queremos, pero la luz cada vez brilla menos y las fuerzas y, sobre todo la ilusi\u00f3n se van acabando. Podemos adelantar que si la situaci\u00f3n sigue igual en el mes de junio lamentablemente nuestra joven cuadra se plantear\u00eda su retirada de competici\u00f3n de cara al verano poniendo tristemente en venta a todos nuestros efectivos. Nuestro periplo franc\u00e9s ten\u00eda fecha de caducidad desde que nos fuimos all\u00ed, era obligado para poder seguir compitiendo mientras se ganaba tiempo para la soluci\u00f3n en Espa\u00f1a, pero no es nuestra intenci\u00f3n continuar mucho m\u00e1s tiempo de esta forma, lejos de nuestros caballos y sin posibilidad de disfrutar en vivo de las carreras, de los entrenamientos y de una muy agradable ma\u00f1ana de domingo con amigos y familiares&#8230;.. Si no hay cambios, lamentablemente ser\u00e1 el fin para nosotros como propietarios!!!<\/p>\n<hr \/>\n<p style=\"text-align: justify;\">\n<!-- AddThis Advanced Settings generic via filter on the_content --><!-- AddThis Share Buttons generic via filter on the_content -->","protected":false},"excerpt":{"rendered":"<p>Nuestro sprinter &#8216;Valiant Blue&#8217; disputar\u00e1 su segunda carrera de 2015 este viernes (13:50 h) en el hip\u00f3dromo franc\u00e9s de Fontainebleau (Prix Chapelle la Reine) una categor\u00eda D sobre distancia de 1.100 metros. Despu\u00e9s de su reaparici\u00f3n en una exigente B donde apenas pudo dar alg\u00fan destello de calidad en los \u00faltimos 300 metros, llega a [&hellip;]<!-- AddThis Advanced Settings generic via filter on get_the_excerpt --><!-- AddThis Share Buttons generic via filter on get_the_excerpt --><\/p>\n","protected":false},"author":5,"featured_media":0,"comment_status":"closed","ping_status":"closed","sticky":false,"template":"","format":"gallery","meta":{"_acf_changed":false,"_et_pb_use_builder":"","_et_pb_old_content":"","_et_gb_content_width":"","footnotes":""},"categories":[3],"tags":[],"class_list":["post-1765","post","type-post","status-publish","format-gallery","hentry","category-noticias-cuadra-agrado","post_format-post-format-gallery"],"acf":[],"yoast_head":"<!-- This site is optimized with the Yoast SEO plugin v27.4 - https:\/\/yoast.com\/product\/yoast-seo-wordpress\/ -->\n<title>Valiant Blue regresa al sprint!!! - Cuadra Agrado<\/title>\n<meta name=\"robots\" content=\"index, follow, max-snippet:-1, max-image-preview:large, max-video-preview:-1\" \/>\n<link rel=\"canonical\" href=\"https:\/\/cuadra-agrado.es\/?p=1765\" \/>\n<meta property=\"og:locale\" content=\"es_ES\" \/>\n<meta property=\"og:type\" content=\"article\" \/>\n<meta property=\"og:title\" content=\"Valiant Blue regresa al sprint!!! - Cuadra Agrado\" \/>\n<meta property=\"og:description\" content=\"Nuestro sprinter &#8216;Valiant Blue&#8217; disputar\u00e1 su segunda carrera de 2015 este viernes (13:50 h) en el hip\u00f3dromo franc\u00e9s de Fontainebleau (Prix Chapelle la Reine) una categor\u00eda D sobre distancia de 1.100 metros. Despu\u00e9s de su reaparici\u00f3n en una exigente B donde apenas pudo dar alg\u00fan destello de calidad en los \u00faltimos 300 metros, llega a [&hellip;]\" \/>\n<meta property=\"og:url\" content=\"https:\/\/cuadra-agrado.es\/?p=1765\" \/>\n<meta property=\"og:site_name\" content=\"Cuadra Agrado\" \/>\n<meta property=\"article:published_time\" content=\"2015-04-23T09:42:29+00:00\" \/>\n<meta property=\"article:modified_time\" content=\"2024-02-27T09:27:58+00:00\" \/>\n<meta property=\"og:image\" content=\"http:\/\/cuadra-agrado.es\/wp-content\/uploads\/2014\/09\/IMG_3313.jpg\" \/>\n<meta name=\"author\" content=\"Miguel Redondo\" \/>\n<meta name=\"twitter:card\" content=\"summary_large_image\" \/>\n<meta name=\"twitter:creator\" content=\"@AGRADOracing\" \/>\n<meta name=\"twitter:site\" content=\"@AGRADOracing\" \/>\n<meta name=\"twitter:label1\" content=\"Escrito por\" \/>\n\t<meta name=\"twitter:data1\" content=\"Miguel Redondo\" \/>\n\t<meta name=\"twitter:label2\" content=\"Tiempo de lectura\" \/>\n\t<meta name=\"twitter:data2\" content=\"3 minutos\" \/>\n<script type=\"application\/ld+json\" class=\"yoast-schema-graph\">{\"@context\":\"https:\\\/\\\/schema.org\",\"@graph\":[{\"@type\":\"Article\",\"@id\":\"https:\\\/\\\/cuadra-agrado.es\\\/?p=1765#article\",\"isPartOf\":{\"@id\":\"https:\\\/\\\/cuadra-agrado.es\\\/?p=1765\"},\"author\":{\"name\":\"Miguel Redondo\",\"@id\":\"https:\\\/\\\/cuadra-agrado.es\\\/#\\\/schema\\\/person\\\/3aa4f8d2373cf756d93a5526bc72f31b\"},\"headline\":\"Valiant Blue regresa al sprint!!!\",\"datePublished\":\"2015-04-23T09:42:29+00:00\",\"dateModified\":\"2024-02-27T09:27:58+00:00\",\"mainEntityOfPage\":{\"@id\":\"https:\\\/\\\/cuadra-agrado.es\\\/?p=1765\"},\"wordCount\":647,\"image\":{\"@id\":\"https:\\\/\\\/cuadra-agrado.es\\\/?p=1765#primaryimage\"},\"thumbnailUrl\":\"http:\\\/\\\/cuadra-agrado.es\\\/wp-content\\\/uploads\\\/2014\\\/09\\\/IMG_3313.jpg\",\"articleSection\":[\"Actualidad\"],\"inLanguage\":\"es\"},{\"@type\":\"WebPage\",\"@id\":\"https:\\\/\\\/cuadra-agrado.es\\\/?p=1765\",\"url\":\"https:\\\/\\\/cuadra-agrado.es\\\/?p=1765\",\"name\":\"Valiant Blue regresa al sprint!!! - Cuadra Agrado\",\"isPartOf\":{\"@id\":\"https:\\\/\\\/cuadra-agrado.es\\\/#website\"},\"primaryImageOfPage\":{\"@id\":\"https:\\\/\\\/cuadra-agrado.es\\\/?p=1765#primaryimage\"},\"image\":{\"@id\":\"https:\\\/\\\/cuadra-agrado.es\\\/?p=1765#primaryimage\"},\"thumbnailUrl\":\"http:\\\/\\\/cuadra-agrado.es\\\/wp-content\\\/uploads\\\/2014\\\/09\\\/IMG_3313.jpg\",\"datePublished\":\"2015-04-23T09:42:29+00:00\",\"dateModified\":\"2024-02-27T09:27:58+00:00\",\"author\":{\"@id\":\"https:\\\/\\\/cuadra-agrado.es\\\/#\\\/schema\\\/person\\\/3aa4f8d2373cf756d93a5526bc72f31b\"},\"breadcrumb\":{\"@id\":\"https:\\\/\\\/cuadra-agrado.es\\\/?p=1765#breadcrumb\"},\"inLanguage\":\"es\",\"potentialAction\":[{\"@type\":\"ReadAction\",\"target\":[\"https:\\\/\\\/cuadra-agrado.es\\\/?p=1765\"]}]},{\"@type\":\"ImageObject\",\"inLanguage\":\"es\",\"@id\":\"https:\\\/\\\/cuadra-agrado.es\\\/?p=1765#primaryimage\",\"url\":\"http:\\\/\\\/cuadra-agrado.es\\\/wp-content\\\/uploads\\\/2014\\\/09\\\/IMG_3313.jpg\",\"contentUrl\":\"http:\\\/\\\/cuadra-agrado.es\\\/wp-content\\\/uploads\\\/2014\\\/09\\\/IMG_3313.jpg\"},{\"@type\":\"BreadcrumbList\",\"@id\":\"https:\\\/\\\/cuadra-agrado.es\\\/?p=1765#breadcrumb\",\"itemListElement\":[{\"@type\":\"ListItem\",\"position\":1,\"name\":\"Portada\",\"item\":\"https:\\\/\\\/cuadra-agrado.es\\\/\"},{\"@type\":\"ListItem\",\"position\":2,\"name\":\"Valiant Blue regresa al sprint!!!\"}]},{\"@type\":\"WebSite\",\"@id\":\"https:\\\/\\\/cuadra-agrado.es\\\/#website\",\"url\":\"https:\\\/\\\/cuadra-agrado.es\\\/\",\"name\":\"Cuadra Agrado\",\"description\":\"En el mundo del Turf desde 2008\",\"potentialAction\":[{\"@type\":\"SearchAction\",\"target\":{\"@type\":\"EntryPoint\",\"urlTemplate\":\"https:\\\/\\\/cuadra-agrado.es\\\/?s={search_term_string}\"},\"query-input\":{\"@type\":\"PropertyValueSpecification\",\"valueRequired\":true,\"valueName\":\"search_term_string\"}}],\"inLanguage\":\"es\"},{\"@type\":\"Person\",\"@id\":\"https:\\\/\\\/cuadra-agrado.es\\\/#\\\/schema\\\/person\\\/3aa4f8d2373cf756d93a5526bc72f31b\",\"name\":\"Miguel Redondo\",\"image\":{\"@type\":\"ImageObject\",\"inLanguage\":\"es\",\"@id\":\"https:\\\/\\\/secure.gravatar.com\\\/avatar\\\/85704fceb4fa34017e3c1344d182da00dbf772fb8856ba2b7726a2df926415b4?s=96&d=mm&r=g\",\"url\":\"https:\\\/\\\/secure.gravatar.com\\\/avatar\\\/85704fceb4fa34017e3c1344d182da00dbf772fb8856ba2b7726a2df926415b4?s=96&d=mm&r=g\",\"contentUrl\":\"https:\\\/\\\/secure.gravatar.com\\\/avatar\\\/85704fceb4fa34017e3c1344d182da00dbf772fb8856ba2b7726a2df926415b4?s=96&d=mm&r=g\",\"caption\":\"Miguel Redondo\"},\"sameAs\":[\"https:\\\/\\\/cuadra-agrado.es\"],\"url\":\"https:\\\/\\\/cuadra-agrado.es\\\/?author=5\"}]}<\/script>\n<!-- \/ Yoast SEO plugin. -->","yoast_head_json":{"title":"Valiant Blue regresa al sprint!!! - Cuadra Agrado","robots":{"index":"index","follow":"follow","max-snippet":"max-snippet:-1","max-image-preview":"max-image-preview:large","max-video-preview":"max-video-preview:-1"},"canonical":"https:\/\/cuadra-agrado.es\/?p=1765","og_locale":"es_ES","og_type":"article","og_title":"Valiant Blue regresa al sprint!!! - Cuadra Agrado","og_description":"Nuestro sprinter &#8216;Valiant Blue&#8217; disputar\u00e1 su segunda carrera de 2015 este viernes (13:50 h) en el hip\u00f3dromo franc\u00e9s de Fontainebleau (Prix Chapelle la Reine) una categor\u00eda D sobre distancia de 1.100 metros. Despu\u00e9s de su reaparici\u00f3n en una exigente B donde apenas pudo dar alg\u00fan destello de calidad en los \u00faltimos 300 metros, llega a [&hellip;]","og_url":"https:\/\/cuadra-agrado.es\/?p=1765","og_site_name":"Cuadra Agrado","article_published_time":"2015-04-23T09:42:29+00:00","article_modified_time":"2024-02-27T09:27:58+00:00","og_image":[{"url":"http:\/\/cuadra-agrado.es\/wp-content\/uploads\/2014\/09\/IMG_3313.jpg","type":"","width":"","height":""}],"author":"Miguel Redondo","twitter_card":"summary_large_image","twitter_creator":"@AGRADOracing","twitter_site":"@AGRADOracing","twitter_misc":{"Escrito por":"Miguel Redondo","Tiempo de lectura":"3 minutos"},"schema":{"@context":"https:\/\/schema.org","@graph":[{"@type":"Article","@id":"https:\/\/cuadra-agrado.es\/?p=1765#article","isPartOf":{"@id":"https:\/\/cuadra-agrado.es\/?p=1765"},"author":{"name":"Miguel Redondo","@id":"https:\/\/cuadra-agrado.es\/#\/schema\/person\/3aa4f8d2373cf756d93a5526bc72f31b"},"headline":"Valiant Blue regresa al sprint!!!","datePublished":"2015-04-23T09:42:29+00:00","dateModified":"2024-02-27T09:27:58+00:00","mainEntityOfPage":{"@id":"https:\/\/cuadra-agrado.es\/?p=1765"},"wordCount":647,"image":{"@id":"https:\/\/cuadra-agrado.es\/?p=1765#primaryimage"},"thumbnailUrl":"http:\/\/cuadra-agrado.es\/wp-content\/uploads\/2014\/09\/IMG_3313.jpg","articleSection":["Actualidad"],"inLanguage":"es"},{"@type":"WebPage","@id":"https:\/\/cuadra-agrado.es\/?p=1765","url":"https:\/\/cuadra-agrado.es\/?p=1765","name":"Valiant Blue regresa al sprint!!! - Cuadra Agrado","isPartOf":{"@id":"https:\/\/cuadra-agrado.es\/#website"},"primaryImageOfPage":{"@id":"https:\/\/cuadra-agrado.es\/?p=1765#primaryimage"},"image":{"@id":"https:\/\/cuadra-agrado.es\/?p=1765#primaryimage"},"thumbnailUrl":"http:\/\/cuadra-agrado.es\/wp-content\/uploads\/2014\/09\/IMG_3313.jpg","datePublished":"2015-04-23T09:42:29+00:00","dateModified":"2024-02-27T09:27:58+00:00","author":{"@id":"https:\/\/cuadra-agrado.es\/#\/schema\/person\/3aa4f8d2373cf756d93a5526bc72f31b"},"breadcrumb":{"@id":"https:\/\/cuadra-agrado.es\/?p=1765#breadcrumb"},"inLanguage":"es","potentialAction":[{"@type":"ReadAction","target":["https:\/\/cuadra-agrado.es\/?p=1765"]}]},{"@type":"ImageObject","inLanguage":"es","@id":"https:\/\/cuadra-agrado.es\/?p=1765#primaryimage","url":"http:\/\/cuadra-agrado.es\/wp-content\/uploads\/2014\/09\/IMG_3313.jpg","contentUrl":"http:\/\/cuadra-agrado.es\/wp-content\/uploads\/2014\/09\/IMG_3313.jpg"},{"@type":"BreadcrumbList","@id":"https:\/\/cuadra-agrado.es\/?p=1765#breadcrumb","itemListElement":[{"@type":"ListItem","position":1,"name":"Portada","item":"https:\/\/cuadra-agrado.es\/"},{"@type":"ListItem","position":2,"name":"Valiant Blue regresa al sprint!!!"}]},{"@type":"WebSite","@id":"https:\/\/cuadra-agrado.es\/#website","url":"https:\/\/cuadra-agrado.es\/","name":"Cuadra Agrado","description":"En el mundo del Turf desde 2008","potentialAction":[{"@type":"SearchAction","target":{"@type":"EntryPoint","urlTemplate":"https:\/\/cuadra-agrado.es\/?s={search_term_string}"},"query-input":{"@type":"PropertyValueSpecification","valueRequired":true,"valueName":"search_term_string"}}],"inLanguage":"es"},{"@type":"Person","@id":"https:\/\/cuadra-agrado.es\/#\/schema\/person\/3aa4f8d2373cf756d93a5526bc72f31b","name":"Miguel Redondo","image":{"@type":"ImageObject","inLanguage":"es","@id":"https:\/\/secure.gravatar.com\/avatar\/85704fceb4fa34017e3c1344d182da00dbf772fb8856ba2b7726a2df926415b4?s=96&d=mm&r=g","url":"https:\/\/secure.gravatar.com\/avatar\/85704fceb4fa34017e3c1344d182da00dbf772fb8856ba2b7726a2df926415b4?s=96&d=mm&r=g","contentUrl":"https:\/\/secure.gravatar.com\/avatar\/85704fceb4fa34017e3c1344d182da00dbf772fb8856ba2b7726a2df926415b4?s=96&d=mm&r=g","caption":"Miguel Redondo"},"sameAs":["https:\/\/cuadra-agrado.es"],"url":"https:\/\/cuadra-agrado.es\/?author=5"}]}},"_links":{"self":[{"href":"https:\/\/cuadra-agrado.es\/index.php?rest_route=\/wp\/v2\/posts\/1765","targetHints":{"allow":["GET"]}}],"collection":[{"href":"https:\/\/cuadra-agrado.es\/index.php?rest_route=\/wp\/v2\/posts"}],"about":[{"href":"https:\/\/cuadra-agrado.es\/index.php?rest_route=\/wp\/v2\/types\/post"}],"author":[{"embeddable":true,"href":"https:\/\/cuadra-agrado.es\/index.php?rest_route=\/wp\/v2\/users\/5"}],"replies":[{"embeddable":true,"href":"https:\/\/cuadra-agrado.es\/index.php?rest_route=%2Fwp%2Fv2%2Fcomments&post=1765"}],"version-history":[{"count":0,"href":"https:\/\/cuadra-agrado.es\/index.php?rest_route=\/wp\/v2\/posts\/1765\/revisions"}],"wp:attachment":[{"href":"https:\/\/cuadra-agrado.es\/index.php?rest_route=%2Fwp%2Fv2%2Fmedia&parent=1765"}],"wp:term":[{"taxonomy":"category","embeddable":true,"href":"https:\/\/cuadra-agrado.es\/index.php?rest_route=%2Fwp%2Fv2%2Fcategories&post=1765"},{"taxonomy":"post_tag","embeddable":true,"href":"https:\/\/cuadra-agrado.es\/index.php?rest_route=%2Fwp%2Fv2%2Ftags&post=1765"}],"curies":[{"name":"wp","href":"https:\/\/api.w.org\/{rel}","templated":true}]}}