{"id":1754,"date":"2015-04-18T08:17:51","date_gmt":"2015-04-18T07:17:51","guid":{"rendered":"https:\/\/cuadra-agrado.es\/?p=1754"},"modified":"2024-02-27T09:27:58","modified_gmt":"2024-02-27T09:27:58","slug":"una-nueva-gemela-para-ranyan","status":"publish","type":"post","link":"https:\/\/cuadra-agrado.es\/?p=1754","title":{"rendered":"Rany\u00e1n, de nuevo en la gemela!!!"},"content":{"rendered":"<p style=\"text-align: justify;\"><a href=\"http:\/\/cuadra-agrado.es\/wp-content\/uploads\/2015\/04\/ranyan-Laffitte.jpeg\" target=\"_blank\" rel=\"noopener noreferrer\"><img loading=\"lazy\" decoding=\"async\" class=\"wp-image-1755 alignright\" alt=\"ranyan-Laffitte\" src=\"http:\/\/cuadra-agrado.es\/wp-content\/uploads\/2015\/04\/ranyan-Laffitte.jpeg\" width=\"360\" height=\"250\" \/><\/a><\/p>\n<p style=\"text-align: justify;\">Rany\u00e1n volvi\u00f3 a pegar ayer al palo en el hip\u00f3dromo de Maisons Laffitte\u00a0con con su segunda salida a pista y con un nuevo segundo puesto en el poste de meta. Volv\u00edamos a tener confianza en la victoria, y de nuevo la tuvimos en la mano, pero se volvi\u00f3 a escapar en el \u00faltimo furlong\u2026<\/p>\n<p style=\"text-align: justify;\">Las \u00f3rdenes eran sencillas, como cada vez que corre el bueno de Rany\u00e1n; \u00a0salir bien, coger puestos de cabeza sin llegar a ser puntero, y siempre viendo pista. R\u00e1pidamente se puso delante, pero nadie parec\u00eda querer la punta y el joven Maxime no quer\u00eda meter la pata en su primera con Buz\u00f3n, por lo que relaj\u00f3 al caballo para ver si Casar finalmente se decid\u00eda a pasar. No le sirvi\u00f3 de mucho y comandaron la carrera en paralelo hasta la recta por lo que el ritmo fue demasiado lento para el nuestro.<br \/>\nYa en la recta, nuestra monta esper\u00f3 al poste de los 400 y decidi\u00f3 entonces lanzar al caballo tras su convicci\u00f3n de que ten\u00eda mucho caballo para llegar a meta, pero nuestro m\u00e1ximo rival nos llevaba marcando toda la carrera y sigui\u00f3 nuestra grupa para lanzarse con m\u00e1s velocidad y llevarse una carrera f\u00e1cil. Nos faltaron dos detalle importantes para poder haber estado delante, quiz\u00e1s el haberlo lanzado 100 metros m\u00e1s tarde, y que la pista hubiera estado mucho m\u00e1s blanda. La verdad es que Rany\u00e1n se desenvuelve mucho mejor en un terreno blando que como ayer parec\u00eda estar la pista de Laffitte sin llover desde hace dos semanas.<\/p>\n<p style=\"text-align: justify;\">En cualquier caso, buen trabajo de Eduardo Buz\u00f3n y muy buena campa\u00f1a francesa para Rany\u00e1n que se lleva dos segundos puestos en dos salidas, y que veremos hasta d\u00f3nde puede llegar este a\u00f1o\u2026.\u00a0 De momento, hoy y ma\u00f1ana se va de fin de semana a pastar y descansar y el lunes volver\u00e1 a hacer un trote para ver si su rodilla sigue estando en perfectas condiciones para continuar compitiendo\u2026.<\/p>\n<p style=\"text-align: justify;\">Nuestro programa ahora con \u00e9l y con todos los dem\u00e1s pasa por la confirmaci\u00f3n de la reanudaci\u00f3n de carreras en Madrid. En el mejor de los casos Rany\u00e1n no volver\u00eda a correr hasta dentro de 25 d\u00edas y esto nos hace tener el ojo puesto ya en Madrid. Cada d\u00eda que pasa parece confirmarse una posible reanudaci\u00f3n entre los d\u00edas 10 al 17 de Mayo y esto nos tiene algo desconcertados a todos. En este sentido, aun entendiendo la complejidad del tema, ser\u00eda del todo necesario que los responsables de HZ, CSD, o quien quiera que sea en estos momentos, puedan anticipar la confirmaci\u00f3n lo antes posible para que los profesionales puedan atenerse a uno u otro programa. Deben tener en cuenta que la mayor\u00eda de los profesionales y caballos desgraciadamente hoy est\u00e1n fuera de Espa\u00f1a y reanudar la competici\u00f3n sin demasiado tiempo de aviso y previsi\u00f3n puede causar un gran resbal\u00f3n en unas primeras matr\u00edculas con una caba\u00f1a actual tan peque\u00f1a. Esperemos que esta vez s\u00ed, las cosas se realicen con orden y con sentido.<\/p>\n<hr \/>\n<p>&nbsp;<\/p>\n<!-- AddThis Advanced Settings generic via filter on the_content --><!-- AddThis Share Buttons generic via filter on the_content -->","protected":false},"excerpt":{"rendered":"<p>Rany\u00e1n volvi\u00f3 a pegar ayer al palo en el hip\u00f3dromo de Maisons Laffitte\u00a0con con su segunda salida a pista y con un nuevo segundo puesto en el poste de meta. Volv\u00edamos a tener confianza en la victoria, y de nuevo la tuvimos en la mano, pero se volvi\u00f3 a escapar en el \u00faltimo furlong\u2026 Las [&hellip;]<!-- AddThis Advanced Settings generic via filter on get_the_excerpt --><!-- AddThis Share Buttons generic via filter on get_the_excerpt --><\/p>\n","protected":false},"author":5,"featured_media":0,"comment_status":"closed","ping_status":"closed","sticky":false,"template":"","format":"gallery","meta":{"_acf_changed":false,"_et_pb_use_builder":"","_et_pb_old_content":"","_et_gb_content_width":"","footnotes":""},"categories":[3],"tags":[],"class_list":["post-1754","post","type-post","status-publish","format-gallery","hentry","category-noticias-cuadra-agrado","post_format-post-format-gallery"],"acf":[],"yoast_head":"<!-- This site is optimized with the Yoast SEO plugin v27.4 - https:\/\/yoast.com\/product\/yoast-seo-wordpress\/ -->\n<title>Rany\u00e1n, de nuevo en la gemela!!! - Cuadra Agrado<\/title>\n<meta name=\"robots\" content=\"index, follow, max-snippet:-1, max-image-preview:large, max-video-preview:-1\" \/>\n<link rel=\"canonical\" href=\"https:\/\/cuadra-agrado.es\/?p=1754\" \/>\n<meta property=\"og:locale\" content=\"es_ES\" \/>\n<meta property=\"og:type\" content=\"article\" \/>\n<meta property=\"og:title\" content=\"Rany\u00e1n, de nuevo en la gemela!!! - Cuadra Agrado\" \/>\n<meta property=\"og:description\" content=\"Rany\u00e1n volvi\u00f3 a pegar ayer al palo en el hip\u00f3dromo de Maisons Laffitte\u00a0con con su segunda salida a pista y con un nuevo segundo puesto en el poste de meta. Volv\u00edamos a tener confianza en la victoria, y de nuevo la tuvimos en la mano, pero se volvi\u00f3 a escapar en el \u00faltimo furlong\u2026 Las [&hellip;]\" \/>\n<meta property=\"og:url\" content=\"https:\/\/cuadra-agrado.es\/?p=1754\" \/>\n<meta property=\"og:site_name\" content=\"Cuadra Agrado\" \/>\n<meta property=\"article:published_time\" content=\"2015-04-18T07:17:51+00:00\" \/>\n<meta property=\"article:modified_time\" content=\"2024-02-27T09:27:58+00:00\" \/>\n<meta property=\"og:image\" content=\"http:\/\/cuadra-agrado.es\/wp-content\/uploads\/2015\/04\/ranyan-Laffitte.jpeg\" \/>\n<meta name=\"author\" content=\"Miguel Redondo\" \/>\n<meta name=\"twitter:card\" content=\"summary_large_image\" \/>\n<meta name=\"twitter:creator\" content=\"@AGRADOracing\" \/>\n<meta name=\"twitter:site\" content=\"@AGRADOracing\" \/>\n<meta name=\"twitter:label1\" content=\"Escrito por\" \/>\n\t<meta name=\"twitter:data1\" content=\"Miguel Redondo\" \/>\n\t<meta name=\"twitter:label2\" content=\"Tiempo de lectura\" \/>\n\t<meta name=\"twitter:data2\" content=\"3 minutos\" \/>\n<script type=\"application\/ld+json\" class=\"yoast-schema-graph\">{\"@context\":\"https:\\\/\\\/schema.org\",\"@graph\":[{\"@type\":\"Article\",\"@id\":\"https:\\\/\\\/cuadra-agrado.es\\\/?p=1754#article\",\"isPartOf\":{\"@id\":\"https:\\\/\\\/cuadra-agrado.es\\\/?p=1754\"},\"author\":{\"name\":\"Miguel Redondo\",\"@id\":\"https:\\\/\\\/cuadra-agrado.es\\\/#\\\/schema\\\/person\\\/3aa4f8d2373cf756d93a5526bc72f31b\"},\"headline\":\"Rany\u00e1n, de nuevo en la gemela!!!\",\"datePublished\":\"2015-04-18T07:17:51+00:00\",\"dateModified\":\"2024-02-27T09:27:58+00:00\",\"mainEntityOfPage\":{\"@id\":\"https:\\\/\\\/cuadra-agrado.es\\\/?p=1754\"},\"wordCount\":549,\"image\":{\"@id\":\"https:\\\/\\\/cuadra-agrado.es\\\/?p=1754#primaryimage\"},\"thumbnailUrl\":\"http:\\\/\\\/cuadra-agrado.es\\\/wp-content\\\/uploads\\\/2015\\\/04\\\/ranyan-Laffitte.jpeg\",\"articleSection\":[\"Actualidad\"],\"inLanguage\":\"es\"},{\"@type\":\"WebPage\",\"@id\":\"https:\\\/\\\/cuadra-agrado.es\\\/?p=1754\",\"url\":\"https:\\\/\\\/cuadra-agrado.es\\\/?p=1754\",\"name\":\"Rany\u00e1n, de nuevo en la gemela!!! - Cuadra Agrado\",\"isPartOf\":{\"@id\":\"https:\\\/\\\/cuadra-agrado.es\\\/#website\"},\"primaryImageOfPage\":{\"@id\":\"https:\\\/\\\/cuadra-agrado.es\\\/?p=1754#primaryimage\"},\"image\":{\"@id\":\"https:\\\/\\\/cuadra-agrado.es\\\/?p=1754#primaryimage\"},\"thumbnailUrl\":\"http:\\\/\\\/cuadra-agrado.es\\\/wp-content\\\/uploads\\\/2015\\\/04\\\/ranyan-Laffitte.jpeg\",\"datePublished\":\"2015-04-18T07:17:51+00:00\",\"dateModified\":\"2024-02-27T09:27:58+00:00\",\"author\":{\"@id\":\"https:\\\/\\\/cuadra-agrado.es\\\/#\\\/schema\\\/person\\\/3aa4f8d2373cf756d93a5526bc72f31b\"},\"breadcrumb\":{\"@id\":\"https:\\\/\\\/cuadra-agrado.es\\\/?p=1754#breadcrumb\"},\"inLanguage\":\"es\",\"potentialAction\":[{\"@type\":\"ReadAction\",\"target\":[\"https:\\\/\\\/cuadra-agrado.es\\\/?p=1754\"]}]},{\"@type\":\"ImageObject\",\"inLanguage\":\"es\",\"@id\":\"https:\\\/\\\/cuadra-agrado.es\\\/?p=1754#primaryimage\",\"url\":\"http:\\\/\\\/cuadra-agrado.es\\\/wp-content\\\/uploads\\\/2015\\\/04\\\/ranyan-Laffitte.jpeg\",\"contentUrl\":\"http:\\\/\\\/cuadra-agrado.es\\\/wp-content\\\/uploads\\\/2015\\\/04\\\/ranyan-Laffitte.jpeg\"},{\"@type\":\"BreadcrumbList\",\"@id\":\"https:\\\/\\\/cuadra-agrado.es\\\/?p=1754#breadcrumb\",\"itemListElement\":[{\"@type\":\"ListItem\",\"position\":1,\"name\":\"Portada\",\"item\":\"https:\\\/\\\/cuadra-agrado.es\\\/\"},{\"@type\":\"ListItem\",\"position\":2,\"name\":\"Rany\u00e1n, de nuevo en la gemela!!!\"}]},{\"@type\":\"WebSite\",\"@id\":\"https:\\\/\\\/cuadra-agrado.es\\\/#website\",\"url\":\"https:\\\/\\\/cuadra-agrado.es\\\/\",\"name\":\"Cuadra Agrado\",\"description\":\"En el mundo del Turf desde 2008\",\"potentialAction\":[{\"@type\":\"SearchAction\",\"target\":{\"@type\":\"EntryPoint\",\"urlTemplate\":\"https:\\\/\\\/cuadra-agrado.es\\\/?s={search_term_string}\"},\"query-input\":{\"@type\":\"PropertyValueSpecification\",\"valueRequired\":true,\"valueName\":\"search_term_string\"}}],\"inLanguage\":\"es\"},{\"@type\":\"Person\",\"@id\":\"https:\\\/\\\/cuadra-agrado.es\\\/#\\\/schema\\\/person\\\/3aa4f8d2373cf756d93a5526bc72f31b\",\"name\":\"Miguel Redondo\",\"image\":{\"@type\":\"ImageObject\",\"inLanguage\":\"es\",\"@id\":\"https:\\\/\\\/secure.gravatar.com\\\/avatar\\\/85704fceb4fa34017e3c1344d182da00dbf772fb8856ba2b7726a2df926415b4?s=96&d=mm&r=g\",\"url\":\"https:\\\/\\\/secure.gravatar.com\\\/avatar\\\/85704fceb4fa34017e3c1344d182da00dbf772fb8856ba2b7726a2df926415b4?s=96&d=mm&r=g\",\"contentUrl\":\"https:\\\/\\\/secure.gravatar.com\\\/avatar\\\/85704fceb4fa34017e3c1344d182da00dbf772fb8856ba2b7726a2df926415b4?s=96&d=mm&r=g\",\"caption\":\"Miguel Redondo\"},\"sameAs\":[\"https:\\\/\\\/cuadra-agrado.es\"],\"url\":\"https:\\\/\\\/cuadra-agrado.es\\\/?author=5\"}]}<\/script>\n<!-- \/ Yoast SEO plugin. -->","yoast_head_json":{"title":"Rany\u00e1n, de nuevo en la gemela!!! - Cuadra Agrado","robots":{"index":"index","follow":"follow","max-snippet":"max-snippet:-1","max-image-preview":"max-image-preview:large","max-video-preview":"max-video-preview:-1"},"canonical":"https:\/\/cuadra-agrado.es\/?p=1754","og_locale":"es_ES","og_type":"article","og_title":"Rany\u00e1n, de nuevo en la gemela!!! - Cuadra Agrado","og_description":"Rany\u00e1n volvi\u00f3 a pegar ayer al palo en el hip\u00f3dromo de Maisons Laffitte\u00a0con con su segunda salida a pista y con un nuevo segundo puesto en el poste de meta. Volv\u00edamos a tener confianza en la victoria, y de nuevo la tuvimos en la mano, pero se volvi\u00f3 a escapar en el \u00faltimo furlong\u2026 Las [&hellip;]","og_url":"https:\/\/cuadra-agrado.es\/?p=1754","og_site_name":"Cuadra Agrado","article_published_time":"2015-04-18T07:17:51+00:00","article_modified_time":"2024-02-27T09:27:58+00:00","og_image":[{"url":"http:\/\/cuadra-agrado.es\/wp-content\/uploads\/2015\/04\/ranyan-Laffitte.jpeg","type":"","width":"","height":""}],"author":"Miguel Redondo","twitter_card":"summary_large_image","twitter_creator":"@AGRADOracing","twitter_site":"@AGRADOracing","twitter_misc":{"Escrito por":"Miguel Redondo","Tiempo de lectura":"3 minutos"},"schema":{"@context":"https:\/\/schema.org","@graph":[{"@type":"Article","@id":"https:\/\/cuadra-agrado.es\/?p=1754#article","isPartOf":{"@id":"https:\/\/cuadra-agrado.es\/?p=1754"},"author":{"name":"Miguel Redondo","@id":"https:\/\/cuadra-agrado.es\/#\/schema\/person\/3aa4f8d2373cf756d93a5526bc72f31b"},"headline":"Rany\u00e1n, de nuevo en la gemela!!!","datePublished":"2015-04-18T07:17:51+00:00","dateModified":"2024-02-27T09:27:58+00:00","mainEntityOfPage":{"@id":"https:\/\/cuadra-agrado.es\/?p=1754"},"wordCount":549,"image":{"@id":"https:\/\/cuadra-agrado.es\/?p=1754#primaryimage"},"thumbnailUrl":"http:\/\/cuadra-agrado.es\/wp-content\/uploads\/2015\/04\/ranyan-Laffitte.jpeg","articleSection":["Actualidad"],"inLanguage":"es"},{"@type":"WebPage","@id":"https:\/\/cuadra-agrado.es\/?p=1754","url":"https:\/\/cuadra-agrado.es\/?p=1754","name":"Rany\u00e1n, de nuevo en la gemela!!! - Cuadra Agrado","isPartOf":{"@id":"https:\/\/cuadra-agrado.es\/#website"},"primaryImageOfPage":{"@id":"https:\/\/cuadra-agrado.es\/?p=1754#primaryimage"},"image":{"@id":"https:\/\/cuadra-agrado.es\/?p=1754#primaryimage"},"thumbnailUrl":"http:\/\/cuadra-agrado.es\/wp-content\/uploads\/2015\/04\/ranyan-Laffitte.jpeg","datePublished":"2015-04-18T07:17:51+00:00","dateModified":"2024-02-27T09:27:58+00:00","author":{"@id":"https:\/\/cuadra-agrado.es\/#\/schema\/person\/3aa4f8d2373cf756d93a5526bc72f31b"},"breadcrumb":{"@id":"https:\/\/cuadra-agrado.es\/?p=1754#breadcrumb"},"inLanguage":"es","potentialAction":[{"@type":"ReadAction","target":["https:\/\/cuadra-agrado.es\/?p=1754"]}]},{"@type":"ImageObject","inLanguage":"es","@id":"https:\/\/cuadra-agrado.es\/?p=1754#primaryimage","url":"http:\/\/cuadra-agrado.es\/wp-content\/uploads\/2015\/04\/ranyan-Laffitte.jpeg","contentUrl":"http:\/\/cuadra-agrado.es\/wp-content\/uploads\/2015\/04\/ranyan-Laffitte.jpeg"},{"@type":"BreadcrumbList","@id":"https:\/\/cuadra-agrado.es\/?p=1754#breadcrumb","itemListElement":[{"@type":"ListItem","position":1,"name":"Portada","item":"https:\/\/cuadra-agrado.es\/"},{"@type":"ListItem","position":2,"name":"Rany\u00e1n, de nuevo en la gemela!!!"}]},{"@type":"WebSite","@id":"https:\/\/cuadra-agrado.es\/#website","url":"https:\/\/cuadra-agrado.es\/","name":"Cuadra Agrado","description":"En el mundo del Turf desde 2008","potentialAction":[{"@type":"SearchAction","target":{"@type":"EntryPoint","urlTemplate":"https:\/\/cuadra-agrado.es\/?s={search_term_string}"},"query-input":{"@type":"PropertyValueSpecification","valueRequired":true,"valueName":"search_term_string"}}],"inLanguage":"es"},{"@type":"Person","@id":"https:\/\/cuadra-agrado.es\/#\/schema\/person\/3aa4f8d2373cf756d93a5526bc72f31b","name":"Miguel Redondo","image":{"@type":"ImageObject","inLanguage":"es","@id":"https:\/\/secure.gravatar.com\/avatar\/85704fceb4fa34017e3c1344d182da00dbf772fb8856ba2b7726a2df926415b4?s=96&d=mm&r=g","url":"https:\/\/secure.gravatar.com\/avatar\/85704fceb4fa34017e3c1344d182da00dbf772fb8856ba2b7726a2df926415b4?s=96&d=mm&r=g","contentUrl":"https:\/\/secure.gravatar.com\/avatar\/85704fceb4fa34017e3c1344d182da00dbf772fb8856ba2b7726a2df926415b4?s=96&d=mm&r=g","caption":"Miguel Redondo"},"sameAs":["https:\/\/cuadra-agrado.es"],"url":"https:\/\/cuadra-agrado.es\/?author=5"}]}},"_links":{"self":[{"href":"https:\/\/cuadra-agrado.es\/index.php?rest_route=\/wp\/v2\/posts\/1754","targetHints":{"allow":["GET"]}}],"collection":[{"href":"https:\/\/cuadra-agrado.es\/index.php?rest_route=\/wp\/v2\/posts"}],"about":[{"href":"https:\/\/cuadra-agrado.es\/index.php?rest_route=\/wp\/v2\/types\/post"}],"author":[{"embeddable":true,"href":"https:\/\/cuadra-agrado.es\/index.php?rest_route=\/wp\/v2\/users\/5"}],"replies":[{"embeddable":true,"href":"https:\/\/cuadra-agrado.es\/index.php?rest_route=%2Fwp%2Fv2%2Fcomments&post=1754"}],"version-history":[{"count":0,"href":"https:\/\/cuadra-agrado.es\/index.php?rest_route=\/wp\/v2\/posts\/1754\/revisions"}],"wp:attachment":[{"href":"https:\/\/cuadra-agrado.es\/index.php?rest_route=%2Fwp%2Fv2%2Fmedia&parent=1754"}],"wp:term":[{"taxonomy":"category","embeddable":true,"href":"https:\/\/cuadra-agrado.es\/index.php?rest_route=%2Fwp%2Fv2%2Fcategories&post=1754"},{"taxonomy":"post_tag","embeddable":true,"href":"https:\/\/cuadra-agrado.es\/index.php?rest_route=%2Fwp%2Fv2%2Ftags&post=1754"}],"curies":[{"name":"wp","href":"https:\/\/api.w.org\/{rel}","templated":true}]}}