{"id":1749,"date":"2015-04-15T10:22:21","date_gmt":"2015-04-15T09:22:21","guid":{"rendered":"https:\/\/cuadra-agrado.es\/?p=1749"},"modified":"2024-02-27T09:27:59","modified_gmt":"2024-02-27T09:27:59","slug":"ranyan-cumple-6-anos","status":"publish","type":"post","link":"https:\/\/cuadra-agrado.es\/?p=1749","title":{"rendered":"Rany\u00e1n cumple 6 a\u00f1os!!!"},"content":{"rendered":"<p style=\"text-align: justify;\"><a href=\"http:\/\/cuadra-agrado.es\/wp-content\/uploads\/2015\/04\/ranyan-chantilly.jpg\" target=\"_blank\" rel=\"noopener noreferrer\"><img loading=\"lazy\" decoding=\"async\" class=\"alignleft  wp-image-1750\" alt=\"ranyan-chantilly\" src=\"http:\/\/cuadra-agrado.es\/wp-content\/uploads\/2015\/04\/ranyan-chantilly.jpg\" width=\"250\" height=\"300\" \/><\/a>Nuestro querido Rany\u00e1n cumple hoy 6 a\u00f1os y ser\u00eda fant\u00e1stico celebrarlo este pr\u00f3ximo viernes en su salida a pista en el Prix Hubert D&#8217;ideville en el hip\u00f3dromo de Maison Laffite (15:20 h.). Un reclamar sobre distancia de 2.500 metros donde tiene unas muy buenas opciones de estar luchando la tan ansiada primera victoria en nuestro periplo franc\u00e9s.<\/p>\n<p style=\"text-align: justify;\">El bueno de Rany\u00e1n parece estar aguantando bien sus problemas de rodilla y est\u00e1 en su mejor forma desde que est\u00e1 con nosotros. Ha musculado como nunca y se le ve muy contento en tierras galas con una acci\u00f3n brillante que nos anima a confiar en sus posibilidades de \u00e9xito despu\u00e9s de una muy buena reaparici\u00f3n donde le quitaron la victoria en los \u00faltimos trancos. Un mes despu\u00e9s de esta, el caballo se muestra mucho m\u00e1s en forma y con una condici\u00f3n muy confiable. El \u00fanico &#8216;handicap&#8217; es que esta prueba es para &#8216;Gentlemen Ryders&#8217; y siempre es complicado pronosticar si el binomio encajar\u00e1. En cualquier caso nuestro preparador conf\u00eda la monta en Maxime Denuault ganador ya este a\u00f1o al que deseamos mucha suerte.<\/p>\n<p style=\"text-align: justify;\">Nuestro objetivo inicial con Rany\u00e1n era reaparecer bien e ir viendo su evoluci\u00f3n de su rodilla. Esta su segunda salida podr\u00eda ser su \u00faltima carrera para pasar nuevamente a un descanso de 3 meses que nos permita volver a competir a final de temporada de oto\u00f1o, Ojal\u00e1 en Madrid!!. En cualquier caso, esperaremos el devenir de esta carrera para programar su futuro.<\/p>\n<p style=\"text-align: justify;\">Partant definitivo con nueve participantes donde nuestro mayor rival podr\u00eda ser &#8216;Casar&#8217;, antiguo conocido de nuestro turf que lleva compitiendo en Francia desde 2013 y que lleg\u00f3 a ser valor 43 (actual 38.5) y disputar pruebas Listed el pasado a\u00f1o a las \u00f3rdenes de M. Delcher, pero que parece haber bajado valor en el cambio de preparaci\u00f3n en este a\u00f1o. Vamos a ver si la lluvia llega en estos d\u00edas por tierras parisinas y nos ayuda a encontrar un terreno blando que le permita competir en las mejores condiciones y poder celebrar un feliz cumplea\u00f1os!!!<\/p>\n<hr \/>\n<p>&nbsp;<\/p>\n<!-- AddThis Advanced Settings generic via filter on the_content --><!-- AddThis Share Buttons generic via filter on the_content -->","protected":false},"excerpt":{"rendered":"<p>Nuestro querido Rany\u00e1n cumple hoy 6 a\u00f1os y ser\u00eda fant\u00e1stico celebrarlo este pr\u00f3ximo viernes en su salida a pista en el Prix Hubert D&#8217;ideville en el hip\u00f3dromo de Maison Laffite (15:20 h.). Un reclamar sobre distancia de 2.500 metros donde tiene unas muy buenas opciones de estar luchando la tan ansiada primera victoria en nuestro [&hellip;]<!-- AddThis Advanced Settings generic via filter on get_the_excerpt --><!-- AddThis Share Buttons generic via filter on get_the_excerpt --><\/p>\n","protected":false},"author":5,"featured_media":0,"comment_status":"closed","ping_status":"closed","sticky":false,"template":"","format":"gallery","meta":{"_acf_changed":false,"_et_pb_use_builder":"","_et_pb_old_content":"","_et_gb_content_width":"","footnotes":""},"categories":[3],"tags":[],"class_list":["post-1749","post","type-post","status-publish","format-gallery","hentry","category-noticias-cuadra-agrado","post_format-post-format-gallery"],"acf":[],"yoast_head":"<!-- This site is optimized with the Yoast SEO plugin v27.4 - https:\/\/yoast.com\/product\/yoast-seo-wordpress\/ -->\n<title>Rany\u00e1n cumple 6 a\u00f1os!!! - Cuadra Agrado<\/title>\n<meta name=\"robots\" content=\"index, follow, max-snippet:-1, max-image-preview:large, max-video-preview:-1\" \/>\n<link rel=\"canonical\" href=\"https:\/\/cuadra-agrado.es\/?p=1749\" \/>\n<meta property=\"og:locale\" content=\"es_ES\" \/>\n<meta property=\"og:type\" content=\"article\" \/>\n<meta property=\"og:title\" content=\"Rany\u00e1n cumple 6 a\u00f1os!!! - Cuadra Agrado\" \/>\n<meta property=\"og:description\" content=\"Nuestro querido Rany\u00e1n cumple hoy 6 a\u00f1os y ser\u00eda fant\u00e1stico celebrarlo este pr\u00f3ximo viernes en su salida a pista en el Prix Hubert D&#8217;ideville en el hip\u00f3dromo de Maison Laffite (15:20 h.). Un reclamar sobre distancia de 2.500 metros donde tiene unas muy buenas opciones de estar luchando la tan ansiada primera victoria en nuestro [&hellip;]\" \/>\n<meta property=\"og:url\" content=\"https:\/\/cuadra-agrado.es\/?p=1749\" \/>\n<meta property=\"og:site_name\" content=\"Cuadra Agrado\" \/>\n<meta property=\"article:published_time\" content=\"2015-04-15T09:22:21+00:00\" \/>\n<meta property=\"article:modified_time\" content=\"2024-02-27T09:27:59+00:00\" \/>\n<meta property=\"og:image\" content=\"http:\/\/cuadra-agrado.es\/wp-content\/uploads\/2015\/04\/ranyan-chantilly.jpg\" \/>\n<meta name=\"author\" content=\"Miguel Redondo\" \/>\n<meta name=\"twitter:card\" content=\"summary_large_image\" \/>\n<meta name=\"twitter:creator\" content=\"@AGRADOracing\" \/>\n<meta name=\"twitter:site\" content=\"@AGRADOracing\" \/>\n<meta name=\"twitter:label1\" content=\"Escrito por\" \/>\n\t<meta name=\"twitter:data1\" content=\"Miguel Redondo\" \/>\n\t<meta name=\"twitter:label2\" content=\"Tiempo de lectura\" \/>\n\t<meta name=\"twitter:data2\" content=\"2 minutos\" \/>\n<script type=\"application\/ld+json\" class=\"yoast-schema-graph\">{\"@context\":\"https:\\\/\\\/schema.org\",\"@graph\":[{\"@type\":\"Article\",\"@id\":\"https:\\\/\\\/cuadra-agrado.es\\\/?p=1749#article\",\"isPartOf\":{\"@id\":\"https:\\\/\\\/cuadra-agrado.es\\\/?p=1749\"},\"author\":{\"name\":\"Miguel Redondo\",\"@id\":\"https:\\\/\\\/cuadra-agrado.es\\\/#\\\/schema\\\/person\\\/3aa4f8d2373cf756d93a5526bc72f31b\"},\"headline\":\"Rany\u00e1n cumple 6 a\u00f1os!!!\",\"datePublished\":\"2015-04-15T09:22:21+00:00\",\"dateModified\":\"2024-02-27T09:27:59+00:00\",\"mainEntityOfPage\":{\"@id\":\"https:\\\/\\\/cuadra-agrado.es\\\/?p=1749\"},\"wordCount\":364,\"image\":{\"@id\":\"https:\\\/\\\/cuadra-agrado.es\\\/?p=1749#primaryimage\"},\"thumbnailUrl\":\"http:\\\/\\\/cuadra-agrado.es\\\/wp-content\\\/uploads\\\/2015\\\/04\\\/ranyan-chantilly.jpg\",\"articleSection\":[\"Actualidad\"],\"inLanguage\":\"es\"},{\"@type\":\"WebPage\",\"@id\":\"https:\\\/\\\/cuadra-agrado.es\\\/?p=1749\",\"url\":\"https:\\\/\\\/cuadra-agrado.es\\\/?p=1749\",\"name\":\"Rany\u00e1n cumple 6 a\u00f1os!!! - Cuadra Agrado\",\"isPartOf\":{\"@id\":\"https:\\\/\\\/cuadra-agrado.es\\\/#website\"},\"primaryImageOfPage\":{\"@id\":\"https:\\\/\\\/cuadra-agrado.es\\\/?p=1749#primaryimage\"},\"image\":{\"@id\":\"https:\\\/\\\/cuadra-agrado.es\\\/?p=1749#primaryimage\"},\"thumbnailUrl\":\"http:\\\/\\\/cuadra-agrado.es\\\/wp-content\\\/uploads\\\/2015\\\/04\\\/ranyan-chantilly.jpg\",\"datePublished\":\"2015-04-15T09:22:21+00:00\",\"dateModified\":\"2024-02-27T09:27:59+00:00\",\"author\":{\"@id\":\"https:\\\/\\\/cuadra-agrado.es\\\/#\\\/schema\\\/person\\\/3aa4f8d2373cf756d93a5526bc72f31b\"},\"breadcrumb\":{\"@id\":\"https:\\\/\\\/cuadra-agrado.es\\\/?p=1749#breadcrumb\"},\"inLanguage\":\"es\",\"potentialAction\":[{\"@type\":\"ReadAction\",\"target\":[\"https:\\\/\\\/cuadra-agrado.es\\\/?p=1749\"]}]},{\"@type\":\"ImageObject\",\"inLanguage\":\"es\",\"@id\":\"https:\\\/\\\/cuadra-agrado.es\\\/?p=1749#primaryimage\",\"url\":\"http:\\\/\\\/cuadra-agrado.es\\\/wp-content\\\/uploads\\\/2015\\\/04\\\/ranyan-chantilly.jpg\",\"contentUrl\":\"http:\\\/\\\/cuadra-agrado.es\\\/wp-content\\\/uploads\\\/2015\\\/04\\\/ranyan-chantilly.jpg\"},{\"@type\":\"BreadcrumbList\",\"@id\":\"https:\\\/\\\/cuadra-agrado.es\\\/?p=1749#breadcrumb\",\"itemListElement\":[{\"@type\":\"ListItem\",\"position\":1,\"name\":\"Portada\",\"item\":\"https:\\\/\\\/cuadra-agrado.es\\\/\"},{\"@type\":\"ListItem\",\"position\":2,\"name\":\"Rany\u00e1n cumple 6 a\u00f1os!!!\"}]},{\"@type\":\"WebSite\",\"@id\":\"https:\\\/\\\/cuadra-agrado.es\\\/#website\",\"url\":\"https:\\\/\\\/cuadra-agrado.es\\\/\",\"name\":\"Cuadra Agrado\",\"description\":\"En el mundo del Turf desde 2008\",\"potentialAction\":[{\"@type\":\"SearchAction\",\"target\":{\"@type\":\"EntryPoint\",\"urlTemplate\":\"https:\\\/\\\/cuadra-agrado.es\\\/?s={search_term_string}\"},\"query-input\":{\"@type\":\"PropertyValueSpecification\",\"valueRequired\":true,\"valueName\":\"search_term_string\"}}],\"inLanguage\":\"es\"},{\"@type\":\"Person\",\"@id\":\"https:\\\/\\\/cuadra-agrado.es\\\/#\\\/schema\\\/person\\\/3aa4f8d2373cf756d93a5526bc72f31b\",\"name\":\"Miguel Redondo\",\"image\":{\"@type\":\"ImageObject\",\"inLanguage\":\"es\",\"@id\":\"https:\\\/\\\/secure.gravatar.com\\\/avatar\\\/85704fceb4fa34017e3c1344d182da00dbf772fb8856ba2b7726a2df926415b4?s=96&d=mm&r=g\",\"url\":\"https:\\\/\\\/secure.gravatar.com\\\/avatar\\\/85704fceb4fa34017e3c1344d182da00dbf772fb8856ba2b7726a2df926415b4?s=96&d=mm&r=g\",\"contentUrl\":\"https:\\\/\\\/secure.gravatar.com\\\/avatar\\\/85704fceb4fa34017e3c1344d182da00dbf772fb8856ba2b7726a2df926415b4?s=96&d=mm&r=g\",\"caption\":\"Miguel Redondo\"},\"sameAs\":[\"https:\\\/\\\/cuadra-agrado.es\"],\"url\":\"https:\\\/\\\/cuadra-agrado.es\\\/?author=5\"}]}<\/script>\n<!-- \/ Yoast SEO plugin. -->","yoast_head_json":{"title":"Rany\u00e1n cumple 6 a\u00f1os!!! - Cuadra Agrado","robots":{"index":"index","follow":"follow","max-snippet":"max-snippet:-1","max-image-preview":"max-image-preview:large","max-video-preview":"max-video-preview:-1"},"canonical":"https:\/\/cuadra-agrado.es\/?p=1749","og_locale":"es_ES","og_type":"article","og_title":"Rany\u00e1n cumple 6 a\u00f1os!!! - Cuadra Agrado","og_description":"Nuestro querido Rany\u00e1n cumple hoy 6 a\u00f1os y ser\u00eda fant\u00e1stico celebrarlo este pr\u00f3ximo viernes en su salida a pista en el Prix Hubert D&#8217;ideville en el hip\u00f3dromo de Maison Laffite (15:20 h.). Un reclamar sobre distancia de 2.500 metros donde tiene unas muy buenas opciones de estar luchando la tan ansiada primera victoria en nuestro [&hellip;]","og_url":"https:\/\/cuadra-agrado.es\/?p=1749","og_site_name":"Cuadra Agrado","article_published_time":"2015-04-15T09:22:21+00:00","article_modified_time":"2024-02-27T09:27:59+00:00","og_image":[{"url":"http:\/\/cuadra-agrado.es\/wp-content\/uploads\/2015\/04\/ranyan-chantilly.jpg","type":"","width":"","height":""}],"author":"Miguel Redondo","twitter_card":"summary_large_image","twitter_creator":"@AGRADOracing","twitter_site":"@AGRADOracing","twitter_misc":{"Escrito por":"Miguel Redondo","Tiempo de lectura":"2 minutos"},"schema":{"@context":"https:\/\/schema.org","@graph":[{"@type":"Article","@id":"https:\/\/cuadra-agrado.es\/?p=1749#article","isPartOf":{"@id":"https:\/\/cuadra-agrado.es\/?p=1749"},"author":{"name":"Miguel Redondo","@id":"https:\/\/cuadra-agrado.es\/#\/schema\/person\/3aa4f8d2373cf756d93a5526bc72f31b"},"headline":"Rany\u00e1n cumple 6 a\u00f1os!!!","datePublished":"2015-04-15T09:22:21+00:00","dateModified":"2024-02-27T09:27:59+00:00","mainEntityOfPage":{"@id":"https:\/\/cuadra-agrado.es\/?p=1749"},"wordCount":364,"image":{"@id":"https:\/\/cuadra-agrado.es\/?p=1749#primaryimage"},"thumbnailUrl":"http:\/\/cuadra-agrado.es\/wp-content\/uploads\/2015\/04\/ranyan-chantilly.jpg","articleSection":["Actualidad"],"inLanguage":"es"},{"@type":"WebPage","@id":"https:\/\/cuadra-agrado.es\/?p=1749","url":"https:\/\/cuadra-agrado.es\/?p=1749","name":"Rany\u00e1n cumple 6 a\u00f1os!!! - Cuadra Agrado","isPartOf":{"@id":"https:\/\/cuadra-agrado.es\/#website"},"primaryImageOfPage":{"@id":"https:\/\/cuadra-agrado.es\/?p=1749#primaryimage"},"image":{"@id":"https:\/\/cuadra-agrado.es\/?p=1749#primaryimage"},"thumbnailUrl":"http:\/\/cuadra-agrado.es\/wp-content\/uploads\/2015\/04\/ranyan-chantilly.jpg","datePublished":"2015-04-15T09:22:21+00:00","dateModified":"2024-02-27T09:27:59+00:00","author":{"@id":"https:\/\/cuadra-agrado.es\/#\/schema\/person\/3aa4f8d2373cf756d93a5526bc72f31b"},"breadcrumb":{"@id":"https:\/\/cuadra-agrado.es\/?p=1749#breadcrumb"},"inLanguage":"es","potentialAction":[{"@type":"ReadAction","target":["https:\/\/cuadra-agrado.es\/?p=1749"]}]},{"@type":"ImageObject","inLanguage":"es","@id":"https:\/\/cuadra-agrado.es\/?p=1749#primaryimage","url":"http:\/\/cuadra-agrado.es\/wp-content\/uploads\/2015\/04\/ranyan-chantilly.jpg","contentUrl":"http:\/\/cuadra-agrado.es\/wp-content\/uploads\/2015\/04\/ranyan-chantilly.jpg"},{"@type":"BreadcrumbList","@id":"https:\/\/cuadra-agrado.es\/?p=1749#breadcrumb","itemListElement":[{"@type":"ListItem","position":1,"name":"Portada","item":"https:\/\/cuadra-agrado.es\/"},{"@type":"ListItem","position":2,"name":"Rany\u00e1n cumple 6 a\u00f1os!!!"}]},{"@type":"WebSite","@id":"https:\/\/cuadra-agrado.es\/#website","url":"https:\/\/cuadra-agrado.es\/","name":"Cuadra Agrado","description":"En el mundo del Turf desde 2008","potentialAction":[{"@type":"SearchAction","target":{"@type":"EntryPoint","urlTemplate":"https:\/\/cuadra-agrado.es\/?s={search_term_string}"},"query-input":{"@type":"PropertyValueSpecification","valueRequired":true,"valueName":"search_term_string"}}],"inLanguage":"es"},{"@type":"Person","@id":"https:\/\/cuadra-agrado.es\/#\/schema\/person\/3aa4f8d2373cf756d93a5526bc72f31b","name":"Miguel Redondo","image":{"@type":"ImageObject","inLanguage":"es","@id":"https:\/\/secure.gravatar.com\/avatar\/85704fceb4fa34017e3c1344d182da00dbf772fb8856ba2b7726a2df926415b4?s=96&d=mm&r=g","url":"https:\/\/secure.gravatar.com\/avatar\/85704fceb4fa34017e3c1344d182da00dbf772fb8856ba2b7726a2df926415b4?s=96&d=mm&r=g","contentUrl":"https:\/\/secure.gravatar.com\/avatar\/85704fceb4fa34017e3c1344d182da00dbf772fb8856ba2b7726a2df926415b4?s=96&d=mm&r=g","caption":"Miguel Redondo"},"sameAs":["https:\/\/cuadra-agrado.es"],"url":"https:\/\/cuadra-agrado.es\/?author=5"}]}},"_links":{"self":[{"href":"https:\/\/cuadra-agrado.es\/index.php?rest_route=\/wp\/v2\/posts\/1749","targetHints":{"allow":["GET"]}}],"collection":[{"href":"https:\/\/cuadra-agrado.es\/index.php?rest_route=\/wp\/v2\/posts"}],"about":[{"href":"https:\/\/cuadra-agrado.es\/index.php?rest_route=\/wp\/v2\/types\/post"}],"author":[{"embeddable":true,"href":"https:\/\/cuadra-agrado.es\/index.php?rest_route=\/wp\/v2\/users\/5"}],"replies":[{"embeddable":true,"href":"https:\/\/cuadra-agrado.es\/index.php?rest_route=%2Fwp%2Fv2%2Fcomments&post=1749"}],"version-history":[{"count":0,"href":"https:\/\/cuadra-agrado.es\/index.php?rest_route=\/wp\/v2\/posts\/1749\/revisions"}],"wp:attachment":[{"href":"https:\/\/cuadra-agrado.es\/index.php?rest_route=%2Fwp%2Fv2%2Fmedia&parent=1749"}],"wp:term":[{"taxonomy":"category","embeddable":true,"href":"https:\/\/cuadra-agrado.es\/index.php?rest_route=%2Fwp%2Fv2%2Fcategories&post=1749"},{"taxonomy":"post_tag","embeddable":true,"href":"https:\/\/cuadra-agrado.es\/index.php?rest_route=%2Fwp%2Fv2%2Ftags&post=1749"}],"curies":[{"name":"wp","href":"https:\/\/api.w.org\/{rel}","templated":true}]}}