{"id":1741,"date":"2015-04-13T08:21:36","date_gmt":"2015-04-13T07:21:36","guid":{"rendered":"https:\/\/cuadra-agrado.es\/?p=1741"},"modified":"2024-02-27T09:28:00","modified_gmt":"2024-02-27T09:28:00","slug":"il-presuntuoso-y-zambeze-se-dan-cita-en-saint-cloud","status":"publish","type":"post","link":"https:\/\/cuadra-agrado.es\/?p=1741","title":{"rendered":"Il Presuntuoso y Zambeze se dan cita en Saint Cloud!!"},"content":{"rendered":"<p style=\"text-align: justify;\"><a href=\"http:\/\/cuadra-agrado.es\/wp-content\/uploads\/2015\/01\/ILPRE.jpg\" target=\"_blank\" rel=\"noopener noreferrer\"><img loading=\"lazy\" decoding=\"async\" class=\"alignleft  wp-image-1589\" alt=\"ILPRE\" src=\"http:\/\/cuadra-agrado.es\/wp-content\/uploads\/2015\/01\/ILPRE.jpg\" width=\"300\" height=\"200\" \/><\/a>Ma\u00f1ana martes volvemos al hip\u00f3dromo de Saint Cloud poniendo en pista a dos de nuestros efectivos en sendos reclamares sobre distancia de 1.600 metros.<\/p>\n<p style=\"text-align: justify;\">Il Presuntuoso en el Prix Montmagny (12:45 h.) en un reclamar a vender en 14.000 euros (categor\u00eda E) con 11 partants definitivos donde buscar\u00e1 su primera victoria para nuestros colores en tierras francesas. Busc\u00e1bamos un h\u00e1ndicap para \u00e9l, pero el calendario no ofrec\u00eda demasiadas salidas en este aspecto por lo que decidimos este reclamar donde, en caso de ser reclamado, pondremos nuestra defensa. En su \u00faltima actuaci\u00f3n se le hizo un poco larga la distancia de los 2.000 metros, y probamos ahora en la milla para intentar luchar una carrera donde sus mayores rivales nos ofrecen kilos. Es ganador en distancia de 1.500 metros el pasado a\u00f1o, por lo que creemos puede realizar un buen recorrido. A la silla de nuevo Borja Fayos con mucha confianza en la forma actual del caballo que poco a poco ha ido mejorando su f\u00edsico desde su reaparici\u00f3n y que creemos vuelve a recuperar su valor 34 en esta.<\/p>\n<p style=\"text-align: justify;\">Zambeze reaparecer\u00e1 este mismo d\u00eda en el Prix Ville D&#8217;avray, (14:50 h.) un reclamar a vender en 11.000 euros (categoria F) con 14 partants donde tambi\u00e9n tenemos una posibilidad de colocaci\u00f3n en base a los fabulosos trabajos que desde Enero est\u00e1 realizando. Una carrera muy abierta donde lo m\u00e1s importante para nosotros es despejar definitivamente las dudas fundadas que tenemos con este hijo de Kheleyf que apenas nos ha aportado nada en sus tres salidas, pero que despu\u00e9s de su castraci\u00f3n y su mejora en el rendimiento, creemos que podr\u00eda darnos una primera satisfacci\u00f3n que merecemos por nuestro esfuerzo y el de nuestros profesionales. Nuestro preparador ha decidido en esta cita confiar la monta a Fabien Lefebvre para intentar cambiarle el chip en carrera en su mejor versi\u00f3n.<\/p>\n<hr \/>\n<p style=\"text-align: justify;\">\n<!-- AddThis Advanced Settings generic via filter on the_content --><!-- AddThis Share Buttons generic via filter on the_content -->","protected":false},"excerpt":{"rendered":"<p>Ma\u00f1ana martes volvemos al hip\u00f3dromo de Saint Cloud poniendo en pista a dos de nuestros efectivos en sendos reclamares sobre distancia de 1.600 metros. Il Presuntuoso en el Prix Montmagny (12:45 h.) en un reclamar a vender en 14.000 euros (categor\u00eda E) con 11 partants definitivos donde buscar\u00e1 su primera victoria para nuestros colores en [&hellip;]<!-- AddThis Advanced Settings generic via filter on get_the_excerpt --><!-- AddThis Share Buttons generic via filter on get_the_excerpt --><\/p>\n","protected":false},"author":5,"featured_media":0,"comment_status":"closed","ping_status":"closed","sticky":false,"template":"","format":"gallery","meta":{"_acf_changed":false,"_et_pb_use_builder":"","_et_pb_old_content":"","_et_gb_content_width":"","footnotes":""},"categories":[3],"tags":[],"class_list":["post-1741","post","type-post","status-publish","format-gallery","hentry","category-noticias-cuadra-agrado","post_format-post-format-gallery"],"acf":[],"yoast_head":"<!-- This site is optimized with the Yoast SEO plugin v27.4 - https:\/\/yoast.com\/product\/yoast-seo-wordpress\/ -->\n<title>Il Presuntuoso y Zambeze se dan cita en Saint Cloud!! - Cuadra Agrado<\/title>\n<meta name=\"robots\" content=\"index, follow, max-snippet:-1, max-image-preview:large, max-video-preview:-1\" \/>\n<link rel=\"canonical\" href=\"https:\/\/cuadra-agrado.es\/?p=1741\" \/>\n<meta property=\"og:locale\" content=\"es_ES\" \/>\n<meta property=\"og:type\" content=\"article\" \/>\n<meta property=\"og:title\" content=\"Il Presuntuoso y Zambeze se dan cita en Saint Cloud!! - Cuadra Agrado\" \/>\n<meta property=\"og:description\" content=\"Ma\u00f1ana martes volvemos al hip\u00f3dromo de Saint Cloud poniendo en pista a dos de nuestros efectivos en sendos reclamares sobre distancia de 1.600 metros. Il Presuntuoso en el Prix Montmagny (12:45 h.) en un reclamar a vender en 14.000 euros (categor\u00eda E) con 11 partants definitivos donde buscar\u00e1 su primera victoria para nuestros colores en [&hellip;]\" \/>\n<meta property=\"og:url\" content=\"https:\/\/cuadra-agrado.es\/?p=1741\" \/>\n<meta property=\"og:site_name\" content=\"Cuadra Agrado\" \/>\n<meta property=\"article:published_time\" content=\"2015-04-13T07:21:36+00:00\" \/>\n<meta property=\"article:modified_time\" content=\"2024-02-27T09:28:00+00:00\" \/>\n<meta property=\"og:image\" content=\"http:\/\/cuadra-agrado.es\/wp-content\/uploads\/2015\/01\/ILPRE.jpg\" \/>\n<meta name=\"author\" content=\"Miguel Redondo\" \/>\n<meta name=\"twitter:card\" content=\"summary_large_image\" \/>\n<meta name=\"twitter:creator\" content=\"@AGRADOracing\" \/>\n<meta name=\"twitter:site\" content=\"@AGRADOracing\" \/>\n<meta name=\"twitter:label1\" content=\"Escrito por\" \/>\n\t<meta name=\"twitter:data1\" content=\"Miguel Redondo\" \/>\n\t<meta name=\"twitter:label2\" content=\"Tiempo de lectura\" \/>\n\t<meta name=\"twitter:data2\" content=\"2 minutos\" \/>\n<script type=\"application\/ld+json\" class=\"yoast-schema-graph\">{\"@context\":\"https:\\\/\\\/schema.org\",\"@graph\":[{\"@type\":\"Article\",\"@id\":\"https:\\\/\\\/cuadra-agrado.es\\\/?p=1741#article\",\"isPartOf\":{\"@id\":\"https:\\\/\\\/cuadra-agrado.es\\\/?p=1741\"},\"author\":{\"name\":\"Miguel Redondo\",\"@id\":\"https:\\\/\\\/cuadra-agrado.es\\\/#\\\/schema\\\/person\\\/3aa4f8d2373cf756d93a5526bc72f31b\"},\"headline\":\"Il Presuntuoso y Zambeze se dan cita en Saint Cloud!!\",\"datePublished\":\"2015-04-13T07:21:36+00:00\",\"dateModified\":\"2024-02-27T09:28:00+00:00\",\"mainEntityOfPage\":{\"@id\":\"https:\\\/\\\/cuadra-agrado.es\\\/?p=1741\"},\"wordCount\":327,\"image\":{\"@id\":\"https:\\\/\\\/cuadra-agrado.es\\\/?p=1741#primaryimage\"},\"thumbnailUrl\":\"http:\\\/\\\/cuadra-agrado.es\\\/wp-content\\\/uploads\\\/2015\\\/01\\\/ILPRE.jpg\",\"articleSection\":[\"Actualidad\"],\"inLanguage\":\"es\"},{\"@type\":\"WebPage\",\"@id\":\"https:\\\/\\\/cuadra-agrado.es\\\/?p=1741\",\"url\":\"https:\\\/\\\/cuadra-agrado.es\\\/?p=1741\",\"name\":\"Il Presuntuoso y Zambeze se dan cita en Saint Cloud!! - Cuadra Agrado\",\"isPartOf\":{\"@id\":\"https:\\\/\\\/cuadra-agrado.es\\\/#website\"},\"primaryImageOfPage\":{\"@id\":\"https:\\\/\\\/cuadra-agrado.es\\\/?p=1741#primaryimage\"},\"image\":{\"@id\":\"https:\\\/\\\/cuadra-agrado.es\\\/?p=1741#primaryimage\"},\"thumbnailUrl\":\"http:\\\/\\\/cuadra-agrado.es\\\/wp-content\\\/uploads\\\/2015\\\/01\\\/ILPRE.jpg\",\"datePublished\":\"2015-04-13T07:21:36+00:00\",\"dateModified\":\"2024-02-27T09:28:00+00:00\",\"author\":{\"@id\":\"https:\\\/\\\/cuadra-agrado.es\\\/#\\\/schema\\\/person\\\/3aa4f8d2373cf756d93a5526bc72f31b\"},\"breadcrumb\":{\"@id\":\"https:\\\/\\\/cuadra-agrado.es\\\/?p=1741#breadcrumb\"},\"inLanguage\":\"es\",\"potentialAction\":[{\"@type\":\"ReadAction\",\"target\":[\"https:\\\/\\\/cuadra-agrado.es\\\/?p=1741\"]}]},{\"@type\":\"ImageObject\",\"inLanguage\":\"es\",\"@id\":\"https:\\\/\\\/cuadra-agrado.es\\\/?p=1741#primaryimage\",\"url\":\"http:\\\/\\\/cuadra-agrado.es\\\/wp-content\\\/uploads\\\/2015\\\/01\\\/ILPRE.jpg\",\"contentUrl\":\"http:\\\/\\\/cuadra-agrado.es\\\/wp-content\\\/uploads\\\/2015\\\/01\\\/ILPRE.jpg\"},{\"@type\":\"BreadcrumbList\",\"@id\":\"https:\\\/\\\/cuadra-agrado.es\\\/?p=1741#breadcrumb\",\"itemListElement\":[{\"@type\":\"ListItem\",\"position\":1,\"name\":\"Portada\",\"item\":\"https:\\\/\\\/cuadra-agrado.es\\\/\"},{\"@type\":\"ListItem\",\"position\":2,\"name\":\"Il Presuntuoso y Zambeze se dan cita en Saint Cloud!!\"}]},{\"@type\":\"WebSite\",\"@id\":\"https:\\\/\\\/cuadra-agrado.es\\\/#website\",\"url\":\"https:\\\/\\\/cuadra-agrado.es\\\/\",\"name\":\"Cuadra Agrado\",\"description\":\"En el mundo del Turf desde 2008\",\"potentialAction\":[{\"@type\":\"SearchAction\",\"target\":{\"@type\":\"EntryPoint\",\"urlTemplate\":\"https:\\\/\\\/cuadra-agrado.es\\\/?s={search_term_string}\"},\"query-input\":{\"@type\":\"PropertyValueSpecification\",\"valueRequired\":true,\"valueName\":\"search_term_string\"}}],\"inLanguage\":\"es\"},{\"@type\":\"Person\",\"@id\":\"https:\\\/\\\/cuadra-agrado.es\\\/#\\\/schema\\\/person\\\/3aa4f8d2373cf756d93a5526bc72f31b\",\"name\":\"Miguel Redondo\",\"image\":{\"@type\":\"ImageObject\",\"inLanguage\":\"es\",\"@id\":\"https:\\\/\\\/secure.gravatar.com\\\/avatar\\\/85704fceb4fa34017e3c1344d182da00dbf772fb8856ba2b7726a2df926415b4?s=96&d=mm&r=g\",\"url\":\"https:\\\/\\\/secure.gravatar.com\\\/avatar\\\/85704fceb4fa34017e3c1344d182da00dbf772fb8856ba2b7726a2df926415b4?s=96&d=mm&r=g\",\"contentUrl\":\"https:\\\/\\\/secure.gravatar.com\\\/avatar\\\/85704fceb4fa34017e3c1344d182da00dbf772fb8856ba2b7726a2df926415b4?s=96&d=mm&r=g\",\"caption\":\"Miguel Redondo\"},\"sameAs\":[\"https:\\\/\\\/cuadra-agrado.es\"],\"url\":\"https:\\\/\\\/cuadra-agrado.es\\\/?author=5\"}]}<\/script>\n<!-- \/ Yoast SEO plugin. -->","yoast_head_json":{"title":"Il Presuntuoso y Zambeze se dan cita en Saint Cloud!! - Cuadra Agrado","robots":{"index":"index","follow":"follow","max-snippet":"max-snippet:-1","max-image-preview":"max-image-preview:large","max-video-preview":"max-video-preview:-1"},"canonical":"https:\/\/cuadra-agrado.es\/?p=1741","og_locale":"es_ES","og_type":"article","og_title":"Il Presuntuoso y Zambeze se dan cita en Saint Cloud!! - Cuadra Agrado","og_description":"Ma\u00f1ana martes volvemos al hip\u00f3dromo de Saint Cloud poniendo en pista a dos de nuestros efectivos en sendos reclamares sobre distancia de 1.600 metros. Il Presuntuoso en el Prix Montmagny (12:45 h.) en un reclamar a vender en 14.000 euros (categor\u00eda E) con 11 partants definitivos donde buscar\u00e1 su primera victoria para nuestros colores en [&hellip;]","og_url":"https:\/\/cuadra-agrado.es\/?p=1741","og_site_name":"Cuadra Agrado","article_published_time":"2015-04-13T07:21:36+00:00","article_modified_time":"2024-02-27T09:28:00+00:00","og_image":[{"url":"http:\/\/cuadra-agrado.es\/wp-content\/uploads\/2015\/01\/ILPRE.jpg","type":"","width":"","height":""}],"author":"Miguel Redondo","twitter_card":"summary_large_image","twitter_creator":"@AGRADOracing","twitter_site":"@AGRADOracing","twitter_misc":{"Escrito por":"Miguel Redondo","Tiempo de lectura":"2 minutos"},"schema":{"@context":"https:\/\/schema.org","@graph":[{"@type":"Article","@id":"https:\/\/cuadra-agrado.es\/?p=1741#article","isPartOf":{"@id":"https:\/\/cuadra-agrado.es\/?p=1741"},"author":{"name":"Miguel Redondo","@id":"https:\/\/cuadra-agrado.es\/#\/schema\/person\/3aa4f8d2373cf756d93a5526bc72f31b"},"headline":"Il Presuntuoso y Zambeze se dan cita en Saint Cloud!!","datePublished":"2015-04-13T07:21:36+00:00","dateModified":"2024-02-27T09:28:00+00:00","mainEntityOfPage":{"@id":"https:\/\/cuadra-agrado.es\/?p=1741"},"wordCount":327,"image":{"@id":"https:\/\/cuadra-agrado.es\/?p=1741#primaryimage"},"thumbnailUrl":"http:\/\/cuadra-agrado.es\/wp-content\/uploads\/2015\/01\/ILPRE.jpg","articleSection":["Actualidad"],"inLanguage":"es"},{"@type":"WebPage","@id":"https:\/\/cuadra-agrado.es\/?p=1741","url":"https:\/\/cuadra-agrado.es\/?p=1741","name":"Il Presuntuoso y Zambeze se dan cita en Saint Cloud!! - Cuadra Agrado","isPartOf":{"@id":"https:\/\/cuadra-agrado.es\/#website"},"primaryImageOfPage":{"@id":"https:\/\/cuadra-agrado.es\/?p=1741#primaryimage"},"image":{"@id":"https:\/\/cuadra-agrado.es\/?p=1741#primaryimage"},"thumbnailUrl":"http:\/\/cuadra-agrado.es\/wp-content\/uploads\/2015\/01\/ILPRE.jpg","datePublished":"2015-04-13T07:21:36+00:00","dateModified":"2024-02-27T09:28:00+00:00","author":{"@id":"https:\/\/cuadra-agrado.es\/#\/schema\/person\/3aa4f8d2373cf756d93a5526bc72f31b"},"breadcrumb":{"@id":"https:\/\/cuadra-agrado.es\/?p=1741#breadcrumb"},"inLanguage":"es","potentialAction":[{"@type":"ReadAction","target":["https:\/\/cuadra-agrado.es\/?p=1741"]}]},{"@type":"ImageObject","inLanguage":"es","@id":"https:\/\/cuadra-agrado.es\/?p=1741#primaryimage","url":"http:\/\/cuadra-agrado.es\/wp-content\/uploads\/2015\/01\/ILPRE.jpg","contentUrl":"http:\/\/cuadra-agrado.es\/wp-content\/uploads\/2015\/01\/ILPRE.jpg"},{"@type":"BreadcrumbList","@id":"https:\/\/cuadra-agrado.es\/?p=1741#breadcrumb","itemListElement":[{"@type":"ListItem","position":1,"name":"Portada","item":"https:\/\/cuadra-agrado.es\/"},{"@type":"ListItem","position":2,"name":"Il Presuntuoso y Zambeze se dan cita en Saint Cloud!!"}]},{"@type":"WebSite","@id":"https:\/\/cuadra-agrado.es\/#website","url":"https:\/\/cuadra-agrado.es\/","name":"Cuadra Agrado","description":"En el mundo del Turf desde 2008","potentialAction":[{"@type":"SearchAction","target":{"@type":"EntryPoint","urlTemplate":"https:\/\/cuadra-agrado.es\/?s={search_term_string}"},"query-input":{"@type":"PropertyValueSpecification","valueRequired":true,"valueName":"search_term_string"}}],"inLanguage":"es"},{"@type":"Person","@id":"https:\/\/cuadra-agrado.es\/#\/schema\/person\/3aa4f8d2373cf756d93a5526bc72f31b","name":"Miguel Redondo","image":{"@type":"ImageObject","inLanguage":"es","@id":"https:\/\/secure.gravatar.com\/avatar\/85704fceb4fa34017e3c1344d182da00dbf772fb8856ba2b7726a2df926415b4?s=96&d=mm&r=g","url":"https:\/\/secure.gravatar.com\/avatar\/85704fceb4fa34017e3c1344d182da00dbf772fb8856ba2b7726a2df926415b4?s=96&d=mm&r=g","contentUrl":"https:\/\/secure.gravatar.com\/avatar\/85704fceb4fa34017e3c1344d182da00dbf772fb8856ba2b7726a2df926415b4?s=96&d=mm&r=g","caption":"Miguel Redondo"},"sameAs":["https:\/\/cuadra-agrado.es"],"url":"https:\/\/cuadra-agrado.es\/?author=5"}]}},"_links":{"self":[{"href":"https:\/\/cuadra-agrado.es\/index.php?rest_route=\/wp\/v2\/posts\/1741","targetHints":{"allow":["GET"]}}],"collection":[{"href":"https:\/\/cuadra-agrado.es\/index.php?rest_route=\/wp\/v2\/posts"}],"about":[{"href":"https:\/\/cuadra-agrado.es\/index.php?rest_route=\/wp\/v2\/types\/post"}],"author":[{"embeddable":true,"href":"https:\/\/cuadra-agrado.es\/index.php?rest_route=\/wp\/v2\/users\/5"}],"replies":[{"embeddable":true,"href":"https:\/\/cuadra-agrado.es\/index.php?rest_route=%2Fwp%2Fv2%2Fcomments&post=1741"}],"version-history":[{"count":0,"href":"https:\/\/cuadra-agrado.es\/index.php?rest_route=\/wp\/v2\/posts\/1741\/revisions"}],"wp:attachment":[{"href":"https:\/\/cuadra-agrado.es\/index.php?rest_route=%2Fwp%2Fv2%2Fmedia&parent=1741"}],"wp:term":[{"taxonomy":"category","embeddable":true,"href":"https:\/\/cuadra-agrado.es\/index.php?rest_route=%2Fwp%2Fv2%2Fcategories&post=1741"},{"taxonomy":"post_tag","embeddable":true,"href":"https:\/\/cuadra-agrado.es\/index.php?rest_route=%2Fwp%2Fv2%2Ftags&post=1741"}],"curies":[{"name":"wp","href":"https:\/\/api.w.org\/{rel}","templated":true}]}}