{"id":1719,"date":"2015-03-30T10:54:21","date_gmt":"2015-03-30T09:54:21","guid":{"rendered":"https:\/\/cuadra-agrado.es\/?p=1719"},"modified":"2024-02-27T09:28:00","modified_gmt":"2024-02-27T09:28:00","slug":"rumbo-chantilly-con-un-ojo-en-madrid","status":"publish","type":"post","link":"https:\/\/cuadra-agrado.es\/?p=1719","title":{"rendered":"Rumbo a Chantilly, con un ojo en Madrid&#8230;."},"content":{"rendered":"<div id=\"attachment_1725\" style=\"width: 310px\" class=\"wp-caption alignleft\"><a href=\"http:\/\/cuadra-agrado.es\/wp-content\/uploads\/2015\/03\/image1.jpg\" target=\"_blank\" rel=\"noopener noreferrer\"><img loading=\"lazy\" decoding=\"async\" aria-describedby=\"caption-attachment-1725\" class=\" wp-image-1725    \" title=\"Valiant Blue on board!!!\" alt=\"image1\" src=\"http:\/\/cuadra-agrado.es\/wp-content\/uploads\/2015\/03\/image1.jpg\" width=\"300\" height=\"200\" \/><\/a><p id=\"caption-attachment-1725\" class=\"wp-caption-text\"><br \/>Valiant Blue, en train d\u00b4embarquer!!!<\/p><\/div>\n<p style=\"text-align: justify;\">Lamentablemente, lleg\u00f3 el d\u00eda de la salida de nuestra cuadra a tierras francesas. Esta ma\u00f1ana han sido embarcados destino a Chantilly nuestros efectivos; Valiant Blue, Rany\u00e1n, Il Presuntuoso y Zambeze. Pasar\u00e1n noche en San Sebasti\u00e1n y ma\u00f1ana 31 estar\u00e1n ya estabulados a medio d\u00eda en el Centro de Entrenamiento de Chantilly. La \u00fanica que se queda en Madrid es &#8216;High Brooklyn&#8217; que de momento no viajar\u00e1 a tierras francesas, estaba matriculada para correr en Maisson Laffitte el pr\u00f3ximo jueves, pero hemos decidido ir m\u00e1s despacio con ella y esperar acontecimientos venideros en Espa\u00f1a.<\/p>\n<p style=\"text-align: justify;\">En Chantilly les espera Borja Fayos que parti\u00f3 desde Bourdeaux en el d\u00eda de ayer y que ser\u00e1 la mano derecha de Eduardo Buz\u00f3n, que llegar\u00e1 el mi\u00e9rcoles despu\u00e9s de organizar un peque\u00f1o ret\u00e9n que quedar\u00e1 en Madrid hasta su deseada vuelta a nuestro turf.<\/p>\n<p style=\"text-align: justify;\">Tenemos ya programado las primeras salidas de los nuestros que iniciaremos con la reaparici\u00f3n de &#8216;Valiant Blue&#8217; en una B en Longchamp en una cat. B el pr\u00f3ximo d\u00eda 6 de Abril sobre distancia de 1.400 metros. Rany\u00e1n ser\u00e1 el siguiente el d\u00eda 17 en un nuevo reclamar en el Maisson Laffitte. Zambeze tiene un par de opciones en sendos reclamares en Chantilly que esperamos confirmar en breve, e Il Presuntuoso despu\u00e9s de un descanso merecido podr\u00eda correr un su segundo handicap en Chantilly a finales de mes.<\/p>\n<p style=\"text-align: justify;\">Parece existir a d\u00eda de hoy indicios que posiblemente deparar\u00e1n una resoluci\u00f3n al bloqueo de nuestro turf en un relativo corto espacio de tiempo. En cualquier caso, nuestra decisi\u00f3n est\u00e1 ya tomada y esperaremos por tanto en Par\u00eds las noticias que puedan surgir durante el mes de Abril y, en caso de que se pueda resolver el conflicto definitivamente en este mismo mes, retornaremos a Madrid para afrontar desde Mayo el esperado y ansiado programa nacional avalado por un programa oficial que ampare nuestra competici\u00f3n. En el caso de que el d\u00eda 20 de Abril no tuvi\u00e9ramos noticias al respecto, programaremos nuevamente el mes de Mayo en tierras francesas y as\u00ed progresivamente, mes a mes hasta decidir nuestra continuidad en el turf. Si finalmente no regresan las carreras en Espa\u00f1a, ser\u00eda muy complicado continuar en el turf franc\u00e9s<\/p>\n<p style=\"text-align: justify;\">Queremos desear toda la suerte que merece nuestro entrenador Eduardo Buz\u00f3n y nuestra monta de garant\u00eda Borja Fayos en este periplo franc\u00e9s, y de la misma forma esperar que sea lo menos longevo en el tiempo para poder tenerles de vuelta lo antes posible en Madrid. No ser\u00e1 nada f\u00e1cil, como al resto de profesionales que han tenido que emigrar, el cambio de vida y m\u00e9todos de trabajo en un exigente turf franc\u00e9s, pero no existe otra salida viable a la situaci\u00f3n actual y por ello queremos agradecer su esfuerzo y dedicaci\u00f3n con nuestra cuadra. Caballos y profesionales\u00a0 necesitar\u00e1n seguro de un tiempo de adaptaci\u00f3n y aclimataci\u00f3n, y es posible que los resultados no sean en un principio los que podr\u00edamos obtener en Madrid, pero por encima de esto est\u00e1 la necesidad de seguir compitiendo y que los caballos galopen sin los estresantes largos viajes.<br \/>\nMucha Suerte y muchas gracias equipo!!!<\/p>\n<hr \/>\n<p>&nbsp;<\/p>\n<!-- AddThis Advanced Settings generic via filter on the_content --><!-- AddThis Share Buttons generic via filter on the_content -->","protected":false},"excerpt":{"rendered":"<p>Lamentablemente, lleg\u00f3 el d\u00eda de la salida de nuestra cuadra a tierras francesas. Esta ma\u00f1ana han sido embarcados destino a Chantilly nuestros efectivos; Valiant Blue, Rany\u00e1n, Il Presuntuoso y Zambeze. Pasar\u00e1n noche en San Sebasti\u00e1n y ma\u00f1ana 31 estar\u00e1n ya estabulados a medio d\u00eda en el Centro de Entrenamiento de Chantilly. La \u00fanica que se [&hellip;]<!-- AddThis Advanced Settings generic via filter on get_the_excerpt --><!-- AddThis Share Buttons generic via filter on get_the_excerpt --><\/p>\n","protected":false},"author":5,"featured_media":0,"comment_status":"closed","ping_status":"closed","sticky":false,"template":"","format":"gallery","meta":{"_acf_changed":false,"_et_pb_use_builder":"","_et_pb_old_content":"","_et_gb_content_width":"","footnotes":""},"categories":[3],"tags":[],"class_list":["post-1719","post","type-post","status-publish","format-gallery","hentry","category-noticias-cuadra-agrado","post_format-post-format-gallery"],"acf":[],"yoast_head":"<!-- This site is optimized with the Yoast SEO plugin v27.4 - https:\/\/yoast.com\/product\/yoast-seo-wordpress\/ -->\n<title>Rumbo a Chantilly, con un ojo en Madrid.... - Cuadra Agrado<\/title>\n<meta name=\"robots\" content=\"index, follow, max-snippet:-1, max-image-preview:large, max-video-preview:-1\" \/>\n<link rel=\"canonical\" href=\"https:\/\/cuadra-agrado.es\/?p=1719\" \/>\n<meta property=\"og:locale\" content=\"es_ES\" \/>\n<meta property=\"og:type\" content=\"article\" \/>\n<meta property=\"og:title\" content=\"Rumbo a Chantilly, con un ojo en Madrid.... - Cuadra Agrado\" \/>\n<meta property=\"og:description\" content=\"Lamentablemente, lleg\u00f3 el d\u00eda de la salida de nuestra cuadra a tierras francesas. Esta ma\u00f1ana han sido embarcados destino a Chantilly nuestros efectivos; Valiant Blue, Rany\u00e1n, Il Presuntuoso y Zambeze. Pasar\u00e1n noche en San Sebasti\u00e1n y ma\u00f1ana 31 estar\u00e1n ya estabulados a medio d\u00eda en el Centro de Entrenamiento de Chantilly. La \u00fanica que se [&hellip;]\" \/>\n<meta property=\"og:url\" content=\"https:\/\/cuadra-agrado.es\/?p=1719\" \/>\n<meta property=\"og:site_name\" content=\"Cuadra Agrado\" \/>\n<meta property=\"article:published_time\" content=\"2015-03-30T09:54:21+00:00\" \/>\n<meta property=\"article:modified_time\" content=\"2024-02-27T09:28:00+00:00\" \/>\n<meta property=\"og:image\" content=\"http:\/\/cuadra-agrado.es\/wp-content\/uploads\/2015\/03\/image1.jpg\" \/>\n<meta name=\"author\" content=\"Miguel Redondo\" \/>\n<meta name=\"twitter:card\" content=\"summary_large_image\" \/>\n<meta name=\"twitter:creator\" content=\"@AGRADOracing\" \/>\n<meta name=\"twitter:site\" content=\"@AGRADOracing\" \/>\n<meta name=\"twitter:label1\" content=\"Escrito por\" \/>\n\t<meta name=\"twitter:data1\" content=\"Miguel Redondo\" \/>\n\t<meta name=\"twitter:label2\" content=\"Tiempo de lectura\" \/>\n\t<meta name=\"twitter:data2\" content=\"3 minutos\" \/>\n<script type=\"application\/ld+json\" class=\"yoast-schema-graph\">{\"@context\":\"https:\\\/\\\/schema.org\",\"@graph\":[{\"@type\":\"Article\",\"@id\":\"https:\\\/\\\/cuadra-agrado.es\\\/?p=1719#article\",\"isPartOf\":{\"@id\":\"https:\\\/\\\/cuadra-agrado.es\\\/?p=1719\"},\"author\":{\"name\":\"Miguel Redondo\",\"@id\":\"https:\\\/\\\/cuadra-agrado.es\\\/#\\\/schema\\\/person\\\/3aa4f8d2373cf756d93a5526bc72f31b\"},\"headline\":\"Rumbo a Chantilly, con un ojo en Madrid&#8230;.\",\"datePublished\":\"2015-03-30T09:54:21+00:00\",\"dateModified\":\"2024-02-27T09:28:00+00:00\",\"mainEntityOfPage\":{\"@id\":\"https:\\\/\\\/cuadra-agrado.es\\\/?p=1719\"},\"wordCount\":579,\"image\":{\"@id\":\"https:\\\/\\\/cuadra-agrado.es\\\/?p=1719#primaryimage\"},\"thumbnailUrl\":\"http:\\\/\\\/cuadra-agrado.es\\\/wp-content\\\/uploads\\\/2015\\\/03\\\/image1.jpg\",\"articleSection\":[\"Actualidad\"],\"inLanguage\":\"es\"},{\"@type\":\"WebPage\",\"@id\":\"https:\\\/\\\/cuadra-agrado.es\\\/?p=1719\",\"url\":\"https:\\\/\\\/cuadra-agrado.es\\\/?p=1719\",\"name\":\"Rumbo a Chantilly, con un ojo en Madrid.... - Cuadra Agrado\",\"isPartOf\":{\"@id\":\"https:\\\/\\\/cuadra-agrado.es\\\/#website\"},\"primaryImageOfPage\":{\"@id\":\"https:\\\/\\\/cuadra-agrado.es\\\/?p=1719#primaryimage\"},\"image\":{\"@id\":\"https:\\\/\\\/cuadra-agrado.es\\\/?p=1719#primaryimage\"},\"thumbnailUrl\":\"http:\\\/\\\/cuadra-agrado.es\\\/wp-content\\\/uploads\\\/2015\\\/03\\\/image1.jpg\",\"datePublished\":\"2015-03-30T09:54:21+00:00\",\"dateModified\":\"2024-02-27T09:28:00+00:00\",\"author\":{\"@id\":\"https:\\\/\\\/cuadra-agrado.es\\\/#\\\/schema\\\/person\\\/3aa4f8d2373cf756d93a5526bc72f31b\"},\"breadcrumb\":{\"@id\":\"https:\\\/\\\/cuadra-agrado.es\\\/?p=1719#breadcrumb\"},\"inLanguage\":\"es\",\"potentialAction\":[{\"@type\":\"ReadAction\",\"target\":[\"https:\\\/\\\/cuadra-agrado.es\\\/?p=1719\"]}]},{\"@type\":\"ImageObject\",\"inLanguage\":\"es\",\"@id\":\"https:\\\/\\\/cuadra-agrado.es\\\/?p=1719#primaryimage\",\"url\":\"http:\\\/\\\/cuadra-agrado.es\\\/wp-content\\\/uploads\\\/2015\\\/03\\\/image1.jpg\",\"contentUrl\":\"http:\\\/\\\/cuadra-agrado.es\\\/wp-content\\\/uploads\\\/2015\\\/03\\\/image1.jpg\"},{\"@type\":\"BreadcrumbList\",\"@id\":\"https:\\\/\\\/cuadra-agrado.es\\\/?p=1719#breadcrumb\",\"itemListElement\":[{\"@type\":\"ListItem\",\"position\":1,\"name\":\"Portada\",\"item\":\"https:\\\/\\\/cuadra-agrado.es\\\/\"},{\"@type\":\"ListItem\",\"position\":2,\"name\":\"Rumbo a Chantilly, con un ojo en Madrid&#8230;.\"}]},{\"@type\":\"WebSite\",\"@id\":\"https:\\\/\\\/cuadra-agrado.es\\\/#website\",\"url\":\"https:\\\/\\\/cuadra-agrado.es\\\/\",\"name\":\"Cuadra Agrado\",\"description\":\"En el mundo del Turf desde 2008\",\"potentialAction\":[{\"@type\":\"SearchAction\",\"target\":{\"@type\":\"EntryPoint\",\"urlTemplate\":\"https:\\\/\\\/cuadra-agrado.es\\\/?s={search_term_string}\"},\"query-input\":{\"@type\":\"PropertyValueSpecification\",\"valueRequired\":true,\"valueName\":\"search_term_string\"}}],\"inLanguage\":\"es\"},{\"@type\":\"Person\",\"@id\":\"https:\\\/\\\/cuadra-agrado.es\\\/#\\\/schema\\\/person\\\/3aa4f8d2373cf756d93a5526bc72f31b\",\"name\":\"Miguel Redondo\",\"image\":{\"@type\":\"ImageObject\",\"inLanguage\":\"es\",\"@id\":\"https:\\\/\\\/secure.gravatar.com\\\/avatar\\\/85704fceb4fa34017e3c1344d182da00dbf772fb8856ba2b7726a2df926415b4?s=96&d=mm&r=g\",\"url\":\"https:\\\/\\\/secure.gravatar.com\\\/avatar\\\/85704fceb4fa34017e3c1344d182da00dbf772fb8856ba2b7726a2df926415b4?s=96&d=mm&r=g\",\"contentUrl\":\"https:\\\/\\\/secure.gravatar.com\\\/avatar\\\/85704fceb4fa34017e3c1344d182da00dbf772fb8856ba2b7726a2df926415b4?s=96&d=mm&r=g\",\"caption\":\"Miguel Redondo\"},\"sameAs\":[\"https:\\\/\\\/cuadra-agrado.es\"],\"url\":\"https:\\\/\\\/cuadra-agrado.es\\\/?author=5\"}]}<\/script>\n<!-- \/ Yoast SEO plugin. -->","yoast_head_json":{"title":"Rumbo a Chantilly, con un ojo en Madrid.... - Cuadra Agrado","robots":{"index":"index","follow":"follow","max-snippet":"max-snippet:-1","max-image-preview":"max-image-preview:large","max-video-preview":"max-video-preview:-1"},"canonical":"https:\/\/cuadra-agrado.es\/?p=1719","og_locale":"es_ES","og_type":"article","og_title":"Rumbo a Chantilly, con un ojo en Madrid.... - Cuadra Agrado","og_description":"Lamentablemente, lleg\u00f3 el d\u00eda de la salida de nuestra cuadra a tierras francesas. Esta ma\u00f1ana han sido embarcados destino a Chantilly nuestros efectivos; Valiant Blue, Rany\u00e1n, Il Presuntuoso y Zambeze. Pasar\u00e1n noche en San Sebasti\u00e1n y ma\u00f1ana 31 estar\u00e1n ya estabulados a medio d\u00eda en el Centro de Entrenamiento de Chantilly. La \u00fanica que se [&hellip;]","og_url":"https:\/\/cuadra-agrado.es\/?p=1719","og_site_name":"Cuadra Agrado","article_published_time":"2015-03-30T09:54:21+00:00","article_modified_time":"2024-02-27T09:28:00+00:00","og_image":[{"url":"http:\/\/cuadra-agrado.es\/wp-content\/uploads\/2015\/03\/image1.jpg","type":"","width":"","height":""}],"author":"Miguel Redondo","twitter_card":"summary_large_image","twitter_creator":"@AGRADOracing","twitter_site":"@AGRADOracing","twitter_misc":{"Escrito por":"Miguel Redondo","Tiempo de lectura":"3 minutos"},"schema":{"@context":"https:\/\/schema.org","@graph":[{"@type":"Article","@id":"https:\/\/cuadra-agrado.es\/?p=1719#article","isPartOf":{"@id":"https:\/\/cuadra-agrado.es\/?p=1719"},"author":{"name":"Miguel Redondo","@id":"https:\/\/cuadra-agrado.es\/#\/schema\/person\/3aa4f8d2373cf756d93a5526bc72f31b"},"headline":"Rumbo a Chantilly, con un ojo en Madrid&#8230;.","datePublished":"2015-03-30T09:54:21+00:00","dateModified":"2024-02-27T09:28:00+00:00","mainEntityOfPage":{"@id":"https:\/\/cuadra-agrado.es\/?p=1719"},"wordCount":579,"image":{"@id":"https:\/\/cuadra-agrado.es\/?p=1719#primaryimage"},"thumbnailUrl":"http:\/\/cuadra-agrado.es\/wp-content\/uploads\/2015\/03\/image1.jpg","articleSection":["Actualidad"],"inLanguage":"es"},{"@type":"WebPage","@id":"https:\/\/cuadra-agrado.es\/?p=1719","url":"https:\/\/cuadra-agrado.es\/?p=1719","name":"Rumbo a Chantilly, con un ojo en Madrid.... - Cuadra Agrado","isPartOf":{"@id":"https:\/\/cuadra-agrado.es\/#website"},"primaryImageOfPage":{"@id":"https:\/\/cuadra-agrado.es\/?p=1719#primaryimage"},"image":{"@id":"https:\/\/cuadra-agrado.es\/?p=1719#primaryimage"},"thumbnailUrl":"http:\/\/cuadra-agrado.es\/wp-content\/uploads\/2015\/03\/image1.jpg","datePublished":"2015-03-30T09:54:21+00:00","dateModified":"2024-02-27T09:28:00+00:00","author":{"@id":"https:\/\/cuadra-agrado.es\/#\/schema\/person\/3aa4f8d2373cf756d93a5526bc72f31b"},"breadcrumb":{"@id":"https:\/\/cuadra-agrado.es\/?p=1719#breadcrumb"},"inLanguage":"es","potentialAction":[{"@type":"ReadAction","target":["https:\/\/cuadra-agrado.es\/?p=1719"]}]},{"@type":"ImageObject","inLanguage":"es","@id":"https:\/\/cuadra-agrado.es\/?p=1719#primaryimage","url":"http:\/\/cuadra-agrado.es\/wp-content\/uploads\/2015\/03\/image1.jpg","contentUrl":"http:\/\/cuadra-agrado.es\/wp-content\/uploads\/2015\/03\/image1.jpg"},{"@type":"BreadcrumbList","@id":"https:\/\/cuadra-agrado.es\/?p=1719#breadcrumb","itemListElement":[{"@type":"ListItem","position":1,"name":"Portada","item":"https:\/\/cuadra-agrado.es\/"},{"@type":"ListItem","position":2,"name":"Rumbo a Chantilly, con un ojo en Madrid&#8230;."}]},{"@type":"WebSite","@id":"https:\/\/cuadra-agrado.es\/#website","url":"https:\/\/cuadra-agrado.es\/","name":"Cuadra Agrado","description":"En el mundo del Turf desde 2008","potentialAction":[{"@type":"SearchAction","target":{"@type":"EntryPoint","urlTemplate":"https:\/\/cuadra-agrado.es\/?s={search_term_string}"},"query-input":{"@type":"PropertyValueSpecification","valueRequired":true,"valueName":"search_term_string"}}],"inLanguage":"es"},{"@type":"Person","@id":"https:\/\/cuadra-agrado.es\/#\/schema\/person\/3aa4f8d2373cf756d93a5526bc72f31b","name":"Miguel Redondo","image":{"@type":"ImageObject","inLanguage":"es","@id":"https:\/\/secure.gravatar.com\/avatar\/85704fceb4fa34017e3c1344d182da00dbf772fb8856ba2b7726a2df926415b4?s=96&d=mm&r=g","url":"https:\/\/secure.gravatar.com\/avatar\/85704fceb4fa34017e3c1344d182da00dbf772fb8856ba2b7726a2df926415b4?s=96&d=mm&r=g","contentUrl":"https:\/\/secure.gravatar.com\/avatar\/85704fceb4fa34017e3c1344d182da00dbf772fb8856ba2b7726a2df926415b4?s=96&d=mm&r=g","caption":"Miguel Redondo"},"sameAs":["https:\/\/cuadra-agrado.es"],"url":"https:\/\/cuadra-agrado.es\/?author=5"}]}},"_links":{"self":[{"href":"https:\/\/cuadra-agrado.es\/index.php?rest_route=\/wp\/v2\/posts\/1719","targetHints":{"allow":["GET"]}}],"collection":[{"href":"https:\/\/cuadra-agrado.es\/index.php?rest_route=\/wp\/v2\/posts"}],"about":[{"href":"https:\/\/cuadra-agrado.es\/index.php?rest_route=\/wp\/v2\/types\/post"}],"author":[{"embeddable":true,"href":"https:\/\/cuadra-agrado.es\/index.php?rest_route=\/wp\/v2\/users\/5"}],"replies":[{"embeddable":true,"href":"https:\/\/cuadra-agrado.es\/index.php?rest_route=%2Fwp%2Fv2%2Fcomments&post=1719"}],"version-history":[{"count":0,"href":"https:\/\/cuadra-agrado.es\/index.php?rest_route=\/wp\/v2\/posts\/1719\/revisions"}],"wp:attachment":[{"href":"https:\/\/cuadra-agrado.es\/index.php?rest_route=%2Fwp%2Fv2%2Fmedia&parent=1719"}],"wp:term":[{"taxonomy":"category","embeddable":true,"href":"https:\/\/cuadra-agrado.es\/index.php?rest_route=%2Fwp%2Fv2%2Fcategories&post=1719"},{"taxonomy":"post_tag","embeddable":true,"href":"https:\/\/cuadra-agrado.es\/index.php?rest_route=%2Fwp%2Fv2%2Ftags&post=1719"}],"curies":[{"name":"wp","href":"https:\/\/api.w.org\/{rel}","templated":true}]}}