{"id":1636,"date":"2015-03-02T12:53:43","date_gmt":"2015-03-02T11:53:43","guid":{"rendered":"https:\/\/cuadra-agrado.es\/?p=1636"},"modified":"2024-02-27T09:31:47","modified_gmt":"2024-02-27T09:31:47","slug":"la-privatizacion-futura-del-turf","status":"publish","type":"post","link":"https:\/\/cuadra-agrado.es\/?p=1636","title":{"rendered":"La privatizaci\u00f3n: el futuro de nuestro turf?"},"content":{"rendered":"<p style=\"text-align: justify;\"><a href=\"http:\/\/cuadra-agrado.es\/wp-content\/uploads\/2015\/02\/zarzuela.jpg\" target=\"_blank\" rel=\"noopener noreferrer\"><img loading=\"lazy\" decoding=\"async\" class=\"alignleft  wp-image-1606\" alt=\"zarzuela\" src=\"http:\/\/cuadra-agrado.es\/wp-content\/uploads\/2015\/02\/zarzuela.jpg\" width=\"300\" height=\"200\" \/><\/a>Un nuevo varapalo m\u00e1s para el futuro de nuestro turf. Hoy hemos sabido que el Administrador Concursal de SFCCE no ha incluido la oferta vinculante ofrecida por la Asociaci\u00f3n de Propietarios en su plan de liquidaci\u00f3n que deber\u00e1 pasar al juez. Con esta nueva osad\u00eda por parte de AC se esfuma la pen\u00faltima oportunidad para el reinicio de las carreras en Espa\u00f1a.<br \/>\nYa no queda a la vista mucha m\u00e1s salida que presionar a la Federaci\u00f3n H\u00edpica para que ponga en marcha toda la tramitaci\u00f3n de cambio de estatutos y creaci\u00f3n de un nuevo c\u00f3digo de carreras que les permita regular nuestro galope. Debemos olvidarnos definitivamente de un regulador privado si queremos que LAE siga subvencionando la competici\u00f3n. La Administraci\u00f3n ha dejado claro que no quiere ninguna empresa privada que regule la competici\u00f3n, ll\u00e1mese Fomento o Jockey Club. Quedan por tanto dos \u00fanicas opciones; que RFEH regule en el tiempo, o privatizar el sector definitivamente.<\/p>\n<p style=\"text-align: justify;\">Es del todo cierto que SFCCE es a d\u00eda de hoy nuestro reconocido ente regulador y que es posible dar carreras a trav\u00e9s de ellos, pero nunca ser\u00e1n carreras subvencionadas por la Administraci\u00f3n. Solamente carreras de car\u00e1cter privado (ejemplo; Villa-Seca) pueden aprovecharse de esta \u00fanica opci\u00f3n. De la misma forma, Lasarte seguramente dar\u00e1 programa con SFCCE este pr\u00f3ximo verano, pero solamente las 6 jornadas PMU que paga France Galop como empresa privada. A la afirmaci\u00f3n de que LAE nunca se ha posicionado en contra de dar carreras con Fomento, est\u00e1 la otra parte de la pel\u00edcula&#8230; LAE no puede afirmar oficialmente lo contrario ya que incurrir\u00eda en una grave negaci\u00f3n de la evidencia ya que LAE ha estado durante a\u00f1o y medio ofreciendo carreras con Fomento en situaci\u00f3n concursal, amparado por un convenio &#8216;alegal&#8217; que finaliz\u00f3 el pasado 2 de Diciembre. Esa es la versi\u00f3n oficial de HZ desde el principio del conflicto, y mucho me temo que es la versi\u00f3n oficial de la Administraci\u00f3n. No esperemos comunicados de LAE diciendo lo que todo el mundo queremos confirmar, no los va a haber. Para entendernos, LAE ha cerrado un ojo durante este tiempo, pero ha decidido no quedarse ciega&#8230;. La Administraci\u00f3n es demasiado tajante para la oficialidad de los temas, y muy vulnerable para otros que pol\u00edticamente les puedan interesar, lamentablemente nuestro turf no es suficientemente grande para perder unas elecciones. La dimisi\u00f3n de Faina Zurita no soluciona nada, ahora ya no es el problema, el que viniera tendr\u00eda el mismo problema y perder\u00edamos a\u00fan m\u00e1s tiempo&#8230;.<br \/>\nEs evidente que se le pedir\u00e1n responsabilidades futuras, pero ahora no toca esto, ahora toca encontrar la soluci\u00f3n entre todos sin apedrearnos entre nosotros.<\/p>\n<p style=\"text-align: justify;\">Dicho esto, la privatizaci\u00f3n del sector es la idea que para nosotros cobra m\u00e1s fuerza de cara a un futuro del todo profesional. Es evidente que esto llevar\u00e1 tiempo y que desgraciadamente dejaremos caer definitivamente el turf en Espa\u00f1a por mucho tiempo, pero hay veces que es mejor tirar la casa y volverla a cimentar desde abajo. Hemos vivido en un limbo estos \u00faltimos 10 a\u00f1os desde la reapertura del hip\u00f3dromo, ya entonces se avistaba este problema futuro que casi diez a\u00f1os despu\u00e9s estamos viviendo todos.<\/p>\n<p style=\"text-align: justify;\">Privatizar el sector no es f\u00e1cil, debemos buscar por otras v\u00edas esos 5,5 millones de euros que LAE nos ofrece hoy, y no hay otra m\u00e1s sensata que la famosa &#8216;apuesta externa&#8217;. Necesitamos recibir ingresos a trav\u00e9s de la apuesta externa a ejemplo de France Galop en Francia, y pasado un tiempo, cuando esas arcas privadas est\u00e9n en condiciones de garantizar premios y asumir sus propios gastos, proceder con el inicio de las carreras. Madrid lo va a tener complicado a medio plazo ya que todo pasa por que SEPI privatizara nuestro Hip\u00f3dromo de la Zarzuela, pero la &#8216;Ley del Juego&#8217; es competencia de las Comunidades aut\u00f3nomas y hay dos cuya gesti\u00f3n es a d\u00eda de hoy privada, es el caso de Andaluc\u00eda con Sevilla (Hip\u00f3dromo de Dos Hermanas) y Pa\u00eds Vasco con San Sebasti\u00e1n (Hip\u00f3dromo de Lasarte). Sevilla pondr\u00e1 en la calle el pr\u00f3ximo mes de Marzo casi 1.000 puntos de venta para generar esa caja y podr\u00e1 de esta forma tener esa financiaci\u00f3n en Septiembre para comenzar su programa con SFCCE (si sigue sin liquidar), con la RFEH si finalmente accede, o con un regulador privado en Andaluc\u00eda si las otras dos opciones fallan. Es evidente que a ninguno de los dos hip\u00f3dromos les interesa desvincularse de Madrid ya que lo l\u00f3gico ser\u00eda ir de la misma mano y hacer fuerte la Asociaci\u00f3n de Hip\u00f3dromos, pero si finalmente la Administraci\u00f3n mantiene su negativa a la subvenci\u00f3n con Fomento o cualquier otro regulador privado, y tampoco colabora con la toma de posesi\u00f3n de regulaci\u00f3n por parte de RFEH, ellos deber\u00e1n finalmente salvar sus muebles y comenzar una andadura por su cuenta sin la compa\u00f1\u00eda de HZ.<\/p>\n<p style=\"text-align: justify;\">Debemos agotar todas las v\u00edas para seguir contando con la subvenci\u00f3n del Estado, ahora no es el mejor momento para continuar sin ellos, la RFEH tiene la \u00faltima palabra en crear este regulador y reiniciar la competici\u00f3n lo antes posible, pero se encuentre o no se encuentre esta soluci\u00f3n, a d\u00eda de hoy compleja, debemos poner ya la vista en privatizar nuestro turf, es inviable en un sector, sea cual sea, depender exclusivamente del Estado en un pa\u00eds democr\u00e1tico como el nuestro.<\/p>\n<hr \/>\n<p style=\"text-align: justify;\">\n<!-- AddThis Advanced Settings generic via filter on the_content --><!-- AddThis Share Buttons generic via filter on the_content -->","protected":false},"excerpt":{"rendered":"<p>Un nuevo varapalo m\u00e1s para el futuro de nuestro turf. Hoy hemos sabido que el Administrador Concursal de SFCCE no ha incluido la oferta vinculante ofrecida por la Asociaci\u00f3n de Propietarios en su plan de liquidaci\u00f3n que deber\u00e1 pasar al juez. Con esta nueva osad\u00eda por parte de AC se esfuma la pen\u00faltima oportunidad para [&hellip;]<!-- AddThis Advanced Settings generic via filter on get_the_excerpt --><!-- AddThis Share Buttons generic via filter on get_the_excerpt --><\/p>\n","protected":false},"author":5,"featured_media":0,"comment_status":"closed","ping_status":"closed","sticky":false,"template":"","format":"gallery","meta":{"_acf_changed":false,"_et_pb_use_builder":"","_et_pb_old_content":"","_et_gb_content_width":"","footnotes":""},"categories":[3],"tags":[],"class_list":["post-1636","post","type-post","status-publish","format-gallery","hentry","category-noticias-cuadra-agrado","post_format-post-format-gallery"],"acf":[],"yoast_head":"<!-- This site is optimized with the Yoast SEO plugin v27.4 - https:\/\/yoast.com\/product\/yoast-seo-wordpress\/ -->\n<title>La privatizaci\u00f3n: el futuro de nuestro turf? - Cuadra Agrado<\/title>\n<meta name=\"robots\" content=\"index, follow, max-snippet:-1, max-image-preview:large, max-video-preview:-1\" \/>\n<link rel=\"canonical\" href=\"https:\/\/cuadra-agrado.es\/?p=1636\" \/>\n<meta property=\"og:locale\" content=\"es_ES\" \/>\n<meta property=\"og:type\" content=\"article\" \/>\n<meta property=\"og:title\" content=\"La privatizaci\u00f3n: el futuro de nuestro turf? - Cuadra Agrado\" \/>\n<meta property=\"og:description\" content=\"Un nuevo varapalo m\u00e1s para el futuro de nuestro turf. Hoy hemos sabido que el Administrador Concursal de SFCCE no ha incluido la oferta vinculante ofrecida por la Asociaci\u00f3n de Propietarios en su plan de liquidaci\u00f3n que deber\u00e1 pasar al juez. Con esta nueva osad\u00eda por parte de AC se esfuma la pen\u00faltima oportunidad para [&hellip;]\" \/>\n<meta property=\"og:url\" content=\"https:\/\/cuadra-agrado.es\/?p=1636\" \/>\n<meta property=\"og:site_name\" content=\"Cuadra Agrado\" \/>\n<meta property=\"article:published_time\" content=\"2015-03-02T11:53:43+00:00\" \/>\n<meta property=\"article:modified_time\" content=\"2024-02-27T09:31:47+00:00\" \/>\n<meta property=\"og:image\" content=\"http:\/\/cuadra-agrado.es\/wp-content\/uploads\/2015\/02\/zarzuela.jpg\" \/>\n<meta name=\"author\" content=\"Miguel Redondo\" \/>\n<meta name=\"twitter:card\" content=\"summary_large_image\" \/>\n<meta name=\"twitter:creator\" content=\"@AGRADOracing\" \/>\n<meta name=\"twitter:site\" content=\"@AGRADOracing\" \/>\n<meta name=\"twitter:label1\" content=\"Escrito por\" \/>\n\t<meta name=\"twitter:data1\" content=\"Miguel Redondo\" \/>\n\t<meta name=\"twitter:label2\" content=\"Tiempo de lectura\" \/>\n\t<meta name=\"twitter:data2\" content=\"5 minutos\" \/>\n<script type=\"application\/ld+json\" class=\"yoast-schema-graph\">{\"@context\":\"https:\\\/\\\/schema.org\",\"@graph\":[{\"@type\":\"Article\",\"@id\":\"https:\\\/\\\/cuadra-agrado.es\\\/?p=1636#article\",\"isPartOf\":{\"@id\":\"https:\\\/\\\/cuadra-agrado.es\\\/?p=1636\"},\"author\":{\"name\":\"Miguel Redondo\",\"@id\":\"https:\\\/\\\/cuadra-agrado.es\\\/#\\\/schema\\\/person\\\/3aa4f8d2373cf756d93a5526bc72f31b\"},\"headline\":\"La privatizaci\u00f3n: el futuro de nuestro turf?\",\"datePublished\":\"2015-03-02T11:53:43+00:00\",\"dateModified\":\"2024-02-27T09:31:47+00:00\",\"mainEntityOfPage\":{\"@id\":\"https:\\\/\\\/cuadra-agrado.es\\\/?p=1636\"},\"wordCount\":967,\"image\":{\"@id\":\"https:\\\/\\\/cuadra-agrado.es\\\/?p=1636#primaryimage\"},\"thumbnailUrl\":\"http:\\\/\\\/cuadra-agrado.es\\\/wp-content\\\/uploads\\\/2015\\\/02\\\/zarzuela.jpg\",\"articleSection\":[\"Actualidad\"],\"inLanguage\":\"es\"},{\"@type\":\"WebPage\",\"@id\":\"https:\\\/\\\/cuadra-agrado.es\\\/?p=1636\",\"url\":\"https:\\\/\\\/cuadra-agrado.es\\\/?p=1636\",\"name\":\"La privatizaci\u00f3n: el futuro de nuestro turf? - Cuadra Agrado\",\"isPartOf\":{\"@id\":\"https:\\\/\\\/cuadra-agrado.es\\\/#website\"},\"primaryImageOfPage\":{\"@id\":\"https:\\\/\\\/cuadra-agrado.es\\\/?p=1636#primaryimage\"},\"image\":{\"@id\":\"https:\\\/\\\/cuadra-agrado.es\\\/?p=1636#primaryimage\"},\"thumbnailUrl\":\"http:\\\/\\\/cuadra-agrado.es\\\/wp-content\\\/uploads\\\/2015\\\/02\\\/zarzuela.jpg\",\"datePublished\":\"2015-03-02T11:53:43+00:00\",\"dateModified\":\"2024-02-27T09:31:47+00:00\",\"author\":{\"@id\":\"https:\\\/\\\/cuadra-agrado.es\\\/#\\\/schema\\\/person\\\/3aa4f8d2373cf756d93a5526bc72f31b\"},\"breadcrumb\":{\"@id\":\"https:\\\/\\\/cuadra-agrado.es\\\/?p=1636#breadcrumb\"},\"inLanguage\":\"es\",\"potentialAction\":[{\"@type\":\"ReadAction\",\"target\":[\"https:\\\/\\\/cuadra-agrado.es\\\/?p=1636\"]}]},{\"@type\":\"ImageObject\",\"inLanguage\":\"es\",\"@id\":\"https:\\\/\\\/cuadra-agrado.es\\\/?p=1636#primaryimage\",\"url\":\"http:\\\/\\\/cuadra-agrado.es\\\/wp-content\\\/uploads\\\/2015\\\/02\\\/zarzuela.jpg\",\"contentUrl\":\"http:\\\/\\\/cuadra-agrado.es\\\/wp-content\\\/uploads\\\/2015\\\/02\\\/zarzuela.jpg\"},{\"@type\":\"BreadcrumbList\",\"@id\":\"https:\\\/\\\/cuadra-agrado.es\\\/?p=1636#breadcrumb\",\"itemListElement\":[{\"@type\":\"ListItem\",\"position\":1,\"name\":\"Portada\",\"item\":\"https:\\\/\\\/cuadra-agrado.es\\\/\"},{\"@type\":\"ListItem\",\"position\":2,\"name\":\"La privatizaci\u00f3n: el futuro de nuestro turf?\"}]},{\"@type\":\"WebSite\",\"@id\":\"https:\\\/\\\/cuadra-agrado.es\\\/#website\",\"url\":\"https:\\\/\\\/cuadra-agrado.es\\\/\",\"name\":\"Cuadra Agrado\",\"description\":\"En el mundo del Turf desde 2008\",\"potentialAction\":[{\"@type\":\"SearchAction\",\"target\":{\"@type\":\"EntryPoint\",\"urlTemplate\":\"https:\\\/\\\/cuadra-agrado.es\\\/?s={search_term_string}\"},\"query-input\":{\"@type\":\"PropertyValueSpecification\",\"valueRequired\":true,\"valueName\":\"search_term_string\"}}],\"inLanguage\":\"es\"},{\"@type\":\"Person\",\"@id\":\"https:\\\/\\\/cuadra-agrado.es\\\/#\\\/schema\\\/person\\\/3aa4f8d2373cf756d93a5526bc72f31b\",\"name\":\"Miguel Redondo\",\"image\":{\"@type\":\"ImageObject\",\"inLanguage\":\"es\",\"@id\":\"https:\\\/\\\/secure.gravatar.com\\\/avatar\\\/85704fceb4fa34017e3c1344d182da00dbf772fb8856ba2b7726a2df926415b4?s=96&d=mm&r=g\",\"url\":\"https:\\\/\\\/secure.gravatar.com\\\/avatar\\\/85704fceb4fa34017e3c1344d182da00dbf772fb8856ba2b7726a2df926415b4?s=96&d=mm&r=g\",\"contentUrl\":\"https:\\\/\\\/secure.gravatar.com\\\/avatar\\\/85704fceb4fa34017e3c1344d182da00dbf772fb8856ba2b7726a2df926415b4?s=96&d=mm&r=g\",\"caption\":\"Miguel Redondo\"},\"sameAs\":[\"https:\\\/\\\/cuadra-agrado.es\"],\"url\":\"https:\\\/\\\/cuadra-agrado.es\\\/?author=5\"}]}<\/script>\n<!-- \/ Yoast SEO plugin. -->","yoast_head_json":{"title":"La privatizaci\u00f3n: el futuro de nuestro turf? - Cuadra Agrado","robots":{"index":"index","follow":"follow","max-snippet":"max-snippet:-1","max-image-preview":"max-image-preview:large","max-video-preview":"max-video-preview:-1"},"canonical":"https:\/\/cuadra-agrado.es\/?p=1636","og_locale":"es_ES","og_type":"article","og_title":"La privatizaci\u00f3n: el futuro de nuestro turf? - Cuadra Agrado","og_description":"Un nuevo varapalo m\u00e1s para el futuro de nuestro turf. Hoy hemos sabido que el Administrador Concursal de SFCCE no ha incluido la oferta vinculante ofrecida por la Asociaci\u00f3n de Propietarios en su plan de liquidaci\u00f3n que deber\u00e1 pasar al juez. Con esta nueva osad\u00eda por parte de AC se esfuma la pen\u00faltima oportunidad para [&hellip;]","og_url":"https:\/\/cuadra-agrado.es\/?p=1636","og_site_name":"Cuadra Agrado","article_published_time":"2015-03-02T11:53:43+00:00","article_modified_time":"2024-02-27T09:31:47+00:00","og_image":[{"url":"http:\/\/cuadra-agrado.es\/wp-content\/uploads\/2015\/02\/zarzuela.jpg","type":"","width":"","height":""}],"author":"Miguel Redondo","twitter_card":"summary_large_image","twitter_creator":"@AGRADOracing","twitter_site":"@AGRADOracing","twitter_misc":{"Escrito por":"Miguel Redondo","Tiempo de lectura":"5 minutos"},"schema":{"@context":"https:\/\/schema.org","@graph":[{"@type":"Article","@id":"https:\/\/cuadra-agrado.es\/?p=1636#article","isPartOf":{"@id":"https:\/\/cuadra-agrado.es\/?p=1636"},"author":{"name":"Miguel Redondo","@id":"https:\/\/cuadra-agrado.es\/#\/schema\/person\/3aa4f8d2373cf756d93a5526bc72f31b"},"headline":"La privatizaci\u00f3n: el futuro de nuestro turf?","datePublished":"2015-03-02T11:53:43+00:00","dateModified":"2024-02-27T09:31:47+00:00","mainEntityOfPage":{"@id":"https:\/\/cuadra-agrado.es\/?p=1636"},"wordCount":967,"image":{"@id":"https:\/\/cuadra-agrado.es\/?p=1636#primaryimage"},"thumbnailUrl":"http:\/\/cuadra-agrado.es\/wp-content\/uploads\/2015\/02\/zarzuela.jpg","articleSection":["Actualidad"],"inLanguage":"es"},{"@type":"WebPage","@id":"https:\/\/cuadra-agrado.es\/?p=1636","url":"https:\/\/cuadra-agrado.es\/?p=1636","name":"La privatizaci\u00f3n: el futuro de nuestro turf? - Cuadra Agrado","isPartOf":{"@id":"https:\/\/cuadra-agrado.es\/#website"},"primaryImageOfPage":{"@id":"https:\/\/cuadra-agrado.es\/?p=1636#primaryimage"},"image":{"@id":"https:\/\/cuadra-agrado.es\/?p=1636#primaryimage"},"thumbnailUrl":"http:\/\/cuadra-agrado.es\/wp-content\/uploads\/2015\/02\/zarzuela.jpg","datePublished":"2015-03-02T11:53:43+00:00","dateModified":"2024-02-27T09:31:47+00:00","author":{"@id":"https:\/\/cuadra-agrado.es\/#\/schema\/person\/3aa4f8d2373cf756d93a5526bc72f31b"},"breadcrumb":{"@id":"https:\/\/cuadra-agrado.es\/?p=1636#breadcrumb"},"inLanguage":"es","potentialAction":[{"@type":"ReadAction","target":["https:\/\/cuadra-agrado.es\/?p=1636"]}]},{"@type":"ImageObject","inLanguage":"es","@id":"https:\/\/cuadra-agrado.es\/?p=1636#primaryimage","url":"http:\/\/cuadra-agrado.es\/wp-content\/uploads\/2015\/02\/zarzuela.jpg","contentUrl":"http:\/\/cuadra-agrado.es\/wp-content\/uploads\/2015\/02\/zarzuela.jpg"},{"@type":"BreadcrumbList","@id":"https:\/\/cuadra-agrado.es\/?p=1636#breadcrumb","itemListElement":[{"@type":"ListItem","position":1,"name":"Portada","item":"https:\/\/cuadra-agrado.es\/"},{"@type":"ListItem","position":2,"name":"La privatizaci\u00f3n: el futuro de nuestro turf?"}]},{"@type":"WebSite","@id":"https:\/\/cuadra-agrado.es\/#website","url":"https:\/\/cuadra-agrado.es\/","name":"Cuadra Agrado","description":"En el mundo del Turf desde 2008","potentialAction":[{"@type":"SearchAction","target":{"@type":"EntryPoint","urlTemplate":"https:\/\/cuadra-agrado.es\/?s={search_term_string}"},"query-input":{"@type":"PropertyValueSpecification","valueRequired":true,"valueName":"search_term_string"}}],"inLanguage":"es"},{"@type":"Person","@id":"https:\/\/cuadra-agrado.es\/#\/schema\/person\/3aa4f8d2373cf756d93a5526bc72f31b","name":"Miguel Redondo","image":{"@type":"ImageObject","inLanguage":"es","@id":"https:\/\/secure.gravatar.com\/avatar\/85704fceb4fa34017e3c1344d182da00dbf772fb8856ba2b7726a2df926415b4?s=96&d=mm&r=g","url":"https:\/\/secure.gravatar.com\/avatar\/85704fceb4fa34017e3c1344d182da00dbf772fb8856ba2b7726a2df926415b4?s=96&d=mm&r=g","contentUrl":"https:\/\/secure.gravatar.com\/avatar\/85704fceb4fa34017e3c1344d182da00dbf772fb8856ba2b7726a2df926415b4?s=96&d=mm&r=g","caption":"Miguel Redondo"},"sameAs":["https:\/\/cuadra-agrado.es"],"url":"https:\/\/cuadra-agrado.es\/?author=5"}]}},"_links":{"self":[{"href":"https:\/\/cuadra-agrado.es\/index.php?rest_route=\/wp\/v2\/posts\/1636","targetHints":{"allow":["GET"]}}],"collection":[{"href":"https:\/\/cuadra-agrado.es\/index.php?rest_route=\/wp\/v2\/posts"}],"about":[{"href":"https:\/\/cuadra-agrado.es\/index.php?rest_route=\/wp\/v2\/types\/post"}],"author":[{"embeddable":true,"href":"https:\/\/cuadra-agrado.es\/index.php?rest_route=\/wp\/v2\/users\/5"}],"replies":[{"embeddable":true,"href":"https:\/\/cuadra-agrado.es\/index.php?rest_route=%2Fwp%2Fv2%2Fcomments&post=1636"}],"version-history":[{"count":0,"href":"https:\/\/cuadra-agrado.es\/index.php?rest_route=\/wp\/v2\/posts\/1636\/revisions"}],"wp:attachment":[{"href":"https:\/\/cuadra-agrado.es\/index.php?rest_route=%2Fwp%2Fv2%2Fmedia&parent=1636"}],"wp:term":[{"taxonomy":"category","embeddable":true,"href":"https:\/\/cuadra-agrado.es\/index.php?rest_route=%2Fwp%2Fv2%2Fcategories&post=1636"},{"taxonomy":"post_tag","embeddable":true,"href":"https:\/\/cuadra-agrado.es\/index.php?rest_route=%2Fwp%2Fv2%2Ftags&post=1636"}],"curies":[{"name":"wp","href":"https:\/\/api.w.org\/{rel}","templated":true}]}}