{"id":1627,"date":"2015-02-26T22:23:17","date_gmt":"2015-02-26T21:23:17","guid":{"rendered":"https:\/\/cuadra-agrado.es\/?p=1627"},"modified":"2024-02-27T09:31:48","modified_gmt":"2024-02-27T09:31:48","slug":"emigrando-hacia-el-turf","status":"publish","type":"post","link":"https:\/\/cuadra-agrado.es\/?p=1627","title":{"rendered":"Emigrando hacia el turf&#8230;."},"content":{"rendered":"<p style=\"text-align: justify;\"><strong><a href=\"http:\/\/cuadra-agrado.es\/wp-content\/uploads\/2015\/02\/hz3.jpg\" target=\"_blank\" rel=\"noopener noreferrer\"><img loading=\"lazy\" decoding=\"async\" class=\"alignleft  wp-image-1628\" alt=\"hz3\" src=\"http:\/\/cuadra-agrado.es\/wp-content\/uploads\/2015\/02\/hz3.jpg\" width=\"320\" height=\"280\" \/><\/a><\/strong>Ante la dram\u00e1tica situaci\u00f3n que a d\u00eda de hoy seguimos viviendo en nuestro turf, de ninguna forma vamos a darnos forfait en esta carrera hacia el futuro. Tirar la toalla ahora ser\u00eda abandonar para no volver, y nos entusiasma demasiado este mundo, a\u00fan con todas las trabas que nos est\u00e1n imponiendo unos y otros. Hace apenas una semana consensuamos retirar al prado a Rany\u00e1n y Zambeze, pero esta retirada supondr\u00eda seguro el \u2018no retorno\u2019 a competici\u00f3n de estos caballos.<\/p>\n<p style=\"text-align: justify;\">Tras una reuni\u00f3n mantenida con nuestro preparador \u2018Eduardo Buz\u00f3n\u2019 hemos acordado continuar nuestra actividad en Francia y esperar acontecimientos en Espa\u00f1a. Somos conscientes de la gravedad de la situaci\u00f3n aqu\u00ed, no vemos una soluci\u00f3n inminente, ni tan siquiera a corto-medio plazo. La temporada de primavera en Madrid est\u00e1 ya muy complicada, y ni tan siquiera la posible compra de activos de Fomento a trav\u00e9s de la oferta vinculante que ma\u00f1ana la Asociaci\u00f3n de Propietarios presentamos, puede ser una soluci\u00f3n viable que nos ofrezca una posibilidad media que garantice el reinicio de las carreras debido a que esta oferta puede no ser aceptada.<\/p>\n<p style=\"text-align: justify;\">Vamos a seguir capeando el temporal. Lo m\u00e1s f\u00e1cil ser\u00eda retirarnos por donde vinimos hace apenas cinco a\u00f1os, pero no es posible que esto se hunda y si el futuro depara al final el naufragio, no queremos tener un \u00e1pice de responsabilidad en ello.<\/p>\n<p style=\"text-align: justify;\">Por todo lo expresado, queremos informar de nuestro programa definitivo \u00a0para el mes de marzo pase lo que pase en los pr\u00f3ximos d\u00edas y con total convencimiento. No es posible competir en Espa\u00f1a, tristemente lo asumimos y, si llega el caso, pediremos responsabilidades futuras por el trastorno econ\u00f3mico ocasionado, pero de momento, s\u00ed podemos competir en tierras francesas. Nuestros caballos siguieron un programa desde noviembre pasado para competir con garant\u00edas desde la primera jornada en Madrid, y no podemos ni queremos deshacer y echar por tierra el trabajo realizado. Econ\u00f3micamente, representar\u00e1 otro nuevo perjuicio para nuestros intereses, pero afortunadamente no tenemos en consideraci\u00f3n nuestra cuenta de resultados en este sentido, aunque la paciencia y el sentido com\u00fan terminar\u00e1 aflorando&#8230;.<\/p>\n<p style=\"text-align: justify;\">Nuestros caballos seguir\u00e1n estabulados en Madrid, al menos durante el mes de marzo, y viajaremos a \u2018Toulouse\u2019 el pr\u00f3ximo d\u00eda 14 de marzo con dos de nuestros efectivos; \u2018High Brooklyn\u00b4 que tiene la bonita opci\u00f3n de salir de maiden en el Prix de Montfort, prueba para tres a\u00f1os no ganadores sobre distancia de 2.100 metros y, en la misma reuni\u00f3n, \u2018Il Presuntuoso\u2019 se estrenar\u00e1 en su primer h\u00e1ndicap en el \u2019Prix de Garonne\u2019 sobre distancia de 2.400 metros.<\/p>\n<p style=\"text-align: justify;\">Nos pondremos de nuevo en marcha dos semanas despu\u00e9s, d\u00eda 27 de marzo en \u2018Fontainebleau\u2019 con tres efectivos; Rany\u00e1n disputar\u00e1 un reclamar sobre distancia de 2.600 metros en el \u00b4Prix des Frenes\u2019, el incomprendido \u2018Zambeze\u2019 reaparecer\u00e1 para disputar un reclamar en 1.600 metros en el \u2018Prix des Cypres\u2019, y nuestro mejor caballo \u2018Valiant Blue\u2019 reaparecer\u00e1 con una fuerte apuesta de futuro, disputando su segundo \u2018listed\u2019 sobre distancia de 1.100 metros en el \u2018Prix Cor de Chasse\u2019.<\/p>\n<p style=\"text-align: justify;\">Ponemos de esta forma otro grano de arena a la resoluci\u00f3n del conflicto y otra muestra m\u00e1s de confianza. Dice un refr\u00e1n espa\u00f1ol que \u2018es de bien nacidos ser agradecidos\u2019 y esto es lo que queremos trasladar a todos los responsables de este conflicto. Tenemos la posibilidad \u00edntegra de abandonar y por el contrario seguimos suplic\u00e1ndoles y rogando, agradezcan ustedes nuestra sumisi\u00f3n y sean agradecidos. Por el bien de nuestro turf, por el futuro de nuestros profesionales, por la ilusi\u00f3n de los futuros propietarios y aficionados, por las ganas de galopar de nuestros caballos, por favor, sean \u2018bien nacidos\u2019.<\/p>\n<p style=\"text-align: justify;\">Y para terminar, quiero desear una muy pronta recuperaci\u00f3n a \u2018Gerardo Torres\u2019 que desgraciadamente en el d\u00eda de ayer sufri\u00f3 las consecuencias de una lamentable situaci\u00f3n extrema.<\/p>\n<hr \/>\n<p style=\"text-align: justify;\">\n<!-- AddThis Advanced Settings generic via filter on the_content --><!-- AddThis Share Buttons generic via filter on the_content -->","protected":false},"excerpt":{"rendered":"<p>Ante la dram\u00e1tica situaci\u00f3n que a d\u00eda de hoy seguimos viviendo en nuestro turf, de ninguna forma vamos a darnos forfait en esta carrera hacia el futuro. Tirar la toalla ahora ser\u00eda abandonar para no volver, y nos entusiasma demasiado este mundo, a\u00fan con todas las trabas que nos est\u00e1n imponiendo unos y otros. Hace [&hellip;]<!-- AddThis Advanced Settings generic via filter on get_the_excerpt --><!-- AddThis Share Buttons generic via filter on get_the_excerpt --><\/p>\n","protected":false},"author":5,"featured_media":0,"comment_status":"closed","ping_status":"closed","sticky":false,"template":"","format":"gallery","meta":{"_acf_changed":false,"_et_pb_use_builder":"","_et_pb_old_content":"","_et_gb_content_width":"","footnotes":""},"categories":[3],"tags":[],"class_list":["post-1627","post","type-post","status-publish","format-gallery","hentry","category-noticias-cuadra-agrado","post_format-post-format-gallery"],"acf":[],"yoast_head":"<!-- This site is optimized with the Yoast SEO plugin v27.4 - https:\/\/yoast.com\/product\/yoast-seo-wordpress\/ -->\n<title>Emigrando hacia el turf.... - Cuadra Agrado<\/title>\n<meta name=\"robots\" content=\"index, follow, max-snippet:-1, max-image-preview:large, max-video-preview:-1\" \/>\n<link rel=\"canonical\" href=\"https:\/\/cuadra-agrado.es\/?p=1627\" \/>\n<meta property=\"og:locale\" content=\"es_ES\" \/>\n<meta property=\"og:type\" content=\"article\" \/>\n<meta property=\"og:title\" content=\"Emigrando hacia el turf.... - Cuadra Agrado\" \/>\n<meta property=\"og:description\" content=\"Ante la dram\u00e1tica situaci\u00f3n que a d\u00eda de hoy seguimos viviendo en nuestro turf, de ninguna forma vamos a darnos forfait en esta carrera hacia el futuro. Tirar la toalla ahora ser\u00eda abandonar para no volver, y nos entusiasma demasiado este mundo, a\u00fan con todas las trabas que nos est\u00e1n imponiendo unos y otros. Hace [&hellip;]\" \/>\n<meta property=\"og:url\" content=\"https:\/\/cuadra-agrado.es\/?p=1627\" \/>\n<meta property=\"og:site_name\" content=\"Cuadra Agrado\" \/>\n<meta property=\"article:published_time\" content=\"2015-02-26T21:23:17+00:00\" \/>\n<meta property=\"article:modified_time\" content=\"2024-02-27T09:31:48+00:00\" \/>\n<meta property=\"og:image\" content=\"http:\/\/cuadra-agrado.es\/wp-content\/uploads\/2015\/02\/hz3.jpg\" \/>\n<meta name=\"author\" content=\"Miguel Redondo\" \/>\n<meta name=\"twitter:card\" content=\"summary_large_image\" \/>\n<meta name=\"twitter:creator\" content=\"@AGRADOracing\" \/>\n<meta name=\"twitter:site\" content=\"@AGRADOracing\" \/>\n<meta name=\"twitter:label1\" content=\"Escrito por\" \/>\n\t<meta name=\"twitter:data1\" content=\"Miguel Redondo\" \/>\n\t<meta name=\"twitter:label2\" content=\"Tiempo de lectura\" \/>\n\t<meta name=\"twitter:data2\" content=\"3 minutos\" \/>\n<script type=\"application\/ld+json\" class=\"yoast-schema-graph\">{\"@context\":\"https:\\\/\\\/schema.org\",\"@graph\":[{\"@type\":\"Article\",\"@id\":\"https:\\\/\\\/cuadra-agrado.es\\\/?p=1627#article\",\"isPartOf\":{\"@id\":\"https:\\\/\\\/cuadra-agrado.es\\\/?p=1627\"},\"author\":{\"name\":\"Miguel Redondo\",\"@id\":\"https:\\\/\\\/cuadra-agrado.es\\\/#\\\/schema\\\/person\\\/3aa4f8d2373cf756d93a5526bc72f31b\"},\"headline\":\"Emigrando hacia el turf&#8230;.\",\"datePublished\":\"2015-02-26T21:23:17+00:00\",\"dateModified\":\"2024-02-27T09:31:48+00:00\",\"mainEntityOfPage\":{\"@id\":\"https:\\\/\\\/cuadra-agrado.es\\\/?p=1627\"},\"wordCount\":671,\"image\":{\"@id\":\"https:\\\/\\\/cuadra-agrado.es\\\/?p=1627#primaryimage\"},\"thumbnailUrl\":\"http:\\\/\\\/cuadra-agrado.es\\\/wp-content\\\/uploads\\\/2015\\\/02\\\/hz3.jpg\",\"articleSection\":[\"Actualidad\"],\"inLanguage\":\"es\"},{\"@type\":\"WebPage\",\"@id\":\"https:\\\/\\\/cuadra-agrado.es\\\/?p=1627\",\"url\":\"https:\\\/\\\/cuadra-agrado.es\\\/?p=1627\",\"name\":\"Emigrando hacia el turf.... - Cuadra Agrado\",\"isPartOf\":{\"@id\":\"https:\\\/\\\/cuadra-agrado.es\\\/#website\"},\"primaryImageOfPage\":{\"@id\":\"https:\\\/\\\/cuadra-agrado.es\\\/?p=1627#primaryimage\"},\"image\":{\"@id\":\"https:\\\/\\\/cuadra-agrado.es\\\/?p=1627#primaryimage\"},\"thumbnailUrl\":\"http:\\\/\\\/cuadra-agrado.es\\\/wp-content\\\/uploads\\\/2015\\\/02\\\/hz3.jpg\",\"datePublished\":\"2015-02-26T21:23:17+00:00\",\"dateModified\":\"2024-02-27T09:31:48+00:00\",\"author\":{\"@id\":\"https:\\\/\\\/cuadra-agrado.es\\\/#\\\/schema\\\/person\\\/3aa4f8d2373cf756d93a5526bc72f31b\"},\"breadcrumb\":{\"@id\":\"https:\\\/\\\/cuadra-agrado.es\\\/?p=1627#breadcrumb\"},\"inLanguage\":\"es\",\"potentialAction\":[{\"@type\":\"ReadAction\",\"target\":[\"https:\\\/\\\/cuadra-agrado.es\\\/?p=1627\"]}]},{\"@type\":\"ImageObject\",\"inLanguage\":\"es\",\"@id\":\"https:\\\/\\\/cuadra-agrado.es\\\/?p=1627#primaryimage\",\"url\":\"http:\\\/\\\/cuadra-agrado.es\\\/wp-content\\\/uploads\\\/2015\\\/02\\\/hz3.jpg\",\"contentUrl\":\"http:\\\/\\\/cuadra-agrado.es\\\/wp-content\\\/uploads\\\/2015\\\/02\\\/hz3.jpg\"},{\"@type\":\"BreadcrumbList\",\"@id\":\"https:\\\/\\\/cuadra-agrado.es\\\/?p=1627#breadcrumb\",\"itemListElement\":[{\"@type\":\"ListItem\",\"position\":1,\"name\":\"Portada\",\"item\":\"https:\\\/\\\/cuadra-agrado.es\\\/\"},{\"@type\":\"ListItem\",\"position\":2,\"name\":\"Emigrando hacia el turf&#8230;.\"}]},{\"@type\":\"WebSite\",\"@id\":\"https:\\\/\\\/cuadra-agrado.es\\\/#website\",\"url\":\"https:\\\/\\\/cuadra-agrado.es\\\/\",\"name\":\"Cuadra Agrado\",\"description\":\"En el mundo del Turf desde 2008\",\"potentialAction\":[{\"@type\":\"SearchAction\",\"target\":{\"@type\":\"EntryPoint\",\"urlTemplate\":\"https:\\\/\\\/cuadra-agrado.es\\\/?s={search_term_string}\"},\"query-input\":{\"@type\":\"PropertyValueSpecification\",\"valueRequired\":true,\"valueName\":\"search_term_string\"}}],\"inLanguage\":\"es\"},{\"@type\":\"Person\",\"@id\":\"https:\\\/\\\/cuadra-agrado.es\\\/#\\\/schema\\\/person\\\/3aa4f8d2373cf756d93a5526bc72f31b\",\"name\":\"Miguel Redondo\",\"image\":{\"@type\":\"ImageObject\",\"inLanguage\":\"es\",\"@id\":\"https:\\\/\\\/secure.gravatar.com\\\/avatar\\\/85704fceb4fa34017e3c1344d182da00dbf772fb8856ba2b7726a2df926415b4?s=96&d=mm&r=g\",\"url\":\"https:\\\/\\\/secure.gravatar.com\\\/avatar\\\/85704fceb4fa34017e3c1344d182da00dbf772fb8856ba2b7726a2df926415b4?s=96&d=mm&r=g\",\"contentUrl\":\"https:\\\/\\\/secure.gravatar.com\\\/avatar\\\/85704fceb4fa34017e3c1344d182da00dbf772fb8856ba2b7726a2df926415b4?s=96&d=mm&r=g\",\"caption\":\"Miguel Redondo\"},\"sameAs\":[\"https:\\\/\\\/cuadra-agrado.es\"],\"url\":\"https:\\\/\\\/cuadra-agrado.es\\\/?author=5\"}]}<\/script>\n<!-- \/ Yoast SEO plugin. -->","yoast_head_json":{"title":"Emigrando hacia el turf.... - Cuadra Agrado","robots":{"index":"index","follow":"follow","max-snippet":"max-snippet:-1","max-image-preview":"max-image-preview:large","max-video-preview":"max-video-preview:-1"},"canonical":"https:\/\/cuadra-agrado.es\/?p=1627","og_locale":"es_ES","og_type":"article","og_title":"Emigrando hacia el turf.... - Cuadra Agrado","og_description":"Ante la dram\u00e1tica situaci\u00f3n que a d\u00eda de hoy seguimos viviendo en nuestro turf, de ninguna forma vamos a darnos forfait en esta carrera hacia el futuro. Tirar la toalla ahora ser\u00eda abandonar para no volver, y nos entusiasma demasiado este mundo, a\u00fan con todas las trabas que nos est\u00e1n imponiendo unos y otros. Hace [&hellip;]","og_url":"https:\/\/cuadra-agrado.es\/?p=1627","og_site_name":"Cuadra Agrado","article_published_time":"2015-02-26T21:23:17+00:00","article_modified_time":"2024-02-27T09:31:48+00:00","og_image":[{"url":"http:\/\/cuadra-agrado.es\/wp-content\/uploads\/2015\/02\/hz3.jpg","type":"","width":"","height":""}],"author":"Miguel Redondo","twitter_card":"summary_large_image","twitter_creator":"@AGRADOracing","twitter_site":"@AGRADOracing","twitter_misc":{"Escrito por":"Miguel Redondo","Tiempo de lectura":"3 minutos"},"schema":{"@context":"https:\/\/schema.org","@graph":[{"@type":"Article","@id":"https:\/\/cuadra-agrado.es\/?p=1627#article","isPartOf":{"@id":"https:\/\/cuadra-agrado.es\/?p=1627"},"author":{"name":"Miguel Redondo","@id":"https:\/\/cuadra-agrado.es\/#\/schema\/person\/3aa4f8d2373cf756d93a5526bc72f31b"},"headline":"Emigrando hacia el turf&#8230;.","datePublished":"2015-02-26T21:23:17+00:00","dateModified":"2024-02-27T09:31:48+00:00","mainEntityOfPage":{"@id":"https:\/\/cuadra-agrado.es\/?p=1627"},"wordCount":671,"image":{"@id":"https:\/\/cuadra-agrado.es\/?p=1627#primaryimage"},"thumbnailUrl":"http:\/\/cuadra-agrado.es\/wp-content\/uploads\/2015\/02\/hz3.jpg","articleSection":["Actualidad"],"inLanguage":"es"},{"@type":"WebPage","@id":"https:\/\/cuadra-agrado.es\/?p=1627","url":"https:\/\/cuadra-agrado.es\/?p=1627","name":"Emigrando hacia el turf.... - Cuadra Agrado","isPartOf":{"@id":"https:\/\/cuadra-agrado.es\/#website"},"primaryImageOfPage":{"@id":"https:\/\/cuadra-agrado.es\/?p=1627#primaryimage"},"image":{"@id":"https:\/\/cuadra-agrado.es\/?p=1627#primaryimage"},"thumbnailUrl":"http:\/\/cuadra-agrado.es\/wp-content\/uploads\/2015\/02\/hz3.jpg","datePublished":"2015-02-26T21:23:17+00:00","dateModified":"2024-02-27T09:31:48+00:00","author":{"@id":"https:\/\/cuadra-agrado.es\/#\/schema\/person\/3aa4f8d2373cf756d93a5526bc72f31b"},"breadcrumb":{"@id":"https:\/\/cuadra-agrado.es\/?p=1627#breadcrumb"},"inLanguage":"es","potentialAction":[{"@type":"ReadAction","target":["https:\/\/cuadra-agrado.es\/?p=1627"]}]},{"@type":"ImageObject","inLanguage":"es","@id":"https:\/\/cuadra-agrado.es\/?p=1627#primaryimage","url":"http:\/\/cuadra-agrado.es\/wp-content\/uploads\/2015\/02\/hz3.jpg","contentUrl":"http:\/\/cuadra-agrado.es\/wp-content\/uploads\/2015\/02\/hz3.jpg"},{"@type":"BreadcrumbList","@id":"https:\/\/cuadra-agrado.es\/?p=1627#breadcrumb","itemListElement":[{"@type":"ListItem","position":1,"name":"Portada","item":"https:\/\/cuadra-agrado.es\/"},{"@type":"ListItem","position":2,"name":"Emigrando hacia el turf&#8230;."}]},{"@type":"WebSite","@id":"https:\/\/cuadra-agrado.es\/#website","url":"https:\/\/cuadra-agrado.es\/","name":"Cuadra Agrado","description":"En el mundo del Turf desde 2008","potentialAction":[{"@type":"SearchAction","target":{"@type":"EntryPoint","urlTemplate":"https:\/\/cuadra-agrado.es\/?s={search_term_string}"},"query-input":{"@type":"PropertyValueSpecification","valueRequired":true,"valueName":"search_term_string"}}],"inLanguage":"es"},{"@type":"Person","@id":"https:\/\/cuadra-agrado.es\/#\/schema\/person\/3aa4f8d2373cf756d93a5526bc72f31b","name":"Miguel Redondo","image":{"@type":"ImageObject","inLanguage":"es","@id":"https:\/\/secure.gravatar.com\/avatar\/85704fceb4fa34017e3c1344d182da00dbf772fb8856ba2b7726a2df926415b4?s=96&d=mm&r=g","url":"https:\/\/secure.gravatar.com\/avatar\/85704fceb4fa34017e3c1344d182da00dbf772fb8856ba2b7726a2df926415b4?s=96&d=mm&r=g","contentUrl":"https:\/\/secure.gravatar.com\/avatar\/85704fceb4fa34017e3c1344d182da00dbf772fb8856ba2b7726a2df926415b4?s=96&d=mm&r=g","caption":"Miguel Redondo"},"sameAs":["https:\/\/cuadra-agrado.es"],"url":"https:\/\/cuadra-agrado.es\/?author=5"}]}},"_links":{"self":[{"href":"https:\/\/cuadra-agrado.es\/index.php?rest_route=\/wp\/v2\/posts\/1627","targetHints":{"allow":["GET"]}}],"collection":[{"href":"https:\/\/cuadra-agrado.es\/index.php?rest_route=\/wp\/v2\/posts"}],"about":[{"href":"https:\/\/cuadra-agrado.es\/index.php?rest_route=\/wp\/v2\/types\/post"}],"author":[{"embeddable":true,"href":"https:\/\/cuadra-agrado.es\/index.php?rest_route=\/wp\/v2\/users\/5"}],"replies":[{"embeddable":true,"href":"https:\/\/cuadra-agrado.es\/index.php?rest_route=%2Fwp%2Fv2%2Fcomments&post=1627"}],"version-history":[{"count":0,"href":"https:\/\/cuadra-agrado.es\/index.php?rest_route=\/wp\/v2\/posts\/1627\/revisions"}],"wp:attachment":[{"href":"https:\/\/cuadra-agrado.es\/index.php?rest_route=%2Fwp%2Fv2%2Fmedia&parent=1627"}],"wp:term":[{"taxonomy":"category","embeddable":true,"href":"https:\/\/cuadra-agrado.es\/index.php?rest_route=%2Fwp%2Fv2%2Fcategories&post=1627"},{"taxonomy":"post_tag","embeddable":true,"href":"https:\/\/cuadra-agrado.es\/index.php?rest_route=%2Fwp%2Fv2%2Ftags&post=1627"}],"curies":[{"name":"wp","href":"https:\/\/api.w.org\/{rel}","templated":true}]}}