{"id":16065,"date":"2025-12-23T06:54:02","date_gmt":"2025-12-23T06:54:02","guid":{"rendered":"https:\/\/cuadra-agrado.es\/?p=16065"},"modified":"2025-12-23T06:54:02","modified_gmt":"2025-12-23T06:54:02","slug":"la-luz-del-alburquerque-salvo-el-2025","status":"publish","type":"post","link":"https:\/\/cuadra-agrado.es\/?p=16065","title":{"rendered":"La luz del Alburquerque salv\u00f3 el 2025"},"content":{"rendered":"<p style=\"text-align: justify;\">Muy cerca ya de dar portazo y adi\u00f3s definitivo al 2025, como siempre por estas fechas, hacemos balance de todo lo acontecido en nuestra cuadra con la satisfacci\u00f3n de volver a haber sentido ese incondicional apoyo y cari\u00f1o de amigos, familiares y aficionados. Vaya por delante mi agradecimiento por el mero hecho de estar ah\u00ed y seguir disfrutando de los nuestros.<\/p>\n<p style=\"text-align: justify;\">En cuanto al balance que podemos hacer de este 17\u00ba a\u00f1o en competici\u00f3n, un a\u00f1o de turf da para rellenar muchas l\u00edneas, recordar algunas alegr\u00edas, y sacudirse definitivamente las muchas tristezas y d\u00edas oscuros aun con cielo despejado. Es evidente que no ha sido el mejor a\u00f1o competitivo en cuanto a resultados se refiere, pocas victorias y alg\u00fan que otro bofet\u00f3n de envergadura que, como siempre, hemos encajado de la mejor forma posible a lo largo de doce largos meses. Y es que perder las ilusiones en un a\u00f1o de turf siempre suele herir, pero no est\u00e1 permitido perderlas todas porque corres el riesgo de comenzar a morir.<br \/>\nPor supuesto, nos quedamos este a\u00f1o con un grand\u00edsimo recuerdo en la consecuci\u00f3n del Gran Premio Duque de Alburquerque 2025, cuarto t\u00edtulo grande que ya tenemos en vitrinas y que, de forma digna y meritoria, salv\u00f3 un a\u00f1o venido a menos.<br \/>\nPara no extender mucho la cr\u00f3nica, damos un breve repaso a todos los efectivos que el pasado 1 de enero comenzaban defendiendo nuestros colores.<\/p>\n<p style=\"text-align: justify;\"><strong><img loading=\"lazy\" decoding=\"async\" class=\"alignnone size-medium wp-image-15860\" src=\"http:\/\/cuadra-agrado.es\/wp-content\/uploads\/2025\/04\/Kowalsky-Alburquerque-300x200.jpg\" alt=\"\" width=\"300\" height=\"200\" \/><br \/>\nKOWALSKY<\/strong>. Nuestro principal baluarte pasaba sus pasadas vacaciones navide\u00f1as en la yeguada y reiniciaba su ciclo estrenando sus cinco a\u00f1os. Ten\u00eda un bonito programa muy definido para el a\u00f1o y todo comenzaba con una reaparici\u00f3n tranquila a mediados de marzo para encarar su primer Gran Premio en el Duque de Alburquerque a comienzos de abril. Casi sin despeinarse logr\u00f3 el primer gran t\u00edtulo del a\u00f1o y la confianza e ilusiones se desbordaban de forma temprana. Con otro grande ya en vitrinas y casi medio camino hecho en el mes de abril, su siguiente meta era el Gran Premio de Madrid que, personalmente, me hac\u00eda mucha ilusi\u00f3n. Se prepar\u00f3 a conciencia para ello con la l\u00f3gica preparatoria del Rheffissimo, donde su preparador no quiso ponerlo a m\u00e1ximas revoluciones y atacar el Gran Premio en plenitud de forma. Un calor asfixiante y un metraje fuera de su mejor horquilla fueron duros obst\u00e1culos para el gran \u201cKowalsky\u201d que, a\u00fan con toda la exigencia de ese particular Gran Premio, recogi\u00f3 un digno diploma de cuarto clasificado.<br \/>\nCumplida la primavera, afront\u00e1bamos un oto\u00f1o con buenas perspectivas, pero en verano un peque\u00f1o cuerpo extra\u00f1o en la zona de su babilla comenz\u00f3 a crecer. La exploraci\u00f3n veterinaria diagnostic\u00f3 un posible sarcoma que deber\u00edamos tratar a final de temporada. Pasar por quir\u00f3fano en aquel momento era olvidarnos de la temporada y decidimos con el benepl\u00e1cito veterinario mantener el programa. A contra-estilo decidimos correr el Gran Premio de la Hispanidad sobre 1.600 metros y, aunque pareci\u00f3 decidido a luchar la carrera, ya en el poste de los 300 el caballo enarbol\u00f3 bandera blanca. Prueba fallida, pero m\u00e1s que fallida por su metraje, parec\u00eda que sus problemas de salud parec\u00edan aflorar antes de tiempo. El 9 de noviembre ten\u00eda marcado en rojo su calendario como su prueba del oto\u00f1o en el Rom\u00e1n Mart\u00edn. Las sensaciones en trabajos eran muy buenas y todo parec\u00eda rodar con las mejores garant\u00edas, pero la realidad nos dio una bofetada inmensa cuando le vimos pasar por meta en un lugar que no deb\u00eda ser el suyo.<br \/>\nDe inmediato decidimos pasar por quir\u00f3fano para tratar el problema de ese maldito sarcoma que parec\u00eda ya haberse desarrollado internamente y ver evoluci\u00f3n. A d\u00eda de hoy se encuentra en la yeguada descansando con la \u00fanica y apesadumbrada duda de si volveremos a ver al \u201cKowalsky\u201d de siempre en 2026.<br \/>\nNota final: Notable. Se hizo con otro gran t\u00edtulo y el oto\u00f1o desvaneci\u00f3 sus hojas.<\/p>\n<p style=\"text-align: justify;\"><strong>KAMARA<\/strong>. Esper\u00e1bamos a la propia hermana de \u201cKendaya\u201d a sus tres a\u00f1os como hac\u00eda tiempo no esper\u00e1bamos a un efectivo en la cuadra. Pronto nos dimos cuenta de que no parec\u00eda \u201cKamara\u201d tener la calidad que su hermana, pero nos agarr\u00e1bamos a esa su misma gen\u00e9tica para tratar de desmentir esa primera sospecha. Tras un a\u00f1o de espera, abordamos su debut con un meritorio bronce. Todo parec\u00eda ir en la linea ascendente que busc\u00e1bamos, pero su primavera se convirti\u00f3 en un hilo continuo de desconfianza. La dejamos tranquila en verano, no s\u00e9 si porque lo necesitaba ella, o lo necesit\u00e1bamos nosotros, y comenzamos su oto\u00f1o con una plata que parec\u00eda volver a llenar las alforjas de una ilusi\u00f3n aun ficticia. Despu\u00e9s de este oasis en el desierto sus dos \u00faltimos sietes despedazaron un jersey de cachemir que ya ven\u00eda demasiado encogido para la puesta de los domingos. Con la desconfianza reinando su aurea, la salida de la cuadra se confirm\u00f3 a principios de noviembre donde esperamos disfrute de otra vida como yegua madre con bandera marroqu\u00ed.<br \/>\nNota final: Suficiente. Su parentesco con Kendaya siempre fue una quimera.<\/p>\n<p style=\"text-align: justify;\"><strong>SUPER RAFALE.<\/strong> Comenzaba muy bien el a\u00f1o tras una buena victoria en tierras nazarenas. Hasta entonces, hab\u00eda sido un caballo de valor que estiraba y encog\u00eda la goma en funci\u00f3n del estado de pista y de su mejor condici\u00f3n que, por otra parte, siempre era dif\u00edcil hacer coincidir. Tres salidas en primavera con terreno blando nos sirvieron para darnos cuenta de que hab\u00edamos perdido esa ilusi\u00f3n necesaria en un caballo de pura temporada estival y traspasamos su titularidad a los amigos de Duende del Sur antes de terminar la temporada primaveral. Con tristeza, fue el primero en abandonar el equipo 2025 m\u00e1s por un cansancio acuciante de sus vaivenes, que por la calidad del caballo que ha quedado demostrada en su mejor condici\u00f3n. A\u00fan hoy le seguimos teniendo ese cari\u00f1o especial cuando sale a pista, y le seguimos empujando hasta el poste de meta a\u00fan con otros colores.<br \/>\nNota final: Suficiente. Un caballo de valor con poca versatilidad.<\/p>\n<p style=\"text-align: justify;\"><strong>ALWIN BRAM.<\/strong> Para ser sinceros, ten\u00eda todas las papeletas de salir de la cuadra desde el a\u00f1o anterior. Desde los dos a\u00f1os intentando descubrir lo que apenas ten\u00eda, se nos llenaron los ojos de continuos problemas de salud. Nos regal\u00f3 una victoria en invierno que culmin\u00f3 con un bonito doblete nazareno con \u201cSuper Rafale\u201d y que nos sirvi\u00f3 para darle una oportunidad m\u00e1s y asignarle dorsal en este a\u00f1o, pero sus infinitos problemas f\u00edsicos hac\u00edan presagiar que su marcha era cuesti\u00f3n de tiempo m\u00e1s que de perseverancia. Dos \u00faltimos puestos en primavera fueron causa mayor para confirmar ese traspaso y fue el segundo que abandonaba el barco despu\u00e9s de muchos meses intentando reconducir un rumbo perdido desde que saliera de puerto.<br \/>\nNota final: Suspenso. Una larga espera para tan poca recompensa.<br \/>\n<img loading=\"lazy\" decoding=\"async\" class=\"alignnone size-medium wp-image-15995\" src=\"http:\/\/cuadra-agrado.es\/wp-content\/uploads\/2025\/09\/LHG_2062-2-300x200.jpg\" alt=\"\" width=\"300\" height=\"200\" \/><br \/>\n<strong>EL SOKHNA.<\/strong> Adquirido para complementar y dar servicio a \u201cKowalsky\u201d a principios de a\u00f1o, mes a mes se convirti\u00f3 en uno de esos dignos caballos que se pagaba su pienso mensualmente. Desde el principio no tuvimos en \u00e9l ese cari\u00f1o especial de caballo de cuadra. Estaba para lo que estaba y as\u00ed entendimos su rol. Despu\u00e9s de mucho tiempo con la chaquetilla de Becares, le ve\u00edamos raro defendiendo la nuestra por muy buenos amigos que seamos, y solo victorias y colocaciones durante todo el a\u00f1o nos hicieron ver en \u201cEl Sokhna\u201d el enorme caballo que es. Un \u201cviejo\u201d rentable, noble, competitivo, ganador, con una salud envidiable a su edad. Capaz de engullir y aceptar trabajos como \u201csparring\u201d en entrenamiento y aprovecharlos para posteriores victorias en carrera, \u00e9l a lo suyo, que sigue siendo competir al m\u00e1s alto nivel con alguna excepci\u00f3n de errores humanos. Un lujo de caballo al que hoy le tenemos ya un cari\u00f1o mucho m\u00e1s especial que hace apenas un a\u00f1o. Posiblemente, el caballo que, a contra pron\u00f3stico, nos ha hecho disfrutar de m\u00e1s d\u00edas durante el a\u00f1o. Bravo viejo!!!<br \/>\nNota final: Notable. La grata sorpresa del a\u00f1o.<\/p>\n<p style=\"text-align: justify;\"><strong>FREEKEL.<\/strong> Se fueron los dos a\u00f1os sin debutar y se fue tambi\u00e9n su edad cl\u00e1sica. Un caballo tan lleno de calidad como de problemas f\u00edsicos. M\u00e1s de dos a\u00f1os intentando descubrir en carrera lo que claramente se intu\u00eda en trabajos, pero cada vez que apret\u00e1bamos el acelerador para debutar, sus tendones se resent\u00edan. Uno de los caballos que recordar\u00e9 siempre por toda la ilusi\u00f3n que ten\u00edamos en \u00e9l y toda la decepci\u00f3n que nos ofreci\u00f3. El mel\u00f3n se qued\u00f3 sin abrir y es muy posible que cuando lo abramos est\u00e9 ya pasado, pero de manera cabezona mantenemos la ilusi\u00f3n de abrirlo alg\u00fan d\u00eda sentados sobre un barril de p\u00f3lvora. Hoy, contin\u00faa en la yeguada esperando lentamente su recuperaci\u00f3n que, solo el tiempo nos dir\u00e1 si alg\u00fan d\u00eda llegar\u00e1 a buen puerto.<br \/>\nNota final: Suspenso. Sin duda, el caballo de la esperanza est\u00e9ril.<\/p>\n<p style=\"text-align: justify;\"><strong>ZARUK<\/strong>. \u00daltimo producto de nuestra malquerida yegua madre \u201cHigh Brooklyn\u201d que tantos disgustos nos ha dado en la cr\u00eda, hasta que finalmente finiquitamos contrato hace apenas dos meses. Este \u00faltimo producto, hijo del gran \u201cZarak\u201d, fue nuestra \u00faltima apuesta por tan desastrosa madre y, aun as\u00ed, no conseguimos sacar nada bueno de \u00e9l. El pobre \u201cZaruk\u201d manten\u00eda muy en el fondo la enorme gen\u00e9tica de calidad de su padre, pero con los mismos preocupantes s\u00edntomas que su madre\u2026 Miedoso, desconfiado, sin ninguna afinidad a la competici\u00f3n, y sin apenas voluntad para ella. Dos carreras en su historial confirmaron que no estaba hecho para la competici\u00f3n y, tras darle los mejores cuidados y un largo tiempo m\u00e1s que necesario, en septiembre decidimos ponerle a correr liebres en Valladolid. Si algo hemos aprendido con \u201cZaruk\u201d es que ni el <em>padrillo<\/em> m\u00e1s grande puede con la gen\u00e9tica de la peor madre.<br \/>\nNota final: Muy Deficiente. Un caballo desagradecido que nunca encontr\u00f3 su karma.<\/p>\n<p style=\"text-align: justify;\"><strong>KIUNGA<\/strong>. Una potra que compr\u00e1bamos de yearling en Osarus el pasado a\u00f1o. No tuvimos reparo en que se quedara en pre-training en Francia para adelantar trabajos, y en febrero estaba ya en el patio. Su padre \u201cVictor Ludorum\u201d nos daba la precocidad necesaria para debutar a dos a\u00f1os, pero mes a mes se nos fue haciendo de noche acumulando problemas f\u00edsicos hasta el punto de que se qued\u00f3 sin su bautismo a dos a\u00f1os. No queda otra que seguir confiando en ella y esperarla en su edad cl\u00e1sica y, aunque la confianza en estos casos se va perdiendo como el agua en un sif\u00f3n sin junta, seguimos manteniendo un halo de esperanza e ilusi\u00f3n para que pueda darnos en pista a tres a\u00f1os lo que nos ha negado en este a\u00f1o.<br \/>\nNota final: Suspenso. Ni siquiera pudimos perfilar su hipot\u00e9tica precocidad.<\/p>\n<p style=\"text-align: justify;\"><strong>ZYLEK<\/strong>. Se fue 2024 sin ese debut esperado a dos a\u00f1os, y se nos ha ido 2025 con ese mismo resultado en su edad cl\u00e1sica. Complicado aventurarnos a decir que 2026 ser\u00e1 su a\u00f1o, pero ya la ilusi\u00f3n est\u00e1 casi perdida, y un debut despu\u00e9s de dos largos a\u00f1os se convertir\u00e1 en algo ya anodino. Luchar a cuatro a\u00f1os contra caballos ya experimentados es como intentar introducir en la selva al le\u00f3n que no quisieron en su guarida. Cuesti\u00f3n de tiempo ser\u00e1 el fatal desenlace con el que comenzaremos en 2026 con este hijo de \u00abZenzal\u00bb tan lleno de problemas como de probabilidades de que marche de la cuadra de la misma forma que as\u00ed lo hiciera su compa\u00f1ero \u00abFreekel\u00bb. La esperanza es siempre lo \u00faltimo que se pierde y, de perdidos al r\u00edo, le asignaremos dorsal para la competici\u00f3n en 2026, no vaya a ser que nos quiera devolver a cuatro a\u00f1os lo que no pudo hacer en su juventud.<br \/>\nNota final: Suspenso. Otro caballo de esperanza est\u00e9ril.<\/p>\n<p style=\"text-align: justify;\"><strong>BALOOK<\/strong>. As\u00ed se llama la nueva joya de la corona Agrado Racing. Un hijo de \u201cSea The Moon\u201d y madre por \u201cOasis Dream\u201d adquirido de yearling en Tattersalls. Origen cl\u00e1sico que durante 2025 hemos sabido esperar pacientes durante un largo a\u00f1o. Ni un solo amago para debutar ha querido su preparaci\u00f3n que lo tiene sobre algodones para intentar atacar el Derby del pr\u00f3ximo a\u00f1o y al que, si quiere alcanzar su objetivo, lo veremos debutando en marzo del pr\u00f3ximo a\u00f1o. Poco m\u00e1s que decir de \u00e9l que tiene la clase, hechuras y f\u00edsico que se le viera a \u201cKowalsky\u201d a su misma edad. Palabras mayores \u2026<br \/>\nNota final: Notable. Asimilando y sin problemas de salud. Se espera mucho de \u00e9l.<\/p>\n<p style=\"text-align: justify;\">De diez asignaturas en el 17\u00ba curso de nuestra carrera turf\u00edstica, hemos suspendido cinco. Sin duda, malo ha sido el bagaje, y toca recuperar asignaturas pendientes para el pr\u00f3ximo a\u00f1o. Alguna que otra cara nueva sustituir\u00e1 a los suspendidos este pr\u00f3ximo a\u00f1o para confeccionar definitivamente el plantel 2026. Y es que las apuestas fallidas en el turf son siempre una gran oportunidad para resarcirte con nuevos efectivos.<br \/>\nEl a\u00f1o no ha sido bueno, pero la confianza en el equipo sigue estando intacta. En este sentido, queremos agradecer a todo el equipo capitaneado por Christian Delcher todo el trabajo realizado a lo largo de un extenso a\u00f1o. Enormemente agradecidos por otro gran t\u00edtulo que ya qued\u00f3 grabado en nuestro recuerdo, y por hacernos disfrutar un a\u00f1o m\u00e1s de este apasionante mundo que nunca desmerece. Las recompensas no suelen llegar de inmediato, pero siempre llegan con el tiempo.<\/p>\n<p style=\"text-align: justify;\">Es tiempo de anhelos, y nuestro deseo en clave de turf para el pr\u00f3ximo a\u00f1o es que nuestro querido Hip\u00f3dromo de la Zarzuela tenga la visibilidad externa que durante m\u00e1s de 84 a\u00f1os ha enarbolado su bandera, alejado de todos los focos de corruptas tramas pol\u00edticas que desgraciadamente estamos viviendo en estos \u00faltimos meses. Vergonzosos y bochornosos son los titulares que uno tras otro han convertido nuestro hip\u00f3dromo en un lugar donde no merece estar.<\/p>\n<p>A todos los profesionales, aficionados, propietarios y todas y cada una de las conexiones de nuestro turf, os deseamos una muy Feliz Navidad, y que esos deseos que se quedaron sin cumplir durante el a\u00f1o se conviertan en realidad en 2026.<\/p>\n<p style=\"text-align: justify;\"><strong>\u00a1\u00a1 Feliz Navidad !!<\/strong><\/p>\n<!-- AddThis Advanced Settings generic via filter on the_content --><!-- AddThis Share Buttons generic via filter on the_content -->","protected":false},"excerpt":{"rendered":"<p>Muy cerca ya de dar portazo y adi\u00f3s definitivo al 2025, como siempre por estas fechas, hacemos balance de todo lo acontecido en nuestra cuadra con la satisfacci\u00f3n de volver a haber sentido ese incondicional apoyo y cari\u00f1o de amigos, familiares y aficionados. Vaya por delante mi agradecimiento por el mero hecho de estar ah\u00ed [&hellip;]<!-- AddThis Advanced Settings generic via filter on get_the_excerpt --><!-- AddThis Share Buttons generic via filter on get_the_excerpt --><\/p>\n","protected":false},"author":5,"featured_media":16067,"comment_status":"closed","ping_status":"open","sticky":false,"template":"","format":"standard","meta":{"_acf_changed":false,"_et_pb_use_builder":"","_et_pb_old_content":"","_et_gb_content_width":"","footnotes":""},"categories":[3],"tags":[],"class_list":["post-16065","post","type-post","status-publish","format-standard","has-post-thumbnail","hentry","category-noticias-cuadra-agrado"],"acf":[],"yoast_head":"<!-- This site is optimized with the Yoast SEO plugin v27.4 - https:\/\/yoast.com\/product\/yoast-seo-wordpress\/ -->\n<title>La luz del Alburquerque salv\u00f3 el 2025 - Cuadra Agrado<\/title>\n<meta name=\"robots\" content=\"index, follow, max-snippet:-1, max-image-preview:large, max-video-preview:-1\" \/>\n<link rel=\"canonical\" href=\"https:\/\/cuadra-agrado.es\/?p=16065\" \/>\n<meta property=\"og:locale\" content=\"es_ES\" \/>\n<meta property=\"og:type\" content=\"article\" \/>\n<meta property=\"og:title\" content=\"La luz del Alburquerque salv\u00f3 el 2025 - Cuadra Agrado\" \/>\n<meta property=\"og:description\" content=\"Muy cerca ya de dar portazo y adi\u00f3s definitivo al 2025, como siempre por estas fechas, hacemos balance de todo lo acontecido en nuestra cuadra con la satisfacci\u00f3n de volver a haber sentido ese incondicional apoyo y cari\u00f1o de amigos, familiares y aficionados. Vaya por delante mi agradecimiento por el mero hecho de estar ah\u00ed [&hellip;]\" \/>\n<meta property=\"og:url\" content=\"https:\/\/cuadra-agrado.es\/?p=16065\" \/>\n<meta property=\"og:site_name\" content=\"Cuadra Agrado\" \/>\n<meta property=\"article:published_time\" content=\"2025-12-23T06:54:02+00:00\" \/>\n<meta property=\"og:image\" content=\"http:\/\/cuadra-agrado.es\/wp-content\/uploads\/2025\/12\/8ff9a618-1592-4876-997f-287c0e05fee5.jpg\" \/>\n\t<meta property=\"og:image:width\" content=\"2048\" \/>\n\t<meta property=\"og:image:height\" content=\"1380\" \/>\n\t<meta property=\"og:image:type\" content=\"image\/jpeg\" \/>\n<meta name=\"author\" content=\"Miguel Redondo\" \/>\n<meta name=\"twitter:card\" content=\"summary_large_image\" \/>\n<meta name=\"twitter:creator\" content=\"@AGRADOracing\" \/>\n<meta name=\"twitter:site\" content=\"@AGRADOracing\" \/>\n<meta name=\"twitter:label1\" content=\"Escrito por\" \/>\n\t<meta name=\"twitter:data1\" content=\"Miguel Redondo\" \/>\n\t<meta name=\"twitter:label2\" content=\"Tiempo de lectura\" \/>\n\t<meta name=\"twitter:data2\" content=\"12 minutos\" \/>\n<script type=\"application\/ld+json\" class=\"yoast-schema-graph\">{\"@context\":\"https:\\\/\\\/schema.org\",\"@graph\":[{\"@type\":\"Article\",\"@id\":\"https:\\\/\\\/cuadra-agrado.es\\\/?p=16065#article\",\"isPartOf\":{\"@id\":\"https:\\\/\\\/cuadra-agrado.es\\\/?p=16065\"},\"author\":{\"name\":\"Miguel Redondo\",\"@id\":\"https:\\\/\\\/cuadra-agrado.es\\\/#\\\/schema\\\/person\\\/3aa4f8d2373cf756d93a5526bc72f31b\"},\"headline\":\"La luz del Alburquerque salv\u00f3 el 2025\",\"datePublished\":\"2025-12-23T06:54:02+00:00\",\"mainEntityOfPage\":{\"@id\":\"https:\\\/\\\/cuadra-agrado.es\\\/?p=16065\"},\"wordCount\":2483,\"image\":{\"@id\":\"https:\\\/\\\/cuadra-agrado.es\\\/?p=16065#primaryimage\"},\"thumbnailUrl\":\"https:\\\/\\\/cuadra-agrado.es\\\/wp-content\\\/uploads\\\/2025\\\/12\\\/8ff9a618-1592-4876-997f-287c0e05fee5.jpg\",\"articleSection\":[\"Actualidad\"],\"inLanguage\":\"es\"},{\"@type\":\"WebPage\",\"@id\":\"https:\\\/\\\/cuadra-agrado.es\\\/?p=16065\",\"url\":\"https:\\\/\\\/cuadra-agrado.es\\\/?p=16065\",\"name\":\"La luz del Alburquerque salv\u00f3 el 2025 - Cuadra Agrado\",\"isPartOf\":{\"@id\":\"https:\\\/\\\/cuadra-agrado.es\\\/#website\"},\"primaryImageOfPage\":{\"@id\":\"https:\\\/\\\/cuadra-agrado.es\\\/?p=16065#primaryimage\"},\"image\":{\"@id\":\"https:\\\/\\\/cuadra-agrado.es\\\/?p=16065#primaryimage\"},\"thumbnailUrl\":\"https:\\\/\\\/cuadra-agrado.es\\\/wp-content\\\/uploads\\\/2025\\\/12\\\/8ff9a618-1592-4876-997f-287c0e05fee5.jpg\",\"datePublished\":\"2025-12-23T06:54:02+00:00\",\"author\":{\"@id\":\"https:\\\/\\\/cuadra-agrado.es\\\/#\\\/schema\\\/person\\\/3aa4f8d2373cf756d93a5526bc72f31b\"},\"breadcrumb\":{\"@id\":\"https:\\\/\\\/cuadra-agrado.es\\\/?p=16065#breadcrumb\"},\"inLanguage\":\"es\",\"potentialAction\":[{\"@type\":\"ReadAction\",\"target\":[\"https:\\\/\\\/cuadra-agrado.es\\\/?p=16065\"]}]},{\"@type\":\"ImageObject\",\"inLanguage\":\"es\",\"@id\":\"https:\\\/\\\/cuadra-agrado.es\\\/?p=16065#primaryimage\",\"url\":\"https:\\\/\\\/cuadra-agrado.es\\\/wp-content\\\/uploads\\\/2025\\\/12\\\/8ff9a618-1592-4876-997f-287c0e05fee5.jpg\",\"contentUrl\":\"https:\\\/\\\/cuadra-agrado.es\\\/wp-content\\\/uploads\\\/2025\\\/12\\\/8ff9a618-1592-4876-997f-287c0e05fee5.jpg\",\"width\":2048,\"height\":1380},{\"@type\":\"BreadcrumbList\",\"@id\":\"https:\\\/\\\/cuadra-agrado.es\\\/?p=16065#breadcrumb\",\"itemListElement\":[{\"@type\":\"ListItem\",\"position\":1,\"name\":\"Portada\",\"item\":\"https:\\\/\\\/cuadra-agrado.es\\\/\"},{\"@type\":\"ListItem\",\"position\":2,\"name\":\"La luz del Alburquerque salv\u00f3 el 2025\"}]},{\"@type\":\"WebSite\",\"@id\":\"https:\\\/\\\/cuadra-agrado.es\\\/#website\",\"url\":\"https:\\\/\\\/cuadra-agrado.es\\\/\",\"name\":\"Cuadra Agrado\",\"description\":\"En el mundo del Turf desde 2008\",\"potentialAction\":[{\"@type\":\"SearchAction\",\"target\":{\"@type\":\"EntryPoint\",\"urlTemplate\":\"https:\\\/\\\/cuadra-agrado.es\\\/?s={search_term_string}\"},\"query-input\":{\"@type\":\"PropertyValueSpecification\",\"valueRequired\":true,\"valueName\":\"search_term_string\"}}],\"inLanguage\":\"es\"},{\"@type\":\"Person\",\"@id\":\"https:\\\/\\\/cuadra-agrado.es\\\/#\\\/schema\\\/person\\\/3aa4f8d2373cf756d93a5526bc72f31b\",\"name\":\"Miguel Redondo\",\"image\":{\"@type\":\"ImageObject\",\"inLanguage\":\"es\",\"@id\":\"https:\\\/\\\/secure.gravatar.com\\\/avatar\\\/85704fceb4fa34017e3c1344d182da00dbf772fb8856ba2b7726a2df926415b4?s=96&d=mm&r=g\",\"url\":\"https:\\\/\\\/secure.gravatar.com\\\/avatar\\\/85704fceb4fa34017e3c1344d182da00dbf772fb8856ba2b7726a2df926415b4?s=96&d=mm&r=g\",\"contentUrl\":\"https:\\\/\\\/secure.gravatar.com\\\/avatar\\\/85704fceb4fa34017e3c1344d182da00dbf772fb8856ba2b7726a2df926415b4?s=96&d=mm&r=g\",\"caption\":\"Miguel Redondo\"},\"sameAs\":[\"https:\\\/\\\/cuadra-agrado.es\"],\"url\":\"https:\\\/\\\/cuadra-agrado.es\\\/?author=5\"}]}<\/script>\n<!-- \/ Yoast SEO plugin. -->","yoast_head_json":{"title":"La luz del Alburquerque salv\u00f3 el 2025 - Cuadra Agrado","robots":{"index":"index","follow":"follow","max-snippet":"max-snippet:-1","max-image-preview":"max-image-preview:large","max-video-preview":"max-video-preview:-1"},"canonical":"https:\/\/cuadra-agrado.es\/?p=16065","og_locale":"es_ES","og_type":"article","og_title":"La luz del Alburquerque salv\u00f3 el 2025 - Cuadra Agrado","og_description":"Muy cerca ya de dar portazo y adi\u00f3s definitivo al 2025, como siempre por estas fechas, hacemos balance de todo lo acontecido en nuestra cuadra con la satisfacci\u00f3n de volver a haber sentido ese incondicional apoyo y cari\u00f1o de amigos, familiares y aficionados. Vaya por delante mi agradecimiento por el mero hecho de estar ah\u00ed [&hellip;]","og_url":"https:\/\/cuadra-agrado.es\/?p=16065","og_site_name":"Cuadra Agrado","article_published_time":"2025-12-23T06:54:02+00:00","og_image":[{"width":2048,"height":1380,"url":"http:\/\/cuadra-agrado.es\/wp-content\/uploads\/2025\/12\/8ff9a618-1592-4876-997f-287c0e05fee5.jpg","type":"image\/jpeg"}],"author":"Miguel Redondo","twitter_card":"summary_large_image","twitter_creator":"@AGRADOracing","twitter_site":"@AGRADOracing","twitter_misc":{"Escrito por":"Miguel Redondo","Tiempo de lectura":"12 minutos"},"schema":{"@context":"https:\/\/schema.org","@graph":[{"@type":"Article","@id":"https:\/\/cuadra-agrado.es\/?p=16065#article","isPartOf":{"@id":"https:\/\/cuadra-agrado.es\/?p=16065"},"author":{"name":"Miguel Redondo","@id":"https:\/\/cuadra-agrado.es\/#\/schema\/person\/3aa4f8d2373cf756d93a5526bc72f31b"},"headline":"La luz del Alburquerque salv\u00f3 el 2025","datePublished":"2025-12-23T06:54:02+00:00","mainEntityOfPage":{"@id":"https:\/\/cuadra-agrado.es\/?p=16065"},"wordCount":2483,"image":{"@id":"https:\/\/cuadra-agrado.es\/?p=16065#primaryimage"},"thumbnailUrl":"https:\/\/cuadra-agrado.es\/wp-content\/uploads\/2025\/12\/8ff9a618-1592-4876-997f-287c0e05fee5.jpg","articleSection":["Actualidad"],"inLanguage":"es"},{"@type":"WebPage","@id":"https:\/\/cuadra-agrado.es\/?p=16065","url":"https:\/\/cuadra-agrado.es\/?p=16065","name":"La luz del Alburquerque salv\u00f3 el 2025 - Cuadra Agrado","isPartOf":{"@id":"https:\/\/cuadra-agrado.es\/#website"},"primaryImageOfPage":{"@id":"https:\/\/cuadra-agrado.es\/?p=16065#primaryimage"},"image":{"@id":"https:\/\/cuadra-agrado.es\/?p=16065#primaryimage"},"thumbnailUrl":"https:\/\/cuadra-agrado.es\/wp-content\/uploads\/2025\/12\/8ff9a618-1592-4876-997f-287c0e05fee5.jpg","datePublished":"2025-12-23T06:54:02+00:00","author":{"@id":"https:\/\/cuadra-agrado.es\/#\/schema\/person\/3aa4f8d2373cf756d93a5526bc72f31b"},"breadcrumb":{"@id":"https:\/\/cuadra-agrado.es\/?p=16065#breadcrumb"},"inLanguage":"es","potentialAction":[{"@type":"ReadAction","target":["https:\/\/cuadra-agrado.es\/?p=16065"]}]},{"@type":"ImageObject","inLanguage":"es","@id":"https:\/\/cuadra-agrado.es\/?p=16065#primaryimage","url":"https:\/\/cuadra-agrado.es\/wp-content\/uploads\/2025\/12\/8ff9a618-1592-4876-997f-287c0e05fee5.jpg","contentUrl":"https:\/\/cuadra-agrado.es\/wp-content\/uploads\/2025\/12\/8ff9a618-1592-4876-997f-287c0e05fee5.jpg","width":2048,"height":1380},{"@type":"BreadcrumbList","@id":"https:\/\/cuadra-agrado.es\/?p=16065#breadcrumb","itemListElement":[{"@type":"ListItem","position":1,"name":"Portada","item":"https:\/\/cuadra-agrado.es\/"},{"@type":"ListItem","position":2,"name":"La luz del Alburquerque salv\u00f3 el 2025"}]},{"@type":"WebSite","@id":"https:\/\/cuadra-agrado.es\/#website","url":"https:\/\/cuadra-agrado.es\/","name":"Cuadra Agrado","description":"En el mundo del Turf desde 2008","potentialAction":[{"@type":"SearchAction","target":{"@type":"EntryPoint","urlTemplate":"https:\/\/cuadra-agrado.es\/?s={search_term_string}"},"query-input":{"@type":"PropertyValueSpecification","valueRequired":true,"valueName":"search_term_string"}}],"inLanguage":"es"},{"@type":"Person","@id":"https:\/\/cuadra-agrado.es\/#\/schema\/person\/3aa4f8d2373cf756d93a5526bc72f31b","name":"Miguel Redondo","image":{"@type":"ImageObject","inLanguage":"es","@id":"https:\/\/secure.gravatar.com\/avatar\/85704fceb4fa34017e3c1344d182da00dbf772fb8856ba2b7726a2df926415b4?s=96&d=mm&r=g","url":"https:\/\/secure.gravatar.com\/avatar\/85704fceb4fa34017e3c1344d182da00dbf772fb8856ba2b7726a2df926415b4?s=96&d=mm&r=g","contentUrl":"https:\/\/secure.gravatar.com\/avatar\/85704fceb4fa34017e3c1344d182da00dbf772fb8856ba2b7726a2df926415b4?s=96&d=mm&r=g","caption":"Miguel Redondo"},"sameAs":["https:\/\/cuadra-agrado.es"],"url":"https:\/\/cuadra-agrado.es\/?author=5"}]}},"_links":{"self":[{"href":"https:\/\/cuadra-agrado.es\/index.php?rest_route=\/wp\/v2\/posts\/16065","targetHints":{"allow":["GET"]}}],"collection":[{"href":"https:\/\/cuadra-agrado.es\/index.php?rest_route=\/wp\/v2\/posts"}],"about":[{"href":"https:\/\/cuadra-agrado.es\/index.php?rest_route=\/wp\/v2\/types\/post"}],"author":[{"embeddable":true,"href":"https:\/\/cuadra-agrado.es\/index.php?rest_route=\/wp\/v2\/users\/5"}],"replies":[{"embeddable":true,"href":"https:\/\/cuadra-agrado.es\/index.php?rest_route=%2Fwp%2Fv2%2Fcomments&post=16065"}],"version-history":[{"count":7,"href":"https:\/\/cuadra-agrado.es\/index.php?rest_route=\/wp\/v2\/posts\/16065\/revisions"}],"predecessor-version":[{"id":16073,"href":"https:\/\/cuadra-agrado.es\/index.php?rest_route=\/wp\/v2\/posts\/16065\/revisions\/16073"}],"wp:featuredmedia":[{"embeddable":true,"href":"https:\/\/cuadra-agrado.es\/index.php?rest_route=\/wp\/v2\/media\/16067"}],"wp:attachment":[{"href":"https:\/\/cuadra-agrado.es\/index.php?rest_route=%2Fwp%2Fv2%2Fmedia&parent=16065"}],"wp:term":[{"taxonomy":"category","embeddable":true,"href":"https:\/\/cuadra-agrado.es\/index.php?rest_route=%2Fwp%2Fv2%2Fcategories&post=16065"},{"taxonomy":"post_tag","embeddable":true,"href":"https:\/\/cuadra-agrado.es\/index.php?rest_route=%2Fwp%2Fv2%2Ftags&post=16065"}],"curies":[{"name":"wp","href":"https:\/\/api.w.org\/{rel}","templated":true}]}}