{"id":16022,"date":"2025-10-27T12:18:25","date_gmt":"2025-10-27T12:18:25","guid":{"rendered":"https:\/\/cuadra-agrado.es\/?p=16022"},"modified":"2025-10-27T12:21:39","modified_gmt":"2025-10-27T12:21:39","slug":"cal-o-arena-para-kamara","status":"publish","type":"post","link":"https:\/\/cuadra-agrado.es\/?p=16022","title":{"rendered":"Cal o arena para Kamara"},"content":{"rendered":"<p style=\"text-align: justify;\">Tercera salida del oto\u00f1o para \u201c<strong>Kamara<\/strong>\u201d este pr\u00f3ximo domingo en la segunda parte del h\u00e1ndicap del d\u00eda sobre 1.500 metros. Una de cal y otra de arena en su reciente historial oto\u00f1al. Buena fue su primera salida en septiembre donde consigui\u00f3 la plata y esboz\u00f3 su mejor versi\u00f3n para tratar de salir de maiden en su siguiente convocatoria. Hace apenas dos semanas en esa prueba para pasar por ganadores, un mal recorrido desde cajones y un mal planteamiento de carrera en un nutrido lote, ech\u00f3 todas sus opciones por tierra y, aunque trat\u00f3 de enmendar el error en el \u00faltimo furlong, muchos cuerpos solidos delante la condenaron a una posici\u00f3n anodina e inmerecida.<\/p>\n<p style=\"text-align: justify;\">Nueva oportunidad en otro de esos nutridos lotes donde ser\u00e1 dif\u00edcil mantener un recorrido limpio. Con 16 en el partant provisional, esta vez Alejandro Guti\u00e9rrez Val, tendr\u00e1 que asumir un recorrido mucho m\u00e1s valiente si queremos ver a \u201c<strong>Kamara<\/strong>\u201d luchar una carrera tremendamente dif\u00edcil en segunda parte de h\u00e1ndicap, donde los valores a estas alturas del a\u00f1o est\u00e1n ya muy contrastados, aunque en cuanto a ella se refiere, nos seguimos resistiendo a creer que, la propia hermana de \u201c<strong>Kendaya<\/strong>\u201d, tenga un valor 29 en su etapa final cl\u00e1sica. La forma y gl\u00f3bulos los mantiene despu\u00e9s de una carrera donde apenas tuvo desgaste, y las lluvias de esta semana dejan la pista tambi\u00e9n a favor de esa hipot\u00e9tica mejor condici\u00f3n que creemos lleva en su gen\u00e9tica. El \u00fanico inconveniente o temor lo seguimos manteniendo en un partant donde el infortunio de una mala salida, o un enredo en el recorrido puede volver a dejar a \u201c<strong>Kamara<\/strong>\u201d sin el premio que busca desde hace tiempo.<\/p>\n<p style=\"text-align: justify;\">Esperemos que, en esta nueva comparecencia, tenga un recorrido limpio y valiente dentro de la dificultad de este tipo de carreras, conserve su buena forma que est\u00e1 confirmando en sus trabajos de la ma\u00f1ana, y la pista blanda ayude a quitarnos esa siempre incomoda etiqueta de maiden para poder ver su primer paso por recinto de ganadores.<\/p>\n<p style=\"text-align: justify;\">Vamos a ver si esta nueva salida es la de cal o es la de arena y, aunque nunca supe de dicha expresi\u00f3n cu\u00e1l es la buena y cu\u00e1l es la mala, esperemos que sea definitivamente la buena, sea cual sea el material empleado el domingo.<br \/>\nMucha suerte equipo!!!<\/p>\n<!-- AddThis Advanced Settings generic via filter on the_content --><!-- AddThis Share Buttons generic via filter on the_content -->","protected":false},"excerpt":{"rendered":"<p>Tercera salida del oto\u00f1o para \u201cKamara\u201d este pr\u00f3ximo domingo en la segunda parte del h\u00e1ndicap del d\u00eda sobre 1.500 metros. Una de cal y otra de arena en su reciente historial oto\u00f1al. Buena fue su primera salida en septiembre donde consigui\u00f3 la plata y esboz\u00f3 su mejor versi\u00f3n para tratar de salir de maiden en [&hellip;]<!-- AddThis Advanced Settings generic via filter on get_the_excerpt --><!-- AddThis Share Buttons generic via filter on get_the_excerpt --><\/p>\n","protected":false},"author":5,"featured_media":16023,"comment_status":"closed","ping_status":"open","sticky":false,"template":"","format":"standard","meta":{"_acf_changed":false,"_et_pb_use_builder":"","_et_pb_old_content":"","_et_gb_content_width":"","footnotes":""},"categories":[3],"tags":[],"class_list":["post-16022","post","type-post","status-publish","format-standard","has-post-thumbnail","hentry","category-noticias-cuadra-agrado"],"acf":[],"yoast_head":"<!-- This site is optimized with the Yoast SEO plugin v27.4 - https:\/\/yoast.com\/product\/yoast-seo-wordpress\/ -->\n<title>Cal o arena para Kamara - Cuadra Agrado<\/title>\n<meta name=\"robots\" content=\"index, follow, max-snippet:-1, max-image-preview:large, max-video-preview:-1\" \/>\n<link rel=\"canonical\" href=\"https:\/\/cuadra-agrado.es\/?p=16022\" \/>\n<meta property=\"og:locale\" content=\"es_ES\" \/>\n<meta property=\"og:type\" content=\"article\" \/>\n<meta property=\"og:title\" content=\"Cal o arena para Kamara - Cuadra Agrado\" \/>\n<meta property=\"og:description\" content=\"Tercera salida del oto\u00f1o para \u201cKamara\u201d este pr\u00f3ximo domingo en la segunda parte del h\u00e1ndicap del d\u00eda sobre 1.500 metros. Una de cal y otra de arena en su reciente historial oto\u00f1al. Buena fue su primera salida en septiembre donde consigui\u00f3 la plata y esboz\u00f3 su mejor versi\u00f3n para tratar de salir de maiden en [&hellip;]\" \/>\n<meta property=\"og:url\" content=\"https:\/\/cuadra-agrado.es\/?p=16022\" \/>\n<meta property=\"og:site_name\" content=\"Cuadra Agrado\" \/>\n<meta property=\"article:published_time\" content=\"2025-10-27T12:18:25+00:00\" \/>\n<meta property=\"article:modified_time\" content=\"2025-10-27T12:21:39+00:00\" \/>\n<meta property=\"og:image\" content=\"https:\/\/cuadra-agrado.es\/wp-content\/uploads\/2025\/10\/27-scaled.jpg\" \/>\n\t<meta property=\"og:image:width\" content=\"2560\" \/>\n\t<meta property=\"og:image:height\" content=\"1707\" \/>\n\t<meta property=\"og:image:type\" content=\"image\/jpeg\" \/>\n<meta name=\"author\" content=\"Miguel Redondo\" \/>\n<meta name=\"twitter:card\" content=\"summary_large_image\" \/>\n<meta name=\"twitter:creator\" content=\"@AGRADOracing\" \/>\n<meta name=\"twitter:site\" content=\"@AGRADOracing\" \/>\n<meta name=\"twitter:label1\" content=\"Escrito por\" \/>\n\t<meta name=\"twitter:data1\" content=\"Miguel Redondo\" \/>\n\t<meta name=\"twitter:label2\" content=\"Tiempo de lectura\" \/>\n\t<meta name=\"twitter:data2\" content=\"2 minutos\" \/>\n<script type=\"application\/ld+json\" class=\"yoast-schema-graph\">{\"@context\":\"https:\\\/\\\/schema.org\",\"@graph\":[{\"@type\":\"Article\",\"@id\":\"https:\\\/\\\/cuadra-agrado.es\\\/?p=16022#article\",\"isPartOf\":{\"@id\":\"https:\\\/\\\/cuadra-agrado.es\\\/?p=16022\"},\"author\":{\"name\":\"Miguel Redondo\",\"@id\":\"https:\\\/\\\/cuadra-agrado.es\\\/#\\\/schema\\\/person\\\/3aa4f8d2373cf756d93a5526bc72f31b\"},\"headline\":\"Cal o arena para Kamara\",\"datePublished\":\"2025-10-27T12:18:25+00:00\",\"dateModified\":\"2025-10-27T12:21:39+00:00\",\"mainEntityOfPage\":{\"@id\":\"https:\\\/\\\/cuadra-agrado.es\\\/?p=16022\"},\"wordCount\":409,\"image\":{\"@id\":\"https:\\\/\\\/cuadra-agrado.es\\\/?p=16022#primaryimage\"},\"thumbnailUrl\":\"https:\\\/\\\/cuadra-agrado.es\\\/wp-content\\\/uploads\\\/2025\\\/10\\\/27-scaled.jpg\",\"articleSection\":[\"Actualidad\"],\"inLanguage\":\"es\"},{\"@type\":\"WebPage\",\"@id\":\"https:\\\/\\\/cuadra-agrado.es\\\/?p=16022\",\"url\":\"https:\\\/\\\/cuadra-agrado.es\\\/?p=16022\",\"name\":\"Cal o arena para Kamara - Cuadra Agrado\",\"isPartOf\":{\"@id\":\"https:\\\/\\\/cuadra-agrado.es\\\/#website\"},\"primaryImageOfPage\":{\"@id\":\"https:\\\/\\\/cuadra-agrado.es\\\/?p=16022#primaryimage\"},\"image\":{\"@id\":\"https:\\\/\\\/cuadra-agrado.es\\\/?p=16022#primaryimage\"},\"thumbnailUrl\":\"https:\\\/\\\/cuadra-agrado.es\\\/wp-content\\\/uploads\\\/2025\\\/10\\\/27-scaled.jpg\",\"datePublished\":\"2025-10-27T12:18:25+00:00\",\"dateModified\":\"2025-10-27T12:21:39+00:00\",\"author\":{\"@id\":\"https:\\\/\\\/cuadra-agrado.es\\\/#\\\/schema\\\/person\\\/3aa4f8d2373cf756d93a5526bc72f31b\"},\"breadcrumb\":{\"@id\":\"https:\\\/\\\/cuadra-agrado.es\\\/?p=16022#breadcrumb\"},\"inLanguage\":\"es\",\"potentialAction\":[{\"@type\":\"ReadAction\",\"target\":[\"https:\\\/\\\/cuadra-agrado.es\\\/?p=16022\"]}]},{\"@type\":\"ImageObject\",\"inLanguage\":\"es\",\"@id\":\"https:\\\/\\\/cuadra-agrado.es\\\/?p=16022#primaryimage\",\"url\":\"https:\\\/\\\/cuadra-agrado.es\\\/wp-content\\\/uploads\\\/2025\\\/10\\\/27-scaled.jpg\",\"contentUrl\":\"https:\\\/\\\/cuadra-agrado.es\\\/wp-content\\\/uploads\\\/2025\\\/10\\\/27-scaled.jpg\",\"width\":2560,\"height\":1707},{\"@type\":\"BreadcrumbList\",\"@id\":\"https:\\\/\\\/cuadra-agrado.es\\\/?p=16022#breadcrumb\",\"itemListElement\":[{\"@type\":\"ListItem\",\"position\":1,\"name\":\"Portada\",\"item\":\"https:\\\/\\\/cuadra-agrado.es\\\/\"},{\"@type\":\"ListItem\",\"position\":2,\"name\":\"Cal o arena para Kamara\"}]},{\"@type\":\"WebSite\",\"@id\":\"https:\\\/\\\/cuadra-agrado.es\\\/#website\",\"url\":\"https:\\\/\\\/cuadra-agrado.es\\\/\",\"name\":\"Cuadra Agrado\",\"description\":\"En el mundo del Turf desde 2008\",\"potentialAction\":[{\"@type\":\"SearchAction\",\"target\":{\"@type\":\"EntryPoint\",\"urlTemplate\":\"https:\\\/\\\/cuadra-agrado.es\\\/?s={search_term_string}\"},\"query-input\":{\"@type\":\"PropertyValueSpecification\",\"valueRequired\":true,\"valueName\":\"search_term_string\"}}],\"inLanguage\":\"es\"},{\"@type\":\"Person\",\"@id\":\"https:\\\/\\\/cuadra-agrado.es\\\/#\\\/schema\\\/person\\\/3aa4f8d2373cf756d93a5526bc72f31b\",\"name\":\"Miguel Redondo\",\"image\":{\"@type\":\"ImageObject\",\"inLanguage\":\"es\",\"@id\":\"https:\\\/\\\/secure.gravatar.com\\\/avatar\\\/85704fceb4fa34017e3c1344d182da00dbf772fb8856ba2b7726a2df926415b4?s=96&d=mm&r=g\",\"url\":\"https:\\\/\\\/secure.gravatar.com\\\/avatar\\\/85704fceb4fa34017e3c1344d182da00dbf772fb8856ba2b7726a2df926415b4?s=96&d=mm&r=g\",\"contentUrl\":\"https:\\\/\\\/secure.gravatar.com\\\/avatar\\\/85704fceb4fa34017e3c1344d182da00dbf772fb8856ba2b7726a2df926415b4?s=96&d=mm&r=g\",\"caption\":\"Miguel Redondo\"},\"sameAs\":[\"https:\\\/\\\/cuadra-agrado.es\"],\"url\":\"https:\\\/\\\/cuadra-agrado.es\\\/?author=5\"}]}<\/script>\n<!-- \/ Yoast SEO plugin. -->","yoast_head_json":{"title":"Cal o arena para Kamara - Cuadra Agrado","robots":{"index":"index","follow":"follow","max-snippet":"max-snippet:-1","max-image-preview":"max-image-preview:large","max-video-preview":"max-video-preview:-1"},"canonical":"https:\/\/cuadra-agrado.es\/?p=16022","og_locale":"es_ES","og_type":"article","og_title":"Cal o arena para Kamara - Cuadra Agrado","og_description":"Tercera salida del oto\u00f1o para \u201cKamara\u201d este pr\u00f3ximo domingo en la segunda parte del h\u00e1ndicap del d\u00eda sobre 1.500 metros. Una de cal y otra de arena en su reciente historial oto\u00f1al. Buena fue su primera salida en septiembre donde consigui\u00f3 la plata y esboz\u00f3 su mejor versi\u00f3n para tratar de salir de maiden en [&hellip;]","og_url":"https:\/\/cuadra-agrado.es\/?p=16022","og_site_name":"Cuadra Agrado","article_published_time":"2025-10-27T12:18:25+00:00","article_modified_time":"2025-10-27T12:21:39+00:00","og_image":[{"width":2560,"height":1707,"url":"https:\/\/cuadra-agrado.es\/wp-content\/uploads\/2025\/10\/27-scaled.jpg","type":"image\/jpeg"}],"author":"Miguel Redondo","twitter_card":"summary_large_image","twitter_creator":"@AGRADOracing","twitter_site":"@AGRADOracing","twitter_misc":{"Escrito por":"Miguel Redondo","Tiempo de lectura":"2 minutos"},"schema":{"@context":"https:\/\/schema.org","@graph":[{"@type":"Article","@id":"https:\/\/cuadra-agrado.es\/?p=16022#article","isPartOf":{"@id":"https:\/\/cuadra-agrado.es\/?p=16022"},"author":{"name":"Miguel Redondo","@id":"https:\/\/cuadra-agrado.es\/#\/schema\/person\/3aa4f8d2373cf756d93a5526bc72f31b"},"headline":"Cal o arena para Kamara","datePublished":"2025-10-27T12:18:25+00:00","dateModified":"2025-10-27T12:21:39+00:00","mainEntityOfPage":{"@id":"https:\/\/cuadra-agrado.es\/?p=16022"},"wordCount":409,"image":{"@id":"https:\/\/cuadra-agrado.es\/?p=16022#primaryimage"},"thumbnailUrl":"https:\/\/cuadra-agrado.es\/wp-content\/uploads\/2025\/10\/27-scaled.jpg","articleSection":["Actualidad"],"inLanguage":"es"},{"@type":"WebPage","@id":"https:\/\/cuadra-agrado.es\/?p=16022","url":"https:\/\/cuadra-agrado.es\/?p=16022","name":"Cal o arena para Kamara - Cuadra Agrado","isPartOf":{"@id":"https:\/\/cuadra-agrado.es\/#website"},"primaryImageOfPage":{"@id":"https:\/\/cuadra-agrado.es\/?p=16022#primaryimage"},"image":{"@id":"https:\/\/cuadra-agrado.es\/?p=16022#primaryimage"},"thumbnailUrl":"https:\/\/cuadra-agrado.es\/wp-content\/uploads\/2025\/10\/27-scaled.jpg","datePublished":"2025-10-27T12:18:25+00:00","dateModified":"2025-10-27T12:21:39+00:00","author":{"@id":"https:\/\/cuadra-agrado.es\/#\/schema\/person\/3aa4f8d2373cf756d93a5526bc72f31b"},"breadcrumb":{"@id":"https:\/\/cuadra-agrado.es\/?p=16022#breadcrumb"},"inLanguage":"es","potentialAction":[{"@type":"ReadAction","target":["https:\/\/cuadra-agrado.es\/?p=16022"]}]},{"@type":"ImageObject","inLanguage":"es","@id":"https:\/\/cuadra-agrado.es\/?p=16022#primaryimage","url":"https:\/\/cuadra-agrado.es\/wp-content\/uploads\/2025\/10\/27-scaled.jpg","contentUrl":"https:\/\/cuadra-agrado.es\/wp-content\/uploads\/2025\/10\/27-scaled.jpg","width":2560,"height":1707},{"@type":"BreadcrumbList","@id":"https:\/\/cuadra-agrado.es\/?p=16022#breadcrumb","itemListElement":[{"@type":"ListItem","position":1,"name":"Portada","item":"https:\/\/cuadra-agrado.es\/"},{"@type":"ListItem","position":2,"name":"Cal o arena para Kamara"}]},{"@type":"WebSite","@id":"https:\/\/cuadra-agrado.es\/#website","url":"https:\/\/cuadra-agrado.es\/","name":"Cuadra Agrado","description":"En el mundo del Turf desde 2008","potentialAction":[{"@type":"SearchAction","target":{"@type":"EntryPoint","urlTemplate":"https:\/\/cuadra-agrado.es\/?s={search_term_string}"},"query-input":{"@type":"PropertyValueSpecification","valueRequired":true,"valueName":"search_term_string"}}],"inLanguage":"es"},{"@type":"Person","@id":"https:\/\/cuadra-agrado.es\/#\/schema\/person\/3aa4f8d2373cf756d93a5526bc72f31b","name":"Miguel Redondo","image":{"@type":"ImageObject","inLanguage":"es","@id":"https:\/\/secure.gravatar.com\/avatar\/85704fceb4fa34017e3c1344d182da00dbf772fb8856ba2b7726a2df926415b4?s=96&d=mm&r=g","url":"https:\/\/secure.gravatar.com\/avatar\/85704fceb4fa34017e3c1344d182da00dbf772fb8856ba2b7726a2df926415b4?s=96&d=mm&r=g","contentUrl":"https:\/\/secure.gravatar.com\/avatar\/85704fceb4fa34017e3c1344d182da00dbf772fb8856ba2b7726a2df926415b4?s=96&d=mm&r=g","caption":"Miguel Redondo"},"sameAs":["https:\/\/cuadra-agrado.es"],"url":"https:\/\/cuadra-agrado.es\/?author=5"}]}},"_links":{"self":[{"href":"https:\/\/cuadra-agrado.es\/index.php?rest_route=\/wp\/v2\/posts\/16022","targetHints":{"allow":["GET"]}}],"collection":[{"href":"https:\/\/cuadra-agrado.es\/index.php?rest_route=\/wp\/v2\/posts"}],"about":[{"href":"https:\/\/cuadra-agrado.es\/index.php?rest_route=\/wp\/v2\/types\/post"}],"author":[{"embeddable":true,"href":"https:\/\/cuadra-agrado.es\/index.php?rest_route=\/wp\/v2\/users\/5"}],"replies":[{"embeddable":true,"href":"https:\/\/cuadra-agrado.es\/index.php?rest_route=%2Fwp%2Fv2%2Fcomments&post=16022"}],"version-history":[{"count":4,"href":"https:\/\/cuadra-agrado.es\/index.php?rest_route=\/wp\/v2\/posts\/16022\/revisions"}],"predecessor-version":[{"id":16027,"href":"https:\/\/cuadra-agrado.es\/index.php?rest_route=\/wp\/v2\/posts\/16022\/revisions\/16027"}],"wp:featuredmedia":[{"embeddable":true,"href":"https:\/\/cuadra-agrado.es\/index.php?rest_route=\/wp\/v2\/media\/16023"}],"wp:attachment":[{"href":"https:\/\/cuadra-agrado.es\/index.php?rest_route=%2Fwp%2Fv2%2Fmedia&parent=16022"}],"wp:term":[{"taxonomy":"category","embeddable":true,"href":"https:\/\/cuadra-agrado.es\/index.php?rest_route=%2Fwp%2Fv2%2Fcategories&post=16022"},{"taxonomy":"post_tag","embeddable":true,"href":"https:\/\/cuadra-agrado.es\/index.php?rest_route=%2Fwp%2Fv2%2Ftags&post=16022"}],"curies":[{"name":"wp","href":"https:\/\/api.w.org\/{rel}","templated":true}]}}