{"id":16004,"date":"2025-10-06T11:21:46","date_gmt":"2025-10-06T11:21:46","guid":{"rendered":"https:\/\/cuadra-agrado.es\/?p=16004"},"modified":"2025-10-07T09:43:42","modified_gmt":"2025-10-07T09:43:42","slug":"kowalsky-desafia-a-la-milla-del-hispanidad","status":"publish","type":"post","link":"https:\/\/cuadra-agrado.es\/?p=16004","title":{"rendered":"Kowalsky desaf\u00eda a la milla del Hispanidad"},"content":{"rendered":"<p style=\"text-align: justify;\">\u201c<strong>Kowalsky<\/strong>\u201d comenzar\u00e1 la temporada oto\u00f1al en un Gran Premio donde nunca hubi\u00e9ramos imaginado que podr\u00eda estar presente. Ser\u00e1 en uno de esos premios se\u00f1alados por fecha, y por todo lo que representa el Gran Premio de la Hispanidad en el turf y en nuestro pa\u00eds. Dia grande de Espa\u00f1a, cuya fecha del 12 de octubre, simboliza las efem\u00e9rides hist\u00f3ricas de nuestra pluralidad cultural y nuestra lengua m\u00e1s all\u00e1 de nuestros l\u00edmites europeos desde hace m\u00e1s de cinco siglos.<\/p>\n<p>Dia grande por tanto para celebrar con el mejor Gran Premio millero del oto\u00f1o donde un tal \u201c<strong>Kowalsky<\/strong>\u201d estar\u00e1 presente en un nutrido partant de 11 ilustres competidores milleros en la quinta carrera de la jornada. Y muchos se preguntar\u00e1n\u2026 \u00bfC\u00f3mo llegamos hasta aqu\u00ed?, pues intentar\u00e9 dar respuesta dentro de lo que es posible \u2026<br \/>\nLa historia comienza el pasado verano cuando, coincidiendo con una carrera de \u201c<strong>El Sokhna<\/strong>\u201d en el almuerzo previo de la cita donostiarra, el \u201cprepa\u201d se sent\u00f3 a la mesa y, antes de que nos diera tiempo a pedir una cerveza, nos dio la noticia sin calentamiento previo. Creo recordar que la frase textual fue\u2026 \u201c<em>tengo una locura en la cabeza que me da vueltas desde hace tiempo y quiero intentar hacerla realidad<\/em>\u201d. Permanecimos todos en la mesa esperando conocer\u00a0 impacientes de qu\u00e9 locura se trataba \u2026. Cogi\u00f3 aire y nos dijo: \u201c<em>Quiero correr el GP Hispanidad con \u201c<strong>Kowalsky<\/strong><\/em>\u201d. \u00a1\u00a1\u00a1 Notici\u00f3n del verano !!!<br \/>\nNo pude por m\u00e1s que confirmar primero que no se trataba de una broma, escuchar despu\u00e9s argumentos y, a\u00fan con la boca torcida y la mirada perdida en un ventanal con vistas al monte Igueldo balbucear con un \u2026. \u201c<em>no creo que est\u00e9s bromeando con con vaso de agua con gas en la mano, por lo que interpreto que lo vas a intentar.\u201d<\/em><\/p>\n<p style=\"text-align: justify;\">Dos meses despu\u00e9s de aquel almuerzo que gustoso pag\u00f3 de su bolsillo, imagino que, como agradecimiento de nuestra aceptaci\u00f3n al envite, el ganador del Derby, y uno de los mejores \u201cstayers\u201d de nuestro circuito en la actualidad va a luchar los 1.600 metros del Gran Premio de la Hispanidad este pr\u00f3ximo domingo contra todo pron\u00f3stico. Todo un orgullo para nosotros por ser esta una prueba especial, y todo un reto para preparador y caballo que, aun habiendo demostrado ser polivalente en diferentes metrajes desde los 1.800 hasta los 2.500 del Gran Premio de Madrid, va a ser un enorme desaf\u00edo competir contra los mejores milleros de nuestro turf. Vaya por delante nuestra confianza y admiraci\u00f3n a tan magno reto, sea cual sea el devenir de lo que en pista pase en el hispano domingo.<\/p>\n<p style=\"text-align: justify;\">Desde ese mismo d\u00eda donostiarra, todo el trabajo de adaptaci\u00f3n y mecanizaci\u00f3n a la nueva distancia se ha venido haciendo de forma progresiva sin hacer demasiado ruido, y los \u00faltimos trabajos con un especialista en el metraje como es \u201c<strong>El Sokhna<\/strong>\u201d parecen ser suficientemente buenos como para confirmar un partant e ir a los cajones de los 1.600 metros. El caballo despu\u00e9s de su descanso estival en la yeguada tiene la frescura y ahora la forma necesaria para acometer el sue\u00f1o, la locura, o el desaf\u00edo. Cada cual que lo llame como quiera\u2026<\/p>\n<p style=\"text-align: justify;\">Monta para Nicol\u00e1s de Julian que se subir\u00e1 por primera vez en el adalid de la cuadra. No estaba en la primera ecuaci\u00f3n, pero la opci\u00f3n de Alejandro Guti\u00e9rrez Val como primera opci\u00f3n se disip\u00f3 la semana pasada por motivos laborales en Francia. Una vez tuvimos la imposibilidad de Alejandro confirmada, r\u00e1pidamente nos pusimos en busca de la mejor dupla, y la confianza es plena en \u201cNico\u201d como sexto en la estad\u00edstica actual de jockeys con 14 victorias, y que ya degust\u00f3 las mieles de grandes premios en su victoria con \u201c<strong>Hardpia<\/strong>\u201d en el Benitez de Lugo de 2023. Le deseamos toda la fortuna para este envite, y le agradecemos la confianza en este desaf\u00edo mayor con \u201c<strong>Kowalsky<\/strong>\u201d para este nuevo Gran Premio que ambos van a disputar.<\/p>\n<p style=\"text-align: justify;\">Monta de garant\u00edas, caballo de garant\u00eda y entrenador tambi\u00e9n garantista nos permite hacer so\u00f1ar hasta el domingo como base para este bonito desaf\u00edo en el que poco m\u00e1s tenemos que aportar. No terminan de llegar las lluvias, pero parece que hay un atisbo de probabilidad para ver llover esta semana, algo que permitir\u00eda al nuestro encontrar unas condiciones de pista m\u00e1s a su favor.<\/p>\n<p style=\"text-align: justify;\">En cuanto a <strong>\u201cEl Sokhna<\/strong>\u201d, \u00faltima salida a pista del oto\u00f1o para \u00e9l despu\u00e9s de un saturado verano de competici\u00f3n que puso la guinda en la primera de Madrid hace apenas tres semanas. Ya ha empezado nuevamente su impagable trabajo con \u201c<strong>Kowalsky<\/strong>\u201d, y as\u00ed tenemos previsto continuar con \u00e9l hasta final de temporada para preparar sus citas oto\u00f1ales.<\/p>\n<p style=\"text-align: justify;\">Una prueba de gentleman y amazonas que se celebrar\u00e1 como cierre de la jornada en la sexta carrera del d\u00eda donde har\u00e1 dupla con la buena amazona del patio como es la se\u00f1orita Teissiere que nos proporciona, a parte de su enorme feeling en la silla de un caballo de carreras, un jugoso descargo de 4 kilos que le sit\u00faa con muy buena opci\u00f3n de repetir su paso por ganadores. Las bater\u00edas del viejo est\u00e1n ya sin demasiados Kw. a estas alturas de temporada sin descanso, pero \u00bf\u00bf qui\u00e9n no puede mantener la confianza en un caballo que derrocha pundonor cuando sale a pista, y en las buenas manos y enormes ganas de su compa\u00f1era Lily para ganar su primera carrera ??.<\/p>\n<p style=\"text-align: justify;\">\u00a1\u00a1\u00a1 Mucha suerte equipo !!!<\/p>\n<!-- AddThis Advanced Settings generic via filter on the_content --><!-- AddThis Share Buttons generic via filter on the_content -->","protected":false},"excerpt":{"rendered":"<p>\u201cKowalsky\u201d comenzar\u00e1 la temporada oto\u00f1al en un Gran Premio donde nunca hubi\u00e9ramos imaginado que podr\u00eda estar presente. Ser\u00e1 en uno de esos premios se\u00f1alados por fecha, y por todo lo que representa el Gran Premio de la Hispanidad en el turf y en nuestro pa\u00eds. Dia grande de Espa\u00f1a, cuya fecha del 12 de octubre, [&hellip;]<!-- AddThis Advanced Settings generic via filter on get_the_excerpt --><!-- AddThis Share Buttons generic via filter on get_the_excerpt --><\/p>\n","protected":false},"author":5,"featured_media":15628,"comment_status":"closed","ping_status":"open","sticky":false,"template":"","format":"standard","meta":{"_acf_changed":false,"_et_pb_use_builder":"","_et_pb_old_content":"","_et_gb_content_width":"","footnotes":""},"categories":[3],"tags":[],"class_list":["post-16004","post","type-post","status-publish","format-standard","has-post-thumbnail","hentry","category-noticias-cuadra-agrado"],"acf":[],"yoast_head":"<!-- This site is optimized with the Yoast SEO plugin v27.4 - https:\/\/yoast.com\/product\/yoast-seo-wordpress\/ -->\n<title>Kowalsky desaf\u00eda a la milla del Hispanidad - Cuadra Agrado<\/title>\n<meta name=\"robots\" content=\"index, follow, max-snippet:-1, max-image-preview:large, max-video-preview:-1\" \/>\n<link rel=\"canonical\" href=\"https:\/\/cuadra-agrado.es\/?p=16004\" \/>\n<meta property=\"og:locale\" content=\"es_ES\" \/>\n<meta property=\"og:type\" content=\"article\" \/>\n<meta property=\"og:title\" content=\"Kowalsky desaf\u00eda a la milla del Hispanidad - Cuadra Agrado\" \/>\n<meta property=\"og:description\" content=\"\u201cKowalsky\u201d comenzar\u00e1 la temporada oto\u00f1al en un Gran Premio donde nunca hubi\u00e9ramos imaginado que podr\u00eda estar presente. Ser\u00e1 en uno de esos premios se\u00f1alados por fecha, y por todo lo que representa el Gran Premio de la Hispanidad en el turf y en nuestro pa\u00eds. Dia grande de Espa\u00f1a, cuya fecha del 12 de octubre, [&hellip;]\" \/>\n<meta property=\"og:url\" content=\"https:\/\/cuadra-agrado.es\/?p=16004\" \/>\n<meta property=\"og:site_name\" content=\"Cuadra Agrado\" \/>\n<meta property=\"article:published_time\" content=\"2025-10-06T11:21:46+00:00\" \/>\n<meta property=\"article:modified_time\" content=\"2025-10-07T09:43:42+00:00\" \/>\n<meta property=\"og:image\" content=\"https:\/\/cuadra-agrado.es\/wp-content\/uploads\/2024\/11\/tomanmartin.jpg\" \/>\n\t<meta property=\"og:image:width\" content=\"1772\" \/>\n\t<meta property=\"og:image:height\" content=\"1167\" \/>\n\t<meta property=\"og:image:type\" content=\"image\/jpeg\" \/>\n<meta name=\"author\" content=\"Miguel Redondo\" \/>\n<meta name=\"twitter:card\" content=\"summary_large_image\" \/>\n<meta name=\"twitter:creator\" content=\"@AGRADOracing\" \/>\n<meta name=\"twitter:site\" content=\"@AGRADOracing\" \/>\n<meta name=\"twitter:label1\" content=\"Escrito por\" \/>\n\t<meta name=\"twitter:data1\" content=\"Miguel Redondo\" \/>\n\t<meta name=\"twitter:label2\" content=\"Tiempo de lectura\" \/>\n\t<meta name=\"twitter:data2\" content=\"5 minutos\" \/>\n<script type=\"application\/ld+json\" class=\"yoast-schema-graph\">{\"@context\":\"https:\\\/\\\/schema.org\",\"@graph\":[{\"@type\":\"Article\",\"@id\":\"https:\\\/\\\/cuadra-agrado.es\\\/?p=16004#article\",\"isPartOf\":{\"@id\":\"https:\\\/\\\/cuadra-agrado.es\\\/?p=16004\"},\"author\":{\"name\":\"Miguel Redondo\",\"@id\":\"https:\\\/\\\/cuadra-agrado.es\\\/#\\\/schema\\\/person\\\/3aa4f8d2373cf756d93a5526bc72f31b\"},\"headline\":\"Kowalsky desaf\u00eda a la milla del Hispanidad\",\"datePublished\":\"2025-10-06T11:21:46+00:00\",\"dateModified\":\"2025-10-07T09:43:42+00:00\",\"mainEntityOfPage\":{\"@id\":\"https:\\\/\\\/cuadra-agrado.es\\\/?p=16004\"},\"wordCount\":952,\"image\":{\"@id\":\"https:\\\/\\\/cuadra-agrado.es\\\/?p=16004#primaryimage\"},\"thumbnailUrl\":\"https:\\\/\\\/cuadra-agrado.es\\\/wp-content\\\/uploads\\\/2024\\\/11\\\/tomanmartin.jpg\",\"articleSection\":[\"Actualidad\"],\"inLanguage\":\"es\"},{\"@type\":\"WebPage\",\"@id\":\"https:\\\/\\\/cuadra-agrado.es\\\/?p=16004\",\"url\":\"https:\\\/\\\/cuadra-agrado.es\\\/?p=16004\",\"name\":\"Kowalsky desaf\u00eda a la milla del Hispanidad - Cuadra Agrado\",\"isPartOf\":{\"@id\":\"https:\\\/\\\/cuadra-agrado.es\\\/#website\"},\"primaryImageOfPage\":{\"@id\":\"https:\\\/\\\/cuadra-agrado.es\\\/?p=16004#primaryimage\"},\"image\":{\"@id\":\"https:\\\/\\\/cuadra-agrado.es\\\/?p=16004#primaryimage\"},\"thumbnailUrl\":\"https:\\\/\\\/cuadra-agrado.es\\\/wp-content\\\/uploads\\\/2024\\\/11\\\/tomanmartin.jpg\",\"datePublished\":\"2025-10-06T11:21:46+00:00\",\"dateModified\":\"2025-10-07T09:43:42+00:00\",\"author\":{\"@id\":\"https:\\\/\\\/cuadra-agrado.es\\\/#\\\/schema\\\/person\\\/3aa4f8d2373cf756d93a5526bc72f31b\"},\"breadcrumb\":{\"@id\":\"https:\\\/\\\/cuadra-agrado.es\\\/?p=16004#breadcrumb\"},\"inLanguage\":\"es\",\"potentialAction\":[{\"@type\":\"ReadAction\",\"target\":[\"https:\\\/\\\/cuadra-agrado.es\\\/?p=16004\"]}]},{\"@type\":\"ImageObject\",\"inLanguage\":\"es\",\"@id\":\"https:\\\/\\\/cuadra-agrado.es\\\/?p=16004#primaryimage\",\"url\":\"https:\\\/\\\/cuadra-agrado.es\\\/wp-content\\\/uploads\\\/2024\\\/11\\\/tomanmartin.jpg\",\"contentUrl\":\"https:\\\/\\\/cuadra-agrado.es\\\/wp-content\\\/uploads\\\/2024\\\/11\\\/tomanmartin.jpg\",\"width\":1772,\"height\":1167},{\"@type\":\"BreadcrumbList\",\"@id\":\"https:\\\/\\\/cuadra-agrado.es\\\/?p=16004#breadcrumb\",\"itemListElement\":[{\"@type\":\"ListItem\",\"position\":1,\"name\":\"Portada\",\"item\":\"https:\\\/\\\/cuadra-agrado.es\\\/\"},{\"@type\":\"ListItem\",\"position\":2,\"name\":\"Kowalsky desaf\u00eda a la milla del Hispanidad\"}]},{\"@type\":\"WebSite\",\"@id\":\"https:\\\/\\\/cuadra-agrado.es\\\/#website\",\"url\":\"https:\\\/\\\/cuadra-agrado.es\\\/\",\"name\":\"Cuadra Agrado\",\"description\":\"En el mundo del Turf desde 2008\",\"potentialAction\":[{\"@type\":\"SearchAction\",\"target\":{\"@type\":\"EntryPoint\",\"urlTemplate\":\"https:\\\/\\\/cuadra-agrado.es\\\/?s={search_term_string}\"},\"query-input\":{\"@type\":\"PropertyValueSpecification\",\"valueRequired\":true,\"valueName\":\"search_term_string\"}}],\"inLanguage\":\"es\"},{\"@type\":\"Person\",\"@id\":\"https:\\\/\\\/cuadra-agrado.es\\\/#\\\/schema\\\/person\\\/3aa4f8d2373cf756d93a5526bc72f31b\",\"name\":\"Miguel Redondo\",\"image\":{\"@type\":\"ImageObject\",\"inLanguage\":\"es\",\"@id\":\"https:\\\/\\\/secure.gravatar.com\\\/avatar\\\/85704fceb4fa34017e3c1344d182da00dbf772fb8856ba2b7726a2df926415b4?s=96&d=mm&r=g\",\"url\":\"https:\\\/\\\/secure.gravatar.com\\\/avatar\\\/85704fceb4fa34017e3c1344d182da00dbf772fb8856ba2b7726a2df926415b4?s=96&d=mm&r=g\",\"contentUrl\":\"https:\\\/\\\/secure.gravatar.com\\\/avatar\\\/85704fceb4fa34017e3c1344d182da00dbf772fb8856ba2b7726a2df926415b4?s=96&d=mm&r=g\",\"caption\":\"Miguel Redondo\"},\"sameAs\":[\"https:\\\/\\\/cuadra-agrado.es\"],\"url\":\"https:\\\/\\\/cuadra-agrado.es\\\/?author=5\"}]}<\/script>\n<!-- \/ Yoast SEO plugin. -->","yoast_head_json":{"title":"Kowalsky desaf\u00eda a la milla del Hispanidad - Cuadra Agrado","robots":{"index":"index","follow":"follow","max-snippet":"max-snippet:-1","max-image-preview":"max-image-preview:large","max-video-preview":"max-video-preview:-1"},"canonical":"https:\/\/cuadra-agrado.es\/?p=16004","og_locale":"es_ES","og_type":"article","og_title":"Kowalsky desaf\u00eda a la milla del Hispanidad - Cuadra Agrado","og_description":"\u201cKowalsky\u201d comenzar\u00e1 la temporada oto\u00f1al en un Gran Premio donde nunca hubi\u00e9ramos imaginado que podr\u00eda estar presente. Ser\u00e1 en uno de esos premios se\u00f1alados por fecha, y por todo lo que representa el Gran Premio de la Hispanidad en el turf y en nuestro pa\u00eds. Dia grande de Espa\u00f1a, cuya fecha del 12 de octubre, [&hellip;]","og_url":"https:\/\/cuadra-agrado.es\/?p=16004","og_site_name":"Cuadra Agrado","article_published_time":"2025-10-06T11:21:46+00:00","article_modified_time":"2025-10-07T09:43:42+00:00","og_image":[{"width":1772,"height":1167,"url":"https:\/\/cuadra-agrado.es\/wp-content\/uploads\/2024\/11\/tomanmartin.jpg","type":"image\/jpeg"}],"author":"Miguel Redondo","twitter_card":"summary_large_image","twitter_creator":"@AGRADOracing","twitter_site":"@AGRADOracing","twitter_misc":{"Escrito por":"Miguel Redondo","Tiempo de lectura":"5 minutos"},"schema":{"@context":"https:\/\/schema.org","@graph":[{"@type":"Article","@id":"https:\/\/cuadra-agrado.es\/?p=16004#article","isPartOf":{"@id":"https:\/\/cuadra-agrado.es\/?p=16004"},"author":{"name":"Miguel Redondo","@id":"https:\/\/cuadra-agrado.es\/#\/schema\/person\/3aa4f8d2373cf756d93a5526bc72f31b"},"headline":"Kowalsky desaf\u00eda a la milla del Hispanidad","datePublished":"2025-10-06T11:21:46+00:00","dateModified":"2025-10-07T09:43:42+00:00","mainEntityOfPage":{"@id":"https:\/\/cuadra-agrado.es\/?p=16004"},"wordCount":952,"image":{"@id":"https:\/\/cuadra-agrado.es\/?p=16004#primaryimage"},"thumbnailUrl":"https:\/\/cuadra-agrado.es\/wp-content\/uploads\/2024\/11\/tomanmartin.jpg","articleSection":["Actualidad"],"inLanguage":"es"},{"@type":"WebPage","@id":"https:\/\/cuadra-agrado.es\/?p=16004","url":"https:\/\/cuadra-agrado.es\/?p=16004","name":"Kowalsky desaf\u00eda a la milla del Hispanidad - Cuadra Agrado","isPartOf":{"@id":"https:\/\/cuadra-agrado.es\/#website"},"primaryImageOfPage":{"@id":"https:\/\/cuadra-agrado.es\/?p=16004#primaryimage"},"image":{"@id":"https:\/\/cuadra-agrado.es\/?p=16004#primaryimage"},"thumbnailUrl":"https:\/\/cuadra-agrado.es\/wp-content\/uploads\/2024\/11\/tomanmartin.jpg","datePublished":"2025-10-06T11:21:46+00:00","dateModified":"2025-10-07T09:43:42+00:00","author":{"@id":"https:\/\/cuadra-agrado.es\/#\/schema\/person\/3aa4f8d2373cf756d93a5526bc72f31b"},"breadcrumb":{"@id":"https:\/\/cuadra-agrado.es\/?p=16004#breadcrumb"},"inLanguage":"es","potentialAction":[{"@type":"ReadAction","target":["https:\/\/cuadra-agrado.es\/?p=16004"]}]},{"@type":"ImageObject","inLanguage":"es","@id":"https:\/\/cuadra-agrado.es\/?p=16004#primaryimage","url":"https:\/\/cuadra-agrado.es\/wp-content\/uploads\/2024\/11\/tomanmartin.jpg","contentUrl":"https:\/\/cuadra-agrado.es\/wp-content\/uploads\/2024\/11\/tomanmartin.jpg","width":1772,"height":1167},{"@type":"BreadcrumbList","@id":"https:\/\/cuadra-agrado.es\/?p=16004#breadcrumb","itemListElement":[{"@type":"ListItem","position":1,"name":"Portada","item":"https:\/\/cuadra-agrado.es\/"},{"@type":"ListItem","position":2,"name":"Kowalsky desaf\u00eda a la milla del Hispanidad"}]},{"@type":"WebSite","@id":"https:\/\/cuadra-agrado.es\/#website","url":"https:\/\/cuadra-agrado.es\/","name":"Cuadra Agrado","description":"En el mundo del Turf desde 2008","potentialAction":[{"@type":"SearchAction","target":{"@type":"EntryPoint","urlTemplate":"https:\/\/cuadra-agrado.es\/?s={search_term_string}"},"query-input":{"@type":"PropertyValueSpecification","valueRequired":true,"valueName":"search_term_string"}}],"inLanguage":"es"},{"@type":"Person","@id":"https:\/\/cuadra-agrado.es\/#\/schema\/person\/3aa4f8d2373cf756d93a5526bc72f31b","name":"Miguel Redondo","image":{"@type":"ImageObject","inLanguage":"es","@id":"https:\/\/secure.gravatar.com\/avatar\/85704fceb4fa34017e3c1344d182da00dbf772fb8856ba2b7726a2df926415b4?s=96&d=mm&r=g","url":"https:\/\/secure.gravatar.com\/avatar\/85704fceb4fa34017e3c1344d182da00dbf772fb8856ba2b7726a2df926415b4?s=96&d=mm&r=g","contentUrl":"https:\/\/secure.gravatar.com\/avatar\/85704fceb4fa34017e3c1344d182da00dbf772fb8856ba2b7726a2df926415b4?s=96&d=mm&r=g","caption":"Miguel Redondo"},"sameAs":["https:\/\/cuadra-agrado.es"],"url":"https:\/\/cuadra-agrado.es\/?author=5"}]}},"_links":{"self":[{"href":"https:\/\/cuadra-agrado.es\/index.php?rest_route=\/wp\/v2\/posts\/16004","targetHints":{"allow":["GET"]}}],"collection":[{"href":"https:\/\/cuadra-agrado.es\/index.php?rest_route=\/wp\/v2\/posts"}],"about":[{"href":"https:\/\/cuadra-agrado.es\/index.php?rest_route=\/wp\/v2\/types\/post"}],"author":[{"embeddable":true,"href":"https:\/\/cuadra-agrado.es\/index.php?rest_route=\/wp\/v2\/users\/5"}],"replies":[{"embeddable":true,"href":"https:\/\/cuadra-agrado.es\/index.php?rest_route=%2Fwp%2Fv2%2Fcomments&post=16004"}],"version-history":[{"count":8,"href":"https:\/\/cuadra-agrado.es\/index.php?rest_route=\/wp\/v2\/posts\/16004\/revisions"}],"predecessor-version":[{"id":16012,"href":"https:\/\/cuadra-agrado.es\/index.php?rest_route=\/wp\/v2\/posts\/16004\/revisions\/16012"}],"wp:featuredmedia":[{"embeddable":true,"href":"https:\/\/cuadra-agrado.es\/index.php?rest_route=\/wp\/v2\/media\/15628"}],"wp:attachment":[{"href":"https:\/\/cuadra-agrado.es\/index.php?rest_route=%2Fwp%2Fv2%2Fmedia&parent=16004"}],"wp:term":[{"taxonomy":"category","embeddable":true,"href":"https:\/\/cuadra-agrado.es\/index.php?rest_route=%2Fwp%2Fv2%2Fcategories&post=16004"},{"taxonomy":"post_tag","embeddable":true,"href":"https:\/\/cuadra-agrado.es\/index.php?rest_route=%2Fwp%2Fv2%2Ftags&post=16004"}],"curies":[{"name":"wp","href":"https:\/\/api.w.org\/{rel}","templated":true}]}}