{"id":1599,"date":"2015-02-09T13:09:28","date_gmt":"2015-02-09T12:09:28","guid":{"rendered":"https:\/\/cuadra-agrado.es\/?p=1599"},"modified":"2024-02-27T09:31:49","modified_gmt":"2024-02-27T09:31:49","slug":"luz-verde-para-volver-competir","status":"publish","type":"post","link":"https:\/\/cuadra-agrado.es\/?p=1599","title":{"rendered":"Luz verde para volver a competir!!!"},"content":{"rendered":"<p style=\"text-align: justify;\"><a href=\"http:\/\/cuadra-agrado.es\/wp-content\/uploads\/2014\/08\/valiantdonosti.jpg\" target=\"_blank\" rel=\"noopener noreferrer\"><img loading=\"lazy\" decoding=\"async\" class=\"alignleft  wp-image-1414\" alt=\"valiantdonosti.jpg\" src=\"http:\/\/cuadra-agrado.es\/wp-content\/uploads\/2014\/08\/valiantdonosti.jpg\" width=\"300\" height=\"180\" \/><\/a>Una vez desbloqueado el pasado viernes todo el conflicto que nos ha tenido en vilo durante casi tres meses y que debemos intentar dejar atr\u00e1s, por nuestra parte nos centramos en lo esencial y en el programa de los nuestros. A partir de ahora toca olvidar rencillas y rencores de unos y otros, apoyar \u00fanicamente al turf e iniciar un nuevo camino todos juntos que nos permita crecer y aprender de los errores pasados con el fin de que esta lamentable situaci\u00f3n vivida no tenga cabida nuevamente en el futuro.<\/p>\n<p style=\"text-align: justify;\">El 1 de Marzo se reanuda la competici\u00f3n de galope en el hip\u00f3dromo de &#8216;La Zarzuela&#8217; de Madrid, y este ser\u00e1 nuestro programa inicial para nuestros cinco efectivos:<\/p>\n<p style=\"text-align: justify;\">VALIANT BLUE: Despu\u00e9s de un magn\u00edfico a\u00f1o 2014 donde hicimos de \u00e9l el mejor sprinter de Espa\u00f1a, ya est\u00e1 trabajando fuerte para su reaparici\u00f3n en la defensa del premio &#8216;Chamartin&#8217; en la segunda jornada de Primavera en Madrid. Ser\u00e1 una reaparici\u00f3n a un 75%, pero en funci\u00f3n del lote, estaremos en condiciones de luchar por esta su primera del a\u00f1o. Nuestro programa pasa por defender todas sus victorias en 2014 y atacar nuevamente otra prueba de categor\u00eda &#8216;listed&#8217; en terreno franc\u00e9s en distancia de 1.000-1.200 metros para intentar obtener ese &#8216;black type&#8217; que nos permita la ilusi\u00f3n de ofrecerle un futuro como semental nacional.<\/p>\n<p style=\"text-align: justify;\">RANYAN: Despu\u00e9s de su largo descanso en el prado de casi 7 meses, est\u00e1 ya preparado para afrontar su defensa al premio &#8216;Luis de Goyeneche&#8217; que gan\u00f3 el pasado a\u00f1o en su reaparici\u00f3n en la primera de Madrid. Debido a sus problemas de rodilla, no creemos que logre estar en competici\u00f3n a pleno rendimiento m\u00e1s all\u00e1 del mes de Mayo por lo que programaremos para \u00e9l como mucho tres\u00a0 salidas a pista y volver\u00e1 nuevamente al descanso para continuar su ciclo de competici\u00f3n el pr\u00f3ximo a\u00f1o. Lamentablemente, este ser\u00e1 el ciclo de programa en a\u00f1os venideros mientras su h\u00e1ndicap de rodilla le siga permitiendo correr. Es el caballo que m\u00e1s cari\u00f1o tenemos y por ello, nunca le vamos a forzar a una siguiente carrera si nos pide descanso.<\/p>\n<p style=\"text-align: justify;\">IL PRESUNTUOSO: Tras su reaparici\u00f3n en &#8216;Pau&#8217; el pasado Enero, vemos en \u00e9l un gran futuro para disfrutar en sus salidas. Caballo que una vez ha sido castrado y amueblada su cabeza, puede darnos grandes alegr\u00edas comenzando por una prueba de condici\u00f3n que nos queda para pasar a h\u00e1ndicap e ir en progresi\u00f3n hasta salir de ella y poner el list\u00f3n poco a poco m\u00e1s alto. Compatibiliza muy bien las distancias entre 1.500 y 2.400 metros por lo que nos ofrece un gran abanico de pruebas en el programa que seguro aprovecharemos. Caballo con gran f\u00edsico al que le sienta muy bien competir, y por ello, seguramente ser\u00e1 uno de los que m\u00e1s salidas tenga en el programa nacional. El premio &#8216;Bannaby&#8217; en la tercera jornada podr\u00eda ser su reaparici\u00f3n en Madrid.<\/p>\n<p style=\"text-align: justify;\">HIGH BROOKLYN: Nuestra gran esperanza de hacer algo grande este a\u00f1o es esta hija de High Chaparral con una excelente l\u00ednea materna. Demostr\u00f3 en su debut en Diciembre pasado gran coraje y valent\u00eda en un recorrido muy complicado desde cajones. Ahora, tiene ya esa experiencia en el cuerpo y est\u00e1 en unas condiciones \u00f3ptimas para salir de &#8216;maiden&#8217; en su segunda salida a pista, seguramente en la segunda jornada de Madrid en el premio &#8216;Wildsun&#8217; en distancia de 2.000 metros. Nuestras aspiraciones con ella pasan inicialmente por el GP Valderas (Poule de Potrancas). Si demuestra en la pista de Madrid todo lo que lleva dentro, se habr\u00e1 ganado el pasaporte para viajar fuera de nuestras fronteras y comenzar a disfrutar de una experiencia que nunca antes hemos vivido.<\/p>\n<p style=\"text-align: justify;\">ZAMBEZE: Potro que adquirimos con toda la ilusi\u00f3n del mundo el pasado verano pero que no demostr\u00f3 nada en sus salidas despu\u00e9s. Pas\u00f3 por la castraci\u00f3n en Septiembre y llevamos dos meses ya trabajando con \u00e9l con vistas a despejar dudas en las primeras de Madrid. La esperanza es lo \u00faltimo que se pierde, y por ello vamos a seguir confiando en el trabajo que pueda hacer en esta nueva temporada a tres a\u00f1os. Saldr\u00e1 a pista en las primeras jornadas de Primavera en Madrid, es posible que en el premio &#8216;Bariloche&#8217;, y en funci\u00f3n de su resultado y progresi\u00f3n, tomaremos uno u otro camino.<\/p>\n<p style=\"text-align: justify;\">Contamos los d\u00edas para poder disfrutar de nuevo de este gran espect\u00e1culo que comienza nuevamente, y con ello, ser part\u00edcipes de este maravilloso mundo del galope. Otro a\u00f1o m\u00e1s queremos poco a poco consolidar nuestra cuadra y hacer que nuestros colores sigan ti\u00f1endo de azul y grana las p\u00e1ginas de nuestro turf.<\/p>\n<p style=\"text-align: justify;\">Mucha suerte a todos!!!<\/p>\n<hr \/>\n<p style=\"text-align: justify;\">\n<!-- AddThis Advanced Settings generic via filter on the_content --><!-- AddThis Share Buttons generic via filter on the_content -->","protected":false},"excerpt":{"rendered":"<p>Una vez desbloqueado el pasado viernes todo el conflicto que nos ha tenido en vilo durante casi tres meses y que debemos intentar dejar atr\u00e1s, por nuestra parte nos centramos en lo esencial y en el programa de los nuestros. A partir de ahora toca olvidar rencillas y rencores de unos y otros, apoyar \u00fanicamente [&hellip;]<!-- AddThis Advanced Settings generic via filter on get_the_excerpt --><!-- AddThis Share Buttons generic via filter on get_the_excerpt --><\/p>\n","protected":false},"author":5,"featured_media":0,"comment_status":"closed","ping_status":"closed","sticky":false,"template":"","format":"gallery","meta":{"_acf_changed":false,"_et_pb_use_builder":"","_et_pb_old_content":"","_et_gb_content_width":"","footnotes":""},"categories":[3],"tags":[],"class_list":["post-1599","post","type-post","status-publish","format-gallery","hentry","category-noticias-cuadra-agrado","post_format-post-format-gallery"],"acf":[],"yoast_head":"<!-- This site is optimized with the Yoast SEO plugin v27.4 - https:\/\/yoast.com\/product\/yoast-seo-wordpress\/ -->\n<title>Luz verde para volver a competir!!! - Cuadra Agrado<\/title>\n<meta name=\"robots\" content=\"index, follow, max-snippet:-1, max-image-preview:large, max-video-preview:-1\" \/>\n<link rel=\"canonical\" href=\"https:\/\/cuadra-agrado.es\/?p=1599\" \/>\n<meta property=\"og:locale\" content=\"es_ES\" \/>\n<meta property=\"og:type\" content=\"article\" \/>\n<meta property=\"og:title\" content=\"Luz verde para volver a competir!!! - Cuadra Agrado\" \/>\n<meta property=\"og:description\" content=\"Una vez desbloqueado el pasado viernes todo el conflicto que nos ha tenido en vilo durante casi tres meses y que debemos intentar dejar atr\u00e1s, por nuestra parte nos centramos en lo esencial y en el programa de los nuestros. A partir de ahora toca olvidar rencillas y rencores de unos y otros, apoyar \u00fanicamente [&hellip;]\" \/>\n<meta property=\"og:url\" content=\"https:\/\/cuadra-agrado.es\/?p=1599\" \/>\n<meta property=\"og:site_name\" content=\"Cuadra Agrado\" \/>\n<meta property=\"article:published_time\" content=\"2015-02-09T12:09:28+00:00\" \/>\n<meta property=\"article:modified_time\" content=\"2024-02-27T09:31:49+00:00\" \/>\n<meta property=\"og:image\" content=\"http:\/\/cuadra-agrado.es\/wp-content\/uploads\/2014\/08\/valiantdonosti.jpg\" \/>\n<meta name=\"author\" content=\"Miguel Redondo\" \/>\n<meta name=\"twitter:card\" content=\"summary_large_image\" \/>\n<meta name=\"twitter:creator\" content=\"@AGRADOracing\" \/>\n<meta name=\"twitter:site\" content=\"@AGRADOracing\" \/>\n<meta name=\"twitter:label1\" content=\"Escrito por\" \/>\n\t<meta name=\"twitter:data1\" content=\"Miguel Redondo\" \/>\n\t<meta name=\"twitter:label2\" content=\"Tiempo de lectura\" \/>\n\t<meta name=\"twitter:data2\" content=\"4 minutos\" \/>\n<script type=\"application\/ld+json\" class=\"yoast-schema-graph\">{\"@context\":\"https:\\\/\\\/schema.org\",\"@graph\":[{\"@type\":\"Article\",\"@id\":\"https:\\\/\\\/cuadra-agrado.es\\\/?p=1599#article\",\"isPartOf\":{\"@id\":\"https:\\\/\\\/cuadra-agrado.es\\\/?p=1599\"},\"author\":{\"name\":\"Miguel Redondo\",\"@id\":\"https:\\\/\\\/cuadra-agrado.es\\\/#\\\/schema\\\/person\\\/3aa4f8d2373cf756d93a5526bc72f31b\"},\"headline\":\"Luz verde para volver a competir!!!\",\"datePublished\":\"2015-02-09T12:09:28+00:00\",\"dateModified\":\"2024-02-27T09:31:49+00:00\",\"mainEntityOfPage\":{\"@id\":\"https:\\\/\\\/cuadra-agrado.es\\\/?p=1599\"},\"wordCount\":823,\"image\":{\"@id\":\"https:\\\/\\\/cuadra-agrado.es\\\/?p=1599#primaryimage\"},\"thumbnailUrl\":\"http:\\\/\\\/cuadra-agrado.es\\\/wp-content\\\/uploads\\\/2014\\\/08\\\/valiantdonosti.jpg\",\"articleSection\":[\"Actualidad\"],\"inLanguage\":\"es\"},{\"@type\":\"WebPage\",\"@id\":\"https:\\\/\\\/cuadra-agrado.es\\\/?p=1599\",\"url\":\"https:\\\/\\\/cuadra-agrado.es\\\/?p=1599\",\"name\":\"Luz verde para volver a competir!!! - Cuadra Agrado\",\"isPartOf\":{\"@id\":\"https:\\\/\\\/cuadra-agrado.es\\\/#website\"},\"primaryImageOfPage\":{\"@id\":\"https:\\\/\\\/cuadra-agrado.es\\\/?p=1599#primaryimage\"},\"image\":{\"@id\":\"https:\\\/\\\/cuadra-agrado.es\\\/?p=1599#primaryimage\"},\"thumbnailUrl\":\"http:\\\/\\\/cuadra-agrado.es\\\/wp-content\\\/uploads\\\/2014\\\/08\\\/valiantdonosti.jpg\",\"datePublished\":\"2015-02-09T12:09:28+00:00\",\"dateModified\":\"2024-02-27T09:31:49+00:00\",\"author\":{\"@id\":\"https:\\\/\\\/cuadra-agrado.es\\\/#\\\/schema\\\/person\\\/3aa4f8d2373cf756d93a5526bc72f31b\"},\"breadcrumb\":{\"@id\":\"https:\\\/\\\/cuadra-agrado.es\\\/?p=1599#breadcrumb\"},\"inLanguage\":\"es\",\"potentialAction\":[{\"@type\":\"ReadAction\",\"target\":[\"https:\\\/\\\/cuadra-agrado.es\\\/?p=1599\"]}]},{\"@type\":\"ImageObject\",\"inLanguage\":\"es\",\"@id\":\"https:\\\/\\\/cuadra-agrado.es\\\/?p=1599#primaryimage\",\"url\":\"http:\\\/\\\/cuadra-agrado.es\\\/wp-content\\\/uploads\\\/2014\\\/08\\\/valiantdonosti.jpg\",\"contentUrl\":\"http:\\\/\\\/cuadra-agrado.es\\\/wp-content\\\/uploads\\\/2014\\\/08\\\/valiantdonosti.jpg\"},{\"@type\":\"BreadcrumbList\",\"@id\":\"https:\\\/\\\/cuadra-agrado.es\\\/?p=1599#breadcrumb\",\"itemListElement\":[{\"@type\":\"ListItem\",\"position\":1,\"name\":\"Portada\",\"item\":\"https:\\\/\\\/cuadra-agrado.es\\\/\"},{\"@type\":\"ListItem\",\"position\":2,\"name\":\"Luz verde para volver a competir!!!\"}]},{\"@type\":\"WebSite\",\"@id\":\"https:\\\/\\\/cuadra-agrado.es\\\/#website\",\"url\":\"https:\\\/\\\/cuadra-agrado.es\\\/\",\"name\":\"Cuadra Agrado\",\"description\":\"En el mundo del Turf desde 2008\",\"potentialAction\":[{\"@type\":\"SearchAction\",\"target\":{\"@type\":\"EntryPoint\",\"urlTemplate\":\"https:\\\/\\\/cuadra-agrado.es\\\/?s={search_term_string}\"},\"query-input\":{\"@type\":\"PropertyValueSpecification\",\"valueRequired\":true,\"valueName\":\"search_term_string\"}}],\"inLanguage\":\"es\"},{\"@type\":\"Person\",\"@id\":\"https:\\\/\\\/cuadra-agrado.es\\\/#\\\/schema\\\/person\\\/3aa4f8d2373cf756d93a5526bc72f31b\",\"name\":\"Miguel Redondo\",\"image\":{\"@type\":\"ImageObject\",\"inLanguage\":\"es\",\"@id\":\"https:\\\/\\\/secure.gravatar.com\\\/avatar\\\/85704fceb4fa34017e3c1344d182da00dbf772fb8856ba2b7726a2df926415b4?s=96&d=mm&r=g\",\"url\":\"https:\\\/\\\/secure.gravatar.com\\\/avatar\\\/85704fceb4fa34017e3c1344d182da00dbf772fb8856ba2b7726a2df926415b4?s=96&d=mm&r=g\",\"contentUrl\":\"https:\\\/\\\/secure.gravatar.com\\\/avatar\\\/85704fceb4fa34017e3c1344d182da00dbf772fb8856ba2b7726a2df926415b4?s=96&d=mm&r=g\",\"caption\":\"Miguel Redondo\"},\"sameAs\":[\"https:\\\/\\\/cuadra-agrado.es\"],\"url\":\"https:\\\/\\\/cuadra-agrado.es\\\/?author=5\"}]}<\/script>\n<!-- \/ Yoast SEO plugin. -->","yoast_head_json":{"title":"Luz verde para volver a competir!!! - Cuadra Agrado","robots":{"index":"index","follow":"follow","max-snippet":"max-snippet:-1","max-image-preview":"max-image-preview:large","max-video-preview":"max-video-preview:-1"},"canonical":"https:\/\/cuadra-agrado.es\/?p=1599","og_locale":"es_ES","og_type":"article","og_title":"Luz verde para volver a competir!!! - Cuadra Agrado","og_description":"Una vez desbloqueado el pasado viernes todo el conflicto que nos ha tenido en vilo durante casi tres meses y que debemos intentar dejar atr\u00e1s, por nuestra parte nos centramos en lo esencial y en el programa de los nuestros. A partir de ahora toca olvidar rencillas y rencores de unos y otros, apoyar \u00fanicamente [&hellip;]","og_url":"https:\/\/cuadra-agrado.es\/?p=1599","og_site_name":"Cuadra Agrado","article_published_time":"2015-02-09T12:09:28+00:00","article_modified_time":"2024-02-27T09:31:49+00:00","og_image":[{"url":"http:\/\/cuadra-agrado.es\/wp-content\/uploads\/2014\/08\/valiantdonosti.jpg","type":"","width":"","height":""}],"author":"Miguel Redondo","twitter_card":"summary_large_image","twitter_creator":"@AGRADOracing","twitter_site":"@AGRADOracing","twitter_misc":{"Escrito por":"Miguel Redondo","Tiempo de lectura":"4 minutos"},"schema":{"@context":"https:\/\/schema.org","@graph":[{"@type":"Article","@id":"https:\/\/cuadra-agrado.es\/?p=1599#article","isPartOf":{"@id":"https:\/\/cuadra-agrado.es\/?p=1599"},"author":{"name":"Miguel Redondo","@id":"https:\/\/cuadra-agrado.es\/#\/schema\/person\/3aa4f8d2373cf756d93a5526bc72f31b"},"headline":"Luz verde para volver a competir!!!","datePublished":"2015-02-09T12:09:28+00:00","dateModified":"2024-02-27T09:31:49+00:00","mainEntityOfPage":{"@id":"https:\/\/cuadra-agrado.es\/?p=1599"},"wordCount":823,"image":{"@id":"https:\/\/cuadra-agrado.es\/?p=1599#primaryimage"},"thumbnailUrl":"http:\/\/cuadra-agrado.es\/wp-content\/uploads\/2014\/08\/valiantdonosti.jpg","articleSection":["Actualidad"],"inLanguage":"es"},{"@type":"WebPage","@id":"https:\/\/cuadra-agrado.es\/?p=1599","url":"https:\/\/cuadra-agrado.es\/?p=1599","name":"Luz verde para volver a competir!!! - Cuadra Agrado","isPartOf":{"@id":"https:\/\/cuadra-agrado.es\/#website"},"primaryImageOfPage":{"@id":"https:\/\/cuadra-agrado.es\/?p=1599#primaryimage"},"image":{"@id":"https:\/\/cuadra-agrado.es\/?p=1599#primaryimage"},"thumbnailUrl":"http:\/\/cuadra-agrado.es\/wp-content\/uploads\/2014\/08\/valiantdonosti.jpg","datePublished":"2015-02-09T12:09:28+00:00","dateModified":"2024-02-27T09:31:49+00:00","author":{"@id":"https:\/\/cuadra-agrado.es\/#\/schema\/person\/3aa4f8d2373cf756d93a5526bc72f31b"},"breadcrumb":{"@id":"https:\/\/cuadra-agrado.es\/?p=1599#breadcrumb"},"inLanguage":"es","potentialAction":[{"@type":"ReadAction","target":["https:\/\/cuadra-agrado.es\/?p=1599"]}]},{"@type":"ImageObject","inLanguage":"es","@id":"https:\/\/cuadra-agrado.es\/?p=1599#primaryimage","url":"http:\/\/cuadra-agrado.es\/wp-content\/uploads\/2014\/08\/valiantdonosti.jpg","contentUrl":"http:\/\/cuadra-agrado.es\/wp-content\/uploads\/2014\/08\/valiantdonosti.jpg"},{"@type":"BreadcrumbList","@id":"https:\/\/cuadra-agrado.es\/?p=1599#breadcrumb","itemListElement":[{"@type":"ListItem","position":1,"name":"Portada","item":"https:\/\/cuadra-agrado.es\/"},{"@type":"ListItem","position":2,"name":"Luz verde para volver a competir!!!"}]},{"@type":"WebSite","@id":"https:\/\/cuadra-agrado.es\/#website","url":"https:\/\/cuadra-agrado.es\/","name":"Cuadra Agrado","description":"En el mundo del Turf desde 2008","potentialAction":[{"@type":"SearchAction","target":{"@type":"EntryPoint","urlTemplate":"https:\/\/cuadra-agrado.es\/?s={search_term_string}"},"query-input":{"@type":"PropertyValueSpecification","valueRequired":true,"valueName":"search_term_string"}}],"inLanguage":"es"},{"@type":"Person","@id":"https:\/\/cuadra-agrado.es\/#\/schema\/person\/3aa4f8d2373cf756d93a5526bc72f31b","name":"Miguel Redondo","image":{"@type":"ImageObject","inLanguage":"es","@id":"https:\/\/secure.gravatar.com\/avatar\/85704fceb4fa34017e3c1344d182da00dbf772fb8856ba2b7726a2df926415b4?s=96&d=mm&r=g","url":"https:\/\/secure.gravatar.com\/avatar\/85704fceb4fa34017e3c1344d182da00dbf772fb8856ba2b7726a2df926415b4?s=96&d=mm&r=g","contentUrl":"https:\/\/secure.gravatar.com\/avatar\/85704fceb4fa34017e3c1344d182da00dbf772fb8856ba2b7726a2df926415b4?s=96&d=mm&r=g","caption":"Miguel Redondo"},"sameAs":["https:\/\/cuadra-agrado.es"],"url":"https:\/\/cuadra-agrado.es\/?author=5"}]}},"_links":{"self":[{"href":"https:\/\/cuadra-agrado.es\/index.php?rest_route=\/wp\/v2\/posts\/1599","targetHints":{"allow":["GET"]}}],"collection":[{"href":"https:\/\/cuadra-agrado.es\/index.php?rest_route=\/wp\/v2\/posts"}],"about":[{"href":"https:\/\/cuadra-agrado.es\/index.php?rest_route=\/wp\/v2\/types\/post"}],"author":[{"embeddable":true,"href":"https:\/\/cuadra-agrado.es\/index.php?rest_route=\/wp\/v2\/users\/5"}],"replies":[{"embeddable":true,"href":"https:\/\/cuadra-agrado.es\/index.php?rest_route=%2Fwp%2Fv2%2Fcomments&post=1599"}],"version-history":[{"count":0,"href":"https:\/\/cuadra-agrado.es\/index.php?rest_route=\/wp\/v2\/posts\/1599\/revisions"}],"wp:attachment":[{"href":"https:\/\/cuadra-agrado.es\/index.php?rest_route=%2Fwp%2Fv2%2Fmedia&parent=1599"}],"wp:term":[{"taxonomy":"category","embeddable":true,"href":"https:\/\/cuadra-agrado.es\/index.php?rest_route=%2Fwp%2Fv2%2Fcategories&post=1599"},{"taxonomy":"post_tag","embeddable":true,"href":"https:\/\/cuadra-agrado.es\/index.php?rest_route=%2Fwp%2Fv2%2Ftags&post=1599"}],"curies":[{"name":"wp","href":"https:\/\/api.w.org\/{rel}","templated":true}]}}