{"id":15985,"date":"2025-09-17T07:28:22","date_gmt":"2025-09-17T07:28:22","guid":{"rendered":"https:\/\/cuadra-agrado.es\/?p=15985"},"modified":"2025-09-22T11:30:13","modified_gmt":"2025-09-22T11:30:13","slug":"el-sokhna-y-kamara-abren-la-temporada-otonal","status":"publish","type":"post","link":"https:\/\/cuadra-agrado.es\/?p=15985","title":{"rendered":"El Sokhna y Kamara abren la temporada oto\u00f1al"},"content":{"rendered":"<p style=\"text-align: justify;\">Tradicionalmente, a mediados de septiembre suele comenzar la temporada oto\u00f1al en Madrid con tiempo fresco y una pista que poco a poco se ir\u00e1 mullendo hasta dar paso al barro de finales de octubre y noviembre. Al menos as\u00ed era hasta hace relativamente poco. El nuevo ciclo clim\u00e1tico que, seg\u00fan los expertos ha comenzado desde hace a\u00f1os, parece del todo imprevisible, y los 36 grados de hoy, adicional a los 92 d\u00edas que lleva sin llover en la yeguada y alrededores, invita a abandonar el particular y fracturado mundo de la cr\u00eda del PSI en Espa\u00f1a y apostar por la cr\u00eda de camellos pura sangre hispana, que ser\u00e1 a buen seguro un fruct\u00edfero comercio para atender la demanda de los futuros beduinos que habitar\u00e1n el desierto de Castilla.<\/p>\n<p style=\"text-align: justify;\">El pr\u00f3ximo domingo, <strong>\u201cEl Sokhna<\/strong>\u201d y <strong>\u201cKamara<\/strong>\u201d abrir\u00e1n nuestra particular temporada oto\u00f1al 2025 despu\u00e9s de un verano donde, aparte del insoportable calor que hemos sufrido, el halo de la tranquilidad ha envuelto a nuestra cuadra sin demasiada agitaci\u00f3n, sin contar la de un tal <strong>\u201cZaruk<\/strong>\u201d, que nos puso la cara tan roja en su \u00faltima actuaci\u00f3n el pasado jueves, que sirvi\u00f3 como motivo de despido del todo procedente por falta de actitud, aptitud y agradecimiento. Despedido \u00e9l de la cuadra, y la puta madre que lo pari\u00f3 de la yeguada, que sali\u00f3 tambi\u00e9n despedida ese mismo d\u00eda por ser una p\u00e9sima, nefasta, deficiente y desagradecida madre que, despu\u00e9s de dar vida a cinco pencos in\u00fatiles, no tiene ya un solo derecho a seguir reproduciendo un pura sangre m\u00e1s el resto de su vida. Muerte a esa linea gen\u00e9tica que aqu\u00ed definitivamente enterramos, y que parece como si el destino se hubiera empe\u00f1ado a\u00f1o a a\u00f1o en devolverme con una broma macabra la arrogancia y engreimiento de aquel d\u00eda de subasta de 2013 donde 4 o 5 vodkas-t\u00f3nica fueran aliciente para dar comienzo a una aut\u00e9ntica pesadilla no deseada ni para el peor criador del mundo.<\/p>\n<p style=\"text-align: justify;\">Resuelta definitivamente la peor historia de nuestra particular cr\u00eda con la ingrata \u201c<strong>High Brooklyn<\/strong>\u201d, afortunadamente, regresamos a la nueva realidad de la competici\u00f3n oto\u00f1al sin ning\u00fan producto venidero de una de las peores estirpes creadas en nuestra cr\u00eda. El turf espa\u00f1ol nos agradecer\u00e1 no seguir ingresando en competici\u00f3n ning\u00fan otro producto de esta venenosa madre.<br \/>\n<strong>\u201cEl Sokhna<\/strong>\u201d es el \u00fanico que hemos podido ver en el verano lasarteano con tres viajes a tierras del norte, donde finalmente no pudo conseguir esa victoria que siempre se tra\u00eda de all\u00ed. Un segundo, un tercero y un quinto han sido unos n\u00fameros, quiz\u00e1s por debajo de lo que inicialmente esper\u00e1bamos, pero este hijo de \u201cDragon Pulse\u201d va cumpliendo irremediablemente a\u00f1os y, el servicio impagable que est\u00e1 haciendo a <strong>\u201cKowalsky<\/strong>\u201d en sus trabajos desde principios de a\u00f1o, tambi\u00e9n es un h\u00e1ndicap en contra para \u00e9l a la hora de competir.<br \/>\nLa irregular temporada donostiarra le permite afrontar el oto\u00f1o entrando en unos primeros h\u00e1ndicaps con buenas opciones. Su actual valor 36 dista mucho de ese 39 que mantuvo durante el a\u00f1o pasado, y su entrada aqu\u00ed, bien situado en este h\u00e1ndicap le permite tener buenas opciones de poder resarcirse del verano y pasar por ganadores en esta primera madrile\u00f1a. Ser\u00e1 una de sus \u00faltimas oportunidades antes de volver al trabajo de sparring para <strong>\u201cKowalsky<\/strong>\u201d que comienza ya a preparar un largo oto\u00f1o cargado de pura dinamita.<br \/>\nMonta para su fiel escudero Vaclav Janacek con el que ha ganado en cinco ocasiones y que no merece despedirse del viejo con el agridulce sabor que se trajo de Lasarte. Tiene la dupla una bonita opci\u00f3n de desquitarse y pasar por ganadores, pero no ser\u00e1 nada f\u00e1cil competir contra la frescura de<strong> \u201cXmas<\/strong>\u201d y nuestro ex, \u201c<strong>Super Rafale<\/strong>\u201d, ya reaparecido la pasada semana con una muy buena performance.<\/p>\n<p style=\"text-align: justify;\"><strong>\u201cKamara<\/strong>\u201d comenzar\u00e1 su primer oto\u00f1o en competici\u00f3n despu\u00e9s de una primavera donde peque\u00f1os problemas de salud a mitad de temporada derrumbaron el peque\u00f1o castillo que hab\u00eda logrado iniciar en su ilusionante debut. Con un descanso estival obligado para tratar de subsanar esos problemas, reaparece tres meses despu\u00e9s en una segunda parte de h\u00e1ndicap donde ha quedado finalmente emplazada. Muchos a\u00f1os hac\u00eda que nuestros colores no visitaban la segunda divisi\u00f3n de nuestro turf, pero \u201cKamara\u201d va a tener que partir desde aqu\u00ed y hacerlo bien, si quiere volver a esa primera divisi\u00f3n que su gen\u00e9tica merece.<br \/>\nSus trabajos en el verano han sido buenos, llega con una forma suficiente como para pelear con rivales de segunda parte. La distancia est\u00e1 en su mejor horquilla, y va a tener encima un top jockey como es Janacek. Vamos por tanto con buenas sensaciones, aunque luchar en segunda parte de h\u00e1ndicap es casi tan dif\u00edcil como luchar el mejor h\u00e1ndicap de primera. Los valores est\u00e1n muy contrastados, se corre a cara de perro, y solo <strong>\u201cKamara\u201d<\/strong> tiene la opci\u00f3n de desmentir que ese 29,5 es algo heredado de una mala temporada primaveral con cierta excusa.<\/p>\n<p style=\"text-align: justify;\">A ninguno de los dos les va a ayudar la pista sin previsiones de lluvias, per as\u00ed hay que comenzar un oto\u00f1o que, como cualquier otro oto\u00f1o, siempre habita en \u00e9l un halo de confianza en mejorar la primavera.<\/p>\n<p>Mucha suerte equipo!!!<\/p>\n<!-- AddThis Advanced Settings generic via filter on the_content --><!-- AddThis Share Buttons generic via filter on the_content -->","protected":false},"excerpt":{"rendered":"<p>Tradicionalmente, a mediados de septiembre suele comenzar la temporada oto\u00f1al en Madrid con tiempo fresco y una pista que poco a poco se ir\u00e1 mullendo hasta dar paso al barro de finales de octubre y noviembre. Al menos as\u00ed era hasta hace relativamente poco. El nuevo ciclo clim\u00e1tico que, seg\u00fan los expertos ha comenzado desde [&hellip;]<!-- AddThis Advanced Settings generic via filter on get_the_excerpt --><!-- AddThis Share Buttons generic via filter on get_the_excerpt --><\/p>\n","protected":false},"author":5,"featured_media":15876,"comment_status":"closed","ping_status":"open","sticky":false,"template":"","format":"standard","meta":{"_acf_changed":false,"_et_pb_use_builder":"","_et_pb_old_content":"","_et_gb_content_width":"","footnotes":""},"categories":[3],"tags":[],"class_list":["post-15985","post","type-post","status-publish","format-standard","has-post-thumbnail","hentry","category-noticias-cuadra-agrado"],"acf":[],"yoast_head":"<!-- This site is optimized with the Yoast SEO plugin v27.4 - https:\/\/yoast.com\/product\/yoast-seo-wordpress\/ -->\n<title>El Sokhna y Kamara abren la temporada oto\u00f1al - Cuadra Agrado<\/title>\n<meta name=\"robots\" content=\"index, follow, max-snippet:-1, max-image-preview:large, max-video-preview:-1\" \/>\n<link rel=\"canonical\" href=\"https:\/\/cuadra-agrado.es\/?p=15985\" \/>\n<meta property=\"og:locale\" content=\"es_ES\" \/>\n<meta property=\"og:type\" content=\"article\" \/>\n<meta property=\"og:title\" content=\"El Sokhna y Kamara abren la temporada oto\u00f1al - Cuadra Agrado\" \/>\n<meta property=\"og:description\" content=\"Tradicionalmente, a mediados de septiembre suele comenzar la temporada oto\u00f1al en Madrid con tiempo fresco y una pista que poco a poco se ir\u00e1 mullendo hasta dar paso al barro de finales de octubre y noviembre. Al menos as\u00ed era hasta hace relativamente poco. El nuevo ciclo clim\u00e1tico que, seg\u00fan los expertos ha comenzado desde [&hellip;]\" \/>\n<meta property=\"og:url\" content=\"https:\/\/cuadra-agrado.es\/?p=15985\" \/>\n<meta property=\"og:site_name\" content=\"Cuadra Agrado\" \/>\n<meta property=\"article:published_time\" content=\"2025-09-17T07:28:22+00:00\" \/>\n<meta property=\"article:modified_time\" content=\"2025-09-22T11:30:13+00:00\" \/>\n<meta property=\"og:image\" content=\"https:\/\/cuadra-agrado.es\/wp-content\/uploads\/2025\/04\/kamara.jpg\" \/>\n\t<meta property=\"og:image:width\" content=\"1280\" \/>\n\t<meta property=\"og:image:height\" content=\"854\" \/>\n\t<meta property=\"og:image:type\" content=\"image\/jpeg\" \/>\n<meta name=\"author\" content=\"Miguel Redondo\" \/>\n<meta name=\"twitter:card\" content=\"summary_large_image\" \/>\n<meta name=\"twitter:creator\" content=\"@AGRADOracing\" \/>\n<meta name=\"twitter:site\" content=\"@AGRADOracing\" \/>\n<meta name=\"twitter:label1\" content=\"Escrito por\" \/>\n\t<meta name=\"twitter:data1\" content=\"Miguel Redondo\" \/>\n\t<meta name=\"twitter:label2\" content=\"Tiempo de lectura\" \/>\n\t<meta name=\"twitter:data2\" content=\"5 minutos\" \/>\n<script type=\"application\/ld+json\" class=\"yoast-schema-graph\">{\"@context\":\"https:\\\/\\\/schema.org\",\"@graph\":[{\"@type\":\"Article\",\"@id\":\"https:\\\/\\\/cuadra-agrado.es\\\/?p=15985#article\",\"isPartOf\":{\"@id\":\"https:\\\/\\\/cuadra-agrado.es\\\/?p=15985\"},\"author\":{\"name\":\"Miguel Redondo\",\"@id\":\"https:\\\/\\\/cuadra-agrado.es\\\/#\\\/schema\\\/person\\\/3aa4f8d2373cf756d93a5526bc72f31b\"},\"headline\":\"El Sokhna y Kamara abren la temporada oto\u00f1al\",\"datePublished\":\"2025-09-17T07:28:22+00:00\",\"dateModified\":\"2025-09-22T11:30:13+00:00\",\"mainEntityOfPage\":{\"@id\":\"https:\\\/\\\/cuadra-agrado.es\\\/?p=15985\"},\"wordCount\":930,\"image\":{\"@id\":\"https:\\\/\\\/cuadra-agrado.es\\\/?p=15985#primaryimage\"},\"thumbnailUrl\":\"https:\\\/\\\/cuadra-agrado.es\\\/wp-content\\\/uploads\\\/2025\\\/04\\\/kamara.jpg\",\"articleSection\":[\"Actualidad\"],\"inLanguage\":\"es\"},{\"@type\":\"WebPage\",\"@id\":\"https:\\\/\\\/cuadra-agrado.es\\\/?p=15985\",\"url\":\"https:\\\/\\\/cuadra-agrado.es\\\/?p=15985\",\"name\":\"El Sokhna y Kamara abren la temporada oto\u00f1al - Cuadra Agrado\",\"isPartOf\":{\"@id\":\"https:\\\/\\\/cuadra-agrado.es\\\/#website\"},\"primaryImageOfPage\":{\"@id\":\"https:\\\/\\\/cuadra-agrado.es\\\/?p=15985#primaryimage\"},\"image\":{\"@id\":\"https:\\\/\\\/cuadra-agrado.es\\\/?p=15985#primaryimage\"},\"thumbnailUrl\":\"https:\\\/\\\/cuadra-agrado.es\\\/wp-content\\\/uploads\\\/2025\\\/04\\\/kamara.jpg\",\"datePublished\":\"2025-09-17T07:28:22+00:00\",\"dateModified\":\"2025-09-22T11:30:13+00:00\",\"author\":{\"@id\":\"https:\\\/\\\/cuadra-agrado.es\\\/#\\\/schema\\\/person\\\/3aa4f8d2373cf756d93a5526bc72f31b\"},\"breadcrumb\":{\"@id\":\"https:\\\/\\\/cuadra-agrado.es\\\/?p=15985#breadcrumb\"},\"inLanguage\":\"es\",\"potentialAction\":[{\"@type\":\"ReadAction\",\"target\":[\"https:\\\/\\\/cuadra-agrado.es\\\/?p=15985\"]}]},{\"@type\":\"ImageObject\",\"inLanguage\":\"es\",\"@id\":\"https:\\\/\\\/cuadra-agrado.es\\\/?p=15985#primaryimage\",\"url\":\"https:\\\/\\\/cuadra-agrado.es\\\/wp-content\\\/uploads\\\/2025\\\/04\\\/kamara.jpg\",\"contentUrl\":\"https:\\\/\\\/cuadra-agrado.es\\\/wp-content\\\/uploads\\\/2025\\\/04\\\/kamara.jpg\",\"width\":1280,\"height\":854},{\"@type\":\"BreadcrumbList\",\"@id\":\"https:\\\/\\\/cuadra-agrado.es\\\/?p=15985#breadcrumb\",\"itemListElement\":[{\"@type\":\"ListItem\",\"position\":1,\"name\":\"Portada\",\"item\":\"https:\\\/\\\/cuadra-agrado.es\\\/\"},{\"@type\":\"ListItem\",\"position\":2,\"name\":\"El Sokhna y Kamara abren la temporada oto\u00f1al\"}]},{\"@type\":\"WebSite\",\"@id\":\"https:\\\/\\\/cuadra-agrado.es\\\/#website\",\"url\":\"https:\\\/\\\/cuadra-agrado.es\\\/\",\"name\":\"Cuadra Agrado\",\"description\":\"En el mundo del Turf desde 2008\",\"potentialAction\":[{\"@type\":\"SearchAction\",\"target\":{\"@type\":\"EntryPoint\",\"urlTemplate\":\"https:\\\/\\\/cuadra-agrado.es\\\/?s={search_term_string}\"},\"query-input\":{\"@type\":\"PropertyValueSpecification\",\"valueRequired\":true,\"valueName\":\"search_term_string\"}}],\"inLanguage\":\"es\"},{\"@type\":\"Person\",\"@id\":\"https:\\\/\\\/cuadra-agrado.es\\\/#\\\/schema\\\/person\\\/3aa4f8d2373cf756d93a5526bc72f31b\",\"name\":\"Miguel Redondo\",\"image\":{\"@type\":\"ImageObject\",\"inLanguage\":\"es\",\"@id\":\"https:\\\/\\\/secure.gravatar.com\\\/avatar\\\/85704fceb4fa34017e3c1344d182da00dbf772fb8856ba2b7726a2df926415b4?s=96&d=mm&r=g\",\"url\":\"https:\\\/\\\/secure.gravatar.com\\\/avatar\\\/85704fceb4fa34017e3c1344d182da00dbf772fb8856ba2b7726a2df926415b4?s=96&d=mm&r=g\",\"contentUrl\":\"https:\\\/\\\/secure.gravatar.com\\\/avatar\\\/85704fceb4fa34017e3c1344d182da00dbf772fb8856ba2b7726a2df926415b4?s=96&d=mm&r=g\",\"caption\":\"Miguel Redondo\"},\"sameAs\":[\"https:\\\/\\\/cuadra-agrado.es\"],\"url\":\"https:\\\/\\\/cuadra-agrado.es\\\/?author=5\"}]}<\/script>\n<!-- \/ Yoast SEO plugin. -->","yoast_head_json":{"title":"El Sokhna y Kamara abren la temporada oto\u00f1al - Cuadra Agrado","robots":{"index":"index","follow":"follow","max-snippet":"max-snippet:-1","max-image-preview":"max-image-preview:large","max-video-preview":"max-video-preview:-1"},"canonical":"https:\/\/cuadra-agrado.es\/?p=15985","og_locale":"es_ES","og_type":"article","og_title":"El Sokhna y Kamara abren la temporada oto\u00f1al - Cuadra Agrado","og_description":"Tradicionalmente, a mediados de septiembre suele comenzar la temporada oto\u00f1al en Madrid con tiempo fresco y una pista que poco a poco se ir\u00e1 mullendo hasta dar paso al barro de finales de octubre y noviembre. Al menos as\u00ed era hasta hace relativamente poco. El nuevo ciclo clim\u00e1tico que, seg\u00fan los expertos ha comenzado desde [&hellip;]","og_url":"https:\/\/cuadra-agrado.es\/?p=15985","og_site_name":"Cuadra Agrado","article_published_time":"2025-09-17T07:28:22+00:00","article_modified_time":"2025-09-22T11:30:13+00:00","og_image":[{"width":1280,"height":854,"url":"https:\/\/cuadra-agrado.es\/wp-content\/uploads\/2025\/04\/kamara.jpg","type":"image\/jpeg"}],"author":"Miguel Redondo","twitter_card":"summary_large_image","twitter_creator":"@AGRADOracing","twitter_site":"@AGRADOracing","twitter_misc":{"Escrito por":"Miguel Redondo","Tiempo de lectura":"5 minutos"},"schema":{"@context":"https:\/\/schema.org","@graph":[{"@type":"Article","@id":"https:\/\/cuadra-agrado.es\/?p=15985#article","isPartOf":{"@id":"https:\/\/cuadra-agrado.es\/?p=15985"},"author":{"name":"Miguel Redondo","@id":"https:\/\/cuadra-agrado.es\/#\/schema\/person\/3aa4f8d2373cf756d93a5526bc72f31b"},"headline":"El Sokhna y Kamara abren la temporada oto\u00f1al","datePublished":"2025-09-17T07:28:22+00:00","dateModified":"2025-09-22T11:30:13+00:00","mainEntityOfPage":{"@id":"https:\/\/cuadra-agrado.es\/?p=15985"},"wordCount":930,"image":{"@id":"https:\/\/cuadra-agrado.es\/?p=15985#primaryimage"},"thumbnailUrl":"https:\/\/cuadra-agrado.es\/wp-content\/uploads\/2025\/04\/kamara.jpg","articleSection":["Actualidad"],"inLanguage":"es"},{"@type":"WebPage","@id":"https:\/\/cuadra-agrado.es\/?p=15985","url":"https:\/\/cuadra-agrado.es\/?p=15985","name":"El Sokhna y Kamara abren la temporada oto\u00f1al - Cuadra Agrado","isPartOf":{"@id":"https:\/\/cuadra-agrado.es\/#website"},"primaryImageOfPage":{"@id":"https:\/\/cuadra-agrado.es\/?p=15985#primaryimage"},"image":{"@id":"https:\/\/cuadra-agrado.es\/?p=15985#primaryimage"},"thumbnailUrl":"https:\/\/cuadra-agrado.es\/wp-content\/uploads\/2025\/04\/kamara.jpg","datePublished":"2025-09-17T07:28:22+00:00","dateModified":"2025-09-22T11:30:13+00:00","author":{"@id":"https:\/\/cuadra-agrado.es\/#\/schema\/person\/3aa4f8d2373cf756d93a5526bc72f31b"},"breadcrumb":{"@id":"https:\/\/cuadra-agrado.es\/?p=15985#breadcrumb"},"inLanguage":"es","potentialAction":[{"@type":"ReadAction","target":["https:\/\/cuadra-agrado.es\/?p=15985"]}]},{"@type":"ImageObject","inLanguage":"es","@id":"https:\/\/cuadra-agrado.es\/?p=15985#primaryimage","url":"https:\/\/cuadra-agrado.es\/wp-content\/uploads\/2025\/04\/kamara.jpg","contentUrl":"https:\/\/cuadra-agrado.es\/wp-content\/uploads\/2025\/04\/kamara.jpg","width":1280,"height":854},{"@type":"BreadcrumbList","@id":"https:\/\/cuadra-agrado.es\/?p=15985#breadcrumb","itemListElement":[{"@type":"ListItem","position":1,"name":"Portada","item":"https:\/\/cuadra-agrado.es\/"},{"@type":"ListItem","position":2,"name":"El Sokhna y Kamara abren la temporada oto\u00f1al"}]},{"@type":"WebSite","@id":"https:\/\/cuadra-agrado.es\/#website","url":"https:\/\/cuadra-agrado.es\/","name":"Cuadra Agrado","description":"En el mundo del Turf desde 2008","potentialAction":[{"@type":"SearchAction","target":{"@type":"EntryPoint","urlTemplate":"https:\/\/cuadra-agrado.es\/?s={search_term_string}"},"query-input":{"@type":"PropertyValueSpecification","valueRequired":true,"valueName":"search_term_string"}}],"inLanguage":"es"},{"@type":"Person","@id":"https:\/\/cuadra-agrado.es\/#\/schema\/person\/3aa4f8d2373cf756d93a5526bc72f31b","name":"Miguel Redondo","image":{"@type":"ImageObject","inLanguage":"es","@id":"https:\/\/secure.gravatar.com\/avatar\/85704fceb4fa34017e3c1344d182da00dbf772fb8856ba2b7726a2df926415b4?s=96&d=mm&r=g","url":"https:\/\/secure.gravatar.com\/avatar\/85704fceb4fa34017e3c1344d182da00dbf772fb8856ba2b7726a2df926415b4?s=96&d=mm&r=g","contentUrl":"https:\/\/secure.gravatar.com\/avatar\/85704fceb4fa34017e3c1344d182da00dbf772fb8856ba2b7726a2df926415b4?s=96&d=mm&r=g","caption":"Miguel Redondo"},"sameAs":["https:\/\/cuadra-agrado.es"],"url":"https:\/\/cuadra-agrado.es\/?author=5"}]}},"_links":{"self":[{"href":"https:\/\/cuadra-agrado.es\/index.php?rest_route=\/wp\/v2\/posts\/15985","targetHints":{"allow":["GET"]}}],"collection":[{"href":"https:\/\/cuadra-agrado.es\/index.php?rest_route=\/wp\/v2\/posts"}],"about":[{"href":"https:\/\/cuadra-agrado.es\/index.php?rest_route=\/wp\/v2\/types\/post"}],"author":[{"embeddable":true,"href":"https:\/\/cuadra-agrado.es\/index.php?rest_route=\/wp\/v2\/users\/5"}],"replies":[{"embeddable":true,"href":"https:\/\/cuadra-agrado.es\/index.php?rest_route=%2Fwp%2Fv2%2Fcomments&post=15985"}],"version-history":[{"count":4,"href":"https:\/\/cuadra-agrado.es\/index.php?rest_route=\/wp\/v2\/posts\/15985\/revisions"}],"predecessor-version":[{"id":15997,"href":"https:\/\/cuadra-agrado.es\/index.php?rest_route=\/wp\/v2\/posts\/15985\/revisions\/15997"}],"wp:featuredmedia":[{"embeddable":true,"href":"https:\/\/cuadra-agrado.es\/index.php?rest_route=\/wp\/v2\/media\/15876"}],"wp:attachment":[{"href":"https:\/\/cuadra-agrado.es\/index.php?rest_route=%2Fwp%2Fv2%2Fmedia&parent=15985"}],"wp:term":[{"taxonomy":"category","embeddable":true,"href":"https:\/\/cuadra-agrado.es\/index.php?rest_route=%2Fwp%2Fv2%2Fcategories&post=15985"},{"taxonomy":"post_tag","embeddable":true,"href":"https:\/\/cuadra-agrado.es\/index.php?rest_route=%2Fwp%2Fv2%2Ftags&post=15985"}],"curies":[{"name":"wp","href":"https:\/\/api.w.org\/{rel}","templated":true}]}}