{"id":15950,"date":"2025-06-29T10:59:43","date_gmt":"2025-06-29T10:59:43","guid":{"rendered":"https:\/\/cuadra-agrado.es\/?p=15950"},"modified":"2025-06-29T12:20:50","modified_gmt":"2025-06-29T12:20:50","slug":"god-save-the-queen-war-of-dance-ii","status":"publish","type":"post","link":"https:\/\/cuadra-agrado.es\/?p=15950","title":{"rendered":"God save the Queen \u00abWar of Dance II\u00bb"},"content":{"rendered":"<p style=\"text-align: justify;\">Fin de temporada primaveral en el hip\u00f3dromo de la Zarzuela de Madrid con el broche de oro final del Gran Premio de Madrid cargado de mucha adrenalina, tensi\u00f3n, y 39 grados de temperatura ambiente. Once elegidos participantes que se resolvi\u00f3 con la doble coronaci\u00f3n y doble grado de una yegua que ha hecho enormes m\u00e9ritos para pasar a la historia de nuestro turf donde ya ha quedado registrada de por vida. Vaya por delante nuestras m\u00e1s sinceras felicitaciones a todas y cada una de sus conexiones, con menci\u00f3n especial a su preparador Guillermo Arizkorreta, que ha conseguido llevar a la reina \u201c<strong>War of Dance<\/strong>\u201d al pelda\u00f1o m\u00e1s alto del escalaf\u00f3n deportivo, y a sus co-propietarios Chema Santa Cecilia y Antonio Garcia Ferrer, que dieron a sus respectivos hijos y nietos de la cuadra \u201cLos Peques\u201d uno de esos d\u00edas que van a recordar por el resto de sus largas vidas.<\/p>\n<p style=\"text-align: justify;\">De punta a punta como los grandes, complet\u00f3 un exigente recorrido de 2.500 metros poniendo un alto y selectivo ritmo a su propio inter\u00e9s, que deriv\u00f3 incluso en detener el crono con el tiempo m\u00e1s bajo de todas las ediciones disputadas hasta la fecha. Simplemente excepcional. Muy grande \u201c<strong>War of Dance<\/strong>\u201d, yeg\u00fc\u00f3n entre los yeg\u00fcones de nuestra Espa\u00f1a y m\u00e1s all\u00e1 de nuestras fronteras que, despu\u00e9s de convertirse en princesa, regenta ya nuestro reino. \u201cGod save the Queen\u201d, como dir\u00edan los \u201cBritish\u201d, y que as\u00ed tambi\u00e9n sea reconocida allende de nuestras fronteras en un seguro pr\u00f3ximo envite este mismo a\u00f1o en busca de su merecido reconocimiento internacional como se merece.<\/p>\n<p style=\"text-align: justify;\">Ya en clave \u201c<strong>Kowalsky<\/strong>\u201d, tremendo tambi\u00e9n su enorme esfuerzo y el carrer\u00f3n exhibido. Orgullosos de tener de nuestro lado un pedazo de caballo como es este guapo negro que ayer se vaci\u00f3 por completo en una carrera demasiado exigente para \u00e9l. Muy probablemente, podr\u00eda ser del partant el que menos aliento tuviera en sus pulmones, pero el guerrero fue capaz de ponernos de pie y alterar nuestra respiraci\u00f3n y tensi\u00f3n solo a falta de 200 metros. Tal y como anticip\u00e1bamos en nuestra previa, la distancia era su mayor h\u00e1ndicap en contra, que trat\u00e1bamos de suplir con unas bater\u00edas cargadas a su m\u00e1xima capacidad. Nuestro agradecimiento y felicitaciones a la preparaci\u00f3n por llevar a \u201c<strong>Kowalsky<\/strong>\u201d a esta especial carrera como nunca antes hab\u00eda aparecido en un paddock haciendo cumplir ese especial deseo de fin de a\u00f1o. A\u00fan con dos titulaciones mayores en su haber, para mi la carrera de \u00abKowalsky\u00bb ayer es la mejor puesta en escena hasta la fecha. La ocasi\u00f3n sin duda lo merec\u00eda y el deseo finalmente se cumpli\u00f3. Valiente en el recorrido con la mirada siempre puesta en la reina desde el golpe de cajones. Siempre bien posicionado en cuarta plaza y accediendo valiente a un ritmo que no era precisamente el mejor para su condici\u00f3n. Tras muchos trancos engullendo metros, el bueno de Alejandro lanz\u00f3 su ataque en el poste de los 400 metros con aires ganadores, pero la mejor bater\u00eda de litio + con la que comenzara se le agot\u00f3 solo a falta de 100 metros, lo que provoc\u00f3 perder ese segundo puesto que ten\u00eda en su mano, y fotografiarse en el mismo poste de meta con un cerrado cuarto puesto que, aun no siendo nunca una colocaci\u00f3n demasiado agradecida, lo consideramos como el mejor digno diploma que hemos conseguido en nuestra historia. Una preparaci\u00f3n exquisita y una excelente monta que no pudieron abatir ese gran h\u00e1ndicap de una distancia que ayer definitivamente constatamos demasiado exigente para \u00e9l, sin nunca olvidar que lo hizo en todo un Gran Premio de Madrid ante los mejores ejemplares de nuestro turf.<\/p>\n<p style=\"text-align: justify;\">Finalizada la temporada, es tiempo de programar la siguiente y dar una vuelta a todo lo acontecido. Ayer \u201c<strong>Kowalsky<\/strong>\u201d se vaci\u00f3 por completo y es hora de un merecido descanso. Hemos acordado con nuestro preparador que en esta misma semana retornar\u00e1 a la yeguada para recuperar gl\u00f3bulos y despejar cabeza, donde podr\u00e1 disfrutar de un peque\u00f1o descanso estival durante doce d\u00edas. Retornar\u00e1 a HZ a mediados de julio para comenzar a preparar la temporada oto\u00f1al con un programa m\u00e1s acorde a su condici\u00f3n con el GP Rom\u00e1n Martin como principal objetivo oto\u00f1al sobre esa distancia de los dos kil\u00f3metros donde ha demostrado ser el mejor caballo de nuestro circuito.<\/p>\n<p style=\"text-align: justify;\">Finalizada la primavera, comienza una temporada estival cargada de arena, fibra y noches de hip\u00f3dromo. Personalmente, agotado de una larga temporada cargada de tensi\u00f3n, doy relevo a esa nueva juventud que ser\u00e1 futuro de nuestro turf. Dos caballos defender\u00e1n nuestros colores este pr\u00f3ximo jueves. \u201c<strong>Alwin Bram<\/strong>\u201d tratar\u00e1 de desquitarse de ese segundo en su pasada comparecencia en la pista de fibra y, tras una larga espera, podremos ver tambi\u00e9n el debut de \u201c<strong>Zaruk<\/strong>\u201d sin mayor pretensi\u00f3n que comenzar su etapa de competici\u00f3n con un debut digno con vistas al oto\u00f1o.<\/p>\n<p style=\"text-align: justify;\">Y no quer\u00eda terminar esta cr\u00f3nica sin hacer una menci\u00f3n muy especial a un jockey que ayer se le ech\u00f3 mucho de menos en un Gran Premio de Madrid. Queremos p\u00fablicamente enviar un cari\u00f1oso abrazo y todos nuestros \u00e1nimos m\u00e1s cari\u00f1osos a Borja Fayos. El turf est\u00e1 en deuda por todo lo que \u00e9l nos ha concedido a lo largo de sus muchos a\u00f1os encima de un pura sangre, y creo que estamos todos en la obligaci\u00f3n de compensar esa deuda contra\u00edda con todas nuestras muestras de \u00e1nimo, ayuda y apoyo. Un abrazo fuerte y, aunque el pozo donde hoy te encuentras sea profundo, siempre ver\u00e1s luz si miras hacia arriba.<br \/>\n\u00a1\u00a1\u00a1Mucho \u00e1nimo, amigo!!!<\/p>\n<p style=\"text-align: justify;\">Buen verano a todos y nos volvemos a ver en oto\u00f1o.<\/p>\n<!-- AddThis Advanced Settings generic via filter on the_content --><!-- AddThis Share Buttons generic via filter on the_content -->","protected":false},"excerpt":{"rendered":"<p>Fin de temporada primaveral en el hip\u00f3dromo de la Zarzuela de Madrid con el broche de oro final del Gran Premio de Madrid cargado de mucha adrenalina, tensi\u00f3n, y 39 grados de temperatura ambiente. Once elegidos participantes que se resolvi\u00f3 con la doble coronaci\u00f3n y doble grado de una yegua que ha hecho enormes m\u00e9ritos [&hellip;]<!-- AddThis Advanced Settings generic via filter on get_the_excerpt --><!-- AddThis Share Buttons generic via filter on get_the_excerpt --><\/p>\n","protected":false},"author":5,"featured_media":15951,"comment_status":"closed","ping_status":"open","sticky":false,"template":"","format":"standard","meta":{"_acf_changed":false,"_et_pb_use_builder":"","_et_pb_old_content":"","_et_gb_content_width":"","footnotes":""},"categories":[3],"tags":[],"class_list":["post-15950","post","type-post","status-publish","format-standard","has-post-thumbnail","hentry","category-noticias-cuadra-agrado"],"acf":[],"yoast_head":"<!-- This site is optimized with the Yoast SEO plugin v27.4 - https:\/\/yoast.com\/product\/yoast-seo-wordpress\/ -->\n<title>God save the Queen &quot;War of Dance II&quot; - Cuadra Agrado<\/title>\n<meta name=\"robots\" content=\"index, follow, max-snippet:-1, max-image-preview:large, max-video-preview:-1\" \/>\n<link rel=\"canonical\" href=\"https:\/\/cuadra-agrado.es\/?p=15950\" \/>\n<meta property=\"og:locale\" content=\"es_ES\" \/>\n<meta property=\"og:type\" content=\"article\" \/>\n<meta property=\"og:title\" content=\"God save the Queen &quot;War of Dance II&quot; - Cuadra Agrado\" \/>\n<meta property=\"og:description\" content=\"Fin de temporada primaveral en el hip\u00f3dromo de la Zarzuela de Madrid con el broche de oro final del Gran Premio de Madrid cargado de mucha adrenalina, tensi\u00f3n, y 39 grados de temperatura ambiente. Once elegidos participantes que se resolvi\u00f3 con la doble coronaci\u00f3n y doble grado de una yegua que ha hecho enormes m\u00e9ritos [&hellip;]\" \/>\n<meta property=\"og:url\" content=\"https:\/\/cuadra-agrado.es\/?p=15950\" \/>\n<meta property=\"og:site_name\" content=\"Cuadra Agrado\" \/>\n<meta property=\"article:published_time\" content=\"2025-06-29T10:59:43+00:00\" \/>\n<meta property=\"article:modified_time\" content=\"2025-06-29T12:20:50+00:00\" \/>\n<meta property=\"og:image\" content=\"https:\/\/cuadra-agrado.es\/wp-content\/uploads\/2025\/06\/WAR-OF-DANCE.jpg\" \/>\n\t<meta property=\"og:image:width\" content=\"938\" \/>\n\t<meta property=\"og:image:height\" content=\"618\" \/>\n\t<meta property=\"og:image:type\" content=\"image\/jpeg\" \/>\n<meta name=\"author\" content=\"Miguel Redondo\" \/>\n<meta name=\"twitter:card\" content=\"summary_large_image\" \/>\n<meta name=\"twitter:creator\" content=\"@AGRADOracing\" \/>\n<meta name=\"twitter:site\" content=\"@AGRADOracing\" \/>\n<meta name=\"twitter:label1\" content=\"Escrito por\" \/>\n\t<meta name=\"twitter:data1\" content=\"Miguel Redondo\" \/>\n\t<meta name=\"twitter:label2\" content=\"Tiempo de lectura\" \/>\n\t<meta name=\"twitter:data2\" content=\"5 minutos\" \/>\n<script type=\"application\/ld+json\" class=\"yoast-schema-graph\">{\"@context\":\"https:\\\/\\\/schema.org\",\"@graph\":[{\"@type\":\"Article\",\"@id\":\"https:\\\/\\\/cuadra-agrado.es\\\/?p=15950#article\",\"isPartOf\":{\"@id\":\"https:\\\/\\\/cuadra-agrado.es\\\/?p=15950\"},\"author\":{\"name\":\"Miguel Redondo\",\"@id\":\"https:\\\/\\\/cuadra-agrado.es\\\/#\\\/schema\\\/person\\\/3aa4f8d2373cf756d93a5526bc72f31b\"},\"headline\":\"God save the Queen \u00abWar of Dance II\u00bb\",\"datePublished\":\"2025-06-29T10:59:43+00:00\",\"dateModified\":\"2025-06-29T12:20:50+00:00\",\"mainEntityOfPage\":{\"@id\":\"https:\\\/\\\/cuadra-agrado.es\\\/?p=15950\"},\"wordCount\":1001,\"image\":{\"@id\":\"https:\\\/\\\/cuadra-agrado.es\\\/?p=15950#primaryimage\"},\"thumbnailUrl\":\"https:\\\/\\\/cuadra-agrado.es\\\/wp-content\\\/uploads\\\/2025\\\/06\\\/WAR-OF-DANCE.jpg\",\"articleSection\":[\"Actualidad\"],\"inLanguage\":\"es\"},{\"@type\":\"WebPage\",\"@id\":\"https:\\\/\\\/cuadra-agrado.es\\\/?p=15950\",\"url\":\"https:\\\/\\\/cuadra-agrado.es\\\/?p=15950\",\"name\":\"God save the Queen \\\"War of Dance II\\\" - Cuadra Agrado\",\"isPartOf\":{\"@id\":\"https:\\\/\\\/cuadra-agrado.es\\\/#website\"},\"primaryImageOfPage\":{\"@id\":\"https:\\\/\\\/cuadra-agrado.es\\\/?p=15950#primaryimage\"},\"image\":{\"@id\":\"https:\\\/\\\/cuadra-agrado.es\\\/?p=15950#primaryimage\"},\"thumbnailUrl\":\"https:\\\/\\\/cuadra-agrado.es\\\/wp-content\\\/uploads\\\/2025\\\/06\\\/WAR-OF-DANCE.jpg\",\"datePublished\":\"2025-06-29T10:59:43+00:00\",\"dateModified\":\"2025-06-29T12:20:50+00:00\",\"author\":{\"@id\":\"https:\\\/\\\/cuadra-agrado.es\\\/#\\\/schema\\\/person\\\/3aa4f8d2373cf756d93a5526bc72f31b\"},\"breadcrumb\":{\"@id\":\"https:\\\/\\\/cuadra-agrado.es\\\/?p=15950#breadcrumb\"},\"inLanguage\":\"es\",\"potentialAction\":[{\"@type\":\"ReadAction\",\"target\":[\"https:\\\/\\\/cuadra-agrado.es\\\/?p=15950\"]}]},{\"@type\":\"ImageObject\",\"inLanguage\":\"es\",\"@id\":\"https:\\\/\\\/cuadra-agrado.es\\\/?p=15950#primaryimage\",\"url\":\"https:\\\/\\\/cuadra-agrado.es\\\/wp-content\\\/uploads\\\/2025\\\/06\\\/WAR-OF-DANCE.jpg\",\"contentUrl\":\"https:\\\/\\\/cuadra-agrado.es\\\/wp-content\\\/uploads\\\/2025\\\/06\\\/WAR-OF-DANCE.jpg\",\"width\":938,\"height\":618},{\"@type\":\"BreadcrumbList\",\"@id\":\"https:\\\/\\\/cuadra-agrado.es\\\/?p=15950#breadcrumb\",\"itemListElement\":[{\"@type\":\"ListItem\",\"position\":1,\"name\":\"Portada\",\"item\":\"https:\\\/\\\/cuadra-agrado.es\\\/\"},{\"@type\":\"ListItem\",\"position\":2,\"name\":\"God save the Queen \u00abWar of Dance II\u00bb\"}]},{\"@type\":\"WebSite\",\"@id\":\"https:\\\/\\\/cuadra-agrado.es\\\/#website\",\"url\":\"https:\\\/\\\/cuadra-agrado.es\\\/\",\"name\":\"Cuadra Agrado\",\"description\":\"En el mundo del Turf desde 2008\",\"potentialAction\":[{\"@type\":\"SearchAction\",\"target\":{\"@type\":\"EntryPoint\",\"urlTemplate\":\"https:\\\/\\\/cuadra-agrado.es\\\/?s={search_term_string}\"},\"query-input\":{\"@type\":\"PropertyValueSpecification\",\"valueRequired\":true,\"valueName\":\"search_term_string\"}}],\"inLanguage\":\"es\"},{\"@type\":\"Person\",\"@id\":\"https:\\\/\\\/cuadra-agrado.es\\\/#\\\/schema\\\/person\\\/3aa4f8d2373cf756d93a5526bc72f31b\",\"name\":\"Miguel Redondo\",\"image\":{\"@type\":\"ImageObject\",\"inLanguage\":\"es\",\"@id\":\"https:\\\/\\\/secure.gravatar.com\\\/avatar\\\/85704fceb4fa34017e3c1344d182da00dbf772fb8856ba2b7726a2df926415b4?s=96&d=mm&r=g\",\"url\":\"https:\\\/\\\/secure.gravatar.com\\\/avatar\\\/85704fceb4fa34017e3c1344d182da00dbf772fb8856ba2b7726a2df926415b4?s=96&d=mm&r=g\",\"contentUrl\":\"https:\\\/\\\/secure.gravatar.com\\\/avatar\\\/85704fceb4fa34017e3c1344d182da00dbf772fb8856ba2b7726a2df926415b4?s=96&d=mm&r=g\",\"caption\":\"Miguel Redondo\"},\"sameAs\":[\"https:\\\/\\\/cuadra-agrado.es\"],\"url\":\"https:\\\/\\\/cuadra-agrado.es\\\/?author=5\"}]}<\/script>\n<!-- \/ Yoast SEO plugin. -->","yoast_head_json":{"title":"God save the Queen \"War of Dance II\" - Cuadra Agrado","robots":{"index":"index","follow":"follow","max-snippet":"max-snippet:-1","max-image-preview":"max-image-preview:large","max-video-preview":"max-video-preview:-1"},"canonical":"https:\/\/cuadra-agrado.es\/?p=15950","og_locale":"es_ES","og_type":"article","og_title":"God save the Queen \"War of Dance II\" - Cuadra Agrado","og_description":"Fin de temporada primaveral en el hip\u00f3dromo de la Zarzuela de Madrid con el broche de oro final del Gran Premio de Madrid cargado de mucha adrenalina, tensi\u00f3n, y 39 grados de temperatura ambiente. Once elegidos participantes que se resolvi\u00f3 con la doble coronaci\u00f3n y doble grado de una yegua que ha hecho enormes m\u00e9ritos [&hellip;]","og_url":"https:\/\/cuadra-agrado.es\/?p=15950","og_site_name":"Cuadra Agrado","article_published_time":"2025-06-29T10:59:43+00:00","article_modified_time":"2025-06-29T12:20:50+00:00","og_image":[{"width":938,"height":618,"url":"https:\/\/cuadra-agrado.es\/wp-content\/uploads\/2025\/06\/WAR-OF-DANCE.jpg","type":"image\/jpeg"}],"author":"Miguel Redondo","twitter_card":"summary_large_image","twitter_creator":"@AGRADOracing","twitter_site":"@AGRADOracing","twitter_misc":{"Escrito por":"Miguel Redondo","Tiempo de lectura":"5 minutos"},"schema":{"@context":"https:\/\/schema.org","@graph":[{"@type":"Article","@id":"https:\/\/cuadra-agrado.es\/?p=15950#article","isPartOf":{"@id":"https:\/\/cuadra-agrado.es\/?p=15950"},"author":{"name":"Miguel Redondo","@id":"https:\/\/cuadra-agrado.es\/#\/schema\/person\/3aa4f8d2373cf756d93a5526bc72f31b"},"headline":"God save the Queen \u00abWar of Dance II\u00bb","datePublished":"2025-06-29T10:59:43+00:00","dateModified":"2025-06-29T12:20:50+00:00","mainEntityOfPage":{"@id":"https:\/\/cuadra-agrado.es\/?p=15950"},"wordCount":1001,"image":{"@id":"https:\/\/cuadra-agrado.es\/?p=15950#primaryimage"},"thumbnailUrl":"https:\/\/cuadra-agrado.es\/wp-content\/uploads\/2025\/06\/WAR-OF-DANCE.jpg","articleSection":["Actualidad"],"inLanguage":"es"},{"@type":"WebPage","@id":"https:\/\/cuadra-agrado.es\/?p=15950","url":"https:\/\/cuadra-agrado.es\/?p=15950","name":"God save the Queen \"War of Dance II\" - Cuadra Agrado","isPartOf":{"@id":"https:\/\/cuadra-agrado.es\/#website"},"primaryImageOfPage":{"@id":"https:\/\/cuadra-agrado.es\/?p=15950#primaryimage"},"image":{"@id":"https:\/\/cuadra-agrado.es\/?p=15950#primaryimage"},"thumbnailUrl":"https:\/\/cuadra-agrado.es\/wp-content\/uploads\/2025\/06\/WAR-OF-DANCE.jpg","datePublished":"2025-06-29T10:59:43+00:00","dateModified":"2025-06-29T12:20:50+00:00","author":{"@id":"https:\/\/cuadra-agrado.es\/#\/schema\/person\/3aa4f8d2373cf756d93a5526bc72f31b"},"breadcrumb":{"@id":"https:\/\/cuadra-agrado.es\/?p=15950#breadcrumb"},"inLanguage":"es","potentialAction":[{"@type":"ReadAction","target":["https:\/\/cuadra-agrado.es\/?p=15950"]}]},{"@type":"ImageObject","inLanguage":"es","@id":"https:\/\/cuadra-agrado.es\/?p=15950#primaryimage","url":"https:\/\/cuadra-agrado.es\/wp-content\/uploads\/2025\/06\/WAR-OF-DANCE.jpg","contentUrl":"https:\/\/cuadra-agrado.es\/wp-content\/uploads\/2025\/06\/WAR-OF-DANCE.jpg","width":938,"height":618},{"@type":"BreadcrumbList","@id":"https:\/\/cuadra-agrado.es\/?p=15950#breadcrumb","itemListElement":[{"@type":"ListItem","position":1,"name":"Portada","item":"https:\/\/cuadra-agrado.es\/"},{"@type":"ListItem","position":2,"name":"God save the Queen \u00abWar of Dance II\u00bb"}]},{"@type":"WebSite","@id":"https:\/\/cuadra-agrado.es\/#website","url":"https:\/\/cuadra-agrado.es\/","name":"Cuadra Agrado","description":"En el mundo del Turf desde 2008","potentialAction":[{"@type":"SearchAction","target":{"@type":"EntryPoint","urlTemplate":"https:\/\/cuadra-agrado.es\/?s={search_term_string}"},"query-input":{"@type":"PropertyValueSpecification","valueRequired":true,"valueName":"search_term_string"}}],"inLanguage":"es"},{"@type":"Person","@id":"https:\/\/cuadra-agrado.es\/#\/schema\/person\/3aa4f8d2373cf756d93a5526bc72f31b","name":"Miguel Redondo","image":{"@type":"ImageObject","inLanguage":"es","@id":"https:\/\/secure.gravatar.com\/avatar\/85704fceb4fa34017e3c1344d182da00dbf772fb8856ba2b7726a2df926415b4?s=96&d=mm&r=g","url":"https:\/\/secure.gravatar.com\/avatar\/85704fceb4fa34017e3c1344d182da00dbf772fb8856ba2b7726a2df926415b4?s=96&d=mm&r=g","contentUrl":"https:\/\/secure.gravatar.com\/avatar\/85704fceb4fa34017e3c1344d182da00dbf772fb8856ba2b7726a2df926415b4?s=96&d=mm&r=g","caption":"Miguel Redondo"},"sameAs":["https:\/\/cuadra-agrado.es"],"url":"https:\/\/cuadra-agrado.es\/?author=5"}]}},"_links":{"self":[{"href":"https:\/\/cuadra-agrado.es\/index.php?rest_route=\/wp\/v2\/posts\/15950","targetHints":{"allow":["GET"]}}],"collection":[{"href":"https:\/\/cuadra-agrado.es\/index.php?rest_route=\/wp\/v2\/posts"}],"about":[{"href":"https:\/\/cuadra-agrado.es\/index.php?rest_route=\/wp\/v2\/types\/post"}],"author":[{"embeddable":true,"href":"https:\/\/cuadra-agrado.es\/index.php?rest_route=\/wp\/v2\/users\/5"}],"replies":[{"embeddable":true,"href":"https:\/\/cuadra-agrado.es\/index.php?rest_route=%2Fwp%2Fv2%2Fcomments&post=15950"}],"version-history":[{"count":10,"href":"https:\/\/cuadra-agrado.es\/index.php?rest_route=\/wp\/v2\/posts\/15950\/revisions"}],"predecessor-version":[{"id":15964,"href":"https:\/\/cuadra-agrado.es\/index.php?rest_route=\/wp\/v2\/posts\/15950\/revisions\/15964"}],"wp:featuredmedia":[{"embeddable":true,"href":"https:\/\/cuadra-agrado.es\/index.php?rest_route=\/wp\/v2\/media\/15951"}],"wp:attachment":[{"href":"https:\/\/cuadra-agrado.es\/index.php?rest_route=%2Fwp%2Fv2%2Fmedia&parent=15950"}],"wp:term":[{"taxonomy":"category","embeddable":true,"href":"https:\/\/cuadra-agrado.es\/index.php?rest_route=%2Fwp%2Fv2%2Fcategories&post=15950"},{"taxonomy":"post_tag","embeddable":true,"href":"https:\/\/cuadra-agrado.es\/index.php?rest_route=%2Fwp%2Fv2%2Ftags&post=15950"}],"curies":[{"name":"wp","href":"https:\/\/api.w.org\/{rel}","templated":true}]}}