{"id":15912,"date":"2025-06-05T07:24:46","date_gmt":"2025-06-05T07:24:46","guid":{"rendered":"https:\/\/cuadra-agrado.es\/?p=15912"},"modified":"2025-06-09T06:43:09","modified_gmt":"2025-06-09T06:43:09","slug":"dos-cuartos-oscuros-en-lasarte","status":"publish","type":"post","link":"https:\/\/cuadra-agrado.es\/?p=15912","title":{"rendered":"Dos cuartos oscuros en Lasarte"},"content":{"rendered":"<p style=\"text-align: justify;\">Desafortunadamente, no trajimos de Lasarte esos buenos trofeos que fuimos a buscar en la jornada inaugural estival con las buenas opciones que ten\u00edamos con <strong>\u201cEl Sokhna<\/strong>\u201d en una pista y condici\u00f3n a su medida, y las tambi\u00e9n buenas opciones que ten\u00edamos con \u201c<strong>Kamara<\/strong>\u201d en el resurgir de su maltrecha carrera anterior. No est\u00e1 resultando f\u00e1cil volver a ganar en esas tierras del norte donde hace a\u00f1os disfrut\u00e1bamos cada verano de bonitas victorias que celebr\u00e1bamos con buena chuleta y postre casero. Muy lejos quedan ya las m\u00faltiples victorias de aquel veloz <strong>\u201cValiant Blue\u201d<\/strong> y aquel gladiador del norte \u201c<strong>Rany\u00e1n<\/strong>\u201d, y nos tenemos que remontar ya a la \u00faltima de un tal \u201c<strong>Barbarigo<\/strong>\u201d el d\u00eda de su despedida en 2022 para tener una foto en el coqueto recinto de ganadores. Los tres disfrutan hoy en la yeguada y est\u00e1n siempre deseosos de saber que tal lo hicieron sus futuros compa\u00f1eros por aquellas verdes tierras. A ver c\u00f3mo les digo esta tarde que no traemos ni medallas&#8230;..<\/p>\n<p style=\"text-align: justify;\">En esta primera jornada, dos oscuros y peque\u00f1os cuartos sin ventilaci\u00f3n fue el resultado de nuestra primera visita veraniega en la reci\u00e9n inaugurada 109\u00aa temporada donostiarra.<br \/>\n<strong>\u201cEl Sokhna<\/strong>\u201d, incomprensiblemente, tuvo un recorrido a contra-estilo viajando en puestos demasiado rezagados desde el mismo golpe de cajones. Un recorrido conservador que le priv\u00f3 de luchar por los metales como era su objetivo. Esa gemela que parec\u00eda la fija del d\u00eda no se cumpli\u00f3 por ese recorrido incomprensible a todas luces en el que el bueno de Janacek no tuvo reparo alguno en admitir y disculparse en su vuelta al recinto de ganadores. Y es que los grandes Jockeys, muy de vez en cuando, tambi\u00e9n se equivocan para confirmar que son terrenales. Otra vez ser\u00e1 \u2026 Pr\u00f3ximo envite en casa, en un nuevo reclamar donde est\u00e1 ya matriculado.<br \/>\nEn la \u00faltima de la jornada se estrenaba \u201c<strong>Kamara<\/strong>\u201d en el trazado donostiarra donde hab\u00eda llegado viajando bien en esta su primera salida en van. Esta vez, sin problemas de recorrido, dio lo que tiene dentro, y eso parece ser, que no da para mucho m\u00e1s de lo que la pudimos ver en pista con un cuarto puesto por detr\u00e1s de valores cercanos a 30. Cuatro carreras son suficientes para hacer una valoraci\u00f3n de futuro y, tal como nuestro preparador anunciaba apenas cinco minutos antes de la carrera, esta propia hermana de \u201c<strong>Kendaya<\/strong>\u201d, que nos ofrec\u00eda una enorme confianza hasta hace apenas un mes, visto lo visto, lamentablemente poco tiene que ver con la calidad que demostrara su hermana en esta misma edad cl\u00e1sica, aunque nos empe\u00f1\u00e1ramos en poner alguna similitud en el nombre. Con el sue\u00f1o de grandes premios truncado, volver\u00e1 este mismo verano a Lasarte buscando ese terreno blando con el \u00fanico objetivo ya de salir de maiden y luchar unos h\u00e1ndicaps que no estaban en su ruta inicial hasta hace relativamente poco tiempo. Las ilusiones con ella de cara a tener esa yegua de calidad que todos esper\u00e1bamos, poco a poco se han ido diluyendo seg\u00fan hemos ido agitando el vaso y, aunque muy probablemente pueda ganar cuatro o cinco kilos de valor seg\u00fan vaya adquiriendo experiencia, todo parece indicar que su vida en competici\u00f3n pasar\u00e1 por ser una digna yegua de h\u00e1ndicap.<\/p>\n<p style=\"text-align: justify;\">Con poco m\u00e1s que decir de esta primera jornada lasarteana, nos centramos esta semana en una de las carreras m\u00e1s importantes de nuestro calendario. Este pr\u00f3ximo domingo catorce potros en edad cl\u00e1sica disputar\u00e1n nuestro Derby, y solo uno de ellos pasar\u00e1 a la historia como merece. Como cada a\u00f1o, un bonito partant de Derby entre los que siempre hay tres o cuatro favoritos que resaltan sobre el resto, pero que este a\u00f1o parece aumentar la cantidad de bolas en el bombo de ganadores.<br \/>\nUn dif\u00edcil pronostico donde nos vamos a quedar con el estandarte nacional \u201c<strong>Roncal<\/strong>\u201d. Mete\u00f3rica ha sido la corta carrera en competici\u00f3n que lleva este hijo del, hasta ahora, mejor semental en Espa\u00f1a \u201c<strong>Noozhoh Canarias<\/strong>\u201d. Un debut suave a finales de sus dos a\u00f1os, y una inmaculada tarjeta en sus tres precedentes en su edad cl\u00e1sica que culmin\u00f3 con el Gran Premio Nacional metiendo ocho cuerpos al segundo clasificado, desclasando al lote a las manos, y con un crono casi dos segundos por debajo del Velayos disputado ese mismo d\u00eda. No vemos argumento alguno en contra para no pelear hasta el poste de meta esta carrera. Detr\u00e1s de nuestro favorito, un selecto grupo de, al menos, seis valorados potros tratar\u00e1n de alcanzar tambi\u00e9n la gloria. Son los casos de los dos del patio de Christian Delcher, \u201c<strong>El Salor<\/strong>\u201d, en el que su preparador tiene puestas muchas expectativas para llegar a ser uno de esos grandes caballos de futuro y \u00ab<strong>Estraunza<\/strong>\u00ab, que ser\u00e1 tambi\u00e9n otro de los que metemos en el bombo, avalado por su gran condici\u00f3n de fondo en su gen\u00e9tica. \u201c<strong>Cheaper<\/strong>\u201d, que ganar\u00e1 la preparatoria en el Velayos, entra de lleno tambi\u00e9n en el bombo de ganadores junto con \u201c<strong>Rojiblanco<\/strong>\u201d que se gan\u00f3 su merecido reenganche en su particular preparatoria donde bati\u00f3 c\u00f3modamente a sus rivales en aquella cita. Cerramos el bombo de ganadores con sello de lacre con los arizkorretanos \u201c<strong>Bulnes<\/strong>\u201d y \u00ab<strong>Yo Mauro<\/strong>\u201d que, con enorme calidad demostrada cada uno de ellos, no tienen a favor, o al menos, no han demostrado hasta la fecha, ese necesario aliento para cubrir los duros 2.400 metros que exige un Gran Premio de Derby.<\/p>\n<p style=\"text-align: justify;\">Que el mejor se lleve el honor de proclamarse Derby Winner 2025.<br \/>\nMucha suerte para todos!!!<\/p>\n<!-- AddThis Advanced Settings generic via filter on the_content --><!-- AddThis Share Buttons generic via filter on the_content -->","protected":false},"excerpt":{"rendered":"<p>Desafortunadamente, no trajimos de Lasarte esos buenos trofeos que fuimos a buscar en la jornada inaugural estival con las buenas opciones que ten\u00edamos con \u201cEl Sokhna\u201d en una pista y condici\u00f3n a su medida, y las tambi\u00e9n buenas opciones que ten\u00edamos con \u201cKamara\u201d en el resurgir de su maltrecha carrera anterior. No est\u00e1 resultando f\u00e1cil [&hellip;]<!-- AddThis Advanced Settings generic via filter on get_the_excerpt --><!-- AddThis Share Buttons generic via filter on get_the_excerpt --><\/p>\n","protected":false},"author":5,"featured_media":15916,"comment_status":"closed","ping_status":"open","sticky":false,"template":"","format":"standard","meta":{"_acf_changed":false,"_et_pb_use_builder":"","_et_pb_old_content":"","_et_gb_content_width":"","footnotes":""},"categories":[3],"tags":[],"class_list":["post-15912","post","type-post","status-publish","format-standard","has-post-thumbnail","hentry","category-noticias-cuadra-agrado"],"acf":[],"yoast_head":"<!-- This site is optimized with the Yoast SEO plugin v27.4 - https:\/\/yoast.com\/product\/yoast-seo-wordpress\/ -->\n<title>Dos cuartos oscuros en Lasarte - Cuadra Agrado<\/title>\n<meta name=\"robots\" content=\"index, follow, max-snippet:-1, max-image-preview:large, max-video-preview:-1\" \/>\n<link rel=\"canonical\" href=\"https:\/\/cuadra-agrado.es\/?p=15912\" \/>\n<meta property=\"og:locale\" content=\"es_ES\" \/>\n<meta property=\"og:type\" content=\"article\" \/>\n<meta property=\"og:title\" content=\"Dos cuartos oscuros en Lasarte - Cuadra Agrado\" \/>\n<meta property=\"og:description\" content=\"Desafortunadamente, no trajimos de Lasarte esos buenos trofeos que fuimos a buscar en la jornada inaugural estival con las buenas opciones que ten\u00edamos con \u201cEl Sokhna\u201d en una pista y condici\u00f3n a su medida, y las tambi\u00e9n buenas opciones que ten\u00edamos con \u201cKamara\u201d en el resurgir de su maltrecha carrera anterior. No est\u00e1 resultando f\u00e1cil [&hellip;]\" \/>\n<meta property=\"og:url\" content=\"https:\/\/cuadra-agrado.es\/?p=15912\" \/>\n<meta property=\"og:site_name\" content=\"Cuadra Agrado\" \/>\n<meta property=\"article:published_time\" content=\"2025-06-05T07:24:46+00:00\" \/>\n<meta property=\"article:modified_time\" content=\"2025-06-09T06:43:09+00:00\" \/>\n<meta property=\"og:image\" content=\"https:\/\/cuadra-agrado.es\/wp-content\/uploads\/2025\/06\/webp.webp\" \/>\n\t<meta property=\"og:image:width\" content=\"444\" \/>\n\t<meta property=\"og:image:height\" content=\"444\" \/>\n\t<meta property=\"og:image:type\" content=\"image\/webp\" \/>\n<meta name=\"author\" content=\"Miguel Redondo\" \/>\n<meta name=\"twitter:card\" content=\"summary_large_image\" \/>\n<meta name=\"twitter:creator\" content=\"@AGRADOracing\" \/>\n<meta name=\"twitter:site\" content=\"@AGRADOracing\" \/>\n<meta name=\"twitter:label1\" content=\"Escrito por\" \/>\n\t<meta name=\"twitter:data1\" content=\"Miguel Redondo\" \/>\n\t<meta name=\"twitter:label2\" content=\"Tiempo de lectura\" \/>\n\t<meta name=\"twitter:data2\" content=\"5 minutos\" \/>\n<script type=\"application\/ld+json\" class=\"yoast-schema-graph\">{\"@context\":\"https:\\\/\\\/schema.org\",\"@graph\":[{\"@type\":\"Article\",\"@id\":\"https:\\\/\\\/cuadra-agrado.es\\\/?p=15912#article\",\"isPartOf\":{\"@id\":\"https:\\\/\\\/cuadra-agrado.es\\\/?p=15912\"},\"author\":{\"name\":\"Miguel Redondo\",\"@id\":\"https:\\\/\\\/cuadra-agrado.es\\\/#\\\/schema\\\/person\\\/3aa4f8d2373cf756d93a5526bc72f31b\"},\"headline\":\"Dos cuartos oscuros en Lasarte\",\"datePublished\":\"2025-06-05T07:24:46+00:00\",\"dateModified\":\"2025-06-09T06:43:09+00:00\",\"mainEntityOfPage\":{\"@id\":\"https:\\\/\\\/cuadra-agrado.es\\\/?p=15912\"},\"wordCount\":963,\"image\":{\"@id\":\"https:\\\/\\\/cuadra-agrado.es\\\/?p=15912#primaryimage\"},\"thumbnailUrl\":\"https:\\\/\\\/cuadra-agrado.es\\\/wp-content\\\/uploads\\\/2025\\\/06\\\/webp.webp\",\"articleSection\":[\"Actualidad\"],\"inLanguage\":\"es\"},{\"@type\":\"WebPage\",\"@id\":\"https:\\\/\\\/cuadra-agrado.es\\\/?p=15912\",\"url\":\"https:\\\/\\\/cuadra-agrado.es\\\/?p=15912\",\"name\":\"Dos cuartos oscuros en Lasarte - Cuadra Agrado\",\"isPartOf\":{\"@id\":\"https:\\\/\\\/cuadra-agrado.es\\\/#website\"},\"primaryImageOfPage\":{\"@id\":\"https:\\\/\\\/cuadra-agrado.es\\\/?p=15912#primaryimage\"},\"image\":{\"@id\":\"https:\\\/\\\/cuadra-agrado.es\\\/?p=15912#primaryimage\"},\"thumbnailUrl\":\"https:\\\/\\\/cuadra-agrado.es\\\/wp-content\\\/uploads\\\/2025\\\/06\\\/webp.webp\",\"datePublished\":\"2025-06-05T07:24:46+00:00\",\"dateModified\":\"2025-06-09T06:43:09+00:00\",\"author\":{\"@id\":\"https:\\\/\\\/cuadra-agrado.es\\\/#\\\/schema\\\/person\\\/3aa4f8d2373cf756d93a5526bc72f31b\"},\"breadcrumb\":{\"@id\":\"https:\\\/\\\/cuadra-agrado.es\\\/?p=15912#breadcrumb\"},\"inLanguage\":\"es\",\"potentialAction\":[{\"@type\":\"ReadAction\",\"target\":[\"https:\\\/\\\/cuadra-agrado.es\\\/?p=15912\"]}]},{\"@type\":\"ImageObject\",\"inLanguage\":\"es\",\"@id\":\"https:\\\/\\\/cuadra-agrado.es\\\/?p=15912#primaryimage\",\"url\":\"https:\\\/\\\/cuadra-agrado.es\\\/wp-content\\\/uploads\\\/2025\\\/06\\\/webp.webp\",\"contentUrl\":\"https:\\\/\\\/cuadra-agrado.es\\\/wp-content\\\/uploads\\\/2025\\\/06\\\/webp.webp\",\"width\":444,\"height\":444},{\"@type\":\"BreadcrumbList\",\"@id\":\"https:\\\/\\\/cuadra-agrado.es\\\/?p=15912#breadcrumb\",\"itemListElement\":[{\"@type\":\"ListItem\",\"position\":1,\"name\":\"Portada\",\"item\":\"https:\\\/\\\/cuadra-agrado.es\\\/\"},{\"@type\":\"ListItem\",\"position\":2,\"name\":\"Dos cuartos oscuros en Lasarte\"}]},{\"@type\":\"WebSite\",\"@id\":\"https:\\\/\\\/cuadra-agrado.es\\\/#website\",\"url\":\"https:\\\/\\\/cuadra-agrado.es\\\/\",\"name\":\"Cuadra Agrado\",\"description\":\"En el mundo del Turf desde 2008\",\"potentialAction\":[{\"@type\":\"SearchAction\",\"target\":{\"@type\":\"EntryPoint\",\"urlTemplate\":\"https:\\\/\\\/cuadra-agrado.es\\\/?s={search_term_string}\"},\"query-input\":{\"@type\":\"PropertyValueSpecification\",\"valueRequired\":true,\"valueName\":\"search_term_string\"}}],\"inLanguage\":\"es\"},{\"@type\":\"Person\",\"@id\":\"https:\\\/\\\/cuadra-agrado.es\\\/#\\\/schema\\\/person\\\/3aa4f8d2373cf756d93a5526bc72f31b\",\"name\":\"Miguel Redondo\",\"image\":{\"@type\":\"ImageObject\",\"inLanguage\":\"es\",\"@id\":\"https:\\\/\\\/secure.gravatar.com\\\/avatar\\\/85704fceb4fa34017e3c1344d182da00dbf772fb8856ba2b7726a2df926415b4?s=96&d=mm&r=g\",\"url\":\"https:\\\/\\\/secure.gravatar.com\\\/avatar\\\/85704fceb4fa34017e3c1344d182da00dbf772fb8856ba2b7726a2df926415b4?s=96&d=mm&r=g\",\"contentUrl\":\"https:\\\/\\\/secure.gravatar.com\\\/avatar\\\/85704fceb4fa34017e3c1344d182da00dbf772fb8856ba2b7726a2df926415b4?s=96&d=mm&r=g\",\"caption\":\"Miguel Redondo\"},\"sameAs\":[\"https:\\\/\\\/cuadra-agrado.es\"],\"url\":\"https:\\\/\\\/cuadra-agrado.es\\\/?author=5\"}]}<\/script>\n<!-- \/ Yoast SEO plugin. -->","yoast_head_json":{"title":"Dos cuartos oscuros en Lasarte - Cuadra Agrado","robots":{"index":"index","follow":"follow","max-snippet":"max-snippet:-1","max-image-preview":"max-image-preview:large","max-video-preview":"max-video-preview:-1"},"canonical":"https:\/\/cuadra-agrado.es\/?p=15912","og_locale":"es_ES","og_type":"article","og_title":"Dos cuartos oscuros en Lasarte - Cuadra Agrado","og_description":"Desafortunadamente, no trajimos de Lasarte esos buenos trofeos que fuimos a buscar en la jornada inaugural estival con las buenas opciones que ten\u00edamos con \u201cEl Sokhna\u201d en una pista y condici\u00f3n a su medida, y las tambi\u00e9n buenas opciones que ten\u00edamos con \u201cKamara\u201d en el resurgir de su maltrecha carrera anterior. No est\u00e1 resultando f\u00e1cil [&hellip;]","og_url":"https:\/\/cuadra-agrado.es\/?p=15912","og_site_name":"Cuadra Agrado","article_published_time":"2025-06-05T07:24:46+00:00","article_modified_time":"2025-06-09T06:43:09+00:00","og_image":[{"width":444,"height":444,"url":"https:\/\/cuadra-agrado.es\/wp-content\/uploads\/2025\/06\/webp.webp","type":"image\/webp"}],"author":"Miguel Redondo","twitter_card":"summary_large_image","twitter_creator":"@AGRADOracing","twitter_site":"@AGRADOracing","twitter_misc":{"Escrito por":"Miguel Redondo","Tiempo de lectura":"5 minutos"},"schema":{"@context":"https:\/\/schema.org","@graph":[{"@type":"Article","@id":"https:\/\/cuadra-agrado.es\/?p=15912#article","isPartOf":{"@id":"https:\/\/cuadra-agrado.es\/?p=15912"},"author":{"name":"Miguel Redondo","@id":"https:\/\/cuadra-agrado.es\/#\/schema\/person\/3aa4f8d2373cf756d93a5526bc72f31b"},"headline":"Dos cuartos oscuros en Lasarte","datePublished":"2025-06-05T07:24:46+00:00","dateModified":"2025-06-09T06:43:09+00:00","mainEntityOfPage":{"@id":"https:\/\/cuadra-agrado.es\/?p=15912"},"wordCount":963,"image":{"@id":"https:\/\/cuadra-agrado.es\/?p=15912#primaryimage"},"thumbnailUrl":"https:\/\/cuadra-agrado.es\/wp-content\/uploads\/2025\/06\/webp.webp","articleSection":["Actualidad"],"inLanguage":"es"},{"@type":"WebPage","@id":"https:\/\/cuadra-agrado.es\/?p=15912","url":"https:\/\/cuadra-agrado.es\/?p=15912","name":"Dos cuartos oscuros en Lasarte - Cuadra Agrado","isPartOf":{"@id":"https:\/\/cuadra-agrado.es\/#website"},"primaryImageOfPage":{"@id":"https:\/\/cuadra-agrado.es\/?p=15912#primaryimage"},"image":{"@id":"https:\/\/cuadra-agrado.es\/?p=15912#primaryimage"},"thumbnailUrl":"https:\/\/cuadra-agrado.es\/wp-content\/uploads\/2025\/06\/webp.webp","datePublished":"2025-06-05T07:24:46+00:00","dateModified":"2025-06-09T06:43:09+00:00","author":{"@id":"https:\/\/cuadra-agrado.es\/#\/schema\/person\/3aa4f8d2373cf756d93a5526bc72f31b"},"breadcrumb":{"@id":"https:\/\/cuadra-agrado.es\/?p=15912#breadcrumb"},"inLanguage":"es","potentialAction":[{"@type":"ReadAction","target":["https:\/\/cuadra-agrado.es\/?p=15912"]}]},{"@type":"ImageObject","inLanguage":"es","@id":"https:\/\/cuadra-agrado.es\/?p=15912#primaryimage","url":"https:\/\/cuadra-agrado.es\/wp-content\/uploads\/2025\/06\/webp.webp","contentUrl":"https:\/\/cuadra-agrado.es\/wp-content\/uploads\/2025\/06\/webp.webp","width":444,"height":444},{"@type":"BreadcrumbList","@id":"https:\/\/cuadra-agrado.es\/?p=15912#breadcrumb","itemListElement":[{"@type":"ListItem","position":1,"name":"Portada","item":"https:\/\/cuadra-agrado.es\/"},{"@type":"ListItem","position":2,"name":"Dos cuartos oscuros en Lasarte"}]},{"@type":"WebSite","@id":"https:\/\/cuadra-agrado.es\/#website","url":"https:\/\/cuadra-agrado.es\/","name":"Cuadra Agrado","description":"En el mundo del Turf desde 2008","potentialAction":[{"@type":"SearchAction","target":{"@type":"EntryPoint","urlTemplate":"https:\/\/cuadra-agrado.es\/?s={search_term_string}"},"query-input":{"@type":"PropertyValueSpecification","valueRequired":true,"valueName":"search_term_string"}}],"inLanguage":"es"},{"@type":"Person","@id":"https:\/\/cuadra-agrado.es\/#\/schema\/person\/3aa4f8d2373cf756d93a5526bc72f31b","name":"Miguel Redondo","image":{"@type":"ImageObject","inLanguage":"es","@id":"https:\/\/secure.gravatar.com\/avatar\/85704fceb4fa34017e3c1344d182da00dbf772fb8856ba2b7726a2df926415b4?s=96&d=mm&r=g","url":"https:\/\/secure.gravatar.com\/avatar\/85704fceb4fa34017e3c1344d182da00dbf772fb8856ba2b7726a2df926415b4?s=96&d=mm&r=g","contentUrl":"https:\/\/secure.gravatar.com\/avatar\/85704fceb4fa34017e3c1344d182da00dbf772fb8856ba2b7726a2df926415b4?s=96&d=mm&r=g","caption":"Miguel Redondo"},"sameAs":["https:\/\/cuadra-agrado.es"],"url":"https:\/\/cuadra-agrado.es\/?author=5"}]}},"_links":{"self":[{"href":"https:\/\/cuadra-agrado.es\/index.php?rest_route=\/wp\/v2\/posts\/15912","targetHints":{"allow":["GET"]}}],"collection":[{"href":"https:\/\/cuadra-agrado.es\/index.php?rest_route=\/wp\/v2\/posts"}],"about":[{"href":"https:\/\/cuadra-agrado.es\/index.php?rest_route=\/wp\/v2\/types\/post"}],"author":[{"embeddable":true,"href":"https:\/\/cuadra-agrado.es\/index.php?rest_route=\/wp\/v2\/users\/5"}],"replies":[{"embeddable":true,"href":"https:\/\/cuadra-agrado.es\/index.php?rest_route=%2Fwp%2Fv2%2Fcomments&post=15912"}],"version-history":[{"count":11,"href":"https:\/\/cuadra-agrado.es\/index.php?rest_route=\/wp\/v2\/posts\/15912\/revisions"}],"predecessor-version":[{"id":15927,"href":"https:\/\/cuadra-agrado.es\/index.php?rest_route=\/wp\/v2\/posts\/15912\/revisions\/15927"}],"wp:featuredmedia":[{"embeddable":true,"href":"https:\/\/cuadra-agrado.es\/index.php?rest_route=\/wp\/v2\/media\/15916"}],"wp:attachment":[{"href":"https:\/\/cuadra-agrado.es\/index.php?rest_route=%2Fwp%2Fv2%2Fmedia&parent=15912"}],"wp:term":[{"taxonomy":"category","embeddable":true,"href":"https:\/\/cuadra-agrado.es\/index.php?rest_route=%2Fwp%2Fv2%2Fcategories&post=15912"},{"taxonomy":"post_tag","embeddable":true,"href":"https:\/\/cuadra-agrado.es\/index.php?rest_route=%2Fwp%2Fv2%2Ftags&post=15912"}],"curies":[{"name":"wp","href":"https:\/\/api.w.org\/{rel}","templated":true}]}}