{"id":15909,"date":"2025-06-02T09:03:09","date_gmt":"2025-06-02T09:03:09","guid":{"rendered":"https:\/\/cuadra-agrado.es\/?p=15909"},"modified":"2025-06-02T09:03:09","modified_gmt":"2025-06-02T09:03:09","slug":"el-sokhna-y-kamara-pareja-de-baile-en-la-jornada-inaugural-donostiarra","status":"publish","type":"post","link":"https:\/\/cuadra-agrado.es\/?p=15909","title":{"rendered":"El Sokhna y Kamara, pareja de baile en la jornada inaugural donostiarra."},"content":{"rendered":"<p style=\"text-align: justify;\">No estuvo \u201c<strong>Kowalsky<\/strong>\u201d a la altura del valor demostrado en el pasado Alburquerque en esta previa al Gran Premio de Madrid. Es evidente que ten\u00eda condicionantes en contra que podr\u00edan justificar su posible ausencia en el trio, pero aun asumiendo esos condicionantes, no estuvo el negro cerca de entablar batalla alguna por los puestos remunerados, como en principio cab\u00eda esperar.<\/p>\n<p style=\"text-align: justify;\">\u201c<strong>Kowalsky<\/strong>\u201d y su dupla lo intentaron ayer con esos argumentos en contra a falta de 400 metros cuando trat\u00f3 de plantar batalla, pero tirar la toalla a m\u00e1s de 200, no entraba en los planes iniciales. Bien es cierto que plantear la carrera con l\u00f3gicas reservas contra caballos de mucha entidad te puede hacer caer a posiciones que se quedan muy alejadas del valor del caballo, pero lleg\u00e1bamos a esta queriendo dejar hueco para el postre y, posiblemente, nos quedamos ayer con hambre durante el banquete.<\/p>\n<p style=\"text-align: justify;\">De la misma forma que hicimos despu\u00e9s de una reaparici\u00f3n parecida a esta en el mes de marzo con vistas al Alburquerque, toca ahora poner los blandos e introducir las evoluciones de mejora con la vista puesta ya en el Gran Premio de Madrid. Los dos kilos que conced\u00edamos ayer a gran parte de sus rivales los recuperaremos para ese gran premio. La forma a\u00fan no demasiada afinada que pudimos constatar ayer, tambi\u00e9n la tendremos de nuestro lado, donde estamos convencidos que llegar\u00e1 con nuevo motor y unidad de potencia a estrenar para la gran cita. La \u00fanica duda, ser\u00e1 la que siempre revolotea en el entorno desde hace ya tiempo, y es que las distancias por encima de los 2.200 metros sobre terreno firme, aunque nos cueste admitirlo, est\u00e1n al l\u00edmite de su mejor condici\u00f3n. Confiamos en la evoluci\u00f3n que el ingeniero Christian Delcher y sus mec\u00e1nicos pondr\u00e1n en \u201c<strong>Kowalsky<\/strong>\u201d para el d\u00eda 28 de junio, convencidos de que ese d\u00eda, caballo y dupla saldr\u00e1n a pista con las mejores prestaciones que un Gran Premio exige. La distancia ser\u00e1 la \u00fanica inc\u00f3gnita a despejar que aceche durante las cuatro semanas que quedan, pero&#8230;. \u00bfQui\u00e9n es el osado que no tiene inc\u00f3gnitas o dudas en un GPM?<\/p>\n<p style=\"text-align: justify;\">En las tres pr\u00f3ximas semanas iremos viendo esas evoluciones de mejora que seguiremos casi a diario con l\u00f3gica excitaci\u00f3n, pero ahora toca hacer un par\u00e9ntesis y centrarnos ya en la primera jornada de verano de Lasarte que comienza este pr\u00f3ximo mi\u00e9rcoles con la confirmaci\u00f3n de partant de dos de los nuestros. Antes de iniciar la cr\u00f3nica de ambos, queremos desear mucha suerte y los mejores \u00e9xitos a todos los responsables de Hip\u00f3dromo de San Sebasti\u00e1n en la que ser\u00e1 su 109\u00aa temporada acompa\u00f1ada por una gran afici\u00f3n donostiarra que, estamos seguros estar\u00e1 a la altura para acompa\u00f1ar toda la temporada estival.<\/p>\n<p style=\"text-align: justify;\">Comenzamos con \u201c<strong>El Sokhna\u201d<\/strong> que regresa a su hip\u00f3dromo talism\u00e1n en la que ser\u00e1 su 22\u00aa participaci\u00f3n. Ah\u00ed es nada&#8230;.. Disputar\u00e1 en este nuevo envite un reclamar sobre su mejor distancia de 1.400 metros. Si no hay sorpresas, ser\u00e1 de nuevo una batalla tit\u00e1nica a mismo peso entre el nuestro y \u201c<strong>Tammani<\/strong>\u201d, que se llev\u00f3 la victoria en el \u00faltimo enfrentamiento cedi\u00e9ndole 1 kilo. Ahora a pesos iguales, la batalla parece m\u00e1s equilibrada, aunque debemos tener en cuenta que, por tabla de valores, es l\u00f3gico pensar que el favoritismo vuelva a recaer en el pensionista de Anaya. A favor del nuestro, llega en mejores condiciones que su \u00faltimo enfrentamiento, y la lucha entre ellos debe ser la gemela m\u00e1s segura del d\u00eda para los apostantes, siempre y cuando no busquen jugosos dividendos. Ser\u00e1 tambi\u00e9n enfrentamiento directo entre los dos mejores jockeys de la estad\u00edstica en los \u00faltimos a\u00f1os de nuestro turf. Tendremos de nuestro lado a Janacek, que conoce muy bien al caballo y con el que ha ganado cinco veces y, donde cuatro de ellas ha sido en la misma pista que correr\u00e1 el mi\u00e9rcoles. Pista que encontrar\u00e1 tambi\u00e9n a su favor y gusto con las lluvias que parece est\u00e1n cayendo ya desde primera hora de esta ma\u00f1ana.<\/p>\n<p style=\"text-align: justify;\">Para la misma jornada inaugural de Lasarte, embarcar\u00e1 ma\u00f1ana junto a su compa\u00f1ero de patio la princesa de la cuadra, \u201c<strong>Kamara<\/strong>\u201d. No tuvo suerte en su \u00faltimo desenlace en un recorrido plagado de golpes desde la misma salida de cajones. Tendr\u00e1 una nueva oportunidad de salir de maiden en tierras del norte, donde tambi\u00e9n encontrar\u00e1 una pista blanda a su gusto. Trece en un partant de no ganadores de su misma edad en la que volvemos a tener una nueva oportunidad de demostrar que es yegua de carreras y que, a poco que vaya cogiendo la experiencia que necesita, la podremos ver disputar carreras de mayor entidad. Las \u00fanicas dudas parten de una adaptaci\u00f3n a un especial trazado a mano derecha y tambi\u00e9n un primer viaje. \u201c<strong>Kamara<\/strong>\u201d est\u00e1 trabajando muy bien y deber\u00eda estar lista para colgarse su primera medalla, por lo que vamos con confianza plena para que complete un recorrido millero en una mejora de versi\u00f3n que no pudo ofrecer en su anterior. Monta para el experimentado jockey franc\u00e9s Mickael Forest que conoce muy bien el trazado donostiarra y que tratar\u00e1 de llevar a \u201c<strong>Kamara<\/strong>\u201d a los puestos remunerados que deben corresponderla.<\/p>\n<p style=\"text-align: justify;\">Mucha suerte equipo!!!<\/p>\n<!-- AddThis Advanced Settings generic via filter on the_content --><!-- AddThis Share Buttons generic via filter on the_content -->","protected":false},"excerpt":{"rendered":"<p>No estuvo \u201cKowalsky\u201d a la altura del valor demostrado en el pasado Alburquerque en esta previa al Gran Premio de Madrid. Es evidente que ten\u00eda condicionantes en contra que podr\u00edan justificar su posible ausencia en el trio, pero aun asumiendo esos condicionantes, no estuvo el negro cerca de entablar batalla alguna por los puestos remunerados, [&hellip;]<!-- AddThis Advanced Settings generic via filter on get_the_excerpt --><!-- AddThis Share Buttons generic via filter on get_the_excerpt --><\/p>\n","protected":false},"author":5,"featured_media":15910,"comment_status":"closed","ping_status":"open","sticky":false,"template":"","format":"standard","meta":{"_acf_changed":false,"_et_pb_use_builder":"","_et_pb_old_content":"","_et_gb_content_width":"","footnotes":""},"categories":[3],"tags":[],"class_list":["post-15909","post","type-post","status-publish","format-standard","has-post-thumbnail","hentry","category-noticias-cuadra-agrado"],"acf":[],"yoast_head":"<!-- This site is optimized with the Yoast SEO plugin v27.4 - https:\/\/yoast.com\/product\/yoast-seo-wordpress\/ -->\n<title>El Sokhna y Kamara, pareja de baile en la jornada inaugural donostiarra. - Cuadra Agrado<\/title>\n<meta name=\"robots\" content=\"index, follow, max-snippet:-1, max-image-preview:large, max-video-preview:-1\" \/>\n<link rel=\"canonical\" href=\"https:\/\/cuadra-agrado.es\/?p=15909\" \/>\n<meta property=\"og:locale\" content=\"es_ES\" \/>\n<meta property=\"og:type\" content=\"article\" \/>\n<meta property=\"og:title\" content=\"El Sokhna y Kamara, pareja de baile en la jornada inaugural donostiarra. - Cuadra Agrado\" \/>\n<meta property=\"og:description\" content=\"No estuvo \u201cKowalsky\u201d a la altura del valor demostrado en el pasado Alburquerque en esta previa al Gran Premio de Madrid. Es evidente que ten\u00eda condicionantes en contra que podr\u00edan justificar su posible ausencia en el trio, pero aun asumiendo esos condicionantes, no estuvo el negro cerca de entablar batalla alguna por los puestos remunerados, [&hellip;]\" \/>\n<meta property=\"og:url\" content=\"https:\/\/cuadra-agrado.es\/?p=15909\" \/>\n<meta property=\"og:site_name\" content=\"Cuadra Agrado\" \/>\n<meta property=\"article:published_time\" content=\"2025-06-02T09:03:09+00:00\" \/>\n<meta property=\"og:image\" content=\"https:\/\/cuadra-agrado.es\/wp-content\/uploads\/2025\/06\/LHG_2962-scaled.jpg\" \/>\n\t<meta property=\"og:image:width\" content=\"2560\" \/>\n\t<meta property=\"og:image:height\" content=\"1706\" \/>\n\t<meta property=\"og:image:type\" content=\"image\/jpeg\" \/>\n<meta name=\"author\" content=\"Miguel Redondo\" \/>\n<meta name=\"twitter:card\" content=\"summary_large_image\" \/>\n<meta name=\"twitter:creator\" content=\"@AGRADOracing\" \/>\n<meta name=\"twitter:site\" content=\"@AGRADOracing\" \/>\n<meta name=\"twitter:label1\" content=\"Escrito por\" \/>\n\t<meta name=\"twitter:data1\" content=\"Miguel Redondo\" \/>\n\t<meta name=\"twitter:label2\" content=\"Tiempo de lectura\" \/>\n\t<meta name=\"twitter:data2\" content=\"5 minutos\" \/>\n<script type=\"application\/ld+json\" class=\"yoast-schema-graph\">{\"@context\":\"https:\\\/\\\/schema.org\",\"@graph\":[{\"@type\":\"Article\",\"@id\":\"https:\\\/\\\/cuadra-agrado.es\\\/?p=15909#article\",\"isPartOf\":{\"@id\":\"https:\\\/\\\/cuadra-agrado.es\\\/?p=15909\"},\"author\":{\"name\":\"Miguel Redondo\",\"@id\":\"https:\\\/\\\/cuadra-agrado.es\\\/#\\\/schema\\\/person\\\/3aa4f8d2373cf756d93a5526bc72f31b\"},\"headline\":\"El Sokhna y Kamara, pareja de baile en la jornada inaugural donostiarra.\",\"datePublished\":\"2025-06-02T09:03:09+00:00\",\"mainEntityOfPage\":{\"@id\":\"https:\\\/\\\/cuadra-agrado.es\\\/?p=15909\"},\"wordCount\":924,\"image\":{\"@id\":\"https:\\\/\\\/cuadra-agrado.es\\\/?p=15909#primaryimage\"},\"thumbnailUrl\":\"https:\\\/\\\/cuadra-agrado.es\\\/wp-content\\\/uploads\\\/2025\\\/06\\\/LHG_2962-scaled.jpg\",\"articleSection\":[\"Actualidad\"],\"inLanguage\":\"es\"},{\"@type\":\"WebPage\",\"@id\":\"https:\\\/\\\/cuadra-agrado.es\\\/?p=15909\",\"url\":\"https:\\\/\\\/cuadra-agrado.es\\\/?p=15909\",\"name\":\"El Sokhna y Kamara, pareja de baile en la jornada inaugural donostiarra. - Cuadra Agrado\",\"isPartOf\":{\"@id\":\"https:\\\/\\\/cuadra-agrado.es\\\/#website\"},\"primaryImageOfPage\":{\"@id\":\"https:\\\/\\\/cuadra-agrado.es\\\/?p=15909#primaryimage\"},\"image\":{\"@id\":\"https:\\\/\\\/cuadra-agrado.es\\\/?p=15909#primaryimage\"},\"thumbnailUrl\":\"https:\\\/\\\/cuadra-agrado.es\\\/wp-content\\\/uploads\\\/2025\\\/06\\\/LHG_2962-scaled.jpg\",\"datePublished\":\"2025-06-02T09:03:09+00:00\",\"author\":{\"@id\":\"https:\\\/\\\/cuadra-agrado.es\\\/#\\\/schema\\\/person\\\/3aa4f8d2373cf756d93a5526bc72f31b\"},\"breadcrumb\":{\"@id\":\"https:\\\/\\\/cuadra-agrado.es\\\/?p=15909#breadcrumb\"},\"inLanguage\":\"es\",\"potentialAction\":[{\"@type\":\"ReadAction\",\"target\":[\"https:\\\/\\\/cuadra-agrado.es\\\/?p=15909\"]}]},{\"@type\":\"ImageObject\",\"inLanguage\":\"es\",\"@id\":\"https:\\\/\\\/cuadra-agrado.es\\\/?p=15909#primaryimage\",\"url\":\"https:\\\/\\\/cuadra-agrado.es\\\/wp-content\\\/uploads\\\/2025\\\/06\\\/LHG_2962-scaled.jpg\",\"contentUrl\":\"https:\\\/\\\/cuadra-agrado.es\\\/wp-content\\\/uploads\\\/2025\\\/06\\\/LHG_2962-scaled.jpg\",\"width\":2560,\"height\":1706},{\"@type\":\"BreadcrumbList\",\"@id\":\"https:\\\/\\\/cuadra-agrado.es\\\/?p=15909#breadcrumb\",\"itemListElement\":[{\"@type\":\"ListItem\",\"position\":1,\"name\":\"Portada\",\"item\":\"https:\\\/\\\/cuadra-agrado.es\\\/\"},{\"@type\":\"ListItem\",\"position\":2,\"name\":\"El Sokhna y Kamara, pareja de baile en la jornada inaugural donostiarra.\"}]},{\"@type\":\"WebSite\",\"@id\":\"https:\\\/\\\/cuadra-agrado.es\\\/#website\",\"url\":\"https:\\\/\\\/cuadra-agrado.es\\\/\",\"name\":\"Cuadra Agrado\",\"description\":\"En el mundo del Turf desde 2008\",\"potentialAction\":[{\"@type\":\"SearchAction\",\"target\":{\"@type\":\"EntryPoint\",\"urlTemplate\":\"https:\\\/\\\/cuadra-agrado.es\\\/?s={search_term_string}\"},\"query-input\":{\"@type\":\"PropertyValueSpecification\",\"valueRequired\":true,\"valueName\":\"search_term_string\"}}],\"inLanguage\":\"es\"},{\"@type\":\"Person\",\"@id\":\"https:\\\/\\\/cuadra-agrado.es\\\/#\\\/schema\\\/person\\\/3aa4f8d2373cf756d93a5526bc72f31b\",\"name\":\"Miguel Redondo\",\"image\":{\"@type\":\"ImageObject\",\"inLanguage\":\"es\",\"@id\":\"https:\\\/\\\/secure.gravatar.com\\\/avatar\\\/85704fceb4fa34017e3c1344d182da00dbf772fb8856ba2b7726a2df926415b4?s=96&d=mm&r=g\",\"url\":\"https:\\\/\\\/secure.gravatar.com\\\/avatar\\\/85704fceb4fa34017e3c1344d182da00dbf772fb8856ba2b7726a2df926415b4?s=96&d=mm&r=g\",\"contentUrl\":\"https:\\\/\\\/secure.gravatar.com\\\/avatar\\\/85704fceb4fa34017e3c1344d182da00dbf772fb8856ba2b7726a2df926415b4?s=96&d=mm&r=g\",\"caption\":\"Miguel Redondo\"},\"sameAs\":[\"https:\\\/\\\/cuadra-agrado.es\"],\"url\":\"https:\\\/\\\/cuadra-agrado.es\\\/?author=5\"}]}<\/script>\n<!-- \/ Yoast SEO plugin. -->","yoast_head_json":{"title":"El Sokhna y Kamara, pareja de baile en la jornada inaugural donostiarra. - Cuadra Agrado","robots":{"index":"index","follow":"follow","max-snippet":"max-snippet:-1","max-image-preview":"max-image-preview:large","max-video-preview":"max-video-preview:-1"},"canonical":"https:\/\/cuadra-agrado.es\/?p=15909","og_locale":"es_ES","og_type":"article","og_title":"El Sokhna y Kamara, pareja de baile en la jornada inaugural donostiarra. - Cuadra Agrado","og_description":"No estuvo \u201cKowalsky\u201d a la altura del valor demostrado en el pasado Alburquerque en esta previa al Gran Premio de Madrid. Es evidente que ten\u00eda condicionantes en contra que podr\u00edan justificar su posible ausencia en el trio, pero aun asumiendo esos condicionantes, no estuvo el negro cerca de entablar batalla alguna por los puestos remunerados, [&hellip;]","og_url":"https:\/\/cuadra-agrado.es\/?p=15909","og_site_name":"Cuadra Agrado","article_published_time":"2025-06-02T09:03:09+00:00","og_image":[{"width":2560,"height":1706,"url":"https:\/\/cuadra-agrado.es\/wp-content\/uploads\/2025\/06\/LHG_2962-scaled.jpg","type":"image\/jpeg"}],"author":"Miguel Redondo","twitter_card":"summary_large_image","twitter_creator":"@AGRADOracing","twitter_site":"@AGRADOracing","twitter_misc":{"Escrito por":"Miguel Redondo","Tiempo de lectura":"5 minutos"},"schema":{"@context":"https:\/\/schema.org","@graph":[{"@type":"Article","@id":"https:\/\/cuadra-agrado.es\/?p=15909#article","isPartOf":{"@id":"https:\/\/cuadra-agrado.es\/?p=15909"},"author":{"name":"Miguel Redondo","@id":"https:\/\/cuadra-agrado.es\/#\/schema\/person\/3aa4f8d2373cf756d93a5526bc72f31b"},"headline":"El Sokhna y Kamara, pareja de baile en la jornada inaugural donostiarra.","datePublished":"2025-06-02T09:03:09+00:00","mainEntityOfPage":{"@id":"https:\/\/cuadra-agrado.es\/?p=15909"},"wordCount":924,"image":{"@id":"https:\/\/cuadra-agrado.es\/?p=15909#primaryimage"},"thumbnailUrl":"https:\/\/cuadra-agrado.es\/wp-content\/uploads\/2025\/06\/LHG_2962-scaled.jpg","articleSection":["Actualidad"],"inLanguage":"es"},{"@type":"WebPage","@id":"https:\/\/cuadra-agrado.es\/?p=15909","url":"https:\/\/cuadra-agrado.es\/?p=15909","name":"El Sokhna y Kamara, pareja de baile en la jornada inaugural donostiarra. - Cuadra Agrado","isPartOf":{"@id":"https:\/\/cuadra-agrado.es\/#website"},"primaryImageOfPage":{"@id":"https:\/\/cuadra-agrado.es\/?p=15909#primaryimage"},"image":{"@id":"https:\/\/cuadra-agrado.es\/?p=15909#primaryimage"},"thumbnailUrl":"https:\/\/cuadra-agrado.es\/wp-content\/uploads\/2025\/06\/LHG_2962-scaled.jpg","datePublished":"2025-06-02T09:03:09+00:00","author":{"@id":"https:\/\/cuadra-agrado.es\/#\/schema\/person\/3aa4f8d2373cf756d93a5526bc72f31b"},"breadcrumb":{"@id":"https:\/\/cuadra-agrado.es\/?p=15909#breadcrumb"},"inLanguage":"es","potentialAction":[{"@type":"ReadAction","target":["https:\/\/cuadra-agrado.es\/?p=15909"]}]},{"@type":"ImageObject","inLanguage":"es","@id":"https:\/\/cuadra-agrado.es\/?p=15909#primaryimage","url":"https:\/\/cuadra-agrado.es\/wp-content\/uploads\/2025\/06\/LHG_2962-scaled.jpg","contentUrl":"https:\/\/cuadra-agrado.es\/wp-content\/uploads\/2025\/06\/LHG_2962-scaled.jpg","width":2560,"height":1706},{"@type":"BreadcrumbList","@id":"https:\/\/cuadra-agrado.es\/?p=15909#breadcrumb","itemListElement":[{"@type":"ListItem","position":1,"name":"Portada","item":"https:\/\/cuadra-agrado.es\/"},{"@type":"ListItem","position":2,"name":"El Sokhna y Kamara, pareja de baile en la jornada inaugural donostiarra."}]},{"@type":"WebSite","@id":"https:\/\/cuadra-agrado.es\/#website","url":"https:\/\/cuadra-agrado.es\/","name":"Cuadra Agrado","description":"En el mundo del Turf desde 2008","potentialAction":[{"@type":"SearchAction","target":{"@type":"EntryPoint","urlTemplate":"https:\/\/cuadra-agrado.es\/?s={search_term_string}"},"query-input":{"@type":"PropertyValueSpecification","valueRequired":true,"valueName":"search_term_string"}}],"inLanguage":"es"},{"@type":"Person","@id":"https:\/\/cuadra-agrado.es\/#\/schema\/person\/3aa4f8d2373cf756d93a5526bc72f31b","name":"Miguel Redondo","image":{"@type":"ImageObject","inLanguage":"es","@id":"https:\/\/secure.gravatar.com\/avatar\/85704fceb4fa34017e3c1344d182da00dbf772fb8856ba2b7726a2df926415b4?s=96&d=mm&r=g","url":"https:\/\/secure.gravatar.com\/avatar\/85704fceb4fa34017e3c1344d182da00dbf772fb8856ba2b7726a2df926415b4?s=96&d=mm&r=g","contentUrl":"https:\/\/secure.gravatar.com\/avatar\/85704fceb4fa34017e3c1344d182da00dbf772fb8856ba2b7726a2df926415b4?s=96&d=mm&r=g","caption":"Miguel Redondo"},"sameAs":["https:\/\/cuadra-agrado.es"],"url":"https:\/\/cuadra-agrado.es\/?author=5"}]}},"_links":{"self":[{"href":"https:\/\/cuadra-agrado.es\/index.php?rest_route=\/wp\/v2\/posts\/15909","targetHints":{"allow":["GET"]}}],"collection":[{"href":"https:\/\/cuadra-agrado.es\/index.php?rest_route=\/wp\/v2\/posts"}],"about":[{"href":"https:\/\/cuadra-agrado.es\/index.php?rest_route=\/wp\/v2\/types\/post"}],"author":[{"embeddable":true,"href":"https:\/\/cuadra-agrado.es\/index.php?rest_route=\/wp\/v2\/users\/5"}],"replies":[{"embeddable":true,"href":"https:\/\/cuadra-agrado.es\/index.php?rest_route=%2Fwp%2Fv2%2Fcomments&post=15909"}],"version-history":[{"count":1,"href":"https:\/\/cuadra-agrado.es\/index.php?rest_route=\/wp\/v2\/posts\/15909\/revisions"}],"predecessor-version":[{"id":15911,"href":"https:\/\/cuadra-agrado.es\/index.php?rest_route=\/wp\/v2\/posts\/15909\/revisions\/15911"}],"wp:featuredmedia":[{"embeddable":true,"href":"https:\/\/cuadra-agrado.es\/index.php?rest_route=\/wp\/v2\/media\/15910"}],"wp:attachment":[{"href":"https:\/\/cuadra-agrado.es\/index.php?rest_route=%2Fwp%2Fv2%2Fmedia&parent=15909"}],"wp:term":[{"taxonomy":"category","embeddable":true,"href":"https:\/\/cuadra-agrado.es\/index.php?rest_route=%2Fwp%2Fv2%2Fcategories&post=15909"},{"taxonomy":"post_tag","embeddable":true,"href":"https:\/\/cuadra-agrado.es\/index.php?rest_route=%2Fwp%2Fv2%2Ftags&post=15909"}],"curies":[{"name":"wp","href":"https:\/\/api.w.org\/{rel}","templated":true}]}}