{"id":1588,"date":"2015-01-23T21:27:21","date_gmt":"2015-01-23T20:27:21","guid":{"rendered":"https:\/\/cuadra-agrado.es\/?p=1588"},"modified":"2024-02-27T09:31:50","modified_gmt":"2024-02-27T09:31:50","slug":"un-ilusionante-tercero-en-la-reaparicion-de-il-presuntuoso","status":"publish","type":"post","link":"https:\/\/cuadra-agrado.es\/?p=1588","title":{"rendered":"Un ilusionante tercero en la reaparici\u00f3n de Il Presuntuoso"},"content":{"rendered":"<p style=\"text-align: justify;\"><a href=\"http:\/\/cuadra-agrado.es\/wp-content\/uploads\/2015\/01\/ILPRE.jpg\" target=\"_blank\" rel=\"noopener noreferrer\"><img loading=\"lazy\" decoding=\"async\" class=\"alignleft  wp-image-1589\" alt=\"ILPRE\" src=\"http:\/\/cuadra-agrado.es\/wp-content\/uploads\/2015\/01\/ILPRE.jpg\" width=\"260\" height=\"160\" \/><\/a>Nuestro cuatro a\u00f1os &#8216;Il Presuntuoso&#8217; reaparec\u00eda hoy en la fibra de Pau en un concurrido reclamar de 16 partants con la intenci\u00f3n de recompensarnos por todo el esfuerzo y trabajo tras un complicado a\u00f1o 2014 lleno de infortunios. Muy valiente desde cajones, comand\u00f3 el grupo siempre de puntero, como as\u00ed fueron las \u00f3rdenes, imponiendo un selectivo ritmo con el fin de eliminar todos los adversarios posibles en la lucha final. En la \u00faltima curva, quiz\u00e1s nuestra fiel monta se vio con mucho caballo y decidi\u00f3 incrementar a\u00fan m\u00e1s el ritmo para afrontar la recta definitiva con 4 cuerpos de ventaja sobre su inmediato perseguidor.<\/p>\n<p style=\"text-align: justify;\">Defendi\u00f3 con coraje su posici\u00f3n hasta los \u00faltimos 200 metros donde el claro favorito de la prueba &#8216;Merapi&#8217; confirm\u00f3 su mejor forma con una ya en el cuerpo en este a\u00f1o, para ganar con clara autoridad por delante de un magn\u00edfico &#8216;Ghost Rules&#8217; de los amigos &#8216;martulianos&#8217; que reapareci\u00f3 con gran desparpajo despu\u00e9s de casi 4 meses sin competir.<\/p>\n<p style=\"text-align: justify;\">Una muy grata sensaci\u00f3n que nos provoca un ilusionante futuro, teniendo en cuenta el h\u00e1ndicap de su reaparici\u00f3n, su viaje, y su valent\u00eda en el recorrido. Hoy nos comenz\u00f3 a dar este hijo de &#8216;Orpen&#8217; una peque\u00f1a parte de la recompensa que nos tiene guardada y que estamos seguros nos la ofrecer\u00e1 a lo largo del a\u00f1o 2015.<\/p>\n<p style=\"text-align: justify;\">Agradecer como siempre a nuestro trainer &#8216;Eduardo Buz\u00f3n&#8217; que ha sabido llevar con cautela toda su recuperaci\u00f3n, y poner en pista en el momento adecuado a nuestro caballo para ofrecernos una gran carrera y un m\u00e1s que meritorio tercer puesto en su reaparici\u00f3n. Muchas gracias Eduardo, magn\u00edfico trabajo!!!<br \/>\nAgradecer como no puede ser de otra forma, y como siempre hacemos, a nuestra monta &#8216;Borja Fayos&#8217; que volvi\u00f3 a demostrar su valent\u00eda y coraje, y que solamente dos caballos en mejor condici\u00f3n le arrebataron una victoria casi en el bolsillo.<\/p>\n<p style=\"text-align: justify;\">Il Presuntuoso no fue reclamado y est\u00e1 de vuelta a Madrid para continuar con su programa. En funci\u00f3n de la recuperaci\u00f3n de esta carrera y de su viaje, programaremos una segunda tentativa a lo largo del mes de Febrero. Con esta nueva carrera, nuestro caballo quedar\u00e1 de nuevo handicapeado en Francia y podr\u00e1 tener opci\u00f3n as\u00ed a un programa mucho m\u00e1s amplio en el turf franc\u00e9s independiente de los riesgosos reclamares.<\/p>\n<hr \/>\n<p>&nbsp;<\/p>\n<!-- AddThis Advanced Settings generic via filter on the_content --><!-- AddThis Share Buttons generic via filter on the_content -->","protected":false},"excerpt":{"rendered":"<p>Nuestro cuatro a\u00f1os &#8216;Il Presuntuoso&#8217; reaparec\u00eda hoy en la fibra de Pau en un concurrido reclamar de 16 partants con la intenci\u00f3n de recompensarnos por todo el esfuerzo y trabajo tras un complicado a\u00f1o 2014 lleno de infortunios. Muy valiente desde cajones, comand\u00f3 el grupo siempre de puntero, como as\u00ed fueron las \u00f3rdenes, imponiendo un [&hellip;]<!-- AddThis Advanced Settings generic via filter on get_the_excerpt --><!-- AddThis Share Buttons generic via filter on get_the_excerpt --><\/p>\n","protected":false},"author":5,"featured_media":0,"comment_status":"closed","ping_status":"closed","sticky":false,"template":"","format":"gallery","meta":{"_acf_changed":false,"_et_pb_use_builder":"","_et_pb_old_content":"","_et_gb_content_width":"","footnotes":""},"categories":[3],"tags":[],"class_list":["post-1588","post","type-post","status-publish","format-gallery","hentry","category-noticias-cuadra-agrado","post_format-post-format-gallery"],"acf":[],"yoast_head":"<!-- This site is optimized with the Yoast SEO plugin v27.4 - https:\/\/yoast.com\/product\/yoast-seo-wordpress\/ -->\n<title>Un ilusionante tercero en la reaparici\u00f3n de Il Presuntuoso - Cuadra Agrado<\/title>\n<meta name=\"robots\" content=\"index, follow, max-snippet:-1, max-image-preview:large, max-video-preview:-1\" \/>\n<link rel=\"canonical\" href=\"https:\/\/cuadra-agrado.es\/?p=1588\" \/>\n<meta property=\"og:locale\" content=\"es_ES\" \/>\n<meta property=\"og:type\" content=\"article\" \/>\n<meta property=\"og:title\" content=\"Un ilusionante tercero en la reaparici\u00f3n de Il Presuntuoso - Cuadra Agrado\" \/>\n<meta property=\"og:description\" content=\"Nuestro cuatro a\u00f1os &#8216;Il Presuntuoso&#8217; reaparec\u00eda hoy en la fibra de Pau en un concurrido reclamar de 16 partants con la intenci\u00f3n de recompensarnos por todo el esfuerzo y trabajo tras un complicado a\u00f1o 2014 lleno de infortunios. Muy valiente desde cajones, comand\u00f3 el grupo siempre de puntero, como as\u00ed fueron las \u00f3rdenes, imponiendo un [&hellip;]\" \/>\n<meta property=\"og:url\" content=\"https:\/\/cuadra-agrado.es\/?p=1588\" \/>\n<meta property=\"og:site_name\" content=\"Cuadra Agrado\" \/>\n<meta property=\"article:published_time\" content=\"2015-01-23T20:27:21+00:00\" \/>\n<meta property=\"article:modified_time\" content=\"2024-02-27T09:31:50+00:00\" \/>\n<meta property=\"og:image\" content=\"http:\/\/cuadra-agrado.es\/wp-content\/uploads\/2015\/01\/ILPRE.jpg\" \/>\n<meta name=\"author\" content=\"Miguel Redondo\" \/>\n<meta name=\"twitter:card\" content=\"summary_large_image\" \/>\n<meta name=\"twitter:creator\" content=\"@AGRADOracing\" \/>\n<meta name=\"twitter:site\" content=\"@AGRADOracing\" \/>\n<meta name=\"twitter:label1\" content=\"Escrito por\" \/>\n\t<meta name=\"twitter:data1\" content=\"Miguel Redondo\" \/>\n\t<meta name=\"twitter:label2\" content=\"Tiempo de lectura\" \/>\n\t<meta name=\"twitter:data2\" content=\"2 minutos\" \/>\n<script type=\"application\/ld+json\" class=\"yoast-schema-graph\">{\"@context\":\"https:\\\/\\\/schema.org\",\"@graph\":[{\"@type\":\"Article\",\"@id\":\"https:\\\/\\\/cuadra-agrado.es\\\/?p=1588#article\",\"isPartOf\":{\"@id\":\"https:\\\/\\\/cuadra-agrado.es\\\/?p=1588\"},\"author\":{\"name\":\"Miguel Redondo\",\"@id\":\"https:\\\/\\\/cuadra-agrado.es\\\/#\\\/schema\\\/person\\\/3aa4f8d2373cf756d93a5526bc72f31b\"},\"headline\":\"Un ilusionante tercero en la reaparici\u00f3n de Il Presuntuoso\",\"datePublished\":\"2015-01-23T20:27:21+00:00\",\"dateModified\":\"2024-02-27T09:31:50+00:00\",\"mainEntityOfPage\":{\"@id\":\"https:\\\/\\\/cuadra-agrado.es\\\/?p=1588\"},\"wordCount\":415,\"image\":{\"@id\":\"https:\\\/\\\/cuadra-agrado.es\\\/?p=1588#primaryimage\"},\"thumbnailUrl\":\"http:\\\/\\\/cuadra-agrado.es\\\/wp-content\\\/uploads\\\/2015\\\/01\\\/ILPRE.jpg\",\"articleSection\":[\"Actualidad\"],\"inLanguage\":\"es\"},{\"@type\":\"WebPage\",\"@id\":\"https:\\\/\\\/cuadra-agrado.es\\\/?p=1588\",\"url\":\"https:\\\/\\\/cuadra-agrado.es\\\/?p=1588\",\"name\":\"Un ilusionante tercero en la reaparici\u00f3n de Il Presuntuoso - Cuadra Agrado\",\"isPartOf\":{\"@id\":\"https:\\\/\\\/cuadra-agrado.es\\\/#website\"},\"primaryImageOfPage\":{\"@id\":\"https:\\\/\\\/cuadra-agrado.es\\\/?p=1588#primaryimage\"},\"image\":{\"@id\":\"https:\\\/\\\/cuadra-agrado.es\\\/?p=1588#primaryimage\"},\"thumbnailUrl\":\"http:\\\/\\\/cuadra-agrado.es\\\/wp-content\\\/uploads\\\/2015\\\/01\\\/ILPRE.jpg\",\"datePublished\":\"2015-01-23T20:27:21+00:00\",\"dateModified\":\"2024-02-27T09:31:50+00:00\",\"author\":{\"@id\":\"https:\\\/\\\/cuadra-agrado.es\\\/#\\\/schema\\\/person\\\/3aa4f8d2373cf756d93a5526bc72f31b\"},\"breadcrumb\":{\"@id\":\"https:\\\/\\\/cuadra-agrado.es\\\/?p=1588#breadcrumb\"},\"inLanguage\":\"es\",\"potentialAction\":[{\"@type\":\"ReadAction\",\"target\":[\"https:\\\/\\\/cuadra-agrado.es\\\/?p=1588\"]}]},{\"@type\":\"ImageObject\",\"inLanguage\":\"es\",\"@id\":\"https:\\\/\\\/cuadra-agrado.es\\\/?p=1588#primaryimage\",\"url\":\"http:\\\/\\\/cuadra-agrado.es\\\/wp-content\\\/uploads\\\/2015\\\/01\\\/ILPRE.jpg\",\"contentUrl\":\"http:\\\/\\\/cuadra-agrado.es\\\/wp-content\\\/uploads\\\/2015\\\/01\\\/ILPRE.jpg\"},{\"@type\":\"BreadcrumbList\",\"@id\":\"https:\\\/\\\/cuadra-agrado.es\\\/?p=1588#breadcrumb\",\"itemListElement\":[{\"@type\":\"ListItem\",\"position\":1,\"name\":\"Portada\",\"item\":\"https:\\\/\\\/cuadra-agrado.es\\\/\"},{\"@type\":\"ListItem\",\"position\":2,\"name\":\"Un ilusionante tercero en la reaparici\u00f3n de Il Presuntuoso\"}]},{\"@type\":\"WebSite\",\"@id\":\"https:\\\/\\\/cuadra-agrado.es\\\/#website\",\"url\":\"https:\\\/\\\/cuadra-agrado.es\\\/\",\"name\":\"Cuadra Agrado\",\"description\":\"En el mundo del Turf desde 2008\",\"potentialAction\":[{\"@type\":\"SearchAction\",\"target\":{\"@type\":\"EntryPoint\",\"urlTemplate\":\"https:\\\/\\\/cuadra-agrado.es\\\/?s={search_term_string}\"},\"query-input\":{\"@type\":\"PropertyValueSpecification\",\"valueRequired\":true,\"valueName\":\"search_term_string\"}}],\"inLanguage\":\"es\"},{\"@type\":\"Person\",\"@id\":\"https:\\\/\\\/cuadra-agrado.es\\\/#\\\/schema\\\/person\\\/3aa4f8d2373cf756d93a5526bc72f31b\",\"name\":\"Miguel Redondo\",\"image\":{\"@type\":\"ImageObject\",\"inLanguage\":\"es\",\"@id\":\"https:\\\/\\\/secure.gravatar.com\\\/avatar\\\/85704fceb4fa34017e3c1344d182da00dbf772fb8856ba2b7726a2df926415b4?s=96&d=mm&r=g\",\"url\":\"https:\\\/\\\/secure.gravatar.com\\\/avatar\\\/85704fceb4fa34017e3c1344d182da00dbf772fb8856ba2b7726a2df926415b4?s=96&d=mm&r=g\",\"contentUrl\":\"https:\\\/\\\/secure.gravatar.com\\\/avatar\\\/85704fceb4fa34017e3c1344d182da00dbf772fb8856ba2b7726a2df926415b4?s=96&d=mm&r=g\",\"caption\":\"Miguel Redondo\"},\"sameAs\":[\"https:\\\/\\\/cuadra-agrado.es\"],\"url\":\"https:\\\/\\\/cuadra-agrado.es\\\/?author=5\"}]}<\/script>\n<!-- \/ Yoast SEO plugin. -->","yoast_head_json":{"title":"Un ilusionante tercero en la reaparici\u00f3n de Il Presuntuoso - Cuadra Agrado","robots":{"index":"index","follow":"follow","max-snippet":"max-snippet:-1","max-image-preview":"max-image-preview:large","max-video-preview":"max-video-preview:-1"},"canonical":"https:\/\/cuadra-agrado.es\/?p=1588","og_locale":"es_ES","og_type":"article","og_title":"Un ilusionante tercero en la reaparici\u00f3n de Il Presuntuoso - Cuadra Agrado","og_description":"Nuestro cuatro a\u00f1os &#8216;Il Presuntuoso&#8217; reaparec\u00eda hoy en la fibra de Pau en un concurrido reclamar de 16 partants con la intenci\u00f3n de recompensarnos por todo el esfuerzo y trabajo tras un complicado a\u00f1o 2014 lleno de infortunios. Muy valiente desde cajones, comand\u00f3 el grupo siempre de puntero, como as\u00ed fueron las \u00f3rdenes, imponiendo un [&hellip;]","og_url":"https:\/\/cuadra-agrado.es\/?p=1588","og_site_name":"Cuadra Agrado","article_published_time":"2015-01-23T20:27:21+00:00","article_modified_time":"2024-02-27T09:31:50+00:00","og_image":[{"url":"http:\/\/cuadra-agrado.es\/wp-content\/uploads\/2015\/01\/ILPRE.jpg","type":"","width":"","height":""}],"author":"Miguel Redondo","twitter_card":"summary_large_image","twitter_creator":"@AGRADOracing","twitter_site":"@AGRADOracing","twitter_misc":{"Escrito por":"Miguel Redondo","Tiempo de lectura":"2 minutos"},"schema":{"@context":"https:\/\/schema.org","@graph":[{"@type":"Article","@id":"https:\/\/cuadra-agrado.es\/?p=1588#article","isPartOf":{"@id":"https:\/\/cuadra-agrado.es\/?p=1588"},"author":{"name":"Miguel Redondo","@id":"https:\/\/cuadra-agrado.es\/#\/schema\/person\/3aa4f8d2373cf756d93a5526bc72f31b"},"headline":"Un ilusionante tercero en la reaparici\u00f3n de Il Presuntuoso","datePublished":"2015-01-23T20:27:21+00:00","dateModified":"2024-02-27T09:31:50+00:00","mainEntityOfPage":{"@id":"https:\/\/cuadra-agrado.es\/?p=1588"},"wordCount":415,"image":{"@id":"https:\/\/cuadra-agrado.es\/?p=1588#primaryimage"},"thumbnailUrl":"http:\/\/cuadra-agrado.es\/wp-content\/uploads\/2015\/01\/ILPRE.jpg","articleSection":["Actualidad"],"inLanguage":"es"},{"@type":"WebPage","@id":"https:\/\/cuadra-agrado.es\/?p=1588","url":"https:\/\/cuadra-agrado.es\/?p=1588","name":"Un ilusionante tercero en la reaparici\u00f3n de Il Presuntuoso - Cuadra Agrado","isPartOf":{"@id":"https:\/\/cuadra-agrado.es\/#website"},"primaryImageOfPage":{"@id":"https:\/\/cuadra-agrado.es\/?p=1588#primaryimage"},"image":{"@id":"https:\/\/cuadra-agrado.es\/?p=1588#primaryimage"},"thumbnailUrl":"http:\/\/cuadra-agrado.es\/wp-content\/uploads\/2015\/01\/ILPRE.jpg","datePublished":"2015-01-23T20:27:21+00:00","dateModified":"2024-02-27T09:31:50+00:00","author":{"@id":"https:\/\/cuadra-agrado.es\/#\/schema\/person\/3aa4f8d2373cf756d93a5526bc72f31b"},"breadcrumb":{"@id":"https:\/\/cuadra-agrado.es\/?p=1588#breadcrumb"},"inLanguage":"es","potentialAction":[{"@type":"ReadAction","target":["https:\/\/cuadra-agrado.es\/?p=1588"]}]},{"@type":"ImageObject","inLanguage":"es","@id":"https:\/\/cuadra-agrado.es\/?p=1588#primaryimage","url":"http:\/\/cuadra-agrado.es\/wp-content\/uploads\/2015\/01\/ILPRE.jpg","contentUrl":"http:\/\/cuadra-agrado.es\/wp-content\/uploads\/2015\/01\/ILPRE.jpg"},{"@type":"BreadcrumbList","@id":"https:\/\/cuadra-agrado.es\/?p=1588#breadcrumb","itemListElement":[{"@type":"ListItem","position":1,"name":"Portada","item":"https:\/\/cuadra-agrado.es\/"},{"@type":"ListItem","position":2,"name":"Un ilusionante tercero en la reaparici\u00f3n de Il Presuntuoso"}]},{"@type":"WebSite","@id":"https:\/\/cuadra-agrado.es\/#website","url":"https:\/\/cuadra-agrado.es\/","name":"Cuadra Agrado","description":"En el mundo del Turf desde 2008","potentialAction":[{"@type":"SearchAction","target":{"@type":"EntryPoint","urlTemplate":"https:\/\/cuadra-agrado.es\/?s={search_term_string}"},"query-input":{"@type":"PropertyValueSpecification","valueRequired":true,"valueName":"search_term_string"}}],"inLanguage":"es"},{"@type":"Person","@id":"https:\/\/cuadra-agrado.es\/#\/schema\/person\/3aa4f8d2373cf756d93a5526bc72f31b","name":"Miguel Redondo","image":{"@type":"ImageObject","inLanguage":"es","@id":"https:\/\/secure.gravatar.com\/avatar\/85704fceb4fa34017e3c1344d182da00dbf772fb8856ba2b7726a2df926415b4?s=96&d=mm&r=g","url":"https:\/\/secure.gravatar.com\/avatar\/85704fceb4fa34017e3c1344d182da00dbf772fb8856ba2b7726a2df926415b4?s=96&d=mm&r=g","contentUrl":"https:\/\/secure.gravatar.com\/avatar\/85704fceb4fa34017e3c1344d182da00dbf772fb8856ba2b7726a2df926415b4?s=96&d=mm&r=g","caption":"Miguel Redondo"},"sameAs":["https:\/\/cuadra-agrado.es"],"url":"https:\/\/cuadra-agrado.es\/?author=5"}]}},"_links":{"self":[{"href":"https:\/\/cuadra-agrado.es\/index.php?rest_route=\/wp\/v2\/posts\/1588","targetHints":{"allow":["GET"]}}],"collection":[{"href":"https:\/\/cuadra-agrado.es\/index.php?rest_route=\/wp\/v2\/posts"}],"about":[{"href":"https:\/\/cuadra-agrado.es\/index.php?rest_route=\/wp\/v2\/types\/post"}],"author":[{"embeddable":true,"href":"https:\/\/cuadra-agrado.es\/index.php?rest_route=\/wp\/v2\/users\/5"}],"replies":[{"embeddable":true,"href":"https:\/\/cuadra-agrado.es\/index.php?rest_route=%2Fwp%2Fv2%2Fcomments&post=1588"}],"version-history":[{"count":0,"href":"https:\/\/cuadra-agrado.es\/index.php?rest_route=\/wp\/v2\/posts\/1588\/revisions"}],"wp:attachment":[{"href":"https:\/\/cuadra-agrado.es\/index.php?rest_route=%2Fwp%2Fv2%2Fmedia&parent=1588"}],"wp:term":[{"taxonomy":"category","embeddable":true,"href":"https:\/\/cuadra-agrado.es\/index.php?rest_route=%2Fwp%2Fv2%2Fcategories&post=1588"},{"taxonomy":"post_tag","embeddable":true,"href":"https:\/\/cuadra-agrado.es\/index.php?rest_route=%2Fwp%2Fv2%2Ftags&post=1588"}],"curies":[{"name":"wp","href":"https:\/\/api.w.org\/{rel}","templated":true}]}}