{"id":15875,"date":"2025-04-28T08:11:43","date_gmt":"2025-04-28T08:11:43","guid":{"rendered":"https:\/\/cuadra-agrado.es\/?p=15875"},"modified":"2025-05-05T08:22:43","modified_gmt":"2025-05-05T08:22:43","slug":"luz-verde-para-el-regreso-de-alwin-bram","status":"publish","type":"post","link":"https:\/\/cuadra-agrado.es\/?p=15875","title":{"rendered":"Luz verde para el regreso de Alwin Bram"},"content":{"rendered":"<p style=\"text-align: justify;\">Un quinto puesto, no fue precisamente la confirmaci\u00f3n que esper\u00e1bamos de \u201c<strong>Kamara<\/strong>\u201d despu\u00e9s de un buen debut hace apenas un mes. Nunca es f\u00e1cil confirmar un buen debut, y mucho menos cuando el pastel no est\u00e1 todav\u00eda bien horneado. Ayer, \u201c<strong>Kamara<\/strong>\u201d, evidenci\u00f3 muestras de l\u00f3gica inmadurez en la que fue su segunda salida a competici\u00f3n en un pista r\u00e1pida en la que ech\u00f3 de menos algo de comodidad. No tuvo tampoco una carrera demasiado f\u00e1cil con una salida mala de cajones que la situ\u00f3 en posiciones demasiado rezagadas en un extenso lote, y que le oblig\u00f3 a hacer un esfuerzo extra antes de la curva para mejorar su colocaci\u00f3n. En una corta distancia como son 1.400 metros, muchas veces las opciones de carrera se desvanecen en ese primer golpe de cajones, y \u201c<strong>Kamara<\/strong>\u201d, desgraciadamente, \u00a0estuvo algo despistada en ese momento crucial.<\/p>\n<p style=\"text-align: justify;\">Con esa mala salida, tampoco ayud\u00f3 un partant tan amplio de 16 oponentes, donde se sinti\u00f3 demasiado acorralada en el recorrido sin tener todav\u00eda la experiencia suficiente para manejarse en esas distancias cortas de brega y, aunque Alejandro supo encontrar el hueco en la recta definitiva y hacer un amago con la desventaja de exclusi\u00f3n del l\u00e1tigo que por \u00f3rdenes lo ten\u00eda prohibido, el esfuerzo solo sirvi\u00f3 para realizar un buen trabajo final, volver a constatar que es yegua de carreras, y adquirir un punto m\u00e1s de experiencia para sus pr\u00f3ximos envites. Al final, una carrera que encajamos positivamente, teniendo en cuenta su desenlace, y que nos sirve para seguir creciendo y confiando en venideras. Su hermana \u201c<strong>Kendaya<\/strong>\u201d sali\u00f3 de maiden en su cuarta salida, y estamos convencidos que ella no tardar\u00e1 mucho en pasar por ganadores en esta misma primavera.<\/p>\n<p style=\"text-align: justify;\">A la espera de su pr\u00f3ximo compromiso, probablemente en tierras del norte donde buscar\u00e1 terreno a su mejor condici\u00f3n, este pr\u00f3ximo domingo se pone en verde el sem\u00e1foro para el regreso de <strong>\u201cAlwin Bram<\/strong>\u201d. Al contrario que \u201c<strong>Kamara<\/strong>\u201d, este hijo de \u201c<strong>Brametot<\/strong>\u201d ha estado resguardado en box esperando a que las lluvias pasaran y poder retornar a competici\u00f3n sobre terrenos m\u00e1s suaves. Su victoria en la arena sevillana en diciembre y sus dos segundos en el pasto, nos dieron buenas se\u00f1ales para poder divertirnos con \u00e9l, pero su retorno a Madrid en una pista enfangada a principios de temporada nos ofreci\u00f3 claras se\u00f1ales de su p\u00e9sima adaptaci\u00f3n al barro.<\/p>\n<p style=\"text-align: justify;\">El domingo regresa sobre una pista c\u00f3moda para \u00e9l y sobre una distancia que creemos en el limite bajo de su horquilla, pero con la ventaja que en Madrid esos 1.800 metros se alargan de manera considerada. Tendr\u00e1 a su favor esa pista suave en la que se sinti\u00f3 a gusto en su periplo sevillano, y una monta de garant\u00edas con Alejandro Guti\u00e9rrez para tratar de retornar a sus mejores valores. Despu\u00e9s de su primera en Madrid, es evidente que existen dudas sobre su valor a\u00fan no demasiado definido, pero \u201c<strong>Alwin Bram<\/strong>\u201d est\u00e1 trabajando excelentemente bien y, con un peque\u00f1o descanso de casi dos meses, que tambi\u00e9n le ha venido muy bien para recuperar viajes y carreras invernales, est\u00e1 en condiciones de poder volver a luchar esa siempre dif\u00edcil primera parte de h\u00e1ndicap que sirve como soporte a la Lototurf en el Premio Hip\u00f3dromo de San Sebasti\u00e1n de la cuarta carrera de la jornada. Vamos a ver si la borrasca prevista pasa de largo sin afectaci\u00f3n, y podemos tener una pista c\u00f3moda que, en otro sentido, ser\u00e1 complicado gestionar.<\/p>\n<p>Mucha suerte equipo y Feliz d\u00eda a todas las madres que el domingo disfrutar\u00e1n de su m\u00e1s que merecido d\u00eda marcado en el calendario.<\/p>\n<!-- AddThis Advanced Settings generic via filter on the_content --><!-- AddThis Share Buttons generic via filter on the_content -->","protected":false},"excerpt":{"rendered":"<p>Un quinto puesto, no fue precisamente la confirmaci\u00f3n que esper\u00e1bamos de \u201cKamara\u201d despu\u00e9s de un buen debut hace apenas un mes. Nunca es f\u00e1cil confirmar un buen debut, y mucho menos cuando el pastel no est\u00e1 todav\u00eda bien horneado. Ayer, \u201cKamara\u201d, evidenci\u00f3 muestras de l\u00f3gica inmadurez en la que fue su segunda salida a competici\u00f3n [&hellip;]<!-- AddThis Advanced Settings generic via filter on get_the_excerpt --><!-- AddThis Share Buttons generic via filter on get_the_excerpt --><\/p>\n","protected":false},"author":5,"featured_media":15876,"comment_status":"closed","ping_status":"open","sticky":false,"template":"","format":"standard","meta":{"_acf_changed":false,"_et_pb_use_builder":"","_et_pb_old_content":"","_et_gb_content_width":"","footnotes":""},"categories":[3],"tags":[],"class_list":["post-15875","post","type-post","status-publish","format-standard","has-post-thumbnail","hentry","category-noticias-cuadra-agrado"],"acf":[],"yoast_head":"<!-- This site is optimized with the Yoast SEO plugin v27.4 - https:\/\/yoast.com\/product\/yoast-seo-wordpress\/ -->\n<title>Luz verde para el regreso de Alwin Bram - Cuadra Agrado<\/title>\n<meta name=\"robots\" content=\"index, follow, max-snippet:-1, max-image-preview:large, max-video-preview:-1\" \/>\n<link rel=\"canonical\" href=\"https:\/\/cuadra-agrado.es\/?p=15875\" \/>\n<meta property=\"og:locale\" content=\"es_ES\" \/>\n<meta property=\"og:type\" content=\"article\" \/>\n<meta property=\"og:title\" content=\"Luz verde para el regreso de Alwin Bram - Cuadra Agrado\" \/>\n<meta property=\"og:description\" content=\"Un quinto puesto, no fue precisamente la confirmaci\u00f3n que esper\u00e1bamos de \u201cKamara\u201d despu\u00e9s de un buen debut hace apenas un mes. Nunca es f\u00e1cil confirmar un buen debut, y mucho menos cuando el pastel no est\u00e1 todav\u00eda bien horneado. Ayer, \u201cKamara\u201d, evidenci\u00f3 muestras de l\u00f3gica inmadurez en la que fue su segunda salida a competici\u00f3n [&hellip;]\" \/>\n<meta property=\"og:url\" content=\"https:\/\/cuadra-agrado.es\/?p=15875\" \/>\n<meta property=\"og:site_name\" content=\"Cuadra Agrado\" \/>\n<meta property=\"article:published_time\" content=\"2025-04-28T08:11:43+00:00\" \/>\n<meta property=\"article:modified_time\" content=\"2025-05-05T08:22:43+00:00\" \/>\n<meta property=\"og:image\" content=\"https:\/\/cuadra-agrado.es\/wp-content\/uploads\/2025\/04\/kamara.jpg\" \/>\n\t<meta property=\"og:image:width\" content=\"1280\" \/>\n\t<meta property=\"og:image:height\" content=\"854\" \/>\n\t<meta property=\"og:image:type\" content=\"image\/jpeg\" \/>\n<meta name=\"author\" content=\"Miguel Redondo\" \/>\n<meta name=\"twitter:card\" content=\"summary_large_image\" \/>\n<meta name=\"twitter:creator\" content=\"@AGRADOracing\" \/>\n<meta name=\"twitter:site\" content=\"@AGRADOracing\" \/>\n<meta name=\"twitter:label1\" content=\"Escrito por\" \/>\n\t<meta name=\"twitter:data1\" content=\"Miguel Redondo\" \/>\n\t<meta name=\"twitter:label2\" content=\"Tiempo de lectura\" \/>\n\t<meta name=\"twitter:data2\" content=\"3 minutos\" \/>\n<script type=\"application\/ld+json\" class=\"yoast-schema-graph\">{\"@context\":\"https:\\\/\\\/schema.org\",\"@graph\":[{\"@type\":\"Article\",\"@id\":\"https:\\\/\\\/cuadra-agrado.es\\\/?p=15875#article\",\"isPartOf\":{\"@id\":\"https:\\\/\\\/cuadra-agrado.es\\\/?p=15875\"},\"author\":{\"name\":\"Miguel Redondo\",\"@id\":\"https:\\\/\\\/cuadra-agrado.es\\\/#\\\/schema\\\/person\\\/3aa4f8d2373cf756d93a5526bc72f31b\"},\"headline\":\"Luz verde para el regreso de Alwin Bram\",\"datePublished\":\"2025-04-28T08:11:43+00:00\",\"dateModified\":\"2025-05-05T08:22:43+00:00\",\"mainEntityOfPage\":{\"@id\":\"https:\\\/\\\/cuadra-agrado.es\\\/?p=15875\"},\"wordCount\":642,\"image\":{\"@id\":\"https:\\\/\\\/cuadra-agrado.es\\\/?p=15875#primaryimage\"},\"thumbnailUrl\":\"https:\\\/\\\/cuadra-agrado.es\\\/wp-content\\\/uploads\\\/2025\\\/04\\\/kamara.jpg\",\"articleSection\":[\"Actualidad\"],\"inLanguage\":\"es\"},{\"@type\":\"WebPage\",\"@id\":\"https:\\\/\\\/cuadra-agrado.es\\\/?p=15875\",\"url\":\"https:\\\/\\\/cuadra-agrado.es\\\/?p=15875\",\"name\":\"Luz verde para el regreso de Alwin Bram - Cuadra Agrado\",\"isPartOf\":{\"@id\":\"https:\\\/\\\/cuadra-agrado.es\\\/#website\"},\"primaryImageOfPage\":{\"@id\":\"https:\\\/\\\/cuadra-agrado.es\\\/?p=15875#primaryimage\"},\"image\":{\"@id\":\"https:\\\/\\\/cuadra-agrado.es\\\/?p=15875#primaryimage\"},\"thumbnailUrl\":\"https:\\\/\\\/cuadra-agrado.es\\\/wp-content\\\/uploads\\\/2025\\\/04\\\/kamara.jpg\",\"datePublished\":\"2025-04-28T08:11:43+00:00\",\"dateModified\":\"2025-05-05T08:22:43+00:00\",\"author\":{\"@id\":\"https:\\\/\\\/cuadra-agrado.es\\\/#\\\/schema\\\/person\\\/3aa4f8d2373cf756d93a5526bc72f31b\"},\"breadcrumb\":{\"@id\":\"https:\\\/\\\/cuadra-agrado.es\\\/?p=15875#breadcrumb\"},\"inLanguage\":\"es\",\"potentialAction\":[{\"@type\":\"ReadAction\",\"target\":[\"https:\\\/\\\/cuadra-agrado.es\\\/?p=15875\"]}]},{\"@type\":\"ImageObject\",\"inLanguage\":\"es\",\"@id\":\"https:\\\/\\\/cuadra-agrado.es\\\/?p=15875#primaryimage\",\"url\":\"https:\\\/\\\/cuadra-agrado.es\\\/wp-content\\\/uploads\\\/2025\\\/04\\\/kamara.jpg\",\"contentUrl\":\"https:\\\/\\\/cuadra-agrado.es\\\/wp-content\\\/uploads\\\/2025\\\/04\\\/kamara.jpg\",\"width\":1280,\"height\":854},{\"@type\":\"BreadcrumbList\",\"@id\":\"https:\\\/\\\/cuadra-agrado.es\\\/?p=15875#breadcrumb\",\"itemListElement\":[{\"@type\":\"ListItem\",\"position\":1,\"name\":\"Portada\",\"item\":\"https:\\\/\\\/cuadra-agrado.es\\\/\"},{\"@type\":\"ListItem\",\"position\":2,\"name\":\"Luz verde para el regreso de Alwin Bram\"}]},{\"@type\":\"WebSite\",\"@id\":\"https:\\\/\\\/cuadra-agrado.es\\\/#website\",\"url\":\"https:\\\/\\\/cuadra-agrado.es\\\/\",\"name\":\"Cuadra Agrado\",\"description\":\"En el mundo del Turf desde 2008\",\"potentialAction\":[{\"@type\":\"SearchAction\",\"target\":{\"@type\":\"EntryPoint\",\"urlTemplate\":\"https:\\\/\\\/cuadra-agrado.es\\\/?s={search_term_string}\"},\"query-input\":{\"@type\":\"PropertyValueSpecification\",\"valueRequired\":true,\"valueName\":\"search_term_string\"}}],\"inLanguage\":\"es\"},{\"@type\":\"Person\",\"@id\":\"https:\\\/\\\/cuadra-agrado.es\\\/#\\\/schema\\\/person\\\/3aa4f8d2373cf756d93a5526bc72f31b\",\"name\":\"Miguel Redondo\",\"image\":{\"@type\":\"ImageObject\",\"inLanguage\":\"es\",\"@id\":\"https:\\\/\\\/secure.gravatar.com\\\/avatar\\\/85704fceb4fa34017e3c1344d182da00dbf772fb8856ba2b7726a2df926415b4?s=96&d=mm&r=g\",\"url\":\"https:\\\/\\\/secure.gravatar.com\\\/avatar\\\/85704fceb4fa34017e3c1344d182da00dbf772fb8856ba2b7726a2df926415b4?s=96&d=mm&r=g\",\"contentUrl\":\"https:\\\/\\\/secure.gravatar.com\\\/avatar\\\/85704fceb4fa34017e3c1344d182da00dbf772fb8856ba2b7726a2df926415b4?s=96&d=mm&r=g\",\"caption\":\"Miguel Redondo\"},\"sameAs\":[\"https:\\\/\\\/cuadra-agrado.es\"],\"url\":\"https:\\\/\\\/cuadra-agrado.es\\\/?author=5\"}]}<\/script>\n<!-- \/ Yoast SEO plugin. -->","yoast_head_json":{"title":"Luz verde para el regreso de Alwin Bram - Cuadra Agrado","robots":{"index":"index","follow":"follow","max-snippet":"max-snippet:-1","max-image-preview":"max-image-preview:large","max-video-preview":"max-video-preview:-1"},"canonical":"https:\/\/cuadra-agrado.es\/?p=15875","og_locale":"es_ES","og_type":"article","og_title":"Luz verde para el regreso de Alwin Bram - Cuadra Agrado","og_description":"Un quinto puesto, no fue precisamente la confirmaci\u00f3n que esper\u00e1bamos de \u201cKamara\u201d despu\u00e9s de un buen debut hace apenas un mes. Nunca es f\u00e1cil confirmar un buen debut, y mucho menos cuando el pastel no est\u00e1 todav\u00eda bien horneado. Ayer, \u201cKamara\u201d, evidenci\u00f3 muestras de l\u00f3gica inmadurez en la que fue su segunda salida a competici\u00f3n [&hellip;]","og_url":"https:\/\/cuadra-agrado.es\/?p=15875","og_site_name":"Cuadra Agrado","article_published_time":"2025-04-28T08:11:43+00:00","article_modified_time":"2025-05-05T08:22:43+00:00","og_image":[{"width":1280,"height":854,"url":"https:\/\/cuadra-agrado.es\/wp-content\/uploads\/2025\/04\/kamara.jpg","type":"image\/jpeg"}],"author":"Miguel Redondo","twitter_card":"summary_large_image","twitter_creator":"@AGRADOracing","twitter_site":"@AGRADOracing","twitter_misc":{"Escrito por":"Miguel Redondo","Tiempo de lectura":"3 minutos"},"schema":{"@context":"https:\/\/schema.org","@graph":[{"@type":"Article","@id":"https:\/\/cuadra-agrado.es\/?p=15875#article","isPartOf":{"@id":"https:\/\/cuadra-agrado.es\/?p=15875"},"author":{"name":"Miguel Redondo","@id":"https:\/\/cuadra-agrado.es\/#\/schema\/person\/3aa4f8d2373cf756d93a5526bc72f31b"},"headline":"Luz verde para el regreso de Alwin Bram","datePublished":"2025-04-28T08:11:43+00:00","dateModified":"2025-05-05T08:22:43+00:00","mainEntityOfPage":{"@id":"https:\/\/cuadra-agrado.es\/?p=15875"},"wordCount":642,"image":{"@id":"https:\/\/cuadra-agrado.es\/?p=15875#primaryimage"},"thumbnailUrl":"https:\/\/cuadra-agrado.es\/wp-content\/uploads\/2025\/04\/kamara.jpg","articleSection":["Actualidad"],"inLanguage":"es"},{"@type":"WebPage","@id":"https:\/\/cuadra-agrado.es\/?p=15875","url":"https:\/\/cuadra-agrado.es\/?p=15875","name":"Luz verde para el regreso de Alwin Bram - Cuadra Agrado","isPartOf":{"@id":"https:\/\/cuadra-agrado.es\/#website"},"primaryImageOfPage":{"@id":"https:\/\/cuadra-agrado.es\/?p=15875#primaryimage"},"image":{"@id":"https:\/\/cuadra-agrado.es\/?p=15875#primaryimage"},"thumbnailUrl":"https:\/\/cuadra-agrado.es\/wp-content\/uploads\/2025\/04\/kamara.jpg","datePublished":"2025-04-28T08:11:43+00:00","dateModified":"2025-05-05T08:22:43+00:00","author":{"@id":"https:\/\/cuadra-agrado.es\/#\/schema\/person\/3aa4f8d2373cf756d93a5526bc72f31b"},"breadcrumb":{"@id":"https:\/\/cuadra-agrado.es\/?p=15875#breadcrumb"},"inLanguage":"es","potentialAction":[{"@type":"ReadAction","target":["https:\/\/cuadra-agrado.es\/?p=15875"]}]},{"@type":"ImageObject","inLanguage":"es","@id":"https:\/\/cuadra-agrado.es\/?p=15875#primaryimage","url":"https:\/\/cuadra-agrado.es\/wp-content\/uploads\/2025\/04\/kamara.jpg","contentUrl":"https:\/\/cuadra-agrado.es\/wp-content\/uploads\/2025\/04\/kamara.jpg","width":1280,"height":854},{"@type":"BreadcrumbList","@id":"https:\/\/cuadra-agrado.es\/?p=15875#breadcrumb","itemListElement":[{"@type":"ListItem","position":1,"name":"Portada","item":"https:\/\/cuadra-agrado.es\/"},{"@type":"ListItem","position":2,"name":"Luz verde para el regreso de Alwin Bram"}]},{"@type":"WebSite","@id":"https:\/\/cuadra-agrado.es\/#website","url":"https:\/\/cuadra-agrado.es\/","name":"Cuadra Agrado","description":"En el mundo del Turf desde 2008","potentialAction":[{"@type":"SearchAction","target":{"@type":"EntryPoint","urlTemplate":"https:\/\/cuadra-agrado.es\/?s={search_term_string}"},"query-input":{"@type":"PropertyValueSpecification","valueRequired":true,"valueName":"search_term_string"}}],"inLanguage":"es"},{"@type":"Person","@id":"https:\/\/cuadra-agrado.es\/#\/schema\/person\/3aa4f8d2373cf756d93a5526bc72f31b","name":"Miguel Redondo","image":{"@type":"ImageObject","inLanguage":"es","@id":"https:\/\/secure.gravatar.com\/avatar\/85704fceb4fa34017e3c1344d182da00dbf772fb8856ba2b7726a2df926415b4?s=96&d=mm&r=g","url":"https:\/\/secure.gravatar.com\/avatar\/85704fceb4fa34017e3c1344d182da00dbf772fb8856ba2b7726a2df926415b4?s=96&d=mm&r=g","contentUrl":"https:\/\/secure.gravatar.com\/avatar\/85704fceb4fa34017e3c1344d182da00dbf772fb8856ba2b7726a2df926415b4?s=96&d=mm&r=g","caption":"Miguel Redondo"},"sameAs":["https:\/\/cuadra-agrado.es"],"url":"https:\/\/cuadra-agrado.es\/?author=5"}]}},"_links":{"self":[{"href":"https:\/\/cuadra-agrado.es\/index.php?rest_route=\/wp\/v2\/posts\/15875","targetHints":{"allow":["GET"]}}],"collection":[{"href":"https:\/\/cuadra-agrado.es\/index.php?rest_route=\/wp\/v2\/posts"}],"about":[{"href":"https:\/\/cuadra-agrado.es\/index.php?rest_route=\/wp\/v2\/types\/post"}],"author":[{"embeddable":true,"href":"https:\/\/cuadra-agrado.es\/index.php?rest_route=\/wp\/v2\/users\/5"}],"replies":[{"embeddable":true,"href":"https:\/\/cuadra-agrado.es\/index.php?rest_route=%2Fwp%2Fv2%2Fcomments&post=15875"}],"version-history":[{"count":3,"href":"https:\/\/cuadra-agrado.es\/index.php?rest_route=\/wp\/v2\/posts\/15875\/revisions"}],"predecessor-version":[{"id":15880,"href":"https:\/\/cuadra-agrado.es\/index.php?rest_route=\/wp\/v2\/posts\/15875\/revisions\/15880"}],"wp:featuredmedia":[{"embeddable":true,"href":"https:\/\/cuadra-agrado.es\/index.php?rest_route=\/wp\/v2\/media\/15876"}],"wp:attachment":[{"href":"https:\/\/cuadra-agrado.es\/index.php?rest_route=%2Fwp%2Fv2%2Fmedia&parent=15875"}],"wp:term":[{"taxonomy":"category","embeddable":true,"href":"https:\/\/cuadra-agrado.es\/index.php?rest_route=%2Fwp%2Fv2%2Fcategories&post=15875"},{"taxonomy":"post_tag","embeddable":true,"href":"https:\/\/cuadra-agrado.es\/index.php?rest_route=%2Fwp%2Fv2%2Ftags&post=15875"}],"curies":[{"name":"wp","href":"https:\/\/api.w.org\/{rel}","templated":true}]}}