{"id":15816,"date":"2025-04-07T13:12:46","date_gmt":"2025-04-07T13:12:46","guid":{"rendered":"https:\/\/cuadra-agrado.es\/?p=15816"},"modified":"2025-04-08T08:32:13","modified_gmt":"2025-04-08T08:32:13","slug":"primer-partant-de-gran-premio-para-kowalsky-en-2025","status":"publish","type":"post","link":"https:\/\/cuadra-agrado.es\/?p=15816","title":{"rendered":"Primer partant de Gran Premio para Kowalsky en 2025"},"content":{"rendered":"<p style=\"text-align: justify;\">Ya inmersos en la temporada de primavera de Hip\u00f3dromo de Madrid, y con un tiempo previsto esta semana de sol y ascenso de temperaturas, llegaremos el pr\u00f3ximo domingo al escenario del primer Gran Premio de la temporada 2025 con alguna que otra lluvia prevista a final de semana. Ser\u00e1 el Gran Premio Duque de Alburquerque. Una prueba que, un a\u00f1o m\u00e1s, vuelve a homenajear al \u201cDuque\u201d, Don Beltr\u00e1n Osorio como hist\u00f3rico propietario, criador y posterior preparador de mediados del pasado siglo.<\/p>\n<p style=\"text-align: justify;\">Un Gran Premio de prestigio en nuestro calendario a medio recorrido entre la milla y las distancias de aliento, donde este a\u00f1o tendremos por primera vez a un ejemplar defendiendo nuestra chaquetilla. M\u00e1s de quince a\u00f1os hemos tardado en estar presente en este se\u00f1alado Gran Premio, y el afortunado no podr\u00eda ser otro que el baluarte de la cuadra, \u201c<strong>Kowalsky<\/strong>\u201d, quien, en edad perfecta de sus cinco a\u00f1os para estas grandes citas, ha hecho m\u00e9ritos m\u00e1s que suficientes en estos apenas tres a\u00f1os de competici\u00f3n para estar en los cajones de salida el pr\u00f3ximo domingo.<\/p>\n<p style=\"text-align: justify;\">\u201c<strong>Kowalsky<\/strong>\u201d llega a esta primera cita de entidad con una ya en el cuerpo en su reaparici\u00f3n hace apenas un mes, donde evidenci\u00f3 que no hab\u00eda perdido sus ganas de lucha, pero tambi\u00e9n nos dej\u00f3 ver alg\u00fan que otro punto menos de forma, despu\u00e9s de su descanso invernal, que le pasaron factura en ese \u00faltimo furlong decisivo sobre una pista demasiado pesada para su mejor condici\u00f3n. Con un 43 de valor, a esta su segunda cita llega mucho m\u00e1s puesto dejando atr\u00e1s esos kilos de m\u00e1s que luc\u00eda en su reaparici\u00f3n, y con la misma mentalidad luchadora que catalogan a los buenos caballos.<\/p>\n<p style=\"text-align: justify;\">Ante un lote de mucho valor entre los que se van a dar cita en la prueba, \u00e9l ser\u00e1 tambi\u00e9n uno de esos que, en absoluto, habr\u00e1 que dejar fuera del bombo de los elegidos. Ya ha demostrado muchas veces que, cuando menos se le espera, ofrece su mejor versi\u00f3n sobre la pista. Los 10 puntos es verdad que a\u00fan no los tiene consigo, (de tenerlos apostar\u00eda casa con jard\u00edn por \u00e9l en esta), pero sus \u00faltimos trabajos con su compa\u00f1ero de ma\u00f1anas, <strong>\u201cEl Sokhna<\/strong>\u201d, est\u00e1n acelerando su mejor puesta en marcha en esta primavera, y est\u00e1 respondiendo fant\u00e1sticamente bien. Si todo va bien durante la semana, lo veremos el domingo en el paddock mucho m\u00e1s afilado que en su anterior, con la misma guapura, y con las mismas opciones que le hemos visto en anteriores Grandes Premios del pasado oto\u00f1o. La preparaci\u00f3n comienza a poner en marcha motores a m\u00e1ximo rendimiento una vez hemos cogido ya la altura de vuelo prevista, y prueba de ello es el doblete de la pasada jornada con <strong>\u201cEl Salor<\/strong>\u201d en su camino al Derby, y con \u201c<strong>La Conchi<\/strong>\u201d, que volvi\u00f3 a colgarse un nuevo oro en su palmar\u00e9s.<\/p>\n<p style=\"text-align: justify;\">El camino al Gran Premio de Madrid 2025 es largo, y esta prueba de entidad es esencial para ir cogiendo aliento y confianza. Como es habitual en sus duras\u00a0 comparecencias, no ser\u00e1 nada f\u00e1cil luchar este primer Gran Premio con los \u201c<strong>Alcaraz<\/strong>\u201d, el incombustible \u201c<strong>Lisicles<\/strong>\u201d, el trotamundos \u201c<strong>Thundering<\/strong>\u201d, el gran \u201c<strong>Tetuan<\/strong>\u201d, los reci\u00e9n llegados desde las islas \u201c<strong>Scholarship<\/strong>\u201d y \u201c<strong>Wigmore Street\u201d<\/strong>, el galeico \u201c<strong>King Lear<\/strong>\u201d, el renacido \u201c<strong>Velerin<\/strong>\u201d, o la princesa \u201c<strong>Isaba<\/strong>\u201d, entre alg\u00fan que otro a\u00f1adido de valor. Un lote, antes del partant definitivo, de 14 contrastados participantes que nos brindar\u00e1n la primera de muchas y bellas batallas a los grandes premios de nuestro calendario primaveral. Solo uno ser\u00e1 el elegido para pasar a la historia, otro se quedar\u00e1 con el siempre sabor amargo del segundo puesto, y el tercero completar\u00e1 un trio que casi siempre suele dejar un buen sabor de boca en este tipo de citas. Por supuesto, estamos preparados para copar alguno de estos tres puestos y, llegados al caso, tambi\u00e9n lo estaremos para ocupar el que nos corresponda en la cita.<\/p>\n<p style=\"text-align: justify;\">Repetimos monta con Alejandro Guti\u00e9rrez Val que vuelve a dejarse ver por Madrid, y que poco pudo hacer en su primera comparecencia con \u201c<strong>Kowalsky<\/strong>\u201d m\u00e1s que cuidarlo y guardarlo para la siguiente. Con un halo m\u00e1s de seguridad y confianza en esta nueva salida, es para nosotros un enorme colch\u00f3n de esa misma confianza que Alejandro nos conceda esa dupla para tratar de llegar a unas caras medallas.<\/p>\n<p style=\"text-align: justify;\">Mucha suerte equipo !!<\/p>\n<!-- AddThis Advanced Settings generic via filter on the_content --><!-- AddThis Share Buttons generic via filter on the_content -->","protected":false},"excerpt":{"rendered":"<p>Ya inmersos en la temporada de primavera de Hip\u00f3dromo de Madrid, y con un tiempo previsto esta semana de sol y ascenso de temperaturas, llegaremos el pr\u00f3ximo domingo al escenario del primer Gran Premio de la temporada 2025 con alguna que otra lluvia prevista a final de semana. Ser\u00e1 el Gran Premio Duque de Alburquerque. [&hellip;]<!-- AddThis Advanced Settings generic via filter on get_the_excerpt --><!-- AddThis Share Buttons generic via filter on get_the_excerpt --><\/p>\n","protected":false},"author":5,"featured_media":15821,"comment_status":"closed","ping_status":"open","sticky":false,"template":"","format":"standard","meta":{"_acf_changed":false,"_et_pb_use_builder":"","_et_pb_old_content":"","_et_gb_content_width":"","footnotes":""},"categories":[3],"tags":[],"class_list":["post-15816","post","type-post","status-publish","format-standard","has-post-thumbnail","hentry","category-noticias-cuadra-agrado"],"acf":[],"yoast_head":"<!-- This site is optimized with the Yoast SEO plugin v27.4 - https:\/\/yoast.com\/product\/yoast-seo-wordpress\/ -->\n<title>Primer partant de Gran Premio para Kowalsky en 2025 - Cuadra Agrado<\/title>\n<meta name=\"robots\" content=\"index, follow, max-snippet:-1, max-image-preview:large, max-video-preview:-1\" \/>\n<link rel=\"canonical\" href=\"https:\/\/cuadra-agrado.es\/?p=15816\" \/>\n<meta property=\"og:locale\" content=\"es_ES\" \/>\n<meta property=\"og:type\" content=\"article\" \/>\n<meta property=\"og:title\" content=\"Primer partant de Gran Premio para Kowalsky en 2025 - Cuadra Agrado\" \/>\n<meta property=\"og:description\" content=\"Ya inmersos en la temporada de primavera de Hip\u00f3dromo de Madrid, y con un tiempo previsto esta semana de sol y ascenso de temperaturas, llegaremos el pr\u00f3ximo domingo al escenario del primer Gran Premio de la temporada 2025 con alguna que otra lluvia prevista a final de semana. Ser\u00e1 el Gran Premio Duque de Alburquerque. [&hellip;]\" \/>\n<meta property=\"og:url\" content=\"https:\/\/cuadra-agrado.es\/?p=15816\" \/>\n<meta property=\"og:site_name\" content=\"Cuadra Agrado\" \/>\n<meta property=\"article:published_time\" content=\"2025-04-07T13:12:46+00:00\" \/>\n<meta property=\"article:modified_time\" content=\"2025-04-08T08:32:13+00:00\" \/>\n<meta property=\"og:image\" content=\"https:\/\/cuadra-agrado.es\/wp-content\/uploads\/2025\/04\/kowalsky.jpg\" \/>\n\t<meta property=\"og:image:width\" content=\"1440\" \/>\n\t<meta property=\"og:image:height\" content=\"961\" \/>\n\t<meta property=\"og:image:type\" content=\"image\/jpeg\" \/>\n<meta name=\"author\" content=\"Miguel Redondo\" \/>\n<meta name=\"twitter:card\" content=\"summary_large_image\" \/>\n<meta name=\"twitter:creator\" content=\"@AGRADOracing\" \/>\n<meta name=\"twitter:site\" content=\"@AGRADOracing\" \/>\n<meta name=\"twitter:label1\" content=\"Escrito por\" \/>\n\t<meta name=\"twitter:data1\" content=\"Miguel Redondo\" \/>\n\t<meta name=\"twitter:label2\" content=\"Tiempo de lectura\" \/>\n\t<meta name=\"twitter:data2\" content=\"4 minutos\" \/>\n<script type=\"application\/ld+json\" class=\"yoast-schema-graph\">{\"@context\":\"https:\\\/\\\/schema.org\",\"@graph\":[{\"@type\":\"Article\",\"@id\":\"https:\\\/\\\/cuadra-agrado.es\\\/?p=15816#article\",\"isPartOf\":{\"@id\":\"https:\\\/\\\/cuadra-agrado.es\\\/?p=15816\"},\"author\":{\"name\":\"Miguel Redondo\",\"@id\":\"https:\\\/\\\/cuadra-agrado.es\\\/#\\\/schema\\\/person\\\/3aa4f8d2373cf756d93a5526bc72f31b\"},\"headline\":\"Primer partant de Gran Premio para Kowalsky en 2025\",\"datePublished\":\"2025-04-07T13:12:46+00:00\",\"dateModified\":\"2025-04-08T08:32:13+00:00\",\"mainEntityOfPage\":{\"@id\":\"https:\\\/\\\/cuadra-agrado.es\\\/?p=15816\"},\"wordCount\":776,\"image\":{\"@id\":\"https:\\\/\\\/cuadra-agrado.es\\\/?p=15816#primaryimage\"},\"thumbnailUrl\":\"https:\\\/\\\/cuadra-agrado.es\\\/wp-content\\\/uploads\\\/2025\\\/04\\\/kowalsky.jpg\",\"articleSection\":[\"Actualidad\"],\"inLanguage\":\"es\"},{\"@type\":\"WebPage\",\"@id\":\"https:\\\/\\\/cuadra-agrado.es\\\/?p=15816\",\"url\":\"https:\\\/\\\/cuadra-agrado.es\\\/?p=15816\",\"name\":\"Primer partant de Gran Premio para Kowalsky en 2025 - Cuadra Agrado\",\"isPartOf\":{\"@id\":\"https:\\\/\\\/cuadra-agrado.es\\\/#website\"},\"primaryImageOfPage\":{\"@id\":\"https:\\\/\\\/cuadra-agrado.es\\\/?p=15816#primaryimage\"},\"image\":{\"@id\":\"https:\\\/\\\/cuadra-agrado.es\\\/?p=15816#primaryimage\"},\"thumbnailUrl\":\"https:\\\/\\\/cuadra-agrado.es\\\/wp-content\\\/uploads\\\/2025\\\/04\\\/kowalsky.jpg\",\"datePublished\":\"2025-04-07T13:12:46+00:00\",\"dateModified\":\"2025-04-08T08:32:13+00:00\",\"author\":{\"@id\":\"https:\\\/\\\/cuadra-agrado.es\\\/#\\\/schema\\\/person\\\/3aa4f8d2373cf756d93a5526bc72f31b\"},\"breadcrumb\":{\"@id\":\"https:\\\/\\\/cuadra-agrado.es\\\/?p=15816#breadcrumb\"},\"inLanguage\":\"es\",\"potentialAction\":[{\"@type\":\"ReadAction\",\"target\":[\"https:\\\/\\\/cuadra-agrado.es\\\/?p=15816\"]}]},{\"@type\":\"ImageObject\",\"inLanguage\":\"es\",\"@id\":\"https:\\\/\\\/cuadra-agrado.es\\\/?p=15816#primaryimage\",\"url\":\"https:\\\/\\\/cuadra-agrado.es\\\/wp-content\\\/uploads\\\/2025\\\/04\\\/kowalsky.jpg\",\"contentUrl\":\"https:\\\/\\\/cuadra-agrado.es\\\/wp-content\\\/uploads\\\/2025\\\/04\\\/kowalsky.jpg\",\"width\":1440,\"height\":961},{\"@type\":\"BreadcrumbList\",\"@id\":\"https:\\\/\\\/cuadra-agrado.es\\\/?p=15816#breadcrumb\",\"itemListElement\":[{\"@type\":\"ListItem\",\"position\":1,\"name\":\"Portada\",\"item\":\"https:\\\/\\\/cuadra-agrado.es\\\/\"},{\"@type\":\"ListItem\",\"position\":2,\"name\":\"Primer partant de Gran Premio para Kowalsky en 2025\"}]},{\"@type\":\"WebSite\",\"@id\":\"https:\\\/\\\/cuadra-agrado.es\\\/#website\",\"url\":\"https:\\\/\\\/cuadra-agrado.es\\\/\",\"name\":\"Cuadra Agrado\",\"description\":\"En el mundo del Turf desde 2008\",\"potentialAction\":[{\"@type\":\"SearchAction\",\"target\":{\"@type\":\"EntryPoint\",\"urlTemplate\":\"https:\\\/\\\/cuadra-agrado.es\\\/?s={search_term_string}\"},\"query-input\":{\"@type\":\"PropertyValueSpecification\",\"valueRequired\":true,\"valueName\":\"search_term_string\"}}],\"inLanguage\":\"es\"},{\"@type\":\"Person\",\"@id\":\"https:\\\/\\\/cuadra-agrado.es\\\/#\\\/schema\\\/person\\\/3aa4f8d2373cf756d93a5526bc72f31b\",\"name\":\"Miguel Redondo\",\"image\":{\"@type\":\"ImageObject\",\"inLanguage\":\"es\",\"@id\":\"https:\\\/\\\/secure.gravatar.com\\\/avatar\\\/85704fceb4fa34017e3c1344d182da00dbf772fb8856ba2b7726a2df926415b4?s=96&d=mm&r=g\",\"url\":\"https:\\\/\\\/secure.gravatar.com\\\/avatar\\\/85704fceb4fa34017e3c1344d182da00dbf772fb8856ba2b7726a2df926415b4?s=96&d=mm&r=g\",\"contentUrl\":\"https:\\\/\\\/secure.gravatar.com\\\/avatar\\\/85704fceb4fa34017e3c1344d182da00dbf772fb8856ba2b7726a2df926415b4?s=96&d=mm&r=g\",\"caption\":\"Miguel Redondo\"},\"sameAs\":[\"https:\\\/\\\/cuadra-agrado.es\"],\"url\":\"https:\\\/\\\/cuadra-agrado.es\\\/?author=5\"}]}<\/script>\n<!-- \/ Yoast SEO plugin. -->","yoast_head_json":{"title":"Primer partant de Gran Premio para Kowalsky en 2025 - Cuadra Agrado","robots":{"index":"index","follow":"follow","max-snippet":"max-snippet:-1","max-image-preview":"max-image-preview:large","max-video-preview":"max-video-preview:-1"},"canonical":"https:\/\/cuadra-agrado.es\/?p=15816","og_locale":"es_ES","og_type":"article","og_title":"Primer partant de Gran Premio para Kowalsky en 2025 - Cuadra Agrado","og_description":"Ya inmersos en la temporada de primavera de Hip\u00f3dromo de Madrid, y con un tiempo previsto esta semana de sol y ascenso de temperaturas, llegaremos el pr\u00f3ximo domingo al escenario del primer Gran Premio de la temporada 2025 con alguna que otra lluvia prevista a final de semana. Ser\u00e1 el Gran Premio Duque de Alburquerque. [&hellip;]","og_url":"https:\/\/cuadra-agrado.es\/?p=15816","og_site_name":"Cuadra Agrado","article_published_time":"2025-04-07T13:12:46+00:00","article_modified_time":"2025-04-08T08:32:13+00:00","og_image":[{"width":1440,"height":961,"url":"https:\/\/cuadra-agrado.es\/wp-content\/uploads\/2025\/04\/kowalsky.jpg","type":"image\/jpeg"}],"author":"Miguel Redondo","twitter_card":"summary_large_image","twitter_creator":"@AGRADOracing","twitter_site":"@AGRADOracing","twitter_misc":{"Escrito por":"Miguel Redondo","Tiempo de lectura":"4 minutos"},"schema":{"@context":"https:\/\/schema.org","@graph":[{"@type":"Article","@id":"https:\/\/cuadra-agrado.es\/?p=15816#article","isPartOf":{"@id":"https:\/\/cuadra-agrado.es\/?p=15816"},"author":{"name":"Miguel Redondo","@id":"https:\/\/cuadra-agrado.es\/#\/schema\/person\/3aa4f8d2373cf756d93a5526bc72f31b"},"headline":"Primer partant de Gran Premio para Kowalsky en 2025","datePublished":"2025-04-07T13:12:46+00:00","dateModified":"2025-04-08T08:32:13+00:00","mainEntityOfPage":{"@id":"https:\/\/cuadra-agrado.es\/?p=15816"},"wordCount":776,"image":{"@id":"https:\/\/cuadra-agrado.es\/?p=15816#primaryimage"},"thumbnailUrl":"https:\/\/cuadra-agrado.es\/wp-content\/uploads\/2025\/04\/kowalsky.jpg","articleSection":["Actualidad"],"inLanguage":"es"},{"@type":"WebPage","@id":"https:\/\/cuadra-agrado.es\/?p=15816","url":"https:\/\/cuadra-agrado.es\/?p=15816","name":"Primer partant de Gran Premio para Kowalsky en 2025 - Cuadra Agrado","isPartOf":{"@id":"https:\/\/cuadra-agrado.es\/#website"},"primaryImageOfPage":{"@id":"https:\/\/cuadra-agrado.es\/?p=15816#primaryimage"},"image":{"@id":"https:\/\/cuadra-agrado.es\/?p=15816#primaryimage"},"thumbnailUrl":"https:\/\/cuadra-agrado.es\/wp-content\/uploads\/2025\/04\/kowalsky.jpg","datePublished":"2025-04-07T13:12:46+00:00","dateModified":"2025-04-08T08:32:13+00:00","author":{"@id":"https:\/\/cuadra-agrado.es\/#\/schema\/person\/3aa4f8d2373cf756d93a5526bc72f31b"},"breadcrumb":{"@id":"https:\/\/cuadra-agrado.es\/?p=15816#breadcrumb"},"inLanguage":"es","potentialAction":[{"@type":"ReadAction","target":["https:\/\/cuadra-agrado.es\/?p=15816"]}]},{"@type":"ImageObject","inLanguage":"es","@id":"https:\/\/cuadra-agrado.es\/?p=15816#primaryimage","url":"https:\/\/cuadra-agrado.es\/wp-content\/uploads\/2025\/04\/kowalsky.jpg","contentUrl":"https:\/\/cuadra-agrado.es\/wp-content\/uploads\/2025\/04\/kowalsky.jpg","width":1440,"height":961},{"@type":"BreadcrumbList","@id":"https:\/\/cuadra-agrado.es\/?p=15816#breadcrumb","itemListElement":[{"@type":"ListItem","position":1,"name":"Portada","item":"https:\/\/cuadra-agrado.es\/"},{"@type":"ListItem","position":2,"name":"Primer partant de Gran Premio para Kowalsky en 2025"}]},{"@type":"WebSite","@id":"https:\/\/cuadra-agrado.es\/#website","url":"https:\/\/cuadra-agrado.es\/","name":"Cuadra Agrado","description":"En el mundo del Turf desde 2008","potentialAction":[{"@type":"SearchAction","target":{"@type":"EntryPoint","urlTemplate":"https:\/\/cuadra-agrado.es\/?s={search_term_string}"},"query-input":{"@type":"PropertyValueSpecification","valueRequired":true,"valueName":"search_term_string"}}],"inLanguage":"es"},{"@type":"Person","@id":"https:\/\/cuadra-agrado.es\/#\/schema\/person\/3aa4f8d2373cf756d93a5526bc72f31b","name":"Miguel Redondo","image":{"@type":"ImageObject","inLanguage":"es","@id":"https:\/\/secure.gravatar.com\/avatar\/85704fceb4fa34017e3c1344d182da00dbf772fb8856ba2b7726a2df926415b4?s=96&d=mm&r=g","url":"https:\/\/secure.gravatar.com\/avatar\/85704fceb4fa34017e3c1344d182da00dbf772fb8856ba2b7726a2df926415b4?s=96&d=mm&r=g","contentUrl":"https:\/\/secure.gravatar.com\/avatar\/85704fceb4fa34017e3c1344d182da00dbf772fb8856ba2b7726a2df926415b4?s=96&d=mm&r=g","caption":"Miguel Redondo"},"sameAs":["https:\/\/cuadra-agrado.es"],"url":"https:\/\/cuadra-agrado.es\/?author=5"}]}},"_links":{"self":[{"href":"https:\/\/cuadra-agrado.es\/index.php?rest_route=\/wp\/v2\/posts\/15816","targetHints":{"allow":["GET"]}}],"collection":[{"href":"https:\/\/cuadra-agrado.es\/index.php?rest_route=\/wp\/v2\/posts"}],"about":[{"href":"https:\/\/cuadra-agrado.es\/index.php?rest_route=\/wp\/v2\/types\/post"}],"author":[{"embeddable":true,"href":"https:\/\/cuadra-agrado.es\/index.php?rest_route=\/wp\/v2\/users\/5"}],"replies":[{"embeddable":true,"href":"https:\/\/cuadra-agrado.es\/index.php?rest_route=%2Fwp%2Fv2%2Fcomments&post=15816"}],"version-history":[{"count":10,"href":"https:\/\/cuadra-agrado.es\/index.php?rest_route=\/wp\/v2\/posts\/15816\/revisions"}],"predecessor-version":[{"id":15828,"href":"https:\/\/cuadra-agrado.es\/index.php?rest_route=\/wp\/v2\/posts\/15816\/revisions\/15828"}],"wp:featuredmedia":[{"embeddable":true,"href":"https:\/\/cuadra-agrado.es\/index.php?rest_route=\/wp\/v2\/media\/15821"}],"wp:attachment":[{"href":"https:\/\/cuadra-agrado.es\/index.php?rest_route=%2Fwp%2Fv2%2Fmedia&parent=15816"}],"wp:term":[{"taxonomy":"category","embeddable":true,"href":"https:\/\/cuadra-agrado.es\/index.php?rest_route=%2Fwp%2Fv2%2Fcategories&post=15816"},{"taxonomy":"post_tag","embeddable":true,"href":"https:\/\/cuadra-agrado.es\/index.php?rest_route=%2Fwp%2Fv2%2Ftags&post=15816"}],"curies":[{"name":"wp","href":"https:\/\/api.w.org\/{rel}","templated":true}]}}