{"id":15811,"date":"2025-04-01T09:27:21","date_gmt":"2025-04-01T09:27:21","guid":{"rendered":"https:\/\/cuadra-agrado.es\/?p=15811"},"modified":"2025-04-01T09:29:53","modified_gmt":"2025-04-01T09:29:53","slug":"el-sokhna-se-viste-de-grana-y-azul","status":"publish","type":"post","link":"https:\/\/cuadra-agrado.es\/?p=15811","title":{"rendered":"El Sokhna se viste de grana y azul"},"content":{"rendered":"<p style=\"text-align: justify;\">Ma\u00f1ana mi\u00e9rcoles, coincidiendo con la primera jornada primaveral de Lasarte, debutar\u00e1 con nuestros colores <strong>\u201cEl Sokhna<\/strong>\u201d. No vamos a presentar a uno de los caballos m\u00e1s rentables y seguros de nuestro turf con m\u00e1s de 80.000 euros en ganancias en su dilatada carrera en competici\u00f3n, pero si le presentamos hoy como nuevo efectivo de la cuadra en el presente a\u00f1o.<\/p>\n<p>En el mes de febrero, lleg\u00e1bamos a un acuerdo con los amigos de Cuadra Becares para que, \u201c<strong>El Sokhna<\/strong>\u201d, continuara en el mismo patio donde ha estado defendiendo sus colores durante sus siete a\u00f1os. A buen seguro, despu\u00e9s de muchos a\u00f1os y batallas, chocar\u00e1n los nuevos colores en la retransmisi\u00f3n televisiva, y habr\u00e1 alg\u00fan que otro aficionado que piense que se equivocaron en el partant. Para nosotros, no fue f\u00e1cil confirmar la adquisici\u00f3n por el simple hecho de que hay caballos que, por su trayectoria, siempre estar\u00e1n unidos con el santo y se\u00f1a de una misma chaquetilla, pero la decisi\u00f3n de la Cuadra Becares por renovar efectivos a principios de a\u00f1o, y la enorme estima que le tienen en el patio, dej\u00f3 esa puerta abierta para dar un \u00faltimo a\u00f1o a un caballo sano y competitivo que, como excelente viejo experimentado, tambi\u00e9n nos proporcionar\u00e1 una impagable ayuda para la puesta en marcha y transcurrir de los nuestros, y acompa\u00f1ar a \u201c<strong>Kowalsky<\/strong>\u201d en su particular cruzada al GPM2025.<\/p>\n<p style=\"text-align: justify;\">Este \u00faltimo a\u00f1o competir\u00e1 con nuestros colores, pero de la mano de los colores de la Cuadra Becares que los llevar\u00e1 siempre por bandera. Ma\u00f1ana le veremos luchar en su hip\u00f3dromo talism\u00e1n su primera del a\u00f1o en un reclamar sobre distancia de 1.500 metros en la quinta y \u00faltima de la jornada. El top de la escala con 62 kilos, coincidiendo con su reaparici\u00f3n y con, al menos, dos buenos caballos en el partant ya rodados, no le dejan demasiado bien situado en la lucha por el oro, pero confiamos en las buenas manos de Jaime Gelabert como conductor, y en el siempre buen hacer del caballo en la pista donostiarra. Si todo va en buena linea, aun con un terreno no demasiado a su favor, le veremos casi seguro en el p\u00f3dium de las medallas, solo a falta de saber el color del metal.<\/p>\n<p style=\"text-align: justify;\">Bienvenido a la cuadra y mucha suerte!!<\/p>\n<!-- AddThis Advanced Settings generic via filter on the_content --><!-- AddThis Share Buttons generic via filter on the_content -->","protected":false},"excerpt":{"rendered":"<p>Ma\u00f1ana mi\u00e9rcoles, coincidiendo con la primera jornada primaveral de Lasarte, debutar\u00e1 con nuestros colores \u201cEl Sokhna\u201d. No vamos a presentar a uno de los caballos m\u00e1s rentables y seguros de nuestro turf con m\u00e1s de 80.000 euros en ganancias en su dilatada carrera en competici\u00f3n, pero si le presentamos hoy como nuevo efectivo de la [&hellip;]<!-- AddThis Advanced Settings generic via filter on get_the_excerpt --><!-- AddThis Share Buttons generic via filter on get_the_excerpt --><\/p>\n","protected":false},"author":5,"featured_media":15812,"comment_status":"closed","ping_status":"open","sticky":false,"template":"","format":"standard","meta":{"_acf_changed":false,"_et_pb_use_builder":"","_et_pb_old_content":"","_et_gb_content_width":"","footnotes":""},"categories":[3],"tags":[],"class_list":["post-15811","post","type-post","status-publish","format-standard","has-post-thumbnail","hentry","category-noticias-cuadra-agrado"],"acf":[],"yoast_head":"<!-- This site is optimized with the Yoast SEO plugin v27.4 - https:\/\/yoast.com\/product\/yoast-seo-wordpress\/ -->\n<title>El Sokhna se viste de grana y azul - Cuadra Agrado<\/title>\n<meta name=\"robots\" content=\"index, follow, max-snippet:-1, max-image-preview:large, max-video-preview:-1\" \/>\n<link rel=\"canonical\" href=\"https:\/\/cuadra-agrado.es\/?p=15811\" \/>\n<meta property=\"og:locale\" content=\"es_ES\" \/>\n<meta property=\"og:type\" content=\"article\" \/>\n<meta property=\"og:title\" content=\"El Sokhna se viste de grana y azul - Cuadra Agrado\" \/>\n<meta property=\"og:description\" content=\"Ma\u00f1ana mi\u00e9rcoles, coincidiendo con la primera jornada primaveral de Lasarte, debutar\u00e1 con nuestros colores \u201cEl Sokhna\u201d. No vamos a presentar a uno de los caballos m\u00e1s rentables y seguros de nuestro turf con m\u00e1s de 80.000 euros en ganancias en su dilatada carrera en competici\u00f3n, pero si le presentamos hoy como nuevo efectivo de la [&hellip;]\" \/>\n<meta property=\"og:url\" content=\"https:\/\/cuadra-agrado.es\/?p=15811\" \/>\n<meta property=\"og:site_name\" content=\"Cuadra Agrado\" \/>\n<meta property=\"article:published_time\" content=\"2025-04-01T09:27:21+00:00\" \/>\n<meta property=\"article:modified_time\" content=\"2025-04-01T09:29:53+00:00\" \/>\n<meta property=\"og:image\" content=\"https:\/\/cuadra-agrado.es\/wp-content\/uploads\/2025\/04\/El-sokhna.jpeg\" \/>\n\t<meta property=\"og:image:width\" content=\"620\" \/>\n\t<meta property=\"og:image:height\" content=\"350\" \/>\n\t<meta property=\"og:image:type\" content=\"image\/jpeg\" \/>\n<meta name=\"author\" content=\"Miguel Redondo\" \/>\n<meta name=\"twitter:card\" content=\"summary_large_image\" \/>\n<meta name=\"twitter:creator\" content=\"@AGRADOracing\" \/>\n<meta name=\"twitter:site\" content=\"@AGRADOracing\" \/>\n<meta name=\"twitter:label1\" content=\"Escrito por\" \/>\n\t<meta name=\"twitter:data1\" content=\"Miguel Redondo\" \/>\n\t<meta name=\"twitter:label2\" content=\"Tiempo de lectura\" \/>\n\t<meta name=\"twitter:data2\" content=\"2 minutos\" \/>\n<script type=\"application\/ld+json\" class=\"yoast-schema-graph\">{\"@context\":\"https:\\\/\\\/schema.org\",\"@graph\":[{\"@type\":\"Article\",\"@id\":\"https:\\\/\\\/cuadra-agrado.es\\\/?p=15811#article\",\"isPartOf\":{\"@id\":\"https:\\\/\\\/cuadra-agrado.es\\\/?p=15811\"},\"author\":{\"name\":\"Miguel Redondo\",\"@id\":\"https:\\\/\\\/cuadra-agrado.es\\\/#\\\/schema\\\/person\\\/3aa4f8d2373cf756d93a5526bc72f31b\"},\"headline\":\"El Sokhna se viste de grana y azul\",\"datePublished\":\"2025-04-01T09:27:21+00:00\",\"dateModified\":\"2025-04-01T09:29:53+00:00\",\"mainEntityOfPage\":{\"@id\":\"https:\\\/\\\/cuadra-agrado.es\\\/?p=15811\"},\"wordCount\":413,\"image\":{\"@id\":\"https:\\\/\\\/cuadra-agrado.es\\\/?p=15811#primaryimage\"},\"thumbnailUrl\":\"https:\\\/\\\/cuadra-agrado.es\\\/wp-content\\\/uploads\\\/2025\\\/04\\\/El-sokhna.jpeg\",\"articleSection\":[\"Actualidad\"],\"inLanguage\":\"es\"},{\"@type\":\"WebPage\",\"@id\":\"https:\\\/\\\/cuadra-agrado.es\\\/?p=15811\",\"url\":\"https:\\\/\\\/cuadra-agrado.es\\\/?p=15811\",\"name\":\"El Sokhna se viste de grana y azul - Cuadra Agrado\",\"isPartOf\":{\"@id\":\"https:\\\/\\\/cuadra-agrado.es\\\/#website\"},\"primaryImageOfPage\":{\"@id\":\"https:\\\/\\\/cuadra-agrado.es\\\/?p=15811#primaryimage\"},\"image\":{\"@id\":\"https:\\\/\\\/cuadra-agrado.es\\\/?p=15811#primaryimage\"},\"thumbnailUrl\":\"https:\\\/\\\/cuadra-agrado.es\\\/wp-content\\\/uploads\\\/2025\\\/04\\\/El-sokhna.jpeg\",\"datePublished\":\"2025-04-01T09:27:21+00:00\",\"dateModified\":\"2025-04-01T09:29:53+00:00\",\"author\":{\"@id\":\"https:\\\/\\\/cuadra-agrado.es\\\/#\\\/schema\\\/person\\\/3aa4f8d2373cf756d93a5526bc72f31b\"},\"breadcrumb\":{\"@id\":\"https:\\\/\\\/cuadra-agrado.es\\\/?p=15811#breadcrumb\"},\"inLanguage\":\"es\",\"potentialAction\":[{\"@type\":\"ReadAction\",\"target\":[\"https:\\\/\\\/cuadra-agrado.es\\\/?p=15811\"]}]},{\"@type\":\"ImageObject\",\"inLanguage\":\"es\",\"@id\":\"https:\\\/\\\/cuadra-agrado.es\\\/?p=15811#primaryimage\",\"url\":\"https:\\\/\\\/cuadra-agrado.es\\\/wp-content\\\/uploads\\\/2025\\\/04\\\/El-sokhna.jpeg\",\"contentUrl\":\"https:\\\/\\\/cuadra-agrado.es\\\/wp-content\\\/uploads\\\/2025\\\/04\\\/El-sokhna.jpeg\",\"width\":620,\"height\":350},{\"@type\":\"BreadcrumbList\",\"@id\":\"https:\\\/\\\/cuadra-agrado.es\\\/?p=15811#breadcrumb\",\"itemListElement\":[{\"@type\":\"ListItem\",\"position\":1,\"name\":\"Portada\",\"item\":\"https:\\\/\\\/cuadra-agrado.es\\\/\"},{\"@type\":\"ListItem\",\"position\":2,\"name\":\"El Sokhna se viste de grana y azul\"}]},{\"@type\":\"WebSite\",\"@id\":\"https:\\\/\\\/cuadra-agrado.es\\\/#website\",\"url\":\"https:\\\/\\\/cuadra-agrado.es\\\/\",\"name\":\"Cuadra Agrado\",\"description\":\"En el mundo del Turf desde 2008\",\"potentialAction\":[{\"@type\":\"SearchAction\",\"target\":{\"@type\":\"EntryPoint\",\"urlTemplate\":\"https:\\\/\\\/cuadra-agrado.es\\\/?s={search_term_string}\"},\"query-input\":{\"@type\":\"PropertyValueSpecification\",\"valueRequired\":true,\"valueName\":\"search_term_string\"}}],\"inLanguage\":\"es\"},{\"@type\":\"Person\",\"@id\":\"https:\\\/\\\/cuadra-agrado.es\\\/#\\\/schema\\\/person\\\/3aa4f8d2373cf756d93a5526bc72f31b\",\"name\":\"Miguel Redondo\",\"image\":{\"@type\":\"ImageObject\",\"inLanguage\":\"es\",\"@id\":\"https:\\\/\\\/secure.gravatar.com\\\/avatar\\\/85704fceb4fa34017e3c1344d182da00dbf772fb8856ba2b7726a2df926415b4?s=96&d=mm&r=g\",\"url\":\"https:\\\/\\\/secure.gravatar.com\\\/avatar\\\/85704fceb4fa34017e3c1344d182da00dbf772fb8856ba2b7726a2df926415b4?s=96&d=mm&r=g\",\"contentUrl\":\"https:\\\/\\\/secure.gravatar.com\\\/avatar\\\/85704fceb4fa34017e3c1344d182da00dbf772fb8856ba2b7726a2df926415b4?s=96&d=mm&r=g\",\"caption\":\"Miguel Redondo\"},\"sameAs\":[\"https:\\\/\\\/cuadra-agrado.es\"],\"url\":\"https:\\\/\\\/cuadra-agrado.es\\\/?author=5\"}]}<\/script>\n<!-- \/ Yoast SEO plugin. -->","yoast_head_json":{"title":"El Sokhna se viste de grana y azul - Cuadra Agrado","robots":{"index":"index","follow":"follow","max-snippet":"max-snippet:-1","max-image-preview":"max-image-preview:large","max-video-preview":"max-video-preview:-1"},"canonical":"https:\/\/cuadra-agrado.es\/?p=15811","og_locale":"es_ES","og_type":"article","og_title":"El Sokhna se viste de grana y azul - Cuadra Agrado","og_description":"Ma\u00f1ana mi\u00e9rcoles, coincidiendo con la primera jornada primaveral de Lasarte, debutar\u00e1 con nuestros colores \u201cEl Sokhna\u201d. No vamos a presentar a uno de los caballos m\u00e1s rentables y seguros de nuestro turf con m\u00e1s de 80.000 euros en ganancias en su dilatada carrera en competici\u00f3n, pero si le presentamos hoy como nuevo efectivo de la [&hellip;]","og_url":"https:\/\/cuadra-agrado.es\/?p=15811","og_site_name":"Cuadra Agrado","article_published_time":"2025-04-01T09:27:21+00:00","article_modified_time":"2025-04-01T09:29:53+00:00","og_image":[{"width":620,"height":350,"url":"https:\/\/cuadra-agrado.es\/wp-content\/uploads\/2025\/04\/El-sokhna.jpeg","type":"image\/jpeg"}],"author":"Miguel Redondo","twitter_card":"summary_large_image","twitter_creator":"@AGRADOracing","twitter_site":"@AGRADOracing","twitter_misc":{"Escrito por":"Miguel Redondo","Tiempo de lectura":"2 minutos"},"schema":{"@context":"https:\/\/schema.org","@graph":[{"@type":"Article","@id":"https:\/\/cuadra-agrado.es\/?p=15811#article","isPartOf":{"@id":"https:\/\/cuadra-agrado.es\/?p=15811"},"author":{"name":"Miguel Redondo","@id":"https:\/\/cuadra-agrado.es\/#\/schema\/person\/3aa4f8d2373cf756d93a5526bc72f31b"},"headline":"El Sokhna se viste de grana y azul","datePublished":"2025-04-01T09:27:21+00:00","dateModified":"2025-04-01T09:29:53+00:00","mainEntityOfPage":{"@id":"https:\/\/cuadra-agrado.es\/?p=15811"},"wordCount":413,"image":{"@id":"https:\/\/cuadra-agrado.es\/?p=15811#primaryimage"},"thumbnailUrl":"https:\/\/cuadra-agrado.es\/wp-content\/uploads\/2025\/04\/El-sokhna.jpeg","articleSection":["Actualidad"],"inLanguage":"es"},{"@type":"WebPage","@id":"https:\/\/cuadra-agrado.es\/?p=15811","url":"https:\/\/cuadra-agrado.es\/?p=15811","name":"El Sokhna se viste de grana y azul - Cuadra Agrado","isPartOf":{"@id":"https:\/\/cuadra-agrado.es\/#website"},"primaryImageOfPage":{"@id":"https:\/\/cuadra-agrado.es\/?p=15811#primaryimage"},"image":{"@id":"https:\/\/cuadra-agrado.es\/?p=15811#primaryimage"},"thumbnailUrl":"https:\/\/cuadra-agrado.es\/wp-content\/uploads\/2025\/04\/El-sokhna.jpeg","datePublished":"2025-04-01T09:27:21+00:00","dateModified":"2025-04-01T09:29:53+00:00","author":{"@id":"https:\/\/cuadra-agrado.es\/#\/schema\/person\/3aa4f8d2373cf756d93a5526bc72f31b"},"breadcrumb":{"@id":"https:\/\/cuadra-agrado.es\/?p=15811#breadcrumb"},"inLanguage":"es","potentialAction":[{"@type":"ReadAction","target":["https:\/\/cuadra-agrado.es\/?p=15811"]}]},{"@type":"ImageObject","inLanguage":"es","@id":"https:\/\/cuadra-agrado.es\/?p=15811#primaryimage","url":"https:\/\/cuadra-agrado.es\/wp-content\/uploads\/2025\/04\/El-sokhna.jpeg","contentUrl":"https:\/\/cuadra-agrado.es\/wp-content\/uploads\/2025\/04\/El-sokhna.jpeg","width":620,"height":350},{"@type":"BreadcrumbList","@id":"https:\/\/cuadra-agrado.es\/?p=15811#breadcrumb","itemListElement":[{"@type":"ListItem","position":1,"name":"Portada","item":"https:\/\/cuadra-agrado.es\/"},{"@type":"ListItem","position":2,"name":"El Sokhna se viste de grana y azul"}]},{"@type":"WebSite","@id":"https:\/\/cuadra-agrado.es\/#website","url":"https:\/\/cuadra-agrado.es\/","name":"Cuadra Agrado","description":"En el mundo del Turf desde 2008","potentialAction":[{"@type":"SearchAction","target":{"@type":"EntryPoint","urlTemplate":"https:\/\/cuadra-agrado.es\/?s={search_term_string}"},"query-input":{"@type":"PropertyValueSpecification","valueRequired":true,"valueName":"search_term_string"}}],"inLanguage":"es"},{"@type":"Person","@id":"https:\/\/cuadra-agrado.es\/#\/schema\/person\/3aa4f8d2373cf756d93a5526bc72f31b","name":"Miguel Redondo","image":{"@type":"ImageObject","inLanguage":"es","@id":"https:\/\/secure.gravatar.com\/avatar\/85704fceb4fa34017e3c1344d182da00dbf772fb8856ba2b7726a2df926415b4?s=96&d=mm&r=g","url":"https:\/\/secure.gravatar.com\/avatar\/85704fceb4fa34017e3c1344d182da00dbf772fb8856ba2b7726a2df926415b4?s=96&d=mm&r=g","contentUrl":"https:\/\/secure.gravatar.com\/avatar\/85704fceb4fa34017e3c1344d182da00dbf772fb8856ba2b7726a2df926415b4?s=96&d=mm&r=g","caption":"Miguel Redondo"},"sameAs":["https:\/\/cuadra-agrado.es"],"url":"https:\/\/cuadra-agrado.es\/?author=5"}]}},"_links":{"self":[{"href":"https:\/\/cuadra-agrado.es\/index.php?rest_route=\/wp\/v2\/posts\/15811","targetHints":{"allow":["GET"]}}],"collection":[{"href":"https:\/\/cuadra-agrado.es\/index.php?rest_route=\/wp\/v2\/posts"}],"about":[{"href":"https:\/\/cuadra-agrado.es\/index.php?rest_route=\/wp\/v2\/types\/post"}],"author":[{"embeddable":true,"href":"https:\/\/cuadra-agrado.es\/index.php?rest_route=\/wp\/v2\/users\/5"}],"replies":[{"embeddable":true,"href":"https:\/\/cuadra-agrado.es\/index.php?rest_route=%2Fwp%2Fv2%2Fcomments&post=15811"}],"version-history":[{"count":2,"href":"https:\/\/cuadra-agrado.es\/index.php?rest_route=\/wp\/v2\/posts\/15811\/revisions"}],"predecessor-version":[{"id":15814,"href":"https:\/\/cuadra-agrado.es\/index.php?rest_route=\/wp\/v2\/posts\/15811\/revisions\/15814"}],"wp:featuredmedia":[{"embeddable":true,"href":"https:\/\/cuadra-agrado.es\/index.php?rest_route=\/wp\/v2\/media\/15812"}],"wp:attachment":[{"href":"https:\/\/cuadra-agrado.es\/index.php?rest_route=%2Fwp%2Fv2%2Fmedia&parent=15811"}],"wp:term":[{"taxonomy":"category","embeddable":true,"href":"https:\/\/cuadra-agrado.es\/index.php?rest_route=%2Fwp%2Fv2%2Fcategories&post=15811"},{"taxonomy":"post_tag","embeddable":true,"href":"https:\/\/cuadra-agrado.es\/index.php?rest_route=%2Fwp%2Fv2%2Ftags&post=15811"}],"curies":[{"name":"wp","href":"https:\/\/api.w.org\/{rel}","templated":true}]}}