{"id":15788,"date":"2025-03-25T09:05:51","date_gmt":"2025-03-25T09:05:51","guid":{"rendered":"https:\/\/cuadra-agrado.es\/?p=15788"},"modified":"2025-03-25T12:01:34","modified_gmt":"2025-03-25T12:01:34","slug":"sabado-de-fiesta-domingo-de-carreras","status":"publish","type":"post","link":"https:\/\/cuadra-agrado.es\/?p=15788","title":{"rendered":"S\u00e1bado de fiesta, domingo de carreras &#8230;&#8230;"},"content":{"rendered":"<p style=\"text-align: justify;\">Doble jornada matinal de carreras este fin de semana en Hip\u00f3dromo de Madrid. Comenzaremos el s\u00e1bado con la disputa de la cuarta jornada suspendida el pasado domingo de lluvias, y el domingo, la que corresponde a la quinta jornada primaveral.<br \/>\nLa del s\u00e1bado, nuestro hip\u00f3dromo se reconvierte \u00a0en \u201c<em>la isla esmeralda\u201d<\/em> para celebrar la fiesta irlandesa<em> \u00abSan Patricio 2025\u00bb, (<\/em><a href=\"https:\/\/www.elconfidencial.com\/espana\/madrid\/2025-03-24\/dos-dias-de-fiesta-san-patricio-2025-hipodromo-la-zarzuela-1tna-1qrt_4093066\/?utm_source=twitter&amp;utm_medium=social&amp;utm_campaign=NacionalDiarioAutomatico\"><em>El Hip\u00f3dromo de la Zarzuela se convierte en la \u00abIsla Esmeralda\u00bb por San Patricio 2025:<\/em> con cervezas pintas negras, &#8216;foodtrucks&#8217; y m\u00fasica en directo<\/a>) previo paso por taquilla para desembolsar 20 euros. Era cuesti\u00f3n de tiempo saber los motivos reales de la suspensi\u00f3n de la pasada jornada tal y como anticipaba en el \u00faltimo post, y en solo dos d\u00edas, ya tenemos la respuesta pintada en un bonito color verde esmeralda. \u00a0Despu\u00e9s de esta, quedar\u00e1 resuelto el conflicto y modificaci\u00f3n de calendario hasta nueva orden. Que cada uno saque conclusiones, y que los responsables de la tropel\u00eda del pasado domingo aguanten su vela. Se avecina temporal.<br \/>\nPoco m\u00e1s que decir que no haya dicho antes. Bueno s\u00ed, solo una cosa m\u00e1s, si seguimos dejando que el pastor vaya corriendo la linde, nos quedaremos sin tierras.<\/p>\n<p style=\"text-align: justify;\">Ahora s\u00ed, nada m\u00e1s que a\u00f1adir sobre el fabuloso meeting del s\u00e1bado, mas que desear suerte a todos los participantes, y que la gente disfrute de la cerveza negra y de la fiesta en verde. No tenemos representaci\u00f3n y, por nuestra parte, veremos la jornada acomodados desde el sof\u00e1 de casa con una cerveza rubia nacional, que siempre sabe mejor. No soy yo mucho de pintas negras sin refrigerar&#8230;. En la del domingo, ya en jornada pura de carreras, y espero que con el recinto ya vaciado de fiesta, s\u00ed tenemos la confirmaci\u00f3n de la matr\u00edcula de \u201c<strong>Super Rafale<\/strong>\u201d, que reaparece en casa tras su victoria en la pasada temporada nazarena del puente de la Constituci\u00f3n.<\/p>\n<p style=\"text-align: justify;\">Tras un descanso invernal en la yeguada de 30 d\u00edas, posterior a aquella \u00faltima carrera, tenemos listo para reaparecer a este hijo de <strong>\u201cHoly Roman Emperor<\/strong>\u201d. Sus dos primeros meses desde su vuelta de vacaciones los ha pasado desengras\u00e1ndose al trote y canter para convertir nuevamente en m\u00fasculo la masa que hab\u00eda adquirido en su descanso. Un par de buenos trabajos en progresi\u00f3n en este mes de marzo le permiten dar el primer paso de 2025 en el premio Rafael Martinez, una carrera de condici\u00f3n para Amazonas y Gentleman sobre distancia de 1.500 metros en la que sale bien situado en tablas, y que hemos considerado como su mejor partida.<\/p>\n<p style=\"text-align: justify;\">Con un estrenado y reluciente valor 39 desde su \u00faltima en Dos Hermanas donde retorn\u00f3 a su mejor versi\u00f3n 2024, esta prueba de condici\u00f3n, donde recarga solamente 1 kilo, le deber\u00eda situar sobre el papel con opciones a luchar carrera ante un previsible nutrido lote de participantes. La l\u00f3gica y \u00fanica objeci\u00f3n es su reencuentro con la competici\u00f3n m\u00e1s de 100 d\u00edas despu\u00e9s, y los siempre responsables h\u00e1bitos de nuestra preparaci\u00f3n en el que en estas primeras jornadas no aprieta con exceso los trabajos primaverales.<\/p>\n<p style=\"text-align: justify;\">Con todo esto sobre la mesa de c\u00e1lculo de pron\u00f3stico, podemos anticipar que el resultado de su reaparici\u00f3n el domingo depender\u00e1 m\u00e1s de los m\u00e9ritos y dem\u00e9ritos de sus rivales que de \u00e9l mismo. \u00a0En cualquier caso, se trata de ponerlo en marcha dentro de su buen valor e ir cumpliendo sus objetivos luchando todas y cada una de sus salidas, incluyendo tambi\u00e9n esta primera. Ordenes que conoceremos sobre la marcha, pero que ser\u00eda l\u00f3gico pensar que, con un lote tan nutrido, pasen por una buena salida, una buena colocaci\u00f3n en carrera como a \u00e9l le gusta para evitar conflictos, y un buen trabajo largo y limpio de obst\u00e1culos en recta definitiva.<\/p>\n<p style=\"text-align: justify;\">Monta que confiamos a la joven Elisa Garc\u00eda Teissi\u00e8re que nos ofrece un descargo de 4 kilos, y la ventaja de ser de la casa.\u00a0 Lili trabaja en el patio de Christian Delcher, y desde hace tiempo hemos podido ver las magn\u00edficas cualidades que tiene encima de un caballo de carreras en sus trabajos diarios. Nunca es f\u00e1cil hacerse un hueco en la competici\u00f3n, pero estamos seguros de que la calidad, en sinergia con las enormes ganas y aptitudes, siempre ofrecen recompensas futuras.<br \/>\nSer\u00e1 su segunda carrera en competici\u00f3n y primera en este 2025, y eso siempre genera l\u00f3gico nerviosismo. Vaya por delante nuestro mejor deseo y fortuna en esta primera con nuestros colores. Conf\u00eda siempre en tus opciones y en tu caballo, y trata de dejar en el paddock esa l\u00f3gica tensi\u00f3n para disfrutar en carrera despu\u00e9s.<br \/>\nMucha suerte equipo !!<\/p>\n<!-- AddThis Advanced Settings generic via filter on the_content --><!-- AddThis Share Buttons generic via filter on the_content -->","protected":false},"excerpt":{"rendered":"<p>Doble jornada matinal de carreras este fin de semana en Hip\u00f3dromo de Madrid. Comenzaremos el s\u00e1bado con la disputa de la cuarta jornada suspendida el pasado domingo de lluvias, y el domingo, la que corresponde a la quinta jornada primaveral. La del s\u00e1bado, nuestro hip\u00f3dromo se reconvierte \u00a0en \u201cla isla esmeralda\u201d para celebrar la fiesta [&hellip;]<!-- AddThis Advanced Settings generic via filter on get_the_excerpt --><!-- AddThis Share Buttons generic via filter on get_the_excerpt --><\/p>\n","protected":false},"author":5,"featured_media":15789,"comment_status":"closed","ping_status":"open","sticky":false,"template":"","format":"standard","meta":{"_acf_changed":false,"_et_pb_use_builder":"","_et_pb_old_content":"","_et_gb_content_width":"","footnotes":""},"categories":[3],"tags":[],"class_list":["post-15788","post","type-post","status-publish","format-standard","has-post-thumbnail","hentry","category-noticias-cuadra-agrado"],"acf":[],"yoast_head":"<!-- This site is optimized with the Yoast SEO plugin v27.4 - https:\/\/yoast.com\/product\/yoast-seo-wordpress\/ -->\n<title>S\u00e1bado de fiesta, domingo de carreras ...... - Cuadra Agrado<\/title>\n<meta name=\"robots\" content=\"index, follow, max-snippet:-1, max-image-preview:large, max-video-preview:-1\" \/>\n<link rel=\"canonical\" href=\"https:\/\/cuadra-agrado.es\/?p=15788\" \/>\n<meta property=\"og:locale\" content=\"es_ES\" \/>\n<meta property=\"og:type\" content=\"article\" \/>\n<meta property=\"og:title\" content=\"S\u00e1bado de fiesta, domingo de carreras ...... - Cuadra Agrado\" \/>\n<meta property=\"og:description\" content=\"Doble jornada matinal de carreras este fin de semana en Hip\u00f3dromo de Madrid. Comenzaremos el s\u00e1bado con la disputa de la cuarta jornada suspendida el pasado domingo de lluvias, y el domingo, la que corresponde a la quinta jornada primaveral. La del s\u00e1bado, nuestro hip\u00f3dromo se reconvierte \u00a0en \u201cla isla esmeralda\u201d para celebrar la fiesta [&hellip;]\" \/>\n<meta property=\"og:url\" content=\"https:\/\/cuadra-agrado.es\/?p=15788\" \/>\n<meta property=\"og:site_name\" content=\"Cuadra Agrado\" \/>\n<meta property=\"article:published_time\" content=\"2025-03-25T09:05:51+00:00\" \/>\n<meta property=\"article:modified_time\" content=\"2025-03-25T12:01:34+00:00\" \/>\n<meta property=\"og:image\" content=\"https:\/\/cuadra-agrado.es\/wp-content\/uploads\/2025\/03\/esmeralda.jpg\" \/>\n\t<meta property=\"og:image:width\" content=\"557\" \/>\n\t<meta property=\"og:image:height\" content=\"418\" \/>\n\t<meta property=\"og:image:type\" content=\"image\/jpeg\" \/>\n<meta name=\"author\" content=\"Miguel Redondo\" \/>\n<meta name=\"twitter:card\" content=\"summary_large_image\" \/>\n<meta name=\"twitter:creator\" content=\"@AGRADOracing\" \/>\n<meta name=\"twitter:site\" content=\"@AGRADOracing\" \/>\n<meta name=\"twitter:label1\" content=\"Escrito por\" \/>\n\t<meta name=\"twitter:data1\" content=\"Miguel Redondo\" \/>\n\t<meta name=\"twitter:label2\" content=\"Tiempo de lectura\" \/>\n\t<meta name=\"twitter:data2\" content=\"4 minutos\" \/>\n<script type=\"application\/ld+json\" class=\"yoast-schema-graph\">{\"@context\":\"https:\\\/\\\/schema.org\",\"@graph\":[{\"@type\":\"Article\",\"@id\":\"https:\\\/\\\/cuadra-agrado.es\\\/?p=15788#article\",\"isPartOf\":{\"@id\":\"https:\\\/\\\/cuadra-agrado.es\\\/?p=15788\"},\"author\":{\"name\":\"Miguel Redondo\",\"@id\":\"https:\\\/\\\/cuadra-agrado.es\\\/#\\\/schema\\\/person\\\/3aa4f8d2373cf756d93a5526bc72f31b\"},\"headline\":\"S\u00e1bado de fiesta, domingo de carreras &#8230;&#8230;\",\"datePublished\":\"2025-03-25T09:05:51+00:00\",\"dateModified\":\"2025-03-25T12:01:34+00:00\",\"mainEntityOfPage\":{\"@id\":\"https:\\\/\\\/cuadra-agrado.es\\\/?p=15788\"},\"wordCount\":813,\"image\":{\"@id\":\"https:\\\/\\\/cuadra-agrado.es\\\/?p=15788#primaryimage\"},\"thumbnailUrl\":\"https:\\\/\\\/cuadra-agrado.es\\\/wp-content\\\/uploads\\\/2025\\\/03\\\/esmeralda.jpg\",\"articleSection\":[\"Actualidad\"],\"inLanguage\":\"es\"},{\"@type\":\"WebPage\",\"@id\":\"https:\\\/\\\/cuadra-agrado.es\\\/?p=15788\",\"url\":\"https:\\\/\\\/cuadra-agrado.es\\\/?p=15788\",\"name\":\"S\u00e1bado de fiesta, domingo de carreras ...... - Cuadra Agrado\",\"isPartOf\":{\"@id\":\"https:\\\/\\\/cuadra-agrado.es\\\/#website\"},\"primaryImageOfPage\":{\"@id\":\"https:\\\/\\\/cuadra-agrado.es\\\/?p=15788#primaryimage\"},\"image\":{\"@id\":\"https:\\\/\\\/cuadra-agrado.es\\\/?p=15788#primaryimage\"},\"thumbnailUrl\":\"https:\\\/\\\/cuadra-agrado.es\\\/wp-content\\\/uploads\\\/2025\\\/03\\\/esmeralda.jpg\",\"datePublished\":\"2025-03-25T09:05:51+00:00\",\"dateModified\":\"2025-03-25T12:01:34+00:00\",\"author\":{\"@id\":\"https:\\\/\\\/cuadra-agrado.es\\\/#\\\/schema\\\/person\\\/3aa4f8d2373cf756d93a5526bc72f31b\"},\"breadcrumb\":{\"@id\":\"https:\\\/\\\/cuadra-agrado.es\\\/?p=15788#breadcrumb\"},\"inLanguage\":\"es\",\"potentialAction\":[{\"@type\":\"ReadAction\",\"target\":[\"https:\\\/\\\/cuadra-agrado.es\\\/?p=15788\"]}]},{\"@type\":\"ImageObject\",\"inLanguage\":\"es\",\"@id\":\"https:\\\/\\\/cuadra-agrado.es\\\/?p=15788#primaryimage\",\"url\":\"https:\\\/\\\/cuadra-agrado.es\\\/wp-content\\\/uploads\\\/2025\\\/03\\\/esmeralda.jpg\",\"contentUrl\":\"https:\\\/\\\/cuadra-agrado.es\\\/wp-content\\\/uploads\\\/2025\\\/03\\\/esmeralda.jpg\",\"width\":557,\"height\":418},{\"@type\":\"BreadcrumbList\",\"@id\":\"https:\\\/\\\/cuadra-agrado.es\\\/?p=15788#breadcrumb\",\"itemListElement\":[{\"@type\":\"ListItem\",\"position\":1,\"name\":\"Portada\",\"item\":\"https:\\\/\\\/cuadra-agrado.es\\\/\"},{\"@type\":\"ListItem\",\"position\":2,\"name\":\"S\u00e1bado de fiesta, domingo de carreras &#8230;&#8230;\"}]},{\"@type\":\"WebSite\",\"@id\":\"https:\\\/\\\/cuadra-agrado.es\\\/#website\",\"url\":\"https:\\\/\\\/cuadra-agrado.es\\\/\",\"name\":\"Cuadra Agrado\",\"description\":\"En el mundo del Turf desde 2008\",\"potentialAction\":[{\"@type\":\"SearchAction\",\"target\":{\"@type\":\"EntryPoint\",\"urlTemplate\":\"https:\\\/\\\/cuadra-agrado.es\\\/?s={search_term_string}\"},\"query-input\":{\"@type\":\"PropertyValueSpecification\",\"valueRequired\":true,\"valueName\":\"search_term_string\"}}],\"inLanguage\":\"es\"},{\"@type\":\"Person\",\"@id\":\"https:\\\/\\\/cuadra-agrado.es\\\/#\\\/schema\\\/person\\\/3aa4f8d2373cf756d93a5526bc72f31b\",\"name\":\"Miguel Redondo\",\"image\":{\"@type\":\"ImageObject\",\"inLanguage\":\"es\",\"@id\":\"https:\\\/\\\/secure.gravatar.com\\\/avatar\\\/85704fceb4fa34017e3c1344d182da00dbf772fb8856ba2b7726a2df926415b4?s=96&d=mm&r=g\",\"url\":\"https:\\\/\\\/secure.gravatar.com\\\/avatar\\\/85704fceb4fa34017e3c1344d182da00dbf772fb8856ba2b7726a2df926415b4?s=96&d=mm&r=g\",\"contentUrl\":\"https:\\\/\\\/secure.gravatar.com\\\/avatar\\\/85704fceb4fa34017e3c1344d182da00dbf772fb8856ba2b7726a2df926415b4?s=96&d=mm&r=g\",\"caption\":\"Miguel Redondo\"},\"sameAs\":[\"https:\\\/\\\/cuadra-agrado.es\"],\"url\":\"https:\\\/\\\/cuadra-agrado.es\\\/?author=5\"}]}<\/script>\n<!-- \/ Yoast SEO plugin. -->","yoast_head_json":{"title":"S\u00e1bado de fiesta, domingo de carreras ...... - Cuadra Agrado","robots":{"index":"index","follow":"follow","max-snippet":"max-snippet:-1","max-image-preview":"max-image-preview:large","max-video-preview":"max-video-preview:-1"},"canonical":"https:\/\/cuadra-agrado.es\/?p=15788","og_locale":"es_ES","og_type":"article","og_title":"S\u00e1bado de fiesta, domingo de carreras ...... - Cuadra Agrado","og_description":"Doble jornada matinal de carreras este fin de semana en Hip\u00f3dromo de Madrid. Comenzaremos el s\u00e1bado con la disputa de la cuarta jornada suspendida el pasado domingo de lluvias, y el domingo, la que corresponde a la quinta jornada primaveral. La del s\u00e1bado, nuestro hip\u00f3dromo se reconvierte \u00a0en \u201cla isla esmeralda\u201d para celebrar la fiesta [&hellip;]","og_url":"https:\/\/cuadra-agrado.es\/?p=15788","og_site_name":"Cuadra Agrado","article_published_time":"2025-03-25T09:05:51+00:00","article_modified_time":"2025-03-25T12:01:34+00:00","og_image":[{"width":557,"height":418,"url":"https:\/\/cuadra-agrado.es\/wp-content\/uploads\/2025\/03\/esmeralda.jpg","type":"image\/jpeg"}],"author":"Miguel Redondo","twitter_card":"summary_large_image","twitter_creator":"@AGRADOracing","twitter_site":"@AGRADOracing","twitter_misc":{"Escrito por":"Miguel Redondo","Tiempo de lectura":"4 minutos"},"schema":{"@context":"https:\/\/schema.org","@graph":[{"@type":"Article","@id":"https:\/\/cuadra-agrado.es\/?p=15788#article","isPartOf":{"@id":"https:\/\/cuadra-agrado.es\/?p=15788"},"author":{"name":"Miguel Redondo","@id":"https:\/\/cuadra-agrado.es\/#\/schema\/person\/3aa4f8d2373cf756d93a5526bc72f31b"},"headline":"S\u00e1bado de fiesta, domingo de carreras &#8230;&#8230;","datePublished":"2025-03-25T09:05:51+00:00","dateModified":"2025-03-25T12:01:34+00:00","mainEntityOfPage":{"@id":"https:\/\/cuadra-agrado.es\/?p=15788"},"wordCount":813,"image":{"@id":"https:\/\/cuadra-agrado.es\/?p=15788#primaryimage"},"thumbnailUrl":"https:\/\/cuadra-agrado.es\/wp-content\/uploads\/2025\/03\/esmeralda.jpg","articleSection":["Actualidad"],"inLanguage":"es"},{"@type":"WebPage","@id":"https:\/\/cuadra-agrado.es\/?p=15788","url":"https:\/\/cuadra-agrado.es\/?p=15788","name":"S\u00e1bado de fiesta, domingo de carreras ...... - Cuadra Agrado","isPartOf":{"@id":"https:\/\/cuadra-agrado.es\/#website"},"primaryImageOfPage":{"@id":"https:\/\/cuadra-agrado.es\/?p=15788#primaryimage"},"image":{"@id":"https:\/\/cuadra-agrado.es\/?p=15788#primaryimage"},"thumbnailUrl":"https:\/\/cuadra-agrado.es\/wp-content\/uploads\/2025\/03\/esmeralda.jpg","datePublished":"2025-03-25T09:05:51+00:00","dateModified":"2025-03-25T12:01:34+00:00","author":{"@id":"https:\/\/cuadra-agrado.es\/#\/schema\/person\/3aa4f8d2373cf756d93a5526bc72f31b"},"breadcrumb":{"@id":"https:\/\/cuadra-agrado.es\/?p=15788#breadcrumb"},"inLanguage":"es","potentialAction":[{"@type":"ReadAction","target":["https:\/\/cuadra-agrado.es\/?p=15788"]}]},{"@type":"ImageObject","inLanguage":"es","@id":"https:\/\/cuadra-agrado.es\/?p=15788#primaryimage","url":"https:\/\/cuadra-agrado.es\/wp-content\/uploads\/2025\/03\/esmeralda.jpg","contentUrl":"https:\/\/cuadra-agrado.es\/wp-content\/uploads\/2025\/03\/esmeralda.jpg","width":557,"height":418},{"@type":"BreadcrumbList","@id":"https:\/\/cuadra-agrado.es\/?p=15788#breadcrumb","itemListElement":[{"@type":"ListItem","position":1,"name":"Portada","item":"https:\/\/cuadra-agrado.es\/"},{"@type":"ListItem","position":2,"name":"S\u00e1bado de fiesta, domingo de carreras &#8230;&#8230;"}]},{"@type":"WebSite","@id":"https:\/\/cuadra-agrado.es\/#website","url":"https:\/\/cuadra-agrado.es\/","name":"Cuadra Agrado","description":"En el mundo del Turf desde 2008","potentialAction":[{"@type":"SearchAction","target":{"@type":"EntryPoint","urlTemplate":"https:\/\/cuadra-agrado.es\/?s={search_term_string}"},"query-input":{"@type":"PropertyValueSpecification","valueRequired":true,"valueName":"search_term_string"}}],"inLanguage":"es"},{"@type":"Person","@id":"https:\/\/cuadra-agrado.es\/#\/schema\/person\/3aa4f8d2373cf756d93a5526bc72f31b","name":"Miguel Redondo","image":{"@type":"ImageObject","inLanguage":"es","@id":"https:\/\/secure.gravatar.com\/avatar\/85704fceb4fa34017e3c1344d182da00dbf772fb8856ba2b7726a2df926415b4?s=96&d=mm&r=g","url":"https:\/\/secure.gravatar.com\/avatar\/85704fceb4fa34017e3c1344d182da00dbf772fb8856ba2b7726a2df926415b4?s=96&d=mm&r=g","contentUrl":"https:\/\/secure.gravatar.com\/avatar\/85704fceb4fa34017e3c1344d182da00dbf772fb8856ba2b7726a2df926415b4?s=96&d=mm&r=g","caption":"Miguel Redondo"},"sameAs":["https:\/\/cuadra-agrado.es"],"url":"https:\/\/cuadra-agrado.es\/?author=5"}]}},"_links":{"self":[{"href":"https:\/\/cuadra-agrado.es\/index.php?rest_route=\/wp\/v2\/posts\/15788","targetHints":{"allow":["GET"]}}],"collection":[{"href":"https:\/\/cuadra-agrado.es\/index.php?rest_route=\/wp\/v2\/posts"}],"about":[{"href":"https:\/\/cuadra-agrado.es\/index.php?rest_route=\/wp\/v2\/types\/post"}],"author":[{"embeddable":true,"href":"https:\/\/cuadra-agrado.es\/index.php?rest_route=\/wp\/v2\/users\/5"}],"replies":[{"embeddable":true,"href":"https:\/\/cuadra-agrado.es\/index.php?rest_route=%2Fwp%2Fv2%2Fcomments&post=15788"}],"version-history":[{"count":20,"href":"https:\/\/cuadra-agrado.es\/index.php?rest_route=\/wp\/v2\/posts\/15788\/revisions"}],"predecessor-version":[{"id":15809,"href":"https:\/\/cuadra-agrado.es\/index.php?rest_route=\/wp\/v2\/posts\/15788\/revisions\/15809"}],"wp:featuredmedia":[{"embeddable":true,"href":"https:\/\/cuadra-agrado.es\/index.php?rest_route=\/wp\/v2\/media\/15789"}],"wp:attachment":[{"href":"https:\/\/cuadra-agrado.es\/index.php?rest_route=%2Fwp%2Fv2%2Fmedia&parent=15788"}],"wp:term":[{"taxonomy":"category","embeddable":true,"href":"https:\/\/cuadra-agrado.es\/index.php?rest_route=%2Fwp%2Fv2%2Fcategories&post=15788"},{"taxonomy":"post_tag","embeddable":true,"href":"https:\/\/cuadra-agrado.es\/index.php?rest_route=%2Fwp%2Fv2%2Ftags&post=15788"}],"curies":[{"name":"wp","href":"https:\/\/api.w.org\/{rel}","templated":true}]}}