{"id":15749,"date":"2025-03-23T11:27:16","date_gmt":"2025-03-23T11:27:16","guid":{"rendered":"https:\/\/cuadra-agrado.es\/?p=15749"},"modified":"2025-03-24T08:51:21","modified_gmt":"2025-03-24T08:51:21","slug":"una-jornada-pasada-por-agua-y-vehemencia","status":"publish","type":"post","link":"https:\/\/cuadra-agrado.es\/?p=15749","title":{"rendered":"Una jornada pasada por agua y vehemencia"},"content":{"rendered":"<p style=\"text-align: justify;\">Extra\u00f1o el domingo en el que despertamos hoy sin un solo relato o menci\u00f3n a estas horas de la ma\u00f1ana sobre las carreras que deber\u00edan haberse celebrado hoy en Hip\u00f3dromo de Madrid. Nos quedaremos hoy sin saber qui\u00e9n gan\u00f3 el Habitancum, qu\u00e9 potranca cl\u00e1sica comenzar\u00e1 a despuntar de cara al Oaks 2025 en el premio Robertiya, y sin la lectura esta semana de esos ilustres cronistas sobre todo lo acontecido. Parece cuanto menos gracioso que de las tres jornadas disputadas en esta, pasada por agua temporada de primavera, fuera esta cuarta de hoy la que fuera suspendida por \u201ccausas climatol\u00f3gicas\u201d, cuando ha sido el \u00fanico domingo sin lluvias en la matinal, y el \u00fanico donde hemos podido ver brillar el sol despu\u00e9s de largo letargo. Mientras en recintos aleda\u00f1os al nuestro hoy los adeptos al golf pueden disfrutar de su afici\u00f3n en Casa de campo o Puerta de Hierro, los \u00ablocos\u00bb del turf tenemos que buscar alg\u00fan otro menester para rellenar un domingo sin carreras.<\/p>\n<p style=\"text-align: justify;\">A toro pasado siempre es mucho m\u00e1s f\u00e1cil tomar decisiones complejas, y por eso, no voy a ser yo quien se aproveche de una situaci\u00f3n, que hoy, es evidente resulta del todo desafortunada. Fuera o no una decisi\u00f3n acertada el pasado viernes, creo que lo menos preocupante no es la decisi\u00f3n que finalmente se toma. Lo verdaderamente alarmante es qui\u00e9n la toma y los procedimientos que se siguieron para cancelar una jornada sin causas de fuerza mayor como as\u00ed marcan muchos de los contratos de los que dependen nuestras carreras; LAE, Movistar, SIS&#8230;.<\/p>\n<p style=\"text-align: justify;\">\u00bf\u00bfQui\u00e9n fue el culpable de esta decisi\u00f3n???\u00a0 \u00bfQui\u00e9n o quienes fueron los responsables de la misma??<br \/>\nA la primera pregunta creo que es f\u00e1cil contestar. No hay ning\u00fan culpable m\u00e1s que una previsi\u00f3n meteorol\u00f3gica demasiado pesimista que finalmente no se cumpli\u00f3 y un manejo de la situaci\u00f3n precipitada.<br \/>\nA la segunda pregunta, creo que tambi\u00e9n es evidente que los \u00fanicos responsables de tomar dicha decisi\u00f3n recae en los dos presidentes que firman la sentencia, y que no son otros que Presidente de Hip\u00f3dromo de la Zarzuela y Presidente de JCE. Y yo me hago una tercera pregunta sobre la marcha&#8230;. \u00bf\u00bf\u00bfRealmente ambos responsables tienen la suficiente competencia para tomar esta decisi\u00f3n??? Y no hablo de si tienen potestad, porque es evidente que la tienen, sino de si tienen la competencia y la capacidad para tomar una decisi\u00f3n de tan magna envergadura en primera persona sin necesidad de convocar un gabinete de crisis, o una simple reuni\u00f3n con los dem\u00e1s estamentos, presidentes de asociaciones, o partners que sostienen con alfileres nuestro turf. Una decisi\u00f3n osada y envalentonada que modifica de manera considerable un ya complejo calendario. Que deja al aficionado sin posibilidad de ver una jornada in situ, o en el sof\u00e1 de su casa. Que deja en el box a caballos que est\u00e1n preparados para entrar en cajones ese mismo d\u00eda y muy posiblemente no otro. Que muestra la debilidad de nuestro turf de puertas afuera, y que deja a profesionales y propietarios de nuevo con el mustio sentimiento de que su figura en este circo carece de valor alguno. Con solo un poco de sentido com\u00fan, quiz\u00e1s la decisi\u00f3n m\u00e1s responsable y menos da\u00f1ina hubiera sido haber tomado \u00abla decisi\u00f3n\u00bb con fecha mucho m\u00e1s cercana a la de la jornada de hoy. No tengo duda alguna que de haberse postpuesto esa decisi\u00f3n al mediod\u00eda del s\u00e1bado, el dictamen hubiera sido otro muy distinto con medio toro ya pasado por la puerta de chiqueros. Pero claro, para eso hay que partir con menos vehemencia, con algo m\u00e1s de responsabilidad, y con mucho m\u00e1s sentimiento y respeto hacia el turf.<\/p>\n<p style=\"text-align: justify;\">Pero a la tercera pregunta tambi\u00e9n creo tener respuesta, y no es otra que la afirmativa. Por supuesto que tambi\u00e9n, ambos estamentos tienen competencia. El Presidente actual del Hip\u00f3dromo de Madrid tom\u00f3 la siempre dif\u00edcil resoluci\u00f3n al inicio de su mandato de envolverse en un halo de presidencia ejecutiva, jam\u00e1s antes tomada en nuestro hip\u00f3dromo, prescindiendo en su primera semana de un Director T\u00e9cnico con la experiencia suficiente como para tomar este tipo de decisiones. Hasta ayer, todos tuvimos suerte de que el motor de la competici\u00f3n funcionara sin problemas aparentes, pero algo pas\u00f3 en los entrenamientos libres de la semana y el motor comenz\u00f3 a tener problemas. Sin direcci\u00f3n t\u00e9cnica, los mec\u00e1nicos son simples ingenieros a sueldo sin competencia de toma de decisiones, y el domingo de carrera est\u00e1 ya perdido.<\/p>\n<p style=\"text-align: justify;\">Hoy no ha habido carreras sencillamente porque la parte ejecutiva tom\u00f3 una decisi\u00f3n vehemente, unipersonal y precipitada basada \u00fanicamente en \u201cindicaciones de la Comunidad de Madrid por cuestiones climatol\u00f3gicas\u201d. Jocoso tambi\u00e9n que nuestro presidente, que abandera la m\u00e1s fiel estirpe socialista siga a \u201cpies juntillas\u201d una recomendaci\u00f3n por parte de la \u201ctarada\u201d del bando contrario, tal y como est\u00e1 nuestra pol\u00edtica nacional hoy en d\u00eda. Sinceramente, cu\u00e9ntenme mejor otra de vaqueros porque esta no me la creo.<\/p>\n<p style=\"text-align: justify;\">Dejando a un lado el sarcasmo pol\u00edtico, mi sentido com\u00fan me hace pensar que, con la decisi\u00f3n ya tomada por parte de nuestro presidente a primera hora del viernes, este se limit\u00f3 \u00fanicamente a poner en conocimiento su inalterable decisi\u00f3n al Presidente de JCE como socio fiable que, sin poner reparo alguno para no entrar en disputa est\u00e9ril, plasm\u00f3 tambi\u00e9n su firma en una sentencia que sin duda crea un peligroso precedente. Los verdaderos motivos que llevaron a ambos a firmar el comunicado oficial, imagino que solo el tiempo los esclarecer\u00e1, y no me refiero precisamente al que hace esta ma\u00f1ana en Madrid, si no al tiempo que transcurrir\u00e1 hasta que el verdadero motivo clarifique una injusta sentencia para aficionados, propietarios y profesionales.<\/p>\n<p style=\"text-align: justify;\">Dicho lo cual, lo m\u00e1s importante y como mal menor, la jornada no ha sido cancelada, y solo ha quedado aplazada al pr\u00f3ximo s\u00e1bado, por lo que podremos disfrutar de una doble jornada el pr\u00f3ximo fin de semana. Particularmente, aunque me considero un buen aficionado al mundo de las carreras, dos jornadas seguidas se me hace un poco de bola, por lo que disfrutar\u00e9 del bonito d\u00eda del s\u00e1bado en la yeguada y, por supuesto, me acercar\u00e9 el domingo a presenciar otro bonito d\u00eda de jornada matinal al sol de la primavera.<br \/>\nBuena semana a todos!! Por fin, se acabaron las lluvias, pero desgraciadamente, mantenemos el mismo esp\u00edritu.<\/p>\n<!-- AddThis Advanced Settings generic via filter on the_content --><!-- AddThis Share Buttons generic via filter on the_content -->","protected":false},"excerpt":{"rendered":"<p>Extra\u00f1o el domingo en el que despertamos hoy sin un solo relato o menci\u00f3n a estas horas de la ma\u00f1ana sobre las carreras que deber\u00edan haberse celebrado hoy en Hip\u00f3dromo de Madrid. Nos quedaremos hoy sin saber qui\u00e9n gan\u00f3 el Habitancum, qu\u00e9 potranca cl\u00e1sica comenzar\u00e1 a despuntar de cara al Oaks 2025 en el premio [&hellip;]<!-- AddThis Advanced Settings generic via filter on get_the_excerpt --><!-- AddThis Share Buttons generic via filter on get_the_excerpt --><\/p>\n","protected":false},"author":5,"featured_media":15750,"comment_status":"closed","ping_status":"open","sticky":false,"template":"","format":"standard","meta":{"_acf_changed":false,"_et_pb_use_builder":"","_et_pb_old_content":"","_et_gb_content_width":"","footnotes":""},"categories":[3],"tags":[],"class_list":["post-15749","post","type-post","status-publish","format-standard","has-post-thumbnail","hentry","category-noticias-cuadra-agrado"],"acf":[],"yoast_head":"<!-- This site is optimized with the Yoast SEO plugin v27.4 - https:\/\/yoast.com\/product\/yoast-seo-wordpress\/ -->\n<title>Una jornada pasada por agua y vehemencia - Cuadra Agrado<\/title>\n<meta name=\"robots\" content=\"index, follow, max-snippet:-1, max-image-preview:large, max-video-preview:-1\" \/>\n<link rel=\"canonical\" href=\"https:\/\/cuadra-agrado.es\/?p=15749\" \/>\n<meta property=\"og:locale\" content=\"es_ES\" \/>\n<meta property=\"og:type\" content=\"article\" \/>\n<meta property=\"og:title\" content=\"Una jornada pasada por agua y vehemencia - Cuadra Agrado\" \/>\n<meta property=\"og:description\" content=\"Extra\u00f1o el domingo en el que despertamos hoy sin un solo relato o menci\u00f3n a estas horas de la ma\u00f1ana sobre las carreras que deber\u00edan haberse celebrado hoy en Hip\u00f3dromo de Madrid. Nos quedaremos hoy sin saber qui\u00e9n gan\u00f3 el Habitancum, qu\u00e9 potranca cl\u00e1sica comenzar\u00e1 a despuntar de cara al Oaks 2025 en el premio [&hellip;]\" \/>\n<meta property=\"og:url\" content=\"https:\/\/cuadra-agrado.es\/?p=15749\" \/>\n<meta property=\"og:site_name\" content=\"Cuadra Agrado\" \/>\n<meta property=\"article:published_time\" content=\"2025-03-23T11:27:16+00:00\" \/>\n<meta property=\"article:modified_time\" content=\"2025-03-24T08:51:21+00:00\" \/>\n<meta property=\"og:image\" content=\"https:\/\/cuadra-agrado.es\/wp-content\/uploads\/2025\/03\/bf7e4a1d-4c0c-4709-bf09-92b0289b082a_alta-libre-aspect-ratio_default_0.jpg\" \/>\n\t<meta property=\"og:image:width\" content=\"1200\" \/>\n\t<meta property=\"og:image:height\" content=\"675\" \/>\n\t<meta property=\"og:image:type\" content=\"image\/jpeg\" \/>\n<meta name=\"author\" content=\"Miguel Redondo\" \/>\n<meta name=\"twitter:card\" content=\"summary_large_image\" \/>\n<meta name=\"twitter:creator\" content=\"@AGRADOracing\" \/>\n<meta name=\"twitter:site\" content=\"@AGRADOracing\" \/>\n<meta name=\"twitter:label1\" content=\"Escrito por\" \/>\n\t<meta name=\"twitter:data1\" content=\"Miguel Redondo\" \/>\n\t<meta name=\"twitter:label2\" content=\"Tiempo de lectura\" \/>\n\t<meta name=\"twitter:data2\" content=\"6 minutos\" \/>\n<script type=\"application\/ld+json\" class=\"yoast-schema-graph\">{\"@context\":\"https:\\\/\\\/schema.org\",\"@graph\":[{\"@type\":\"Article\",\"@id\":\"https:\\\/\\\/cuadra-agrado.es\\\/?p=15749#article\",\"isPartOf\":{\"@id\":\"https:\\\/\\\/cuadra-agrado.es\\\/?p=15749\"},\"author\":{\"name\":\"Miguel Redondo\",\"@id\":\"https:\\\/\\\/cuadra-agrado.es\\\/#\\\/schema\\\/person\\\/3aa4f8d2373cf756d93a5526bc72f31b\"},\"headline\":\"Una jornada pasada por agua y vehemencia\",\"datePublished\":\"2025-03-23T11:27:16+00:00\",\"dateModified\":\"2025-03-24T08:51:21+00:00\",\"mainEntityOfPage\":{\"@id\":\"https:\\\/\\\/cuadra-agrado.es\\\/?p=15749\"},\"wordCount\":1137,\"image\":{\"@id\":\"https:\\\/\\\/cuadra-agrado.es\\\/?p=15749#primaryimage\"},\"thumbnailUrl\":\"https:\\\/\\\/cuadra-agrado.es\\\/wp-content\\\/uploads\\\/2025\\\/03\\\/bf7e4a1d-4c0c-4709-bf09-92b0289b082a_alta-libre-aspect-ratio_default_0.jpg\",\"articleSection\":[\"Actualidad\"],\"inLanguage\":\"es\"},{\"@type\":\"WebPage\",\"@id\":\"https:\\\/\\\/cuadra-agrado.es\\\/?p=15749\",\"url\":\"https:\\\/\\\/cuadra-agrado.es\\\/?p=15749\",\"name\":\"Una jornada pasada por agua y vehemencia - Cuadra Agrado\",\"isPartOf\":{\"@id\":\"https:\\\/\\\/cuadra-agrado.es\\\/#website\"},\"primaryImageOfPage\":{\"@id\":\"https:\\\/\\\/cuadra-agrado.es\\\/?p=15749#primaryimage\"},\"image\":{\"@id\":\"https:\\\/\\\/cuadra-agrado.es\\\/?p=15749#primaryimage\"},\"thumbnailUrl\":\"https:\\\/\\\/cuadra-agrado.es\\\/wp-content\\\/uploads\\\/2025\\\/03\\\/bf7e4a1d-4c0c-4709-bf09-92b0289b082a_alta-libre-aspect-ratio_default_0.jpg\",\"datePublished\":\"2025-03-23T11:27:16+00:00\",\"dateModified\":\"2025-03-24T08:51:21+00:00\",\"author\":{\"@id\":\"https:\\\/\\\/cuadra-agrado.es\\\/#\\\/schema\\\/person\\\/3aa4f8d2373cf756d93a5526bc72f31b\"},\"breadcrumb\":{\"@id\":\"https:\\\/\\\/cuadra-agrado.es\\\/?p=15749#breadcrumb\"},\"inLanguage\":\"es\",\"potentialAction\":[{\"@type\":\"ReadAction\",\"target\":[\"https:\\\/\\\/cuadra-agrado.es\\\/?p=15749\"]}]},{\"@type\":\"ImageObject\",\"inLanguage\":\"es\",\"@id\":\"https:\\\/\\\/cuadra-agrado.es\\\/?p=15749#primaryimage\",\"url\":\"https:\\\/\\\/cuadra-agrado.es\\\/wp-content\\\/uploads\\\/2025\\\/03\\\/bf7e4a1d-4c0c-4709-bf09-92b0289b082a_alta-libre-aspect-ratio_default_0.jpg\",\"contentUrl\":\"https:\\\/\\\/cuadra-agrado.es\\\/wp-content\\\/uploads\\\/2025\\\/03\\\/bf7e4a1d-4c0c-4709-bf09-92b0289b082a_alta-libre-aspect-ratio_default_0.jpg\",\"width\":1200,\"height\":675},{\"@type\":\"BreadcrumbList\",\"@id\":\"https:\\\/\\\/cuadra-agrado.es\\\/?p=15749#breadcrumb\",\"itemListElement\":[{\"@type\":\"ListItem\",\"position\":1,\"name\":\"Portada\",\"item\":\"https:\\\/\\\/cuadra-agrado.es\\\/\"},{\"@type\":\"ListItem\",\"position\":2,\"name\":\"Una jornada pasada por agua y vehemencia\"}]},{\"@type\":\"WebSite\",\"@id\":\"https:\\\/\\\/cuadra-agrado.es\\\/#website\",\"url\":\"https:\\\/\\\/cuadra-agrado.es\\\/\",\"name\":\"Cuadra Agrado\",\"description\":\"En el mundo del Turf desde 2008\",\"potentialAction\":[{\"@type\":\"SearchAction\",\"target\":{\"@type\":\"EntryPoint\",\"urlTemplate\":\"https:\\\/\\\/cuadra-agrado.es\\\/?s={search_term_string}\"},\"query-input\":{\"@type\":\"PropertyValueSpecification\",\"valueRequired\":true,\"valueName\":\"search_term_string\"}}],\"inLanguage\":\"es\"},{\"@type\":\"Person\",\"@id\":\"https:\\\/\\\/cuadra-agrado.es\\\/#\\\/schema\\\/person\\\/3aa4f8d2373cf756d93a5526bc72f31b\",\"name\":\"Miguel Redondo\",\"image\":{\"@type\":\"ImageObject\",\"inLanguage\":\"es\",\"@id\":\"https:\\\/\\\/secure.gravatar.com\\\/avatar\\\/85704fceb4fa34017e3c1344d182da00dbf772fb8856ba2b7726a2df926415b4?s=96&d=mm&r=g\",\"url\":\"https:\\\/\\\/secure.gravatar.com\\\/avatar\\\/85704fceb4fa34017e3c1344d182da00dbf772fb8856ba2b7726a2df926415b4?s=96&d=mm&r=g\",\"contentUrl\":\"https:\\\/\\\/secure.gravatar.com\\\/avatar\\\/85704fceb4fa34017e3c1344d182da00dbf772fb8856ba2b7726a2df926415b4?s=96&d=mm&r=g\",\"caption\":\"Miguel Redondo\"},\"sameAs\":[\"https:\\\/\\\/cuadra-agrado.es\"],\"url\":\"https:\\\/\\\/cuadra-agrado.es\\\/?author=5\"}]}<\/script>\n<!-- \/ Yoast SEO plugin. -->","yoast_head_json":{"title":"Una jornada pasada por agua y vehemencia - Cuadra Agrado","robots":{"index":"index","follow":"follow","max-snippet":"max-snippet:-1","max-image-preview":"max-image-preview:large","max-video-preview":"max-video-preview:-1"},"canonical":"https:\/\/cuadra-agrado.es\/?p=15749","og_locale":"es_ES","og_type":"article","og_title":"Una jornada pasada por agua y vehemencia - Cuadra Agrado","og_description":"Extra\u00f1o el domingo en el que despertamos hoy sin un solo relato o menci\u00f3n a estas horas de la ma\u00f1ana sobre las carreras que deber\u00edan haberse celebrado hoy en Hip\u00f3dromo de Madrid. Nos quedaremos hoy sin saber qui\u00e9n gan\u00f3 el Habitancum, qu\u00e9 potranca cl\u00e1sica comenzar\u00e1 a despuntar de cara al Oaks 2025 en el premio [&hellip;]","og_url":"https:\/\/cuadra-agrado.es\/?p=15749","og_site_name":"Cuadra Agrado","article_published_time":"2025-03-23T11:27:16+00:00","article_modified_time":"2025-03-24T08:51:21+00:00","og_image":[{"width":1200,"height":675,"url":"https:\/\/cuadra-agrado.es\/wp-content\/uploads\/2025\/03\/bf7e4a1d-4c0c-4709-bf09-92b0289b082a_alta-libre-aspect-ratio_default_0.jpg","type":"image\/jpeg"}],"author":"Miguel Redondo","twitter_card":"summary_large_image","twitter_creator":"@AGRADOracing","twitter_site":"@AGRADOracing","twitter_misc":{"Escrito por":"Miguel Redondo","Tiempo de lectura":"6 minutos"},"schema":{"@context":"https:\/\/schema.org","@graph":[{"@type":"Article","@id":"https:\/\/cuadra-agrado.es\/?p=15749#article","isPartOf":{"@id":"https:\/\/cuadra-agrado.es\/?p=15749"},"author":{"name":"Miguel Redondo","@id":"https:\/\/cuadra-agrado.es\/#\/schema\/person\/3aa4f8d2373cf756d93a5526bc72f31b"},"headline":"Una jornada pasada por agua y vehemencia","datePublished":"2025-03-23T11:27:16+00:00","dateModified":"2025-03-24T08:51:21+00:00","mainEntityOfPage":{"@id":"https:\/\/cuadra-agrado.es\/?p=15749"},"wordCount":1137,"image":{"@id":"https:\/\/cuadra-agrado.es\/?p=15749#primaryimage"},"thumbnailUrl":"https:\/\/cuadra-agrado.es\/wp-content\/uploads\/2025\/03\/bf7e4a1d-4c0c-4709-bf09-92b0289b082a_alta-libre-aspect-ratio_default_0.jpg","articleSection":["Actualidad"],"inLanguage":"es"},{"@type":"WebPage","@id":"https:\/\/cuadra-agrado.es\/?p=15749","url":"https:\/\/cuadra-agrado.es\/?p=15749","name":"Una jornada pasada por agua y vehemencia - Cuadra Agrado","isPartOf":{"@id":"https:\/\/cuadra-agrado.es\/#website"},"primaryImageOfPage":{"@id":"https:\/\/cuadra-agrado.es\/?p=15749#primaryimage"},"image":{"@id":"https:\/\/cuadra-agrado.es\/?p=15749#primaryimage"},"thumbnailUrl":"https:\/\/cuadra-agrado.es\/wp-content\/uploads\/2025\/03\/bf7e4a1d-4c0c-4709-bf09-92b0289b082a_alta-libre-aspect-ratio_default_0.jpg","datePublished":"2025-03-23T11:27:16+00:00","dateModified":"2025-03-24T08:51:21+00:00","author":{"@id":"https:\/\/cuadra-agrado.es\/#\/schema\/person\/3aa4f8d2373cf756d93a5526bc72f31b"},"breadcrumb":{"@id":"https:\/\/cuadra-agrado.es\/?p=15749#breadcrumb"},"inLanguage":"es","potentialAction":[{"@type":"ReadAction","target":["https:\/\/cuadra-agrado.es\/?p=15749"]}]},{"@type":"ImageObject","inLanguage":"es","@id":"https:\/\/cuadra-agrado.es\/?p=15749#primaryimage","url":"https:\/\/cuadra-agrado.es\/wp-content\/uploads\/2025\/03\/bf7e4a1d-4c0c-4709-bf09-92b0289b082a_alta-libre-aspect-ratio_default_0.jpg","contentUrl":"https:\/\/cuadra-agrado.es\/wp-content\/uploads\/2025\/03\/bf7e4a1d-4c0c-4709-bf09-92b0289b082a_alta-libre-aspect-ratio_default_0.jpg","width":1200,"height":675},{"@type":"BreadcrumbList","@id":"https:\/\/cuadra-agrado.es\/?p=15749#breadcrumb","itemListElement":[{"@type":"ListItem","position":1,"name":"Portada","item":"https:\/\/cuadra-agrado.es\/"},{"@type":"ListItem","position":2,"name":"Una jornada pasada por agua y vehemencia"}]},{"@type":"WebSite","@id":"https:\/\/cuadra-agrado.es\/#website","url":"https:\/\/cuadra-agrado.es\/","name":"Cuadra Agrado","description":"En el mundo del Turf desde 2008","potentialAction":[{"@type":"SearchAction","target":{"@type":"EntryPoint","urlTemplate":"https:\/\/cuadra-agrado.es\/?s={search_term_string}"},"query-input":{"@type":"PropertyValueSpecification","valueRequired":true,"valueName":"search_term_string"}}],"inLanguage":"es"},{"@type":"Person","@id":"https:\/\/cuadra-agrado.es\/#\/schema\/person\/3aa4f8d2373cf756d93a5526bc72f31b","name":"Miguel Redondo","image":{"@type":"ImageObject","inLanguage":"es","@id":"https:\/\/secure.gravatar.com\/avatar\/85704fceb4fa34017e3c1344d182da00dbf772fb8856ba2b7726a2df926415b4?s=96&d=mm&r=g","url":"https:\/\/secure.gravatar.com\/avatar\/85704fceb4fa34017e3c1344d182da00dbf772fb8856ba2b7726a2df926415b4?s=96&d=mm&r=g","contentUrl":"https:\/\/secure.gravatar.com\/avatar\/85704fceb4fa34017e3c1344d182da00dbf772fb8856ba2b7726a2df926415b4?s=96&d=mm&r=g","caption":"Miguel Redondo"},"sameAs":["https:\/\/cuadra-agrado.es"],"url":"https:\/\/cuadra-agrado.es\/?author=5"}]}},"_links":{"self":[{"href":"https:\/\/cuadra-agrado.es\/index.php?rest_route=\/wp\/v2\/posts\/15749","targetHints":{"allow":["GET"]}}],"collection":[{"href":"https:\/\/cuadra-agrado.es\/index.php?rest_route=\/wp\/v2\/posts"}],"about":[{"href":"https:\/\/cuadra-agrado.es\/index.php?rest_route=\/wp\/v2\/types\/post"}],"author":[{"embeddable":true,"href":"https:\/\/cuadra-agrado.es\/index.php?rest_route=\/wp\/v2\/users\/5"}],"replies":[{"embeddable":true,"href":"https:\/\/cuadra-agrado.es\/index.php?rest_route=%2Fwp%2Fv2%2Fcomments&post=15749"}],"version-history":[{"count":37,"href":"https:\/\/cuadra-agrado.es\/index.php?rest_route=\/wp\/v2\/posts\/15749\/revisions"}],"predecessor-version":[{"id":15787,"href":"https:\/\/cuadra-agrado.es\/index.php?rest_route=\/wp\/v2\/posts\/15749\/revisions\/15787"}],"wp:featuredmedia":[{"embeddable":true,"href":"https:\/\/cuadra-agrado.es\/index.php?rest_route=\/wp\/v2\/media\/15750"}],"wp:attachment":[{"href":"https:\/\/cuadra-agrado.es\/index.php?rest_route=%2Fwp%2Fv2%2Fmedia&parent=15749"}],"wp:term":[{"taxonomy":"category","embeddable":true,"href":"https:\/\/cuadra-agrado.es\/index.php?rest_route=%2Fwp%2Fv2%2Fcategories&post=15749"},{"taxonomy":"post_tag","embeddable":true,"href":"https:\/\/cuadra-agrado.es\/index.php?rest_route=%2Fwp%2Fv2%2Ftags&post=15749"}],"curies":[{"name":"wp","href":"https:\/\/api.w.org\/{rel}","templated":true}]}}