{"id":15735,"date":"2025-03-17T09:47:50","date_gmt":"2025-03-17T09:47:50","guid":{"rendered":"https:\/\/cuadra-agrado.es\/?p=15735"},"modified":"2025-03-18T07:56:27","modified_gmt":"2025-03-18T07:56:27","slug":"buen-debut-de-kamara-y-simple-puesta-en-marcha-para-kowalsky","status":"publish","type":"post","link":"https:\/\/cuadra-agrado.es\/?p=15735","title":{"rendered":"Buen debut de Kamara y simple puesta en marcha para Kowalsky."},"content":{"rendered":"<p style=\"text-align: justify;\">Tercera jornada de primavera en Hip\u00f3dromo de Madrid, y todav\u00eda al ralent\u00ed en cuanto a afluencia de p\u00fablico se refiere, que no termina de engancharse a la cita dominical. Ambiente todav\u00eda demasiado fr\u00edo y poco agradable para esta tercera de temporada donde continuamos pintando de barro esos zapatos de domingo. Triste despedida en el paddock de Enrique Martin en un minuto de silencio poco elaborado desde la Direcci\u00f3n de HZ en el que los all\u00ed presentes nunca supimos cuando alzar la mirada al cielo y enviar nuestro \u00faltimo recuerdo. Descasa en paz Enrique.<\/p>\n<p>Pista extrema en 4.7 puntos que volvi\u00f3 a hacer estragos en muchos de los participantes, y que ayud\u00f3 a otros a poder figurar en la llegada que, de otra forma, a buen seguro hubiera cambiado significativamente posiciones en el poste de meta. Una de cal y otra de arena en el mismo sentido para los nuestros que se vieron perjudicados y beneficiados en funci\u00f3n de esa misma obligada condici\u00f3n .<br \/>\nEl debut de \u201c<strong>Kamara<\/strong>\u201d, en esta su edad cl\u00e1sica, lo tom\u00e1bamos con mucha ilusi\u00f3n despu\u00e9s de mucho tiempo a la espera, pero tambi\u00e9n con la tranquilidad de ese primer comod\u00edn del debut, y as\u00ed lo dejaron claro las instrucciones en el paddock. Salir sin riesgo, ir tranquila en posiciones de retaguardia, terminar con un buen trabajo, y traerla sana a casa no alentaban demasiadas esperanzas de lucha cinco minutos antes de la carrera. Pero la pista pesada al gusto de la gen\u00e9tica de esa familia hizo ir cambiando sobre la marcha al bueno de Alejandro Guti\u00e9rrez la gesti\u00f3n de la carrera. Cumpli\u00f3 las \u00f3rdenes en la primera parte de la carrera en retaguardia, pero al iniciar la curva, vio que la adaptaci\u00f3n de la yegua a la pista era suficientemente buena como para poder mejorar posiciones y encarar la recta con mejores pretensiones de las inicialmente definidas. Una curva trazada por calle tres sirvi\u00f3 a \u201c<strong>Kamara<\/strong>\u201d para situarse en quinta posici\u00f3n al enfilar la recta definitiva, y haciendo referencia a ese buen trabajo que le ped\u00eda el preparador en sus \u00f3rdenes iniciales, pudo incluso luchar con la puntera para levantarnos del asiento a falta solo de 200 metros. Al final, los metros, la falta de alg\u00fan trabajo adicional, y su inexperiencia, pasaron l\u00f3gica factura para conformarse con un meritorio bronce que llena de confianza su futuro en competici\u00f3n, tal y como lo hiciera su propia hermana.<br \/>\nUna pista que sin duda ayud\u00f3 a \u201c<strong>Kamara<\/strong>\u201d para comenzar a competir a buen nivel, pero que de la misma forma lastr\u00f3 a su compa\u00f1ero en la quinta de la jornada. \u201c<strong>Kowalsky<\/strong>\u201d reaparec\u00eda despu\u00e9s de casi cinco meses alejado de la competici\u00f3n sin una forma todav\u00eda suficiente ante un lote rodado de mucho valor. Desde el principio vimos a un \u201c<strong>Kowalsky<\/strong>\u201d bien situado durante la primera parte del recorrido, y mejor a\u00fan a falta de 400 metros donde inici\u00f3 su envite por detr\u00e1s del puntero \u201c<strong>Furioso<\/strong>\u201d que manten\u00eda sus opciones, pero su falta de ritmo en competici\u00f3n, unos kilos de m\u00e1s, y una pista con demasiada puntuaci\u00f3n fueron motivos suficientes para dejarse ir en ese \u00faltimo furlong y esperar al siguiente envite.<\/p>\n<p style=\"text-align: justify;\">No cambia el programa para \u00e9l, aun con este peque\u00f1o tropiezo excusado. Con esta ya en el cuerpo, que le sirve para ajustar la bascula y coger pulm\u00f3n, estaremos presentes en el primer Gran Premio de la temporada (GP Duque de Alburquerque) en apenas un mes, donde con una pista, esperamos mucho m\u00e1s suave, una forma ya mucho m\u00e1s cercana a los 10 puntos, y una distancia m\u00e1s a su condici\u00f3n, tenemos la fe intacta en poder volver a reencontrarnos con el \u201c<strong>Kowalsky<\/strong>\u201d del pasado a\u00f1o.<\/p>\n<p style=\"text-align: justify;\">En cuanto al programa de \u201c<strong>Kamara<\/strong>\u201d y, siguiendo consejos del siempre experimentado Alejandro Guti\u00e9rrez Val, bajaremos algo esa distancia millera que bien parece estar muy al l\u00edmite, para situarla poco a poco en esa misma horquilla de metraje entre 1.200-1.400 metros donde su hermana manten\u00eda su mejor condici\u00f3n. Dejando pasar la Poule donde estaba matriculada, su siguiente la establecemos en ese mismo d\u00eda de las Poules en una prueba de no ganadores sobre distancia de 1.400 metros en busca de esa salida de maiden.<br \/>\nPr\u00f3xima salida: \u201c<strong>Super Rafale<\/strong>\u201d, 30 de marzo, Premio Rafael Mart\u00ednez.<\/p>\n<!-- AddThis Advanced Settings generic via filter on the_content --><!-- AddThis Share Buttons generic via filter on the_content -->","protected":false},"excerpt":{"rendered":"<p>Tercera jornada de primavera en Hip\u00f3dromo de Madrid, y todav\u00eda al ralent\u00ed en cuanto a afluencia de p\u00fablico se refiere, que no termina de engancharse a la cita dominical. Ambiente todav\u00eda demasiado fr\u00edo y poco agradable para esta tercera de temporada donde continuamos pintando de barro esos zapatos de domingo. Triste despedida en el paddock [&hellip;]<!-- AddThis Advanced Settings generic via filter on get_the_excerpt --><!-- AddThis Share Buttons generic via filter on get_the_excerpt --><\/p>\n","protected":false},"author":5,"featured_media":15736,"comment_status":"closed","ping_status":"open","sticky":false,"template":"","format":"standard","meta":{"_acf_changed":false,"_et_pb_use_builder":"","_et_pb_old_content":"","_et_gb_content_width":"","footnotes":""},"categories":[3],"tags":[],"class_list":["post-15735","post","type-post","status-publish","format-standard","has-post-thumbnail","hentry","category-noticias-cuadra-agrado"],"acf":[],"yoast_head":"<!-- This site is optimized with the Yoast SEO plugin v27.4 - https:\/\/yoast.com\/product\/yoast-seo-wordpress\/ -->\n<title>Buen debut de Kamara y simple puesta en marcha para Kowalsky. - Cuadra Agrado<\/title>\n<meta name=\"robots\" content=\"index, follow, max-snippet:-1, max-image-preview:large, max-video-preview:-1\" \/>\n<link rel=\"canonical\" href=\"https:\/\/cuadra-agrado.es\/?p=15735\" \/>\n<meta property=\"og:locale\" content=\"es_ES\" \/>\n<meta property=\"og:type\" content=\"article\" \/>\n<meta property=\"og:title\" content=\"Buen debut de Kamara y simple puesta en marcha para Kowalsky. - Cuadra Agrado\" \/>\n<meta property=\"og:description\" content=\"Tercera jornada de primavera en Hip\u00f3dromo de Madrid, y todav\u00eda al ralent\u00ed en cuanto a afluencia de p\u00fablico se refiere, que no termina de engancharse a la cita dominical. Ambiente todav\u00eda demasiado fr\u00edo y poco agradable para esta tercera de temporada donde continuamos pintando de barro esos zapatos de domingo. Triste despedida en el paddock [&hellip;]\" \/>\n<meta property=\"og:url\" content=\"https:\/\/cuadra-agrado.es\/?p=15735\" \/>\n<meta property=\"og:site_name\" content=\"Cuadra Agrado\" \/>\n<meta property=\"article:published_time\" content=\"2025-03-17T09:47:50+00:00\" \/>\n<meta property=\"article:modified_time\" content=\"2025-03-18T07:56:27+00:00\" \/>\n<meta property=\"og:image\" content=\"https:\/\/cuadra-agrado.es\/wp-content\/uploads\/2025\/03\/kamara.jpg\" \/>\n\t<meta property=\"og:image:width\" content=\"1599\" \/>\n\t<meta property=\"og:image:height\" content=\"1066\" \/>\n\t<meta property=\"og:image:type\" content=\"image\/jpeg\" \/>\n<meta name=\"author\" content=\"Miguel Redondo\" \/>\n<meta name=\"twitter:card\" content=\"summary_large_image\" \/>\n<meta name=\"twitter:creator\" content=\"@AGRADOracing\" \/>\n<meta name=\"twitter:site\" content=\"@AGRADOracing\" \/>\n<meta name=\"twitter:label1\" content=\"Escrito por\" \/>\n\t<meta name=\"twitter:data1\" content=\"Miguel Redondo\" \/>\n\t<meta name=\"twitter:label2\" content=\"Tiempo de lectura\" \/>\n\t<meta name=\"twitter:data2\" content=\"4 minutos\" \/>\n<script type=\"application\/ld+json\" class=\"yoast-schema-graph\">{\"@context\":\"https:\\\/\\\/schema.org\",\"@graph\":[{\"@type\":\"Article\",\"@id\":\"https:\\\/\\\/cuadra-agrado.es\\\/?p=15735#article\",\"isPartOf\":{\"@id\":\"https:\\\/\\\/cuadra-agrado.es\\\/?p=15735\"},\"author\":{\"name\":\"Miguel Redondo\",\"@id\":\"https:\\\/\\\/cuadra-agrado.es\\\/#\\\/schema\\\/person\\\/3aa4f8d2373cf756d93a5526bc72f31b\"},\"headline\":\"Buen debut de Kamara y simple puesta en marcha para Kowalsky.\",\"datePublished\":\"2025-03-17T09:47:50+00:00\",\"dateModified\":\"2025-03-18T07:56:27+00:00\",\"mainEntityOfPage\":{\"@id\":\"https:\\\/\\\/cuadra-agrado.es\\\/?p=15735\"},\"wordCount\":753,\"image\":{\"@id\":\"https:\\\/\\\/cuadra-agrado.es\\\/?p=15735#primaryimage\"},\"thumbnailUrl\":\"https:\\\/\\\/cuadra-agrado.es\\\/wp-content\\\/uploads\\\/2025\\\/03\\\/kamara.jpg\",\"articleSection\":[\"Actualidad\"],\"inLanguage\":\"es\"},{\"@type\":\"WebPage\",\"@id\":\"https:\\\/\\\/cuadra-agrado.es\\\/?p=15735\",\"url\":\"https:\\\/\\\/cuadra-agrado.es\\\/?p=15735\",\"name\":\"Buen debut de Kamara y simple puesta en marcha para Kowalsky. - Cuadra Agrado\",\"isPartOf\":{\"@id\":\"https:\\\/\\\/cuadra-agrado.es\\\/#website\"},\"primaryImageOfPage\":{\"@id\":\"https:\\\/\\\/cuadra-agrado.es\\\/?p=15735#primaryimage\"},\"image\":{\"@id\":\"https:\\\/\\\/cuadra-agrado.es\\\/?p=15735#primaryimage\"},\"thumbnailUrl\":\"https:\\\/\\\/cuadra-agrado.es\\\/wp-content\\\/uploads\\\/2025\\\/03\\\/kamara.jpg\",\"datePublished\":\"2025-03-17T09:47:50+00:00\",\"dateModified\":\"2025-03-18T07:56:27+00:00\",\"author\":{\"@id\":\"https:\\\/\\\/cuadra-agrado.es\\\/#\\\/schema\\\/person\\\/3aa4f8d2373cf756d93a5526bc72f31b\"},\"breadcrumb\":{\"@id\":\"https:\\\/\\\/cuadra-agrado.es\\\/?p=15735#breadcrumb\"},\"inLanguage\":\"es\",\"potentialAction\":[{\"@type\":\"ReadAction\",\"target\":[\"https:\\\/\\\/cuadra-agrado.es\\\/?p=15735\"]}]},{\"@type\":\"ImageObject\",\"inLanguage\":\"es\",\"@id\":\"https:\\\/\\\/cuadra-agrado.es\\\/?p=15735#primaryimage\",\"url\":\"https:\\\/\\\/cuadra-agrado.es\\\/wp-content\\\/uploads\\\/2025\\\/03\\\/kamara.jpg\",\"contentUrl\":\"https:\\\/\\\/cuadra-agrado.es\\\/wp-content\\\/uploads\\\/2025\\\/03\\\/kamara.jpg\",\"width\":1599,\"height\":1066},{\"@type\":\"BreadcrumbList\",\"@id\":\"https:\\\/\\\/cuadra-agrado.es\\\/?p=15735#breadcrumb\",\"itemListElement\":[{\"@type\":\"ListItem\",\"position\":1,\"name\":\"Portada\",\"item\":\"https:\\\/\\\/cuadra-agrado.es\\\/\"},{\"@type\":\"ListItem\",\"position\":2,\"name\":\"Buen debut de Kamara y simple puesta en marcha para Kowalsky.\"}]},{\"@type\":\"WebSite\",\"@id\":\"https:\\\/\\\/cuadra-agrado.es\\\/#website\",\"url\":\"https:\\\/\\\/cuadra-agrado.es\\\/\",\"name\":\"Cuadra Agrado\",\"description\":\"En el mundo del Turf desde 2008\",\"potentialAction\":[{\"@type\":\"SearchAction\",\"target\":{\"@type\":\"EntryPoint\",\"urlTemplate\":\"https:\\\/\\\/cuadra-agrado.es\\\/?s={search_term_string}\"},\"query-input\":{\"@type\":\"PropertyValueSpecification\",\"valueRequired\":true,\"valueName\":\"search_term_string\"}}],\"inLanguage\":\"es\"},{\"@type\":\"Person\",\"@id\":\"https:\\\/\\\/cuadra-agrado.es\\\/#\\\/schema\\\/person\\\/3aa4f8d2373cf756d93a5526bc72f31b\",\"name\":\"Miguel Redondo\",\"image\":{\"@type\":\"ImageObject\",\"inLanguage\":\"es\",\"@id\":\"https:\\\/\\\/secure.gravatar.com\\\/avatar\\\/85704fceb4fa34017e3c1344d182da00dbf772fb8856ba2b7726a2df926415b4?s=96&d=mm&r=g\",\"url\":\"https:\\\/\\\/secure.gravatar.com\\\/avatar\\\/85704fceb4fa34017e3c1344d182da00dbf772fb8856ba2b7726a2df926415b4?s=96&d=mm&r=g\",\"contentUrl\":\"https:\\\/\\\/secure.gravatar.com\\\/avatar\\\/85704fceb4fa34017e3c1344d182da00dbf772fb8856ba2b7726a2df926415b4?s=96&d=mm&r=g\",\"caption\":\"Miguel Redondo\"},\"sameAs\":[\"https:\\\/\\\/cuadra-agrado.es\"],\"url\":\"https:\\\/\\\/cuadra-agrado.es\\\/?author=5\"}]}<\/script>\n<!-- \/ Yoast SEO plugin. -->","yoast_head_json":{"title":"Buen debut de Kamara y simple puesta en marcha para Kowalsky. - Cuadra Agrado","robots":{"index":"index","follow":"follow","max-snippet":"max-snippet:-1","max-image-preview":"max-image-preview:large","max-video-preview":"max-video-preview:-1"},"canonical":"https:\/\/cuadra-agrado.es\/?p=15735","og_locale":"es_ES","og_type":"article","og_title":"Buen debut de Kamara y simple puesta en marcha para Kowalsky. - Cuadra Agrado","og_description":"Tercera jornada de primavera en Hip\u00f3dromo de Madrid, y todav\u00eda al ralent\u00ed en cuanto a afluencia de p\u00fablico se refiere, que no termina de engancharse a la cita dominical. Ambiente todav\u00eda demasiado fr\u00edo y poco agradable para esta tercera de temporada donde continuamos pintando de barro esos zapatos de domingo. Triste despedida en el paddock [&hellip;]","og_url":"https:\/\/cuadra-agrado.es\/?p=15735","og_site_name":"Cuadra Agrado","article_published_time":"2025-03-17T09:47:50+00:00","article_modified_time":"2025-03-18T07:56:27+00:00","og_image":[{"width":1599,"height":1066,"url":"https:\/\/cuadra-agrado.es\/wp-content\/uploads\/2025\/03\/kamara.jpg","type":"image\/jpeg"}],"author":"Miguel Redondo","twitter_card":"summary_large_image","twitter_creator":"@AGRADOracing","twitter_site":"@AGRADOracing","twitter_misc":{"Escrito por":"Miguel Redondo","Tiempo de lectura":"4 minutos"},"schema":{"@context":"https:\/\/schema.org","@graph":[{"@type":"Article","@id":"https:\/\/cuadra-agrado.es\/?p=15735#article","isPartOf":{"@id":"https:\/\/cuadra-agrado.es\/?p=15735"},"author":{"name":"Miguel Redondo","@id":"https:\/\/cuadra-agrado.es\/#\/schema\/person\/3aa4f8d2373cf756d93a5526bc72f31b"},"headline":"Buen debut de Kamara y simple puesta en marcha para Kowalsky.","datePublished":"2025-03-17T09:47:50+00:00","dateModified":"2025-03-18T07:56:27+00:00","mainEntityOfPage":{"@id":"https:\/\/cuadra-agrado.es\/?p=15735"},"wordCount":753,"image":{"@id":"https:\/\/cuadra-agrado.es\/?p=15735#primaryimage"},"thumbnailUrl":"https:\/\/cuadra-agrado.es\/wp-content\/uploads\/2025\/03\/kamara.jpg","articleSection":["Actualidad"],"inLanguage":"es"},{"@type":"WebPage","@id":"https:\/\/cuadra-agrado.es\/?p=15735","url":"https:\/\/cuadra-agrado.es\/?p=15735","name":"Buen debut de Kamara y simple puesta en marcha para Kowalsky. - Cuadra Agrado","isPartOf":{"@id":"https:\/\/cuadra-agrado.es\/#website"},"primaryImageOfPage":{"@id":"https:\/\/cuadra-agrado.es\/?p=15735#primaryimage"},"image":{"@id":"https:\/\/cuadra-agrado.es\/?p=15735#primaryimage"},"thumbnailUrl":"https:\/\/cuadra-agrado.es\/wp-content\/uploads\/2025\/03\/kamara.jpg","datePublished":"2025-03-17T09:47:50+00:00","dateModified":"2025-03-18T07:56:27+00:00","author":{"@id":"https:\/\/cuadra-agrado.es\/#\/schema\/person\/3aa4f8d2373cf756d93a5526bc72f31b"},"breadcrumb":{"@id":"https:\/\/cuadra-agrado.es\/?p=15735#breadcrumb"},"inLanguage":"es","potentialAction":[{"@type":"ReadAction","target":["https:\/\/cuadra-agrado.es\/?p=15735"]}]},{"@type":"ImageObject","inLanguage":"es","@id":"https:\/\/cuadra-agrado.es\/?p=15735#primaryimage","url":"https:\/\/cuadra-agrado.es\/wp-content\/uploads\/2025\/03\/kamara.jpg","contentUrl":"https:\/\/cuadra-agrado.es\/wp-content\/uploads\/2025\/03\/kamara.jpg","width":1599,"height":1066},{"@type":"BreadcrumbList","@id":"https:\/\/cuadra-agrado.es\/?p=15735#breadcrumb","itemListElement":[{"@type":"ListItem","position":1,"name":"Portada","item":"https:\/\/cuadra-agrado.es\/"},{"@type":"ListItem","position":2,"name":"Buen debut de Kamara y simple puesta en marcha para Kowalsky."}]},{"@type":"WebSite","@id":"https:\/\/cuadra-agrado.es\/#website","url":"https:\/\/cuadra-agrado.es\/","name":"Cuadra Agrado","description":"En el mundo del Turf desde 2008","potentialAction":[{"@type":"SearchAction","target":{"@type":"EntryPoint","urlTemplate":"https:\/\/cuadra-agrado.es\/?s={search_term_string}"},"query-input":{"@type":"PropertyValueSpecification","valueRequired":true,"valueName":"search_term_string"}}],"inLanguage":"es"},{"@type":"Person","@id":"https:\/\/cuadra-agrado.es\/#\/schema\/person\/3aa4f8d2373cf756d93a5526bc72f31b","name":"Miguel Redondo","image":{"@type":"ImageObject","inLanguage":"es","@id":"https:\/\/secure.gravatar.com\/avatar\/85704fceb4fa34017e3c1344d182da00dbf772fb8856ba2b7726a2df926415b4?s=96&d=mm&r=g","url":"https:\/\/secure.gravatar.com\/avatar\/85704fceb4fa34017e3c1344d182da00dbf772fb8856ba2b7726a2df926415b4?s=96&d=mm&r=g","contentUrl":"https:\/\/secure.gravatar.com\/avatar\/85704fceb4fa34017e3c1344d182da00dbf772fb8856ba2b7726a2df926415b4?s=96&d=mm&r=g","caption":"Miguel Redondo"},"sameAs":["https:\/\/cuadra-agrado.es"],"url":"https:\/\/cuadra-agrado.es\/?author=5"}]}},"_links":{"self":[{"href":"https:\/\/cuadra-agrado.es\/index.php?rest_route=\/wp\/v2\/posts\/15735","targetHints":{"allow":["GET"]}}],"collection":[{"href":"https:\/\/cuadra-agrado.es\/index.php?rest_route=\/wp\/v2\/posts"}],"about":[{"href":"https:\/\/cuadra-agrado.es\/index.php?rest_route=\/wp\/v2\/types\/post"}],"author":[{"embeddable":true,"href":"https:\/\/cuadra-agrado.es\/index.php?rest_route=\/wp\/v2\/users\/5"}],"replies":[{"embeddable":true,"href":"https:\/\/cuadra-agrado.es\/index.php?rest_route=%2Fwp%2Fv2%2Fcomments&post=15735"}],"version-history":[{"count":7,"href":"https:\/\/cuadra-agrado.es\/index.php?rest_route=\/wp\/v2\/posts\/15735\/revisions"}],"predecessor-version":[{"id":15747,"href":"https:\/\/cuadra-agrado.es\/index.php?rest_route=\/wp\/v2\/posts\/15735\/revisions\/15747"}],"wp:featuredmedia":[{"embeddable":true,"href":"https:\/\/cuadra-agrado.es\/index.php?rest_route=\/wp\/v2\/media\/15736"}],"wp:attachment":[{"href":"https:\/\/cuadra-agrado.es\/index.php?rest_route=%2Fwp%2Fv2%2Fmedia&parent=15735"}],"wp:term":[{"taxonomy":"category","embeddable":true,"href":"https:\/\/cuadra-agrado.es\/index.php?rest_route=%2Fwp%2Fv2%2Fcategories&post=15735"},{"taxonomy":"post_tag","embeddable":true,"href":"https:\/\/cuadra-agrado.es\/index.php?rest_route=%2Fwp%2Fv2%2Ftags&post=15735"}],"curies":[{"name":"wp","href":"https:\/\/api.w.org\/{rel}","templated":true}]}}