{"id":15726,"date":"2025-03-11T08:36:05","date_gmt":"2025-03-11T08:36:05","guid":{"rendered":"https:\/\/cuadra-agrado.es\/?p=15726"},"modified":"2025-03-11T13:54:44","modified_gmt":"2025-03-11T13:54:44","slug":"el-esperado-debut-de-kamara-y-la-reaparicion-de-kowalsky","status":"publish","type":"post","link":"https:\/\/cuadra-agrado.es\/?p=15726","title":{"rendered":"El esperado debut de Kamara y la reaparici\u00f3n de Kowalsky"},"content":{"rendered":"<p style=\"text-align: justify;\">Estren\u00e1bamos la temporada de primavera con el farolillo rojo colgado de \u201c<strong>Alwin Bram\u201d<\/strong> en su retorno a Madrid, donde arrastr\u00f3 pies y manos por una pista, a pesar de su origen, muy inc\u00f3moda para \u00e9l, y donde su monta poco o nada pudo hacer por defender su opci\u00f3n. Poco m\u00e1s que declarar una carrera inexacta, y encontrar r\u00e1pidamente los motivos de tan mala actuaci\u00f3n para mantener esa confianza y valor que demostrar\u00e1 por tierras sevillanas hace poco m\u00e1s de un mes.<\/p>\n<p style=\"text-align: justify;\">Ya con ese mal debut en la temporada primaveral, nos centramos en las dos pr\u00f3ximas salidas de esta tercera jornada del pr\u00f3ximo domingo, que esperemos vayan enjuagando ese mal sabor de boca. Con los partants definitivos ya en la mano y, tras m\u00e1s de dos a\u00f1os de larga espera, podemos confirmar que, la bautizada en su d\u00eda como \u201c<strong>Kamara<\/strong>\u201d, debutar\u00e1 en su edad cl\u00e1sica en el premio \u00abVillablanca\u00bb, una prueba exclusiva para yeguas no ganadoras de tres a\u00f1os sobre distancia millera.<\/p>\n<p style=\"text-align: justify;\">\u201c<strong>Kamara<\/strong>\u201d apareci\u00f3 en nuestras vidas en la subasta irlandesa de Goffs reci\u00e9n iniciado el a\u00f1o 2023. Apenas era una peque\u00f1a foal con un feo y largo pelo de invierno irland\u00e9s, y con un f\u00edsico no demasiado atractivo y prometedor por aquel entonces. Pero su origen sobresal\u00eda para nosotros de forma muy especial. Padre por \u201c<strong>Free Eagle\u201d<\/strong> y madre por \u201c<strong>Capsaicin<\/strong>\u201d, era lo mismo que decir que est\u00e1bamos ante la propia hermana de la gran \u201c<strong>Kendaya<\/strong>\u201d que, por aquel entonces, iniciaba su \u00faltimo a\u00f1o en competici\u00f3n defendiendo nuestros colores. Aquellos d\u00edas previos a la subasta, solo tuvimos ojos para ella tratando de engullir su sombr\u00edo aspecto a base de pura ilusi\u00f3n. Pusimos toda la plata destinada a ese lote n\u00famero 207 que pas\u00f3 por el ring, y que finalmente pudimos rematar de nuestro lado.<\/p>\n<p style=\"text-align: justify;\">Desde entonces, una recr\u00eda en la yeguada de m\u00e1s de un a\u00f1o disfrutando de su crecimiento, un programa de pretraining, y una posterior puesta a disposici\u00f3n de nuestra preparaci\u00f3n a finales de marzo de 2024, confirmaba el inicio de ilusiones renovadas con esa misma sangre. Ya con un aspecto de yegua de carreras, se pas\u00f3 la temporada de primavera y verano a\u00fan en pleno crecimiento sin haber encontrado el punto \u00f3ptimo para su debut. Con todo previsto para debutar en la siguiente temporada oto\u00f1al, se nos ech\u00f3 el invierno encima a causa de un peque\u00f1o problema de salud que impidi\u00f3 ese ansiado debut y, tras otra obligada espera invernal, este pr\u00f3ximo domingo llega el d\u00eda de su tan ansiado bautismo en competici\u00f3n en esta prueba millera contra algunas muy rodadas compa\u00f1eras de batalla junto con otras tambi\u00e9n debutantes en un amplio partant de 13 corredoras. \u201c<strong>Kamara<\/strong>\u201d llega a este debut con una forma suficiente como para iniciar la competici\u00f3n y con los preceptivos buenos trabajos, pero siendo conscientes de que, aunque no es lo mismo debutar a dos a\u00f1os que en esta su edad cl\u00e1sica donde se espera mucho m\u00e1s de un debut, el primer objetivo pasa por iniciar su historial de la manera m\u00e1s confiable posible para comenzar a ver que su gen\u00e9tica sigue cargada de esa calidad que pudimos constatar con su buena hermana.<\/p>\n<p style=\"text-align: justify;\">En la quinta carrera que cerrar\u00e1 la jornada, tendremos otra de esas reapariciones ilustres como es la del gran \u201c<strong>Kowalsky<\/strong>\u201d, que volvemos a tener en un partant de valor ya en este inicio de temporada. Ser\u00e1 en la prueba se\u00f1alada del d\u00eda, \u201cPremio Asociaci\u00f3n de Hip\u00f3dromos\u201d, sobre la siempre dura distancia de los 1.800 metros madrile\u00f1os, y con un lote de casi una decena de buenos participantes. Una distancia que creemos \u00f3ptima para su primera del a\u00f1o, y que iremos incrementando durante la primavera para llegar a completar su principal objetivo.<br \/>\nTras un a\u00f1o 2024 en blanco en cuanto a victorias se refiere, llega a esta primera 2025 con su mejor valor 44 despu\u00e9s de sus irreprochables actuaciones oto\u00f1ales del pasado a\u00f1o donde, sin caerse del tr\u00edo en todas sus actuaciones, fue capaz de poner un broche final muy pr\u00f3ximo a la excelencia con un bronce en todo un Memorial, y una plata en el Rom\u00e1n Mart\u00edn.<\/p>\n<p style=\"text-align: justify;\">Llega a esta primera del a\u00f1o con el valor m\u00e1s alto del lote tras un merecido descanso invernal en nuestra yeguada y, aunque tomamos esta prueba como un calentamiento previo a lo que prevemos ser\u00e1 una bonita temporada con victorias que le debe el turf, no tenemos muchas m\u00e1s dudas, que las l\u00f3gicas de unos kilos de m\u00e1s con respecto a su mejor condici\u00f3n y un previsible terreno muy complicado. \u201c<strong>Kowalsky<\/strong>\u201d, aun en siete puntos de su mejor forma en esta reaparici\u00f3n, es uno de esos caballos confiables como para estar en lucha ya en esta primera comparecencia como as\u00ed lo demostrara en su edad cl\u00e1sica reapareciendo con victoria, y el pasado a\u00f1o con un tercero en el \u201cPremio Frine\u201d. Junto con el nuestro, tres rivales de envergadura en esta primera comparecencia tratar\u00e1n de copar los puestos a las medallas. Al brit\u00e1nico de la cuadra Mediterr\u00e1neo que reci\u00e9n aterriza en nuestra competici\u00f3n con muy buenos aires \u00ab<strong>Scholarship<\/strong>\u00ab, se unen todo un viejo especialista de valor en estos barrizales como es \u00ab<strong>Furioso<\/strong>\u00bb con victoria en su reaparici\u00f3n sevillana, y \u00ab<strong>King<\/strong> <strong>Lear<\/strong>\u00ab, que ya ha dado muestras de su alto valor en su primera en nuestro pa\u00eds tambi\u00e9n en Dos Hermanas. No ser\u00e1 nada f\u00e1cil contrarrestar el valor y forma de alguno de ellos, pero esperamos entrar con buen pie para poner rumbo desde esta primera salida, enlazar con el \u201cDuque de Alburquerque\u201d como siguiente objetivo, y encaminarnos al principal objetivo de la temporada en el GPM 2025.<\/p>\n<p style=\"text-align: justify;\">Montas ambas que confiamos al franc\u00e9s Alejandro Guti\u00e9rrez Val que vuelve a brindarnos el gusto de verle montar por Madrid, y que tratar\u00e1 de encontrar el mejor debut para \u201c<strong>Kamara<\/strong>\u201d, y defender el alto valor de \u201c<strong>Kowalsky<\/strong>\u201d sobre una pista a buen seguro embarrada, y que ser\u00e1 una verdadera inc\u00f3gnita para ambos y para el resto de participantes de la jornada. Desconocemos la adaptaci\u00f3n de \u201c<strong>Kamara<\/strong>\u201d como es l\u00f3gico en su debut, aunque bien es cierto que su propia hermana no ten\u00eda demasiados problemas para enfundarse las botas de agua y galopar sobre el barro. \u201d<strong>Kowalsky<\/strong>\u201d tampoco ha tenido en el pasado demasiados problemas de adaptaci\u00f3n sobre una pista blanda, pero s\u00ed los tuvo precisamente con esta misma monta en el Rom\u00e1n Martin 2023 que, sobre una pista muy pesada, sum\u00f3 su peor carrera en su historial. Sirva como excusa que en aquel momento ven\u00eda de un largo y duro a\u00f1o de Derby, Poule, Villamejor y Memorial con la bater\u00eda ya en m\u00ednimos. El domingo llegar\u00e1 con la bater\u00eda repleta de Kw, pero con parafina todav\u00eda en su f\u00edsico.<\/p>\n<p style=\"text-align: justify;\">Mucha suerte equipo!!!<\/p>\n<!-- AddThis Advanced Settings generic via filter on the_content --><!-- AddThis Share Buttons generic via filter on the_content -->","protected":false},"excerpt":{"rendered":"<p>Estren\u00e1bamos la temporada de primavera con el farolillo rojo colgado de \u201cAlwin Bram\u201d en su retorno a Madrid, donde arrastr\u00f3 pies y manos por una pista, a pesar de su origen, muy inc\u00f3moda para \u00e9l, y donde su monta poco o nada pudo hacer por defender su opci\u00f3n. Poco m\u00e1s que declarar una carrera inexacta, [&hellip;]<!-- AddThis Advanced Settings generic via filter on get_the_excerpt --><!-- AddThis Share Buttons generic via filter on get_the_excerpt --><\/p>\n","protected":false},"author":5,"featured_media":15728,"comment_status":"closed","ping_status":"open","sticky":false,"template":"","format":"standard","meta":{"_acf_changed":false,"_et_pb_use_builder":"","_et_pb_old_content":"","_et_gb_content_width":"","footnotes":""},"categories":[3],"tags":[],"class_list":["post-15726","post","type-post","status-publish","format-standard","has-post-thumbnail","hentry","category-noticias-cuadra-agrado"],"acf":[],"yoast_head":"<!-- This site is optimized with the Yoast SEO plugin v27.4 - https:\/\/yoast.com\/product\/yoast-seo-wordpress\/ -->\n<title>El esperado debut de Kamara y la reaparici\u00f3n de Kowalsky - Cuadra Agrado<\/title>\n<meta name=\"robots\" content=\"index, follow, max-snippet:-1, max-image-preview:large, max-video-preview:-1\" \/>\n<link rel=\"canonical\" href=\"https:\/\/cuadra-agrado.es\/?p=15726\" \/>\n<meta property=\"og:locale\" content=\"es_ES\" \/>\n<meta property=\"og:type\" content=\"article\" \/>\n<meta property=\"og:title\" content=\"El esperado debut de Kamara y la reaparici\u00f3n de Kowalsky - Cuadra Agrado\" \/>\n<meta property=\"og:description\" content=\"Estren\u00e1bamos la temporada de primavera con el farolillo rojo colgado de \u201cAlwin Bram\u201d en su retorno a Madrid, donde arrastr\u00f3 pies y manos por una pista, a pesar de su origen, muy inc\u00f3moda para \u00e9l, y donde su monta poco o nada pudo hacer por defender su opci\u00f3n. Poco m\u00e1s que declarar una carrera inexacta, [&hellip;]\" \/>\n<meta property=\"og:url\" content=\"https:\/\/cuadra-agrado.es\/?p=15726\" \/>\n<meta property=\"og:site_name\" content=\"Cuadra Agrado\" \/>\n<meta property=\"article:published_time\" content=\"2025-03-11T08:36:05+00:00\" \/>\n<meta property=\"article:modified_time\" content=\"2025-03-11T13:54:44+00:00\" \/>\n<meta property=\"og:image\" content=\"https:\/\/cuadra-agrado.es\/wp-content\/uploads\/2025\/03\/18c0a0c4-0b09-4e14-b9ca-2d23609e051b.jpg\" \/>\n\t<meta property=\"og:image:width\" content=\"1600\" \/>\n\t<meta property=\"og:image:height\" content=\"1066\" \/>\n\t<meta property=\"og:image:type\" content=\"image\/jpeg\" \/>\n<meta name=\"author\" content=\"Miguel Redondo\" \/>\n<meta name=\"twitter:card\" content=\"summary_large_image\" \/>\n<meta name=\"twitter:creator\" content=\"@AGRADOracing\" \/>\n<meta name=\"twitter:site\" content=\"@AGRADOracing\" \/>\n<meta name=\"twitter:label1\" content=\"Escrito por\" \/>\n\t<meta name=\"twitter:data1\" content=\"Miguel Redondo\" \/>\n\t<meta name=\"twitter:label2\" content=\"Tiempo de lectura\" \/>\n\t<meta name=\"twitter:data2\" content=\"6 minutos\" \/>\n<script type=\"application\/ld+json\" class=\"yoast-schema-graph\">{\"@context\":\"https:\\\/\\\/schema.org\",\"@graph\":[{\"@type\":\"Article\",\"@id\":\"https:\\\/\\\/cuadra-agrado.es\\\/?p=15726#article\",\"isPartOf\":{\"@id\":\"https:\\\/\\\/cuadra-agrado.es\\\/?p=15726\"},\"author\":{\"name\":\"Miguel Redondo\",\"@id\":\"https:\\\/\\\/cuadra-agrado.es\\\/#\\\/schema\\\/person\\\/3aa4f8d2373cf756d93a5526bc72f31b\"},\"headline\":\"El esperado debut de Kamara y la reaparici\u00f3n de Kowalsky\",\"datePublished\":\"2025-03-11T08:36:05+00:00\",\"dateModified\":\"2025-03-11T13:54:44+00:00\",\"mainEntityOfPage\":{\"@id\":\"https:\\\/\\\/cuadra-agrado.es\\\/?p=15726\"},\"wordCount\":1200,\"image\":{\"@id\":\"https:\\\/\\\/cuadra-agrado.es\\\/?p=15726#primaryimage\"},\"thumbnailUrl\":\"https:\\\/\\\/cuadra-agrado.es\\\/wp-content\\\/uploads\\\/2025\\\/03\\\/18c0a0c4-0b09-4e14-b9ca-2d23609e051b.jpg\",\"articleSection\":[\"Actualidad\"],\"inLanguage\":\"es\"},{\"@type\":\"WebPage\",\"@id\":\"https:\\\/\\\/cuadra-agrado.es\\\/?p=15726\",\"url\":\"https:\\\/\\\/cuadra-agrado.es\\\/?p=15726\",\"name\":\"El esperado debut de Kamara y la reaparici\u00f3n de Kowalsky - Cuadra Agrado\",\"isPartOf\":{\"@id\":\"https:\\\/\\\/cuadra-agrado.es\\\/#website\"},\"primaryImageOfPage\":{\"@id\":\"https:\\\/\\\/cuadra-agrado.es\\\/?p=15726#primaryimage\"},\"image\":{\"@id\":\"https:\\\/\\\/cuadra-agrado.es\\\/?p=15726#primaryimage\"},\"thumbnailUrl\":\"https:\\\/\\\/cuadra-agrado.es\\\/wp-content\\\/uploads\\\/2025\\\/03\\\/18c0a0c4-0b09-4e14-b9ca-2d23609e051b.jpg\",\"datePublished\":\"2025-03-11T08:36:05+00:00\",\"dateModified\":\"2025-03-11T13:54:44+00:00\",\"author\":{\"@id\":\"https:\\\/\\\/cuadra-agrado.es\\\/#\\\/schema\\\/person\\\/3aa4f8d2373cf756d93a5526bc72f31b\"},\"breadcrumb\":{\"@id\":\"https:\\\/\\\/cuadra-agrado.es\\\/?p=15726#breadcrumb\"},\"inLanguage\":\"es\",\"potentialAction\":[{\"@type\":\"ReadAction\",\"target\":[\"https:\\\/\\\/cuadra-agrado.es\\\/?p=15726\"]}]},{\"@type\":\"ImageObject\",\"inLanguage\":\"es\",\"@id\":\"https:\\\/\\\/cuadra-agrado.es\\\/?p=15726#primaryimage\",\"url\":\"https:\\\/\\\/cuadra-agrado.es\\\/wp-content\\\/uploads\\\/2025\\\/03\\\/18c0a0c4-0b09-4e14-b9ca-2d23609e051b.jpg\",\"contentUrl\":\"https:\\\/\\\/cuadra-agrado.es\\\/wp-content\\\/uploads\\\/2025\\\/03\\\/18c0a0c4-0b09-4e14-b9ca-2d23609e051b.jpg\",\"width\":1600,\"height\":1066},{\"@type\":\"BreadcrumbList\",\"@id\":\"https:\\\/\\\/cuadra-agrado.es\\\/?p=15726#breadcrumb\",\"itemListElement\":[{\"@type\":\"ListItem\",\"position\":1,\"name\":\"Portada\",\"item\":\"https:\\\/\\\/cuadra-agrado.es\\\/\"},{\"@type\":\"ListItem\",\"position\":2,\"name\":\"El esperado debut de Kamara y la reaparici\u00f3n de Kowalsky\"}]},{\"@type\":\"WebSite\",\"@id\":\"https:\\\/\\\/cuadra-agrado.es\\\/#website\",\"url\":\"https:\\\/\\\/cuadra-agrado.es\\\/\",\"name\":\"Cuadra Agrado\",\"description\":\"En el mundo del Turf desde 2008\",\"potentialAction\":[{\"@type\":\"SearchAction\",\"target\":{\"@type\":\"EntryPoint\",\"urlTemplate\":\"https:\\\/\\\/cuadra-agrado.es\\\/?s={search_term_string}\"},\"query-input\":{\"@type\":\"PropertyValueSpecification\",\"valueRequired\":true,\"valueName\":\"search_term_string\"}}],\"inLanguage\":\"es\"},{\"@type\":\"Person\",\"@id\":\"https:\\\/\\\/cuadra-agrado.es\\\/#\\\/schema\\\/person\\\/3aa4f8d2373cf756d93a5526bc72f31b\",\"name\":\"Miguel Redondo\",\"image\":{\"@type\":\"ImageObject\",\"inLanguage\":\"es\",\"@id\":\"https:\\\/\\\/secure.gravatar.com\\\/avatar\\\/85704fceb4fa34017e3c1344d182da00dbf772fb8856ba2b7726a2df926415b4?s=96&d=mm&r=g\",\"url\":\"https:\\\/\\\/secure.gravatar.com\\\/avatar\\\/85704fceb4fa34017e3c1344d182da00dbf772fb8856ba2b7726a2df926415b4?s=96&d=mm&r=g\",\"contentUrl\":\"https:\\\/\\\/secure.gravatar.com\\\/avatar\\\/85704fceb4fa34017e3c1344d182da00dbf772fb8856ba2b7726a2df926415b4?s=96&d=mm&r=g\",\"caption\":\"Miguel Redondo\"},\"sameAs\":[\"https:\\\/\\\/cuadra-agrado.es\"],\"url\":\"https:\\\/\\\/cuadra-agrado.es\\\/?author=5\"}]}<\/script>\n<!-- \/ Yoast SEO plugin. -->","yoast_head_json":{"title":"El esperado debut de Kamara y la reaparici\u00f3n de Kowalsky - Cuadra Agrado","robots":{"index":"index","follow":"follow","max-snippet":"max-snippet:-1","max-image-preview":"max-image-preview:large","max-video-preview":"max-video-preview:-1"},"canonical":"https:\/\/cuadra-agrado.es\/?p=15726","og_locale":"es_ES","og_type":"article","og_title":"El esperado debut de Kamara y la reaparici\u00f3n de Kowalsky - Cuadra Agrado","og_description":"Estren\u00e1bamos la temporada de primavera con el farolillo rojo colgado de \u201cAlwin Bram\u201d en su retorno a Madrid, donde arrastr\u00f3 pies y manos por una pista, a pesar de su origen, muy inc\u00f3moda para \u00e9l, y donde su monta poco o nada pudo hacer por defender su opci\u00f3n. Poco m\u00e1s que declarar una carrera inexacta, [&hellip;]","og_url":"https:\/\/cuadra-agrado.es\/?p=15726","og_site_name":"Cuadra Agrado","article_published_time":"2025-03-11T08:36:05+00:00","article_modified_time":"2025-03-11T13:54:44+00:00","og_image":[{"width":1600,"height":1066,"url":"https:\/\/cuadra-agrado.es\/wp-content\/uploads\/2025\/03\/18c0a0c4-0b09-4e14-b9ca-2d23609e051b.jpg","type":"image\/jpeg"}],"author":"Miguel Redondo","twitter_card":"summary_large_image","twitter_creator":"@AGRADOracing","twitter_site":"@AGRADOracing","twitter_misc":{"Escrito por":"Miguel Redondo","Tiempo de lectura":"6 minutos"},"schema":{"@context":"https:\/\/schema.org","@graph":[{"@type":"Article","@id":"https:\/\/cuadra-agrado.es\/?p=15726#article","isPartOf":{"@id":"https:\/\/cuadra-agrado.es\/?p=15726"},"author":{"name":"Miguel Redondo","@id":"https:\/\/cuadra-agrado.es\/#\/schema\/person\/3aa4f8d2373cf756d93a5526bc72f31b"},"headline":"El esperado debut de Kamara y la reaparici\u00f3n de Kowalsky","datePublished":"2025-03-11T08:36:05+00:00","dateModified":"2025-03-11T13:54:44+00:00","mainEntityOfPage":{"@id":"https:\/\/cuadra-agrado.es\/?p=15726"},"wordCount":1200,"image":{"@id":"https:\/\/cuadra-agrado.es\/?p=15726#primaryimage"},"thumbnailUrl":"https:\/\/cuadra-agrado.es\/wp-content\/uploads\/2025\/03\/18c0a0c4-0b09-4e14-b9ca-2d23609e051b.jpg","articleSection":["Actualidad"],"inLanguage":"es"},{"@type":"WebPage","@id":"https:\/\/cuadra-agrado.es\/?p=15726","url":"https:\/\/cuadra-agrado.es\/?p=15726","name":"El esperado debut de Kamara y la reaparici\u00f3n de Kowalsky - Cuadra Agrado","isPartOf":{"@id":"https:\/\/cuadra-agrado.es\/#website"},"primaryImageOfPage":{"@id":"https:\/\/cuadra-agrado.es\/?p=15726#primaryimage"},"image":{"@id":"https:\/\/cuadra-agrado.es\/?p=15726#primaryimage"},"thumbnailUrl":"https:\/\/cuadra-agrado.es\/wp-content\/uploads\/2025\/03\/18c0a0c4-0b09-4e14-b9ca-2d23609e051b.jpg","datePublished":"2025-03-11T08:36:05+00:00","dateModified":"2025-03-11T13:54:44+00:00","author":{"@id":"https:\/\/cuadra-agrado.es\/#\/schema\/person\/3aa4f8d2373cf756d93a5526bc72f31b"},"breadcrumb":{"@id":"https:\/\/cuadra-agrado.es\/?p=15726#breadcrumb"},"inLanguage":"es","potentialAction":[{"@type":"ReadAction","target":["https:\/\/cuadra-agrado.es\/?p=15726"]}]},{"@type":"ImageObject","inLanguage":"es","@id":"https:\/\/cuadra-agrado.es\/?p=15726#primaryimage","url":"https:\/\/cuadra-agrado.es\/wp-content\/uploads\/2025\/03\/18c0a0c4-0b09-4e14-b9ca-2d23609e051b.jpg","contentUrl":"https:\/\/cuadra-agrado.es\/wp-content\/uploads\/2025\/03\/18c0a0c4-0b09-4e14-b9ca-2d23609e051b.jpg","width":1600,"height":1066},{"@type":"BreadcrumbList","@id":"https:\/\/cuadra-agrado.es\/?p=15726#breadcrumb","itemListElement":[{"@type":"ListItem","position":1,"name":"Portada","item":"https:\/\/cuadra-agrado.es\/"},{"@type":"ListItem","position":2,"name":"El esperado debut de Kamara y la reaparici\u00f3n de Kowalsky"}]},{"@type":"WebSite","@id":"https:\/\/cuadra-agrado.es\/#website","url":"https:\/\/cuadra-agrado.es\/","name":"Cuadra Agrado","description":"En el mundo del Turf desde 2008","potentialAction":[{"@type":"SearchAction","target":{"@type":"EntryPoint","urlTemplate":"https:\/\/cuadra-agrado.es\/?s={search_term_string}"},"query-input":{"@type":"PropertyValueSpecification","valueRequired":true,"valueName":"search_term_string"}}],"inLanguage":"es"},{"@type":"Person","@id":"https:\/\/cuadra-agrado.es\/#\/schema\/person\/3aa4f8d2373cf756d93a5526bc72f31b","name":"Miguel Redondo","image":{"@type":"ImageObject","inLanguage":"es","@id":"https:\/\/secure.gravatar.com\/avatar\/85704fceb4fa34017e3c1344d182da00dbf772fb8856ba2b7726a2df926415b4?s=96&d=mm&r=g","url":"https:\/\/secure.gravatar.com\/avatar\/85704fceb4fa34017e3c1344d182da00dbf772fb8856ba2b7726a2df926415b4?s=96&d=mm&r=g","contentUrl":"https:\/\/secure.gravatar.com\/avatar\/85704fceb4fa34017e3c1344d182da00dbf772fb8856ba2b7726a2df926415b4?s=96&d=mm&r=g","caption":"Miguel Redondo"},"sameAs":["https:\/\/cuadra-agrado.es"],"url":"https:\/\/cuadra-agrado.es\/?author=5"}]}},"_links":{"self":[{"href":"https:\/\/cuadra-agrado.es\/index.php?rest_route=\/wp\/v2\/posts\/15726","targetHints":{"allow":["GET"]}}],"collection":[{"href":"https:\/\/cuadra-agrado.es\/index.php?rest_route=\/wp\/v2\/posts"}],"about":[{"href":"https:\/\/cuadra-agrado.es\/index.php?rest_route=\/wp\/v2\/types\/post"}],"author":[{"embeddable":true,"href":"https:\/\/cuadra-agrado.es\/index.php?rest_route=\/wp\/v2\/users\/5"}],"replies":[{"embeddable":true,"href":"https:\/\/cuadra-agrado.es\/index.php?rest_route=%2Fwp%2Fv2%2Fcomments&post=15726"}],"version-history":[{"count":7,"href":"https:\/\/cuadra-agrado.es\/index.php?rest_route=\/wp\/v2\/posts\/15726\/revisions"}],"predecessor-version":[{"id":15734,"href":"https:\/\/cuadra-agrado.es\/index.php?rest_route=\/wp\/v2\/posts\/15726\/revisions\/15734"}],"wp:featuredmedia":[{"embeddable":true,"href":"https:\/\/cuadra-agrado.es\/index.php?rest_route=\/wp\/v2\/media\/15728"}],"wp:attachment":[{"href":"https:\/\/cuadra-agrado.es\/index.php?rest_route=%2Fwp%2Fv2%2Fmedia&parent=15726"}],"wp:term":[{"taxonomy":"category","embeddable":true,"href":"https:\/\/cuadra-agrado.es\/index.php?rest_route=%2Fwp%2Fv2%2Fcategories&post=15726"},{"taxonomy":"post_tag","embeddable":true,"href":"https:\/\/cuadra-agrado.es\/index.php?rest_route=%2Fwp%2Fv2%2Ftags&post=15726"}],"curies":[{"name":"wp","href":"https:\/\/api.w.org\/{rel}","templated":true}]}}